{"id":37616,"date":"2015-02-19T19:53:22","date_gmt":"2015-02-19T22:53:22","guid":{"rendered":"http:\/\/www.notibras.com\/site\/?p=37616"},"modified":"2015-02-20T13:14:49","modified_gmt":"2015-02-20T16:14:49","slug":"juizes-fecham-cerco-a-empreiteiras-da-lava-jato-e-cobram-coerencia-de-cardozo","status":"publish","type":"post","link":"https:\/\/www.notibras.com\/site\/juizes-fecham-cerco-a-empreiteiras-da-lava-jato-e-cobram-coerencia-de-cardozo\/","title":{"rendered":"Ju\u00edzes fecham cerco a empreiteiras e pedem coer\u00eancia a Cardozo"},"content":{"rendered":"<div class=\"content\">\n<p>O presidente da Associa\u00e7\u00e3o dos Magistrados Brasileiros (AMB), Jo\u00e3o Ricardo Costa, quer conversar com o ministro da Justi\u00e7a, Jos\u00e9 Eduardo Cardozo, sobre a Opera\u00e7\u00e3o Lava Jato. Ele encaminhou nesta quinta 19 um pedido de audi\u00eancia ao minist\u00e9rio. A entidade informou, por meio de nota, que o objetivo \u00e9 aprofundar as investiga\u00e7\u00f5es na gest\u00e3o das empreiteiras citadas na Opera\u00e7\u00e3o Lava Jato.<\/p>\n<p>\u201cO Judici\u00e1rio precisa conduzir esse processo e avan\u00e7ar com independ\u00eancia no combate \u00e0 corrup\u00e7\u00e3o e \u00e0 impunidade. A Opera\u00e7\u00e3o Lava Jato trouxe fortes ind\u00edcios de que muitas dessas empreiteiras que est\u00e3o sendo investigadas atuam como verdadeiras organiza\u00e7\u00f5es criminosas cartelizadas que est\u00e3o saqueando os cofres p\u00fablicos h\u00e1 anos. \u00c9 necess\u00e1rio que o Executivo promova uma investiga\u00e7\u00e3o profunda, al\u00e9m das den\u00fancias da Petrobras\u201d, explicou Costa na nota \u00e0 imprensa.<\/p>\n<blockquote><p>De acordo com a associa\u00e7\u00e3o, o presidente da AMB est\u00e1 preocupado com a \u201cpress\u00e3o pol\u00edtica que parece se intensificar sobre as investiga\u00e7\u00f5es da Lava Jato\u201d. Na semana passada, o jornal\u00a0<em>Folha de S.Paulo<\/em>, publicou reportagem em que diz que advogados das empreiteiras UTC e da Camargo Corr\u00eaa se reuniram com o ministro da Justi\u00e7a, Jos\u00e9 Eduardo Cardozo, para tratar de quest\u00f5es relacionadas a Lava Jato.<\/p><\/blockquote>\n<p>Mas,\u00a0 por meio de\u00a0nota, o ministro informou que teve reuni\u00e3o apenas com representantes da empresa Odebrecht, no dia 5 de fevereiro, \u00e0s 15h30. Cardozo acrescentou que \u00e9 \u201cdever do ministro da Justi\u00e7a e de quaisquer servidores p\u00fablicos receber advogados no regular exerc\u00edcio da profiss\u00e3o, conforme determina o Estatuto da Advocacia\u201d.<\/p>\n<p>No come\u00e7o da noite, o Minist\u00e9rio da Justi\u00e7a confirmou o recebimento do pedido de audi\u00eancia do presidente da AMB com o ministro Jos\u00e9 Eduardo Cardozo.<\/p>\n<header>\n<div class=\"node-info\"><strong>Marcelo Brand\u00e3o, ABr<\/strong><strong><br \/>\n<\/strong><\/div>\n<\/header>\n<\/div>\n","protected":false},"excerpt":{"rendered":"<p>O presidente da Associa\u00e7\u00e3o dos Magistrados Brasileiros (AMB), Jo\u00e3o Ricardo Costa, quer conversar com o ministro da Justi\u00e7a, Jos\u00e9 Eduardo Cardozo, sobre a Opera\u00e7\u00e3o Lava Jato. Ele encaminhou nesta quinta 19 um pedido de audi\u00eancia ao minist\u00e9rio. A entidade informou, por meio de nota, que o objetivo \u00e9 aprofundar as investiga\u00e7\u00f5es na gest\u00e3o das empreiteiras [&hellip;]<\/p>\n","protected":false},"author":2,"featured_media":37620,"comment_status":"open","ping_status":"closed","sticky":false,"template":"","format":"standard","meta":{"_acf_changed":false,"footnotes":""},"categories":[16],"tags":[],"class_list":["post-37616","post","type-post","status-publish","format-standard","has-post-thumbnail","hentry","category-brasil"],"acf":[],"yoast_head":"<!-- This site is optimized with the Yoast SEO plugin v27.2 - https:\/\/yoast.com\/product\/yoast-seo-wordpress\/ -->\n<title>Ju\u00edzes fecham cerco a empreiteiras e pedem coer\u00eancia a Cardozo - Notibras<\/title>\n<meta name=\"robots\" content=\"index, follow, max-snippet:-1, max-image-preview:large, max-video-preview:-1\" \/>\n<link rel=\"canonical\" href=\"https:\/\/www.notibras.com\/site\/juizes-fecham-cerco-a-empreiteiras-da-lava-jato-e-cobram-coerencia-de-cardozo\/\" \/>\n<meta property=\"og:locale\" content=\"pt_BR\" \/>\n<meta property=\"og:type\" content=\"article\" \/>\n<meta property=\"og:title\" content=\"Ju\u00edzes fecham cerco a empreiteiras e pedem coer\u00eancia a Cardozo - Notibras\" \/>\n<meta property=\"og:description\" content=\"O presidente da Associa\u00e7\u00e3o dos Magistrados Brasileiros (AMB), Jo\u00e3o Ricardo Costa, quer conversar com o ministro da Justi\u00e7a, Jos\u00e9 Eduardo Cardozo, sobre a Opera\u00e7\u00e3o Lava Jato. Ele encaminhou nesta quinta 19 um pedido de audi\u00eancia ao minist\u00e9rio. A entidade informou, por meio de nota, que o objetivo \u00e9 aprofundar as investiga\u00e7\u00f5es na gest\u00e3o das empreiteiras [&hellip;]\" \/>\n<meta property=\"og:url\" content=\"https:\/\/www.notibras.com\/site\/juizes-fecham-cerco-a-empreiteiras-da-lava-jato-e-cobram-coerencia-de-cardozo\/\" \/>\n<meta property=\"og:site_name\" content=\"Notibras\" \/>\n<meta property=\"article:publisher\" content=\"https:\/\/www.facebook.com\/notibras\/\" \/>\n<meta property=\"article:published_time\" content=\"2015-02-19T22:53:22+00:00\" \/>\n<meta property=\"article:modified_time\" content=\"2015-02-20T16:14:49+00:00\" \/>\n<meta property=\"og:image\" content=\"https:\/\/www.notibras.com\/site\/wp-content\/uploads\/2015\/02\/cardoso.jpg\" \/>\n\t<meta property=\"og:image:width\" content=\"800\" \/>\n\t<meta property=\"og:image:height\" content=\"535\" \/>\n\t<meta property=\"og:image:type\" content=\"image\/jpeg\" \/>\n<meta name=\"author\" content=\"Reda\u00e7\u00e3o\" \/>\n<meta name=\"twitter:card\" content=\"summary_large_image\" \/>\n<meta name=\"twitter:creator\" content=\"@Notibras\" \/>\n<meta name=\"twitter:site\" content=\"@Notibras\" \/>\n<meta name=\"twitter:label1\" content=\"Escrito por\" \/>\n\t<meta name=\"twitter:data1\" content=\"Reda\u00e7\u00e3o\" \/>\n\t<meta name=\"twitter:label2\" content=\"Est. tempo de leitura\" \/>\n\t<meta name=\"twitter:data2\" content=\"2 minutos\" \/>\n<script type=\"application\/ld+json\" class=\"yoast-schema-graph\">{\"@context\":\"https:\/\/schema.org\",\"@graph\":[{\"@type\":\"Article\",\"@id\":\"https:\/\/www.notibras.com\/site\/juizes-fecham-cerco-a-empreiteiras-da-lava-jato-e-cobram-coerencia-de-cardozo\/#article\",\"isPartOf\":{\"@id\":\"https:\/\/www.notibras.com\/site\/juizes-fecham-cerco-a-empreiteiras-da-lava-jato-e-cobram-coerencia-de-cardozo\/\"},\"author\":{\"name\":\"Reda\u00e7\u00e3o\",\"@id\":\"https:\/\/www.notibras.com\/site\/#\/schema\/person\/36ab0979449956132d3e5b517ea76ac8\"},\"headline\":\"Ju\u00edzes fecham cerco a empreiteiras e pedem coer\u00eancia a Cardozo\",\"datePublished\":\"2015-02-19T22:53:22+00:00\",\"dateModified\":\"2015-02-20T16:14:49+00:00\",\"mainEntityOfPage\":{\"@id\":\"https:\/\/www.notibras.com\/site\/juizes-fecham-cerco-a-empreiteiras-da-lava-jato-e-cobram-coerencia-de-cardozo\/\"},\"wordCount\":316,\"commentCount\":0,\"publisher\":{\"@id\":\"https:\/\/www.notibras.com\/site\/#organization\"},\"image\":{\"@id\":\"https:\/\/www.notibras.com\/site\/juizes-fecham-cerco-a-empreiteiras-da-lava-jato-e-cobram-coerencia-de-cardozo\/#primaryimage\"},\"thumbnailUrl\":\"https:\/\/www.notibras.com\/site\/wp-content\/uploads\/2015\/02\/cardoso.jpg\",\"articleSection\":[\"Brasil\"],\"inLanguage\":\"pt-BR\",\"potentialAction\":[{\"@type\":\"CommentAction\",\"name\":\"Comment\",\"target\":[\"https:\/\/www.notibras.com\/site\/juizes-fecham-cerco-a-empreiteiras-da-lava-jato-e-cobram-coerencia-de-cardozo\/#respond\"]}]},{\"@type\":\"WebPage\",\"@id\":\"https:\/\/www.notibras.com\/site\/juizes-fecham-cerco-a-empreiteiras-da-lava-jato-e-cobram-coerencia-de-cardozo\/\",\"url\":\"https:\/\/www.notibras.com\/site\/juizes-fecham-cerco-a-empreiteiras-da-lava-jato-e-cobram-coerencia-de-cardozo\/\",\"name\":\"Ju\u00edzes fecham cerco a empreiteiras e pedem coer\u00eancia a Cardozo - Notibras\",\"isPartOf\":{\"@id\":\"https:\/\/www.notibras.com\/site\/#website\"},\"primaryImageOfPage\":{\"@id\":\"https:\/\/www.notibras.com\/site\/juizes-fecham-cerco-a-empreiteiras-da-lava-jato-e-cobram-coerencia-de-cardozo\/#primaryimage\"},\"image\":{\"@id\":\"https:\/\/www.notibras.com\/site\/juizes-fecham-cerco-a-empreiteiras-da-lava-jato-e-cobram-coerencia-de-cardozo\/#primaryimage\"},\"thumbnailUrl\":\"https:\/\/www.notibras.com\/site\/wp-content\/uploads\/2015\/02\/cardoso.jpg\",\"datePublished\":\"2015-02-19T22:53:22+00:00\",\"dateModified\":\"2015-02-20T16:14:49+00:00\",\"breadcrumb\":{\"@id\":\"https:\/\/www.notibras.com\/site\/juizes-fecham-cerco-a-empreiteiras-da-lava-jato-e-cobram-coerencia-de-cardozo\/#breadcrumb\"},\"inLanguage\":\"pt-BR\",\"potentialAction\":[{\"@type\":\"ReadAction\",\"target\":[\"https:\/\/www.notibras.com\/site\/juizes-fecham-cerco-a-empreiteiras-da-lava-jato-e-cobram-coerencia-de-cardozo\/\"]}]},{\"@type\":\"ImageObject\",\"inLanguage\":\"pt-BR\",\"@id\":\"https:\/\/www.notibras.com\/site\/juizes-fecham-cerco-a-empreiteiras-da-lava-jato-e-cobram-coerencia-de-cardozo\/#primaryimage\",\"url\":\"https:\/\/www.notibras.com\/site\/wp-content\/uploads\/2015\/02\/cardoso.jpg\",\"contentUrl\":\"https:\/\/www.notibras.com\/site\/wp-content\/uploads\/2015\/02\/cardoso.jpg\",\"width\":800,\"height\":535},{\"@type\":\"BreadcrumbList\",\"@id\":\"https:\/\/www.notibras.com\/site\/juizes-fecham-cerco-a-empreiteiras-da-lava-jato-e-cobram-coerencia-de-cardozo\/#breadcrumb\",\"itemListElement\":[{\"@type\":\"ListItem\",\"position\":1,\"name\":\"In\u00edcio\",\"item\":\"https:\/\/www.notibras.com\/site\/\"},{\"@type\":\"ListItem\",\"position\":2,\"name\":\"Ju\u00edzes fecham cerco a empreiteiras e pedem coer\u00eancia a Cardozo\"}]},{\"@type\":\"WebSite\",\"@id\":\"https:\/\/www.notibras.com\/site\/#website\",\"url\":\"https:\/\/www.notibras.com\/site\/\",\"name\":\"Notibras\",\"description\":\"Not\u00edcias de Bras\u00edlia, do Brasil e do Mundo\",\"publisher\":{\"@id\":\"https:\/\/www.notibras.com\/site\/#organization\"},\"potentialAction\":[{\"@type\":\"SearchAction\",\"target\":{\"@type\":\"EntryPoint\",\"urlTemplate\":\"https:\/\/www.notibras.com\/site\/?s={search_term_string}\"},\"query-input\":{\"@type\":\"PropertyValueSpecification\",\"valueRequired\":true,\"valueName\":\"search_term_string\"}}],\"inLanguage\":\"pt-BR\"},{\"@type\":\"Organization\",\"@id\":\"https:\/\/www.notibras.com\/site\/#organization\",\"name\":\"Grupo Notibras de Comunica\u00e7\u00e3o\",\"url\":\"https:\/\/www.notibras.com\/site\/\",\"logo\":{\"@type\":\"ImageObject\",\"inLanguage\":\"pt-BR\",\"@id\":\"https:\/\/www.notibras.com\/site\/#\/schema\/logo\/image\/\",\"url\":\"https:\/\/www.notibras.com\/site\/wp-content\/uploads\/2023\/01\/notibras23.png\",\"contentUrl\":\"https:\/\/www.notibras.com\/site\/wp-content\/uploads\/2023\/01\/notibras23.png\",\"width\":350,\"height\":87,\"caption\":\"Grupo Notibras de Comunica\u00e7\u00e3o\"},\"image\":{\"@id\":\"https:\/\/www.notibras.com\/site\/#\/schema\/logo\/image\/\"},\"sameAs\":[\"https:\/\/www.facebook.com\/notibras\/\",\"https:\/\/x.com\/Notibras\",\"https:\/\/www.instagram.com\/notibras\/\"]},{\"@type\":\"Person\",\"@id\":\"https:\/\/www.notibras.com\/site\/#\/schema\/person\/36ab0979449956132d3e5b517ea76ac8\",\"name\":\"Reda\u00e7\u00e3o\",\"image\":{\"@type\":\"ImageObject\",\"inLanguage\":\"pt-BR\",\"@id\":\"https:\/\/secure.gravatar.com\/avatar\/e0a867bdedb85fd243eadf09663511f96fc81e0720a4a42581f334ad4303aa6b?s=96&d=mm&r=g\",\"url\":\"https:\/\/secure.gravatar.com\/avatar\/e0a867bdedb85fd243eadf09663511f96fc81e0720a4a42581f334ad4303aa6b?s=96&d=mm&r=g\",\"contentUrl\":\"https:\/\/secure.gravatar.com\/avatar\/e0a867bdedb85fd243eadf09663511f96fc81e0720a4a42581f334ad4303aa6b?s=96&d=mm&r=g\",\"caption\":\"Reda\u00e7\u00e3o\"}}]}<\/script>\n<!-- \/ Yoast SEO plugin. -->","yoast_head_json":{"title":"Ju\u00edzes fecham cerco a empreiteiras e pedem coer\u00eancia a Cardozo - Notibras","robots":{"index":"index","follow":"follow","max-snippet":"max-snippet:-1","max-image-preview":"max-image-preview:large","max-video-preview":"max-video-preview:-1"},"canonical":"https:\/\/www.notibras.com\/site\/juizes-fecham-cerco-a-empreiteiras-da-lava-jato-e-cobram-coerencia-de-cardozo\/","og_locale":"pt_BR","og_type":"article","og_title":"Ju\u00edzes fecham cerco a empreiteiras e pedem coer\u00eancia a Cardozo - Notibras","og_description":"O presidente da Associa\u00e7\u00e3o dos Magistrados Brasileiros (AMB), Jo\u00e3o Ricardo Costa, quer conversar com o ministro da Justi\u00e7a, Jos\u00e9 Eduardo Cardozo, sobre a Opera\u00e7\u00e3o Lava Jato. Ele encaminhou nesta quinta 19 um pedido de audi\u00eancia ao minist\u00e9rio. A entidade informou, por meio de nota, que o objetivo \u00e9 aprofundar as investiga\u00e7\u00f5es na gest\u00e3o das empreiteiras [&hellip;]","og_url":"https:\/\/www.notibras.com\/site\/juizes-fecham-cerco-a-empreiteiras-da-lava-jato-e-cobram-coerencia-de-cardozo\/","og_site_name":"Notibras","article_publisher":"https:\/\/www.facebook.com\/notibras\/","article_published_time":"2015-02-19T22:53:22+00:00","article_modified_time":"2015-02-20T16:14:49+00:00","og_image":[{"width":800,"height":535,"url":"https:\/\/www.notibras.com\/site\/wp-content\/uploads\/2015\/02\/cardoso.jpg","type":"image\/jpeg"}],"author":"Reda\u00e7\u00e3o","twitter_card":"summary_large_image","twitter_creator":"@Notibras","twitter_site":"@Notibras","twitter_misc":{"Escrito por":"Reda\u00e7\u00e3o","Est. tempo de leitura":"2 minutos"},"schema":{"@context":"https:\/\/schema.org","@graph":[{"@type":"Article","@id":"https:\/\/www.notibras.com\/site\/juizes-fecham-cerco-a-empreiteiras-da-lava-jato-e-cobram-coerencia-de-cardozo\/#article","isPartOf":{"@id":"https:\/\/www.notibras.com\/site\/juizes-fecham-cerco-a-empreiteiras-da-lava-jato-e-cobram-coerencia-de-cardozo\/"},"author":{"name":"Reda\u00e7\u00e3o","@id":"https:\/\/www.notibras.com\/site\/#\/schema\/person\/36ab0979449956132d3e5b517ea76ac8"},"headline":"Ju\u00edzes fecham cerco a empreiteiras e pedem coer\u00eancia a Cardozo","datePublished":"2015-02-19T22:53:22+00:00","dateModified":"2015-02-20T16:14:49+00:00","mainEntityOfPage":{"@id":"https:\/\/www.notibras.com\/site\/juizes-fecham-cerco-a-empreiteiras-da-lava-jato-e-cobram-coerencia-de-cardozo\/"},"wordCount":316,"commentCount":0,"publisher":{"@id":"https:\/\/www.notibras.com\/site\/#organization"},"image":{"@id":"https:\/\/www.notibras.com\/site\/juizes-fecham-cerco-a-empreiteiras-da-lava-jato-e-cobram-coerencia-de-cardozo\/#primaryimage"},"thumbnailUrl":"https:\/\/www.notibras.com\/site\/wp-content\/uploads\/2015\/02\/cardoso.jpg","articleSection":["Brasil"],"inLanguage":"pt-BR","potentialAction":[{"@type":"CommentAction","name":"Comment","target":["https:\/\/www.notibras.com\/site\/juizes-fecham-cerco-a-empreiteiras-da-lava-jato-e-cobram-coerencia-de-cardozo\/#respond"]}]},{"@type":"WebPage","@id":"https:\/\/www.notibras.com\/site\/juizes-fecham-cerco-a-empreiteiras-da-lava-jato-e-cobram-coerencia-de-cardozo\/","url":"https:\/\/www.notibras.com\/site\/juizes-fecham-cerco-a-empreiteiras-da-lava-jato-e-cobram-coerencia-de-cardozo\/","name":"Ju\u00edzes fecham cerco a empreiteiras e pedem coer\u00eancia a Cardozo - Notibras","isPartOf":{"@id":"https:\/\/www.notibras.com\/site\/#website"},"primaryImageOfPage":{"@id":"https:\/\/www.notibras.com\/site\/juizes-fecham-cerco-a-empreiteiras-da-lava-jato-e-cobram-coerencia-de-cardozo\/#primaryimage"},"image":{"@id":"https:\/\/www.notibras.com\/site\/juizes-fecham-cerco-a-empreiteiras-da-lava-jato-e-cobram-coerencia-de-cardozo\/#primaryimage"},"thumbnailUrl":"https:\/\/www.notibras.com\/site\/wp-content\/uploads\/2015\/02\/cardoso.jpg","datePublished":"2015-02-19T22:53:22+00:00","dateModified":"2015-02-20T16:14:49+00:00","breadcrumb":{"@id":"https:\/\/www.notibras.com\/site\/juizes-fecham-cerco-a-empreiteiras-da-lava-jato-e-cobram-coerencia-de-cardozo\/#breadcrumb"},"inLanguage":"pt-BR","potentialAction":[{"@type":"ReadAction","target":["https:\/\/www.notibras.com\/site\/juizes-fecham-cerco-a-empreiteiras-da-lava-jato-e-cobram-coerencia-de-cardozo\/"]}]},{"@type":"ImageObject","inLanguage":"pt-BR","@id":"https:\/\/www.notibras.com\/site\/juizes-fecham-cerco-a-empreiteiras-da-lava-jato-e-cobram-coerencia-de-cardozo\/#primaryimage","url":"https:\/\/www.notibras.com\/site\/wp-content\/uploads\/2015\/02\/cardoso.jpg","contentUrl":"https:\/\/www.notibras.com\/site\/wp-content\/uploads\/2015\/02\/cardoso.jpg","width":800,"height":535},{"@type":"BreadcrumbList","@id":"https:\/\/www.notibras.com\/site\/juizes-fecham-cerco-a-empreiteiras-da-lava-jato-e-cobram-coerencia-de-cardozo\/#breadcrumb","itemListElement":[{"@type":"ListItem","position":1,"name":"In\u00edcio","item":"https:\/\/www.notibras.com\/site\/"},{"@type":"ListItem","position":2,"name":"Ju\u00edzes fecham cerco a empreiteiras e pedem coer\u00eancia a Cardozo"}]},{"@type":"WebSite","@id":"https:\/\/www.notibras.com\/site\/#website","url":"https:\/\/www.notibras.com\/site\/","name":"Notibras","description":"Not\u00edcias de Bras\u00edlia, do Brasil e do Mundo","publisher":{"@id":"https:\/\/www.notibras.com\/site\/#organization"},"potentialAction":[{"@type":"SearchAction","target":{"@type":"EntryPoint","urlTemplate":"https:\/\/www.notibras.com\/site\/?s={search_term_string}"},"query-input":{"@type":"PropertyValueSpecification","valueRequired":true,"valueName":"search_term_string"}}],"inLanguage":"pt-BR"},{"@type":"Organization","@id":"https:\/\/www.notibras.com\/site\/#organization","name":"Grupo Notibras de Comunica\u00e7\u00e3o","url":"https:\/\/www.notibras.com\/site\/","logo":{"@type":"ImageObject","inLanguage":"pt-BR","@id":"https:\/\/www.notibras.com\/site\/#\/schema\/logo\/image\/","url":"https:\/\/www.notibras.com\/site\/wp-content\/uploads\/2023\/01\/notibras23.png","contentUrl":"https:\/\/www.notibras.com\/site\/wp-content\/uploads\/2023\/01\/notibras23.png","width":350,"height":87,"caption":"Grupo Notibras de Comunica\u00e7\u00e3o"},"image":{"@id":"https:\/\/www.notibras.com\/site\/#\/schema\/logo\/image\/"},"sameAs":["https:\/\/www.facebook.com\/notibras\/","https:\/\/x.com\/Notibras","https:\/\/www.instagram.com\/notibras\/"]},{"@type":"Person","@id":"https:\/\/www.notibras.com\/site\/#\/schema\/person\/36ab0979449956132d3e5b517ea76ac8","name":"Reda\u00e7\u00e3o","image":{"@type":"ImageObject","inLanguage":"pt-BR","@id":"https:\/\/secure.gravatar.com\/avatar\/e0a867bdedb85fd243eadf09663511f96fc81e0720a4a42581f334ad4303aa6b?s=96&d=mm&r=g","url":"https:\/\/secure.gravatar.com\/avatar\/e0a867bdedb85fd243eadf09663511f96fc81e0720a4a42581f334ad4303aa6b?s=96&d=mm&r=g","contentUrl":"https:\/\/secure.gravatar.com\/avatar\/e0a867bdedb85fd243eadf09663511f96fc81e0720a4a42581f334ad4303aa6b?s=96&d=mm&r=g","caption":"Reda\u00e7\u00e3o"}}]}},"amp_enabled":true,"_links":{"self":[{"href":"https:\/\/www.notibras.com\/site\/wp-json\/wp\/v2\/posts\/37616","targetHints":{"allow":["GET"]}}],"collection":[{"href":"https:\/\/www.notibras.com\/site\/wp-json\/wp\/v2\/posts"}],"about":[{"href":"https:\/\/www.notibras.com\/site\/wp-json\/wp\/v2\/types\/post"}],"author":[{"embeddable":true,"href":"https:\/\/www.notibras.com\/site\/wp-json\/wp\/v2\/users\/2"}],"replies":[{"embeddable":true,"href":"https:\/\/www.notibras.com\/site\/wp-json\/wp\/v2\/comments?post=37616"}],"version-history":[{"count":0,"href":"https:\/\/www.notibras.com\/site\/wp-json\/wp\/v2\/posts\/37616\/revisions"}],"wp:featuredmedia":[{"embeddable":true,"href":"https:\/\/www.notibras.com\/site\/wp-json\/wp\/v2\/media\/37620"}],"wp:attachment":[{"href":"https:\/\/www.notibras.com\/site\/wp-json\/wp\/v2\/media?parent=37616"}],"wp:term":[{"taxonomy":"category","embeddable":true,"href":"https:\/\/www.notibras.com\/site\/wp-json\/wp\/v2\/categories?post=37616"},{"taxonomy":"post_tag","embeddable":true,"href":"https:\/\/www.notibras.com\/site\/wp-json\/wp\/v2\/tags?post=37616"}],"curies":[{"name":"wp","href":"https:\/\/api.w.org\/{rel}","templated":true}]}}