{"id":376197,"date":"2025-12-27T02:00:25","date_gmt":"2025-12-27T05:00:25","guid":{"rendered":"https:\/\/www.notibras.com\/site\/?p=376197"},"modified":"2025-12-24T23:51:57","modified_gmt":"2025-12-25T02:51:57","slug":"as-amizades-que-nos-encontram-depois","status":"publish","type":"post","link":"https:\/\/www.notibras.com\/site\/as-amizades-que-nos-encontram-depois\/","title":{"rendered":"As Amizades que Nos Encontram Depois"},"content":{"rendered":"<p>Todo mundo fala das amizades de inf\u00e2ncia. Fala como se elas fossem o \u00e1pice da lealdade, da pureza, daquilo que atravessa o tempo sem desgaste. E, de fato, muitas delas nos moldaram. Mas quase ningu\u00e9m fala das amizades que surgem depois quando j\u00e1 n\u00e3o somos ing\u00eanuas, quando j\u00e1 fomos feridas, quando j\u00e1 perdemos coisas demais para acreditar facilmente.<\/p>\n<p>As amizades da vida adulta n\u00e3o nascem do acaso; nascem do reconhecimento. N\u00f3s nos encontramos j\u00e1 cansadas, j\u00e1 com hist\u00f3rias quebradas, j\u00e1 sabendo o que n\u00e3o queremos mais. N\u00e3o h\u00e1 idealiza\u00e7\u00e3o excessiva, n\u00e3o h\u00e1 promessa eterna. H\u00e1 presen\u00e7a. E isso, por si s\u00f3, \u00e9 revolucion\u00e1rio. S\u00e3o la\u00e7os que n\u00e3o pedem explica\u00e7\u00e3o o tempo todo, que n\u00e3o exigem vers\u00f5es melhores de n\u00f3s, que entendem o sil\u00eancio sem tom\u00e1-lo como abandono.<\/p>\n<p>Essas amizades n\u00e3o chegam para nos salvar de forma \u00e9pica. Elas nos salvam aos poucos. Um caf\u00e9 num dia dif\u00edcil. Uma mensagem curta que diz \u201ceu vi voc\u00ea\u201d. Um riso inesperado no meio do caos. Um acolhimento que n\u00e3o tenta consertar, apenas sustentar. N\u00f3s vamos sobrevivendo assim: em pequenas doses de cuidado que, somadas, nos mant\u00eam vivas.<\/p>\n<p>Diferente das amizades da inf\u00e2ncia, essas j\u00e1 conhecem o peso do mundo. Elas sabem que n\u00e3o d\u00e1 para estar sempre, mas fazem quest\u00e3o de estar quando importa. N\u00e3o competem com nossas dores, n\u00e3o minimizam nossas quedas. Elas n\u00e3o perguntam \u201cpor que voc\u00ea ainda sente isso?\u201d, perguntam \u201ccomo voc\u00ea est\u00e1 hoje?\u201d. E essa diferen\u00e7a muda tudo.<\/p>\n<p>H\u00e1 algo profundamente pol\u00edtico nessas rela\u00e7\u00f5es. Num mundo que nos empurra para o isolamento, para a produtividade solit\u00e1ria, para a ideia de que cada uma deve se virar sozinha, escolher construir amizade na vida adulta \u00e9 um ato de resist\u00eancia. N\u00f3s criamos redes quando o sistema prefere indiv\u00edduos cansados. N\u00f3s cuidamos umas das outras quando tudo tenta nos endurecer.<\/p>\n<p>E talvez o mais bonito seja isso: essas amizades n\u00e3o nos conhecem desde sempre, mas nos conhecem por inteiro. Conhecem quem fomos, quem estamos tentando ser e quem ainda d\u00f3i. Elas n\u00e3o romantizam nossa hist\u00f3ria, mas respeitam nosso processo. Que fique como lembrete coletivo: nem toda salva\u00e7\u00e3o vem da inf\u00e2ncia. Algumas chegam depois, quando j\u00e1 n\u00e3o acredit\u00e1vamos muito. E s\u00e3o justamente essas amizades tardias, maduras, imperfeitas que nos ensinam que a vida continua n\u00e3o apesar de tudo o que passamos, mas tamb\u00e9m por causa de quem caminha conosco agora.<\/p>\n","protected":false},"excerpt":{"rendered":"<p>Todo mundo fala das amizades de inf\u00e2ncia. Fala como se elas fossem o \u00e1pice da lealdade, da pureza, daquilo que atravessa o tempo sem desgaste. E, de fato, muitas delas nos moldaram. Mas quase ningu\u00e9m fala das amizades que surgem depois quando j\u00e1 n\u00e3o somos ing\u00eanuas, quando j\u00e1 fomos feridas, quando j\u00e1 perdemos coisas demais [&hellip;]<\/p>\n","protected":false},"author":21,"featured_media":376198,"comment_status":"closed","ping_status":"closed","sticky":false,"template":"","format":"standard","meta":{"_acf_changed":false,"footnotes":""},"categories":[236],"tags":[],"class_list":["post-376197","post","type-post","status-publish","format-standard","has-post-thumbnail","hentry","category-ponto-de-vista"],"acf":[],"yoast_head":"<!-- This site is optimized with the Yoast SEO plugin v27.2 - https:\/\/yoast.com\/product\/yoast-seo-wordpress\/ -->\n<title>As Amizades que Nos Encontram Depois - Notibras<\/title>\n<meta name=\"robots\" content=\"index, follow, max-snippet:-1, max-image-preview:large, max-video-preview:-1\" \/>\n<link rel=\"canonical\" href=\"https:\/\/www.notibras.com\/site\/as-amizades-que-nos-encontram-depois\/\" \/>\n<meta property=\"og:locale\" content=\"pt_BR\" \/>\n<meta property=\"og:type\" content=\"article\" \/>\n<meta property=\"og:title\" content=\"As Amizades que Nos Encontram Depois - Notibras\" \/>\n<meta property=\"og:description\" content=\"Todo mundo fala das amizades de inf\u00e2ncia. Fala como se elas fossem o \u00e1pice da lealdade, da pureza, daquilo que atravessa o tempo sem desgaste. E, de fato, muitas delas nos moldaram. Mas quase ningu\u00e9m fala das amizades que surgem depois quando j\u00e1 n\u00e3o somos ing\u00eanuas, quando j\u00e1 fomos feridas, quando j\u00e1 perdemos coisas demais [&hellip;]\" \/>\n<meta property=\"og:url\" content=\"https:\/\/www.notibras.com\/site\/as-amizades-que-nos-encontram-depois\/\" \/>\n<meta property=\"og:site_name\" content=\"Notibras\" \/>\n<meta property=\"article:publisher\" content=\"https:\/\/www.facebook.com\/notibras\/\" \/>\n<meta property=\"article:published_time\" content=\"2025-12-27T05:00:25+00:00\" \/>\n<meta property=\"og:image\" content=\"https:\/\/www.notibras.com\/site\/wp-content\/uploads\/2025\/12\/67e9da01-74d7-4715-8999-8640a11d71f6.jpg\" \/>\n\t<meta property=\"og:image:width\" content=\"809\" \/>\n\t<meta property=\"og:image:height\" content=\"955\" \/>\n\t<meta property=\"og:image:type\" content=\"image\/jpeg\" \/>\n<meta name=\"author\" content=\"Eduardo Mart\u00ednez\" \/>\n<meta name=\"twitter:card\" content=\"summary_large_image\" \/>\n<meta name=\"twitter:creator\" content=\"@Notibras\" \/>\n<meta name=\"twitter:site\" content=\"@Notibras\" \/>\n<meta name=\"twitter:label1\" content=\"Escrito por\" \/>\n\t<meta name=\"twitter:data1\" content=\"Eduardo Mart\u00ednez\" \/>\n\t<meta name=\"twitter:label2\" content=\"Est. tempo de leitura\" \/>\n\t<meta name=\"twitter:data2\" content=\"3 minutos\" \/>\n<script type=\"application\/ld+json\" class=\"yoast-schema-graph\">{\"@context\":\"https:\/\/schema.org\",\"@graph\":[{\"@type\":\"Article\",\"@id\":\"https:\/\/www.notibras.com\/site\/as-amizades-que-nos-encontram-depois\/#article\",\"isPartOf\":{\"@id\":\"https:\/\/www.notibras.com\/site\/as-amizades-que-nos-encontram-depois\/\"},\"author\":{\"name\":\"Eduardo Mart\u00ednez\",\"@id\":\"https:\/\/www.notibras.com\/site\/#\/schema\/person\/5b7fabf2aedc3ada2105f03b22b4d3dd\"},\"headline\":\"As Amizades que Nos Encontram Depois\",\"datePublished\":\"2025-12-27T05:00:25+00:00\",\"mainEntityOfPage\":{\"@id\":\"https:\/\/www.notibras.com\/site\/as-amizades-que-nos-encontram-depois\/\"},\"wordCount\":443,\"publisher\":{\"@id\":\"https:\/\/www.notibras.com\/site\/#organization\"},\"image\":{\"@id\":\"https:\/\/www.notibras.com\/site\/as-amizades-que-nos-encontram-depois\/#primaryimage\"},\"thumbnailUrl\":\"https:\/\/www.notibras.com\/site\/wp-content\/uploads\/2025\/12\/67e9da01-74d7-4715-8999-8640a11d71f6.jpg\",\"articleSection\":[\"Ponto de Vista\"],\"inLanguage\":\"pt-BR\"},{\"@type\":\"WebPage\",\"@id\":\"https:\/\/www.notibras.com\/site\/as-amizades-que-nos-encontram-depois\/\",\"url\":\"https:\/\/www.notibras.com\/site\/as-amizades-que-nos-encontram-depois\/\",\"name\":\"As Amizades que Nos Encontram Depois - Notibras\",\"isPartOf\":{\"@id\":\"https:\/\/www.notibras.com\/site\/#website\"},\"primaryImageOfPage\":{\"@id\":\"https:\/\/www.notibras.com\/site\/as-amizades-que-nos-encontram-depois\/#primaryimage\"},\"image\":{\"@id\":\"https:\/\/www.notibras.com\/site\/as-amizades-que-nos-encontram-depois\/#primaryimage\"},\"thumbnailUrl\":\"https:\/\/www.notibras.com\/site\/wp-content\/uploads\/2025\/12\/67e9da01-74d7-4715-8999-8640a11d71f6.jpg\",\"datePublished\":\"2025-12-27T05:00:25+00:00\",\"breadcrumb\":{\"@id\":\"https:\/\/www.notibras.com\/site\/as-amizades-que-nos-encontram-depois\/#breadcrumb\"},\"inLanguage\":\"pt-BR\",\"potentialAction\":[{\"@type\":\"ReadAction\",\"target\":[\"https:\/\/www.notibras.com\/site\/as-amizades-que-nos-encontram-depois\/\"]}]},{\"@type\":\"ImageObject\",\"inLanguage\":\"pt-BR\",\"@id\":\"https:\/\/www.notibras.com\/site\/as-amizades-que-nos-encontram-depois\/#primaryimage\",\"url\":\"https:\/\/www.notibras.com\/site\/wp-content\/uploads\/2025\/12\/67e9da01-74d7-4715-8999-8640a11d71f6.jpg\",\"contentUrl\":\"https:\/\/www.notibras.com\/site\/wp-content\/uploads\/2025\/12\/67e9da01-74d7-4715-8999-8640a11d71f6.jpg\",\"width\":809,\"height\":955},{\"@type\":\"BreadcrumbList\",\"@id\":\"https:\/\/www.notibras.com\/site\/as-amizades-que-nos-encontram-depois\/#breadcrumb\",\"itemListElement\":[{\"@type\":\"ListItem\",\"position\":1,\"name\":\"In\u00edcio\",\"item\":\"https:\/\/www.notibras.com\/site\/\"},{\"@type\":\"ListItem\",\"position\":2,\"name\":\"As Amizades que Nos Encontram Depois\"}]},{\"@type\":\"WebSite\",\"@id\":\"https:\/\/www.notibras.com\/site\/#website\",\"url\":\"https:\/\/www.notibras.com\/site\/\",\"name\":\"Notibras\",\"description\":\"Not\u00edcias de Bras\u00edlia, do Brasil e do Mundo\",\"publisher\":{\"@id\":\"https:\/\/www.notibras.com\/site\/#organization\"},\"potentialAction\":[{\"@type\":\"SearchAction\",\"target\":{\"@type\":\"EntryPoint\",\"urlTemplate\":\"https:\/\/www.notibras.com\/site\/?s={search_term_string}\"},\"query-input\":{\"@type\":\"PropertyValueSpecification\",\"valueRequired\":true,\"valueName\":\"search_term_string\"}}],\"inLanguage\":\"pt-BR\"},{\"@type\":\"Organization\",\"@id\":\"https:\/\/www.notibras.com\/site\/#organization\",\"name\":\"Grupo Notibras de Comunica\u00e7\u00e3o\",\"url\":\"https:\/\/www.notibras.com\/site\/\",\"logo\":{\"@type\":\"ImageObject\",\"inLanguage\":\"pt-BR\",\"@id\":\"https:\/\/www.notibras.com\/site\/#\/schema\/logo\/image\/\",\"url\":\"https:\/\/www.notibras.com\/site\/wp-content\/uploads\/2023\/01\/notibras23.png\",\"contentUrl\":\"https:\/\/www.notibras.com\/site\/wp-content\/uploads\/2023\/01\/notibras23.png\",\"width\":350,\"height\":87,\"caption\":\"Grupo Notibras de Comunica\u00e7\u00e3o\"},\"image\":{\"@id\":\"https:\/\/www.notibras.com\/site\/#\/schema\/logo\/image\/\"},\"sameAs\":[\"https:\/\/www.facebook.com\/notibras\/\",\"https:\/\/x.com\/Notibras\",\"https:\/\/www.instagram.com\/notibras\/\"]},{\"@type\":\"Person\",\"@id\":\"https:\/\/www.notibras.com\/site\/#\/schema\/person\/5b7fabf2aedc3ada2105f03b22b4d3dd\",\"name\":\"Eduardo Mart\u00ednez\",\"image\":{\"@type\":\"ImageObject\",\"inLanguage\":\"pt-BR\",\"@id\":\"https:\/\/secure.gravatar.com\/avatar\/7902f906289926289cbcda644b5197c796b893c6ffd7b9a536a42d290f7704a0?s=96&d=mm&r=g\",\"url\":\"https:\/\/secure.gravatar.com\/avatar\/7902f906289926289cbcda644b5197c796b893c6ffd7b9a536a42d290f7704a0?s=96&d=mm&r=g\",\"contentUrl\":\"https:\/\/secure.gravatar.com\/avatar\/7902f906289926289cbcda644b5197c796b893c6ffd7b9a536a42d290f7704a0?s=96&d=mm&r=g\",\"caption\":\"Eduardo Mart\u00ednez\"}}]}<\/script>\n<!-- \/ Yoast SEO plugin. -->","yoast_head_json":{"title":"As Amizades que Nos Encontram Depois - Notibras","robots":{"index":"index","follow":"follow","max-snippet":"max-snippet:-1","max-image-preview":"max-image-preview:large","max-video-preview":"max-video-preview:-1"},"canonical":"https:\/\/www.notibras.com\/site\/as-amizades-que-nos-encontram-depois\/","og_locale":"pt_BR","og_type":"article","og_title":"As Amizades que Nos Encontram Depois - Notibras","og_description":"Todo mundo fala das amizades de inf\u00e2ncia. Fala como se elas fossem o \u00e1pice da lealdade, da pureza, daquilo que atravessa o tempo sem desgaste. E, de fato, muitas delas nos moldaram. Mas quase ningu\u00e9m fala das amizades que surgem depois quando j\u00e1 n\u00e3o somos ing\u00eanuas, quando j\u00e1 fomos feridas, quando j\u00e1 perdemos coisas demais [&hellip;]","og_url":"https:\/\/www.notibras.com\/site\/as-amizades-que-nos-encontram-depois\/","og_site_name":"Notibras","article_publisher":"https:\/\/www.facebook.com\/notibras\/","article_published_time":"2025-12-27T05:00:25+00:00","og_image":[{"width":809,"height":955,"url":"https:\/\/www.notibras.com\/site\/wp-content\/uploads\/2025\/12\/67e9da01-74d7-4715-8999-8640a11d71f6.jpg","type":"image\/jpeg"}],"author":"Eduardo Mart\u00ednez","twitter_card":"summary_large_image","twitter_creator":"@Notibras","twitter_site":"@Notibras","twitter_misc":{"Escrito por":"Eduardo Mart\u00ednez","Est. tempo de leitura":"3 minutos"},"schema":{"@context":"https:\/\/schema.org","@graph":[{"@type":"Article","@id":"https:\/\/www.notibras.com\/site\/as-amizades-que-nos-encontram-depois\/#article","isPartOf":{"@id":"https:\/\/www.notibras.com\/site\/as-amizades-que-nos-encontram-depois\/"},"author":{"name":"Eduardo Mart\u00ednez","@id":"https:\/\/www.notibras.com\/site\/#\/schema\/person\/5b7fabf2aedc3ada2105f03b22b4d3dd"},"headline":"As Amizades que Nos Encontram Depois","datePublished":"2025-12-27T05:00:25+00:00","mainEntityOfPage":{"@id":"https:\/\/www.notibras.com\/site\/as-amizades-que-nos-encontram-depois\/"},"wordCount":443,"publisher":{"@id":"https:\/\/www.notibras.com\/site\/#organization"},"image":{"@id":"https:\/\/www.notibras.com\/site\/as-amizades-que-nos-encontram-depois\/#primaryimage"},"thumbnailUrl":"https:\/\/www.notibras.com\/site\/wp-content\/uploads\/2025\/12\/67e9da01-74d7-4715-8999-8640a11d71f6.jpg","articleSection":["Ponto de Vista"],"inLanguage":"pt-BR"},{"@type":"WebPage","@id":"https:\/\/www.notibras.com\/site\/as-amizades-que-nos-encontram-depois\/","url":"https:\/\/www.notibras.com\/site\/as-amizades-que-nos-encontram-depois\/","name":"As Amizades que Nos Encontram Depois - Notibras","isPartOf":{"@id":"https:\/\/www.notibras.com\/site\/#website"},"primaryImageOfPage":{"@id":"https:\/\/www.notibras.com\/site\/as-amizades-que-nos-encontram-depois\/#primaryimage"},"image":{"@id":"https:\/\/www.notibras.com\/site\/as-amizades-que-nos-encontram-depois\/#primaryimage"},"thumbnailUrl":"https:\/\/www.notibras.com\/site\/wp-content\/uploads\/2025\/12\/67e9da01-74d7-4715-8999-8640a11d71f6.jpg","datePublished":"2025-12-27T05:00:25+00:00","breadcrumb":{"@id":"https:\/\/www.notibras.com\/site\/as-amizades-que-nos-encontram-depois\/#breadcrumb"},"inLanguage":"pt-BR","potentialAction":[{"@type":"ReadAction","target":["https:\/\/www.notibras.com\/site\/as-amizades-que-nos-encontram-depois\/"]}]},{"@type":"ImageObject","inLanguage":"pt-BR","@id":"https:\/\/www.notibras.com\/site\/as-amizades-que-nos-encontram-depois\/#primaryimage","url":"https:\/\/www.notibras.com\/site\/wp-content\/uploads\/2025\/12\/67e9da01-74d7-4715-8999-8640a11d71f6.jpg","contentUrl":"https:\/\/www.notibras.com\/site\/wp-content\/uploads\/2025\/12\/67e9da01-74d7-4715-8999-8640a11d71f6.jpg","width":809,"height":955},{"@type":"BreadcrumbList","@id":"https:\/\/www.notibras.com\/site\/as-amizades-que-nos-encontram-depois\/#breadcrumb","itemListElement":[{"@type":"ListItem","position":1,"name":"In\u00edcio","item":"https:\/\/www.notibras.com\/site\/"},{"@type":"ListItem","position":2,"name":"As Amizades que Nos Encontram Depois"}]},{"@type":"WebSite","@id":"https:\/\/www.notibras.com\/site\/#website","url":"https:\/\/www.notibras.com\/site\/","name":"Notibras","description":"Not\u00edcias de Bras\u00edlia, do Brasil e do Mundo","publisher":{"@id":"https:\/\/www.notibras.com\/site\/#organization"},"potentialAction":[{"@type":"SearchAction","target":{"@type":"EntryPoint","urlTemplate":"https:\/\/www.notibras.com\/site\/?s={search_term_string}"},"query-input":{"@type":"PropertyValueSpecification","valueRequired":true,"valueName":"search_term_string"}}],"inLanguage":"pt-BR"},{"@type":"Organization","@id":"https:\/\/www.notibras.com\/site\/#organization","name":"Grupo Notibras de Comunica\u00e7\u00e3o","url":"https:\/\/www.notibras.com\/site\/","logo":{"@type":"ImageObject","inLanguage":"pt-BR","@id":"https:\/\/www.notibras.com\/site\/#\/schema\/logo\/image\/","url":"https:\/\/www.notibras.com\/site\/wp-content\/uploads\/2023\/01\/notibras23.png","contentUrl":"https:\/\/www.notibras.com\/site\/wp-content\/uploads\/2023\/01\/notibras23.png","width":350,"height":87,"caption":"Grupo Notibras de Comunica\u00e7\u00e3o"},"image":{"@id":"https:\/\/www.notibras.com\/site\/#\/schema\/logo\/image\/"},"sameAs":["https:\/\/www.facebook.com\/notibras\/","https:\/\/x.com\/Notibras","https:\/\/www.instagram.com\/notibras\/"]},{"@type":"Person","@id":"https:\/\/www.notibras.com\/site\/#\/schema\/person\/5b7fabf2aedc3ada2105f03b22b4d3dd","name":"Eduardo Mart\u00ednez","image":{"@type":"ImageObject","inLanguage":"pt-BR","@id":"https:\/\/secure.gravatar.com\/avatar\/7902f906289926289cbcda644b5197c796b893c6ffd7b9a536a42d290f7704a0?s=96&d=mm&r=g","url":"https:\/\/secure.gravatar.com\/avatar\/7902f906289926289cbcda644b5197c796b893c6ffd7b9a536a42d290f7704a0?s=96&d=mm&r=g","contentUrl":"https:\/\/secure.gravatar.com\/avatar\/7902f906289926289cbcda644b5197c796b893c6ffd7b9a536a42d290f7704a0?s=96&d=mm&r=g","caption":"Eduardo Mart\u00ednez"}}]}},"amp_enabled":true,"_links":{"self":[{"href":"https:\/\/www.notibras.com\/site\/wp-json\/wp\/v2\/posts\/376197","targetHints":{"allow":["GET"]}}],"collection":[{"href":"https:\/\/www.notibras.com\/site\/wp-json\/wp\/v2\/posts"}],"about":[{"href":"https:\/\/www.notibras.com\/site\/wp-json\/wp\/v2\/types\/post"}],"author":[{"embeddable":true,"href":"https:\/\/www.notibras.com\/site\/wp-json\/wp\/v2\/users\/21"}],"replies":[{"embeddable":true,"href":"https:\/\/www.notibras.com\/site\/wp-json\/wp\/v2\/comments?post=376197"}],"version-history":[{"count":2,"href":"https:\/\/www.notibras.com\/site\/wp-json\/wp\/v2\/posts\/376197\/revisions"}],"predecessor-version":[{"id":376200,"href":"https:\/\/www.notibras.com\/site\/wp-json\/wp\/v2\/posts\/376197\/revisions\/376200"}],"wp:featuredmedia":[{"embeddable":true,"href":"https:\/\/www.notibras.com\/site\/wp-json\/wp\/v2\/media\/376198"}],"wp:attachment":[{"href":"https:\/\/www.notibras.com\/site\/wp-json\/wp\/v2\/media?parent=376197"}],"wp:term":[{"taxonomy":"category","embeddable":true,"href":"https:\/\/www.notibras.com\/site\/wp-json\/wp\/v2\/categories?post=376197"},{"taxonomy":"post_tag","embeddable":true,"href":"https:\/\/www.notibras.com\/site\/wp-json\/wp\/v2\/tags?post=376197"}],"curies":[{"name":"wp","href":"https:\/\/api.w.org\/{rel}","templated":true}]}}