{"id":376201,"date":"2025-12-28T02:15:03","date_gmt":"2025-12-28T05:15:03","guid":{"rendered":"https:\/\/www.notibras.com\/site\/?p=376201"},"modified":"2025-12-24T23:59:47","modified_gmt":"2025-12-25T02:59:47","slug":"nem-toda-mudanca-e-perda","status":"publish","type":"post","link":"https:\/\/www.notibras.com\/site\/nem-toda-mudanca-e-perda\/","title":{"rendered":"Nem Toda Mudan\u00e7a \u00e9 Perda"},"content":{"rendered":"<p>Apenas porque as coisas mudam, n\u00e3o significa que elas pioram. N\u00f3s fomos educadas a associar mudan\u00e7a \u00e0 ruptura, \u00e0 perda, ao fracasso do que n\u00e3o permaneceu. Como se o valor das coisas estivesse diretamente ligado \u00e0 sua dura\u00e7\u00e3o, e n\u00e3o ao que nos ofereceram enquanto existiram. Crescemos aprendendo a temer o movimento, quando, na verdade, \u00e9 ele que nos mant\u00e9m vivas.<\/p>\n<p>H\u00e1 mudan\u00e7as que doem, sim. Porque nos arrancam de lugares conhecidos, de vers\u00f5es de n\u00f3s mesmas que j\u00e1 n\u00e3o servem mais, de rela\u00e7\u00f5es que um dia fizeram sentido. Mas dor n\u00e3o \u00e9 sin\u00f4nimo de erro. \u00c0s vezes, \u00e9 apenas o sinal de que algo est\u00e1 se reorganizando. O fim de uma forma n\u00e3o \u00e9, necessariamente, o fim do conte\u00fado.<\/p>\n<p>N\u00f3s confundimos estabilidade com seguran\u00e7a. E, no entanto, muitas das coisas que nos adoeceram eram est\u00e1veis demais. Permanecer n\u00e3o nos salvou. Mudar foi o que abriu espa\u00e7o para respirar. A mudan\u00e7a, quando acontece, n\u00e3o vem para destruir tudo ela vem para realocar. O que fica, fica por escolha. O que vai, vai porque j\u00e1 cumpriu seu papel.<\/p>\n<p>Existe uma maturidade silenciosa em aceitar isso. Entender que nem tudo que se transforma est\u00e1 nos traindo. Que algumas mudan\u00e7as s\u00e3o, na verdade, convites para vers\u00f5es mais honestas de n\u00f3s. N\u00f3s n\u00e3o somos as mesmas porque n\u00e3o precisamos ser. Crescer \u00e9, muitas vezes, aprender a n\u00e3o insistir em caber onde j\u00e1 n\u00e3o h\u00e1 espa\u00e7o.<\/p>\n<p>A literatura j\u00e1 nos ensinou ainda que n\u00e3o tenhamos percebido \u00e0 primeira leitura que o tempo \u00e9 personagem central de qualquer hist\u00f3ria. Ele n\u00e3o \u00e9 vil\u00e3o nem her\u00f3i; \u00e9 contexto. E contextos mudam. O que nos parecia essencial em um cap\u00edtulo pode se tornar secund\u00e1rio no seguinte. Isso n\u00e3o invalida o passado, apenas confirma o percurso.<\/p>\n<p>Que isso fique como aprendizado coletivo:<\/p>\n<p>Nem toda mudan\u00e7a nos empobrece. Algumas nos libertam, outras nos refinam, outras apenas nos deslocam para onde finalmente podemos ser inteiras. A vida continua quando entendemos que mudar n\u00e3o \u00e9 perder \u00e9, muitas vezes, a forma mais honesta de permanecer fiel a quem nos tornamos.<\/p>\n","protected":false},"excerpt":{"rendered":"<p>Apenas porque as coisas mudam, n\u00e3o significa que elas pioram. N\u00f3s fomos educadas a associar mudan\u00e7a \u00e0 ruptura, \u00e0 perda, ao fracasso do que n\u00e3o permaneceu. Como se o valor das coisas estivesse diretamente ligado \u00e0 sua dura\u00e7\u00e3o, e n\u00e3o ao que nos ofereceram enquanto existiram. Crescemos aprendendo a temer o movimento, quando, na verdade, [&hellip;]<\/p>\n","protected":false},"author":21,"featured_media":376202,"comment_status":"closed","ping_status":"closed","sticky":false,"template":"","format":"standard","meta":{"_acf_changed":false,"footnotes":""},"categories":[236],"tags":[],"class_list":["post-376201","post","type-post","status-publish","format-standard","has-post-thumbnail","hentry","category-ponto-de-vista"],"acf":[],"yoast_head":"<!-- This site is optimized with the Yoast SEO plugin v27.5 - https:\/\/yoast.com\/product\/yoast-seo-wordpress\/ -->\n<title>Nem Toda Mudan\u00e7a \u00e9 Perda - Notibras<\/title>\n<meta name=\"robots\" content=\"index, follow, max-snippet:-1, max-image-preview:large, max-video-preview:-1\" \/>\n<link rel=\"canonical\" href=\"https:\/\/www.notibras.com\/site\/nem-toda-mudanca-e-perda\/\" \/>\n<meta property=\"og:locale\" content=\"pt_BR\" \/>\n<meta property=\"og:type\" content=\"article\" \/>\n<meta property=\"og:title\" content=\"Nem Toda Mudan\u00e7a \u00e9 Perda - Notibras\" \/>\n<meta property=\"og:description\" content=\"Apenas porque as coisas mudam, n\u00e3o significa que elas pioram. N\u00f3s fomos educadas a associar mudan\u00e7a \u00e0 ruptura, \u00e0 perda, ao fracasso do que n\u00e3o permaneceu. Como se o valor das coisas estivesse diretamente ligado \u00e0 sua dura\u00e7\u00e3o, e n\u00e3o ao que nos ofereceram enquanto existiram. Crescemos aprendendo a temer o movimento, quando, na verdade, [&hellip;]\" \/>\n<meta property=\"og:url\" content=\"https:\/\/www.notibras.com\/site\/nem-toda-mudanca-e-perda\/\" \/>\n<meta property=\"og:site_name\" content=\"Notibras\" \/>\n<meta property=\"article:publisher\" content=\"https:\/\/www.facebook.com\/notibras\/\" \/>\n<meta property=\"article:published_time\" content=\"2025-12-28T05:15:03+00:00\" \/>\n<meta property=\"og:image\" content=\"https:\/\/www.notibras.com\/site\/wp-content\/uploads\/2025\/12\/IMG_9772.jpg\" \/>\n\t<meta property=\"og:image:width\" content=\"1023\" \/>\n\t<meta property=\"og:image:height\" content=\"924\" \/>\n\t<meta property=\"og:image:type\" content=\"image\/jpeg\" \/>\n<meta name=\"author\" content=\"Eduardo Mart\u00ednez\" \/>\n<meta name=\"twitter:card\" content=\"summary_large_image\" \/>\n<meta name=\"twitter:creator\" content=\"@Notibras\" \/>\n<meta name=\"twitter:site\" content=\"@Notibras\" \/>\n<meta name=\"twitter:label1\" content=\"Escrito por\" \/>\n\t<meta name=\"twitter:data1\" content=\"Eduardo Mart\u00ednez\" \/>\n\t<meta name=\"twitter:label2\" content=\"Est. tempo de leitura\" \/>\n\t<meta name=\"twitter:data2\" content=\"3 minutos\" \/>\n<script type=\"application\/ld+json\" class=\"yoast-schema-graph\">{\"@context\":\"https:\\\/\\\/schema.org\",\"@graph\":[{\"@type\":\"Article\",\"@id\":\"https:\\\/\\\/www.notibras.com\\\/site\\\/nem-toda-mudanca-e-perda\\\/#article\",\"isPartOf\":{\"@id\":\"https:\\\/\\\/www.notibras.com\\\/site\\\/nem-toda-mudanca-e-perda\\\/\"},\"author\":{\"name\":\"Eduardo Mart\u00ednez\",\"@id\":\"https:\\\/\\\/www.notibras.com\\\/site\\\/#\\\/schema\\\/person\\\/5b7fabf2aedc3ada2105f03b22b4d3dd\"},\"headline\":\"Nem Toda Mudan\u00e7a \u00e9 Perda\",\"datePublished\":\"2025-12-28T05:15:03+00:00\",\"mainEntityOfPage\":{\"@id\":\"https:\\\/\\\/www.notibras.com\\\/site\\\/nem-toda-mudanca-e-perda\\\/\"},\"wordCount\":372,\"publisher\":{\"@id\":\"https:\\\/\\\/www.notibras.com\\\/site\\\/#organization\"},\"image\":{\"@id\":\"https:\\\/\\\/www.notibras.com\\\/site\\\/nem-toda-mudanca-e-perda\\\/#primaryimage\"},\"thumbnailUrl\":\"https:\\\/\\\/www.notibras.com\\\/site\\\/wp-content\\\/uploads\\\/2025\\\/12\\\/IMG_9772.jpg\",\"articleSection\":[\"Ponto de Vista\"],\"inLanguage\":\"pt-BR\"},{\"@type\":\"WebPage\",\"@id\":\"https:\\\/\\\/www.notibras.com\\\/site\\\/nem-toda-mudanca-e-perda\\\/\",\"url\":\"https:\\\/\\\/www.notibras.com\\\/site\\\/nem-toda-mudanca-e-perda\\\/\",\"name\":\"Nem Toda Mudan\u00e7a \u00e9 Perda - Notibras\",\"isPartOf\":{\"@id\":\"https:\\\/\\\/www.notibras.com\\\/site\\\/#website\"},\"primaryImageOfPage\":{\"@id\":\"https:\\\/\\\/www.notibras.com\\\/site\\\/nem-toda-mudanca-e-perda\\\/#primaryimage\"},\"image\":{\"@id\":\"https:\\\/\\\/www.notibras.com\\\/site\\\/nem-toda-mudanca-e-perda\\\/#primaryimage\"},\"thumbnailUrl\":\"https:\\\/\\\/www.notibras.com\\\/site\\\/wp-content\\\/uploads\\\/2025\\\/12\\\/IMG_9772.jpg\",\"datePublished\":\"2025-12-28T05:15:03+00:00\",\"breadcrumb\":{\"@id\":\"https:\\\/\\\/www.notibras.com\\\/site\\\/nem-toda-mudanca-e-perda\\\/#breadcrumb\"},\"inLanguage\":\"pt-BR\",\"potentialAction\":[{\"@type\":\"ReadAction\",\"target\":[\"https:\\\/\\\/www.notibras.com\\\/site\\\/nem-toda-mudanca-e-perda\\\/\"]}]},{\"@type\":\"ImageObject\",\"inLanguage\":\"pt-BR\",\"@id\":\"https:\\\/\\\/www.notibras.com\\\/site\\\/nem-toda-mudanca-e-perda\\\/#primaryimage\",\"url\":\"https:\\\/\\\/www.notibras.com\\\/site\\\/wp-content\\\/uploads\\\/2025\\\/12\\\/IMG_9772.jpg\",\"contentUrl\":\"https:\\\/\\\/www.notibras.com\\\/site\\\/wp-content\\\/uploads\\\/2025\\\/12\\\/IMG_9772.jpg\",\"width\":1023,\"height\":924},{\"@type\":\"BreadcrumbList\",\"@id\":\"https:\\\/\\\/www.notibras.com\\\/site\\\/nem-toda-mudanca-e-perda\\\/#breadcrumb\",\"itemListElement\":[{\"@type\":\"ListItem\",\"position\":1,\"name\":\"In\u00edcio\",\"item\":\"https:\\\/\\\/www.notibras.com\\\/site\\\/\"},{\"@type\":\"ListItem\",\"position\":2,\"name\":\"Nem Toda Mudan\u00e7a \u00e9 Perda\"}]},{\"@type\":\"WebSite\",\"@id\":\"https:\\\/\\\/www.notibras.com\\\/site\\\/#website\",\"url\":\"https:\\\/\\\/www.notibras.com\\\/site\\\/\",\"name\":\"Notibras\",\"description\":\"Not\u00edcias de Bras\u00edlia, do Brasil e do Mundo\",\"publisher\":{\"@id\":\"https:\\\/\\\/www.notibras.com\\\/site\\\/#organization\"},\"potentialAction\":[{\"@type\":\"SearchAction\",\"target\":{\"@type\":\"EntryPoint\",\"urlTemplate\":\"https:\\\/\\\/www.notibras.com\\\/site\\\/?s={search_term_string}\"},\"query-input\":{\"@type\":\"PropertyValueSpecification\",\"valueRequired\":true,\"valueName\":\"search_term_string\"}}],\"inLanguage\":\"pt-BR\"},{\"@type\":\"Organization\",\"@id\":\"https:\\\/\\\/www.notibras.com\\\/site\\\/#organization\",\"name\":\"Grupo Notibras de Comunica\u00e7\u00e3o\",\"url\":\"https:\\\/\\\/www.notibras.com\\\/site\\\/\",\"logo\":{\"@type\":\"ImageObject\",\"inLanguage\":\"pt-BR\",\"@id\":\"https:\\\/\\\/www.notibras.com\\\/site\\\/#\\\/schema\\\/logo\\\/image\\\/\",\"url\":\"https:\\\/\\\/www.notibras.com\\\/site\\\/wp-content\\\/uploads\\\/2023\\\/01\\\/notibras23.png\",\"contentUrl\":\"https:\\\/\\\/www.notibras.com\\\/site\\\/wp-content\\\/uploads\\\/2023\\\/01\\\/notibras23.png\",\"width\":350,\"height\":87,\"caption\":\"Grupo Notibras de Comunica\u00e7\u00e3o\"},\"image\":{\"@id\":\"https:\\\/\\\/www.notibras.com\\\/site\\\/#\\\/schema\\\/logo\\\/image\\\/\"},\"sameAs\":[\"https:\\\/\\\/www.facebook.com\\\/notibras\\\/\",\"https:\\\/\\\/x.com\\\/Notibras\",\"https:\\\/\\\/www.instagram.com\\\/notibras\\\/\"]},{\"@type\":\"Person\",\"@id\":\"https:\\\/\\\/www.notibras.com\\\/site\\\/#\\\/schema\\\/person\\\/5b7fabf2aedc3ada2105f03b22b4d3dd\",\"name\":\"Eduardo Mart\u00ednez\",\"image\":{\"@type\":\"ImageObject\",\"inLanguage\":\"pt-BR\",\"@id\":\"https:\\\/\\\/secure.gravatar.com\\\/avatar\\\/7902f906289926289cbcda644b5197c796b893c6ffd7b9a536a42d290f7704a0?s=96&d=mm&r=g\",\"url\":\"https:\\\/\\\/secure.gravatar.com\\\/avatar\\\/7902f906289926289cbcda644b5197c796b893c6ffd7b9a536a42d290f7704a0?s=96&d=mm&r=g\",\"contentUrl\":\"https:\\\/\\\/secure.gravatar.com\\\/avatar\\\/7902f906289926289cbcda644b5197c796b893c6ffd7b9a536a42d290f7704a0?s=96&d=mm&r=g\",\"caption\":\"Eduardo Mart\u00ednez\"}}]}<\/script>\n<!-- \/ Yoast SEO plugin. -->","yoast_head_json":{"title":"Nem Toda Mudan\u00e7a \u00e9 Perda - Notibras","robots":{"index":"index","follow":"follow","max-snippet":"max-snippet:-1","max-image-preview":"max-image-preview:large","max-video-preview":"max-video-preview:-1"},"canonical":"https:\/\/www.notibras.com\/site\/nem-toda-mudanca-e-perda\/","og_locale":"pt_BR","og_type":"article","og_title":"Nem Toda Mudan\u00e7a \u00e9 Perda - Notibras","og_description":"Apenas porque as coisas mudam, n\u00e3o significa que elas pioram. N\u00f3s fomos educadas a associar mudan\u00e7a \u00e0 ruptura, \u00e0 perda, ao fracasso do que n\u00e3o permaneceu. Como se o valor das coisas estivesse diretamente ligado \u00e0 sua dura\u00e7\u00e3o, e n\u00e3o ao que nos ofereceram enquanto existiram. Crescemos aprendendo a temer o movimento, quando, na verdade, [&hellip;]","og_url":"https:\/\/www.notibras.com\/site\/nem-toda-mudanca-e-perda\/","og_site_name":"Notibras","article_publisher":"https:\/\/www.facebook.com\/notibras\/","article_published_time":"2025-12-28T05:15:03+00:00","og_image":[{"width":1023,"height":924,"url":"https:\/\/www.notibras.com\/site\/wp-content\/uploads\/2025\/12\/IMG_9772.jpg","type":"image\/jpeg"}],"author":"Eduardo Mart\u00ednez","twitter_card":"summary_large_image","twitter_creator":"@Notibras","twitter_site":"@Notibras","twitter_misc":{"Escrito por":"Eduardo Mart\u00ednez","Est. tempo de leitura":"3 minutos"},"schema":{"@context":"https:\/\/schema.org","@graph":[{"@type":"Article","@id":"https:\/\/www.notibras.com\/site\/nem-toda-mudanca-e-perda\/#article","isPartOf":{"@id":"https:\/\/www.notibras.com\/site\/nem-toda-mudanca-e-perda\/"},"author":{"name":"Eduardo Mart\u00ednez","@id":"https:\/\/www.notibras.com\/site\/#\/schema\/person\/5b7fabf2aedc3ada2105f03b22b4d3dd"},"headline":"Nem Toda Mudan\u00e7a \u00e9 Perda","datePublished":"2025-12-28T05:15:03+00:00","mainEntityOfPage":{"@id":"https:\/\/www.notibras.com\/site\/nem-toda-mudanca-e-perda\/"},"wordCount":372,"publisher":{"@id":"https:\/\/www.notibras.com\/site\/#organization"},"image":{"@id":"https:\/\/www.notibras.com\/site\/nem-toda-mudanca-e-perda\/#primaryimage"},"thumbnailUrl":"https:\/\/www.notibras.com\/site\/wp-content\/uploads\/2025\/12\/IMG_9772.jpg","articleSection":["Ponto de Vista"],"inLanguage":"pt-BR"},{"@type":"WebPage","@id":"https:\/\/www.notibras.com\/site\/nem-toda-mudanca-e-perda\/","url":"https:\/\/www.notibras.com\/site\/nem-toda-mudanca-e-perda\/","name":"Nem Toda Mudan\u00e7a \u00e9 Perda - Notibras","isPartOf":{"@id":"https:\/\/www.notibras.com\/site\/#website"},"primaryImageOfPage":{"@id":"https:\/\/www.notibras.com\/site\/nem-toda-mudanca-e-perda\/#primaryimage"},"image":{"@id":"https:\/\/www.notibras.com\/site\/nem-toda-mudanca-e-perda\/#primaryimage"},"thumbnailUrl":"https:\/\/www.notibras.com\/site\/wp-content\/uploads\/2025\/12\/IMG_9772.jpg","datePublished":"2025-12-28T05:15:03+00:00","breadcrumb":{"@id":"https:\/\/www.notibras.com\/site\/nem-toda-mudanca-e-perda\/#breadcrumb"},"inLanguage":"pt-BR","potentialAction":[{"@type":"ReadAction","target":["https:\/\/www.notibras.com\/site\/nem-toda-mudanca-e-perda\/"]}]},{"@type":"ImageObject","inLanguage":"pt-BR","@id":"https:\/\/www.notibras.com\/site\/nem-toda-mudanca-e-perda\/#primaryimage","url":"https:\/\/www.notibras.com\/site\/wp-content\/uploads\/2025\/12\/IMG_9772.jpg","contentUrl":"https:\/\/www.notibras.com\/site\/wp-content\/uploads\/2025\/12\/IMG_9772.jpg","width":1023,"height":924},{"@type":"BreadcrumbList","@id":"https:\/\/www.notibras.com\/site\/nem-toda-mudanca-e-perda\/#breadcrumb","itemListElement":[{"@type":"ListItem","position":1,"name":"In\u00edcio","item":"https:\/\/www.notibras.com\/site\/"},{"@type":"ListItem","position":2,"name":"Nem Toda Mudan\u00e7a \u00e9 Perda"}]},{"@type":"WebSite","@id":"https:\/\/www.notibras.com\/site\/#website","url":"https:\/\/www.notibras.com\/site\/","name":"Notibras","description":"Not\u00edcias de Bras\u00edlia, do Brasil e do Mundo","publisher":{"@id":"https:\/\/www.notibras.com\/site\/#organization"},"potentialAction":[{"@type":"SearchAction","target":{"@type":"EntryPoint","urlTemplate":"https:\/\/www.notibras.com\/site\/?s={search_term_string}"},"query-input":{"@type":"PropertyValueSpecification","valueRequired":true,"valueName":"search_term_string"}}],"inLanguage":"pt-BR"},{"@type":"Organization","@id":"https:\/\/www.notibras.com\/site\/#organization","name":"Grupo Notibras de Comunica\u00e7\u00e3o","url":"https:\/\/www.notibras.com\/site\/","logo":{"@type":"ImageObject","inLanguage":"pt-BR","@id":"https:\/\/www.notibras.com\/site\/#\/schema\/logo\/image\/","url":"https:\/\/www.notibras.com\/site\/wp-content\/uploads\/2023\/01\/notibras23.png","contentUrl":"https:\/\/www.notibras.com\/site\/wp-content\/uploads\/2023\/01\/notibras23.png","width":350,"height":87,"caption":"Grupo Notibras de Comunica\u00e7\u00e3o"},"image":{"@id":"https:\/\/www.notibras.com\/site\/#\/schema\/logo\/image\/"},"sameAs":["https:\/\/www.facebook.com\/notibras\/","https:\/\/x.com\/Notibras","https:\/\/www.instagram.com\/notibras\/"]},{"@type":"Person","@id":"https:\/\/www.notibras.com\/site\/#\/schema\/person\/5b7fabf2aedc3ada2105f03b22b4d3dd","name":"Eduardo Mart\u00ednez","image":{"@type":"ImageObject","inLanguage":"pt-BR","@id":"https:\/\/secure.gravatar.com\/avatar\/7902f906289926289cbcda644b5197c796b893c6ffd7b9a536a42d290f7704a0?s=96&d=mm&r=g","url":"https:\/\/secure.gravatar.com\/avatar\/7902f906289926289cbcda644b5197c796b893c6ffd7b9a536a42d290f7704a0?s=96&d=mm&r=g","contentUrl":"https:\/\/secure.gravatar.com\/avatar\/7902f906289926289cbcda644b5197c796b893c6ffd7b9a536a42d290f7704a0?s=96&d=mm&r=g","caption":"Eduardo Mart\u00ednez"}}]}},"amp_enabled":true,"_links":{"self":[{"href":"https:\/\/www.notibras.com\/site\/wp-json\/wp\/v2\/posts\/376201","targetHints":{"allow":["GET"]}}],"collection":[{"href":"https:\/\/www.notibras.com\/site\/wp-json\/wp\/v2\/posts"}],"about":[{"href":"https:\/\/www.notibras.com\/site\/wp-json\/wp\/v2\/types\/post"}],"author":[{"embeddable":true,"href":"https:\/\/www.notibras.com\/site\/wp-json\/wp\/v2\/users\/21"}],"replies":[{"embeddable":true,"href":"https:\/\/www.notibras.com\/site\/wp-json\/wp\/v2\/comments?post=376201"}],"version-history":[{"count":2,"href":"https:\/\/www.notibras.com\/site\/wp-json\/wp\/v2\/posts\/376201\/revisions"}],"predecessor-version":[{"id":376204,"href":"https:\/\/www.notibras.com\/site\/wp-json\/wp\/v2\/posts\/376201\/revisions\/376204"}],"wp:featuredmedia":[{"embeddable":true,"href":"https:\/\/www.notibras.com\/site\/wp-json\/wp\/v2\/media\/376202"}],"wp:attachment":[{"href":"https:\/\/www.notibras.com\/site\/wp-json\/wp\/v2\/media?parent=376201"}],"wp:term":[{"taxonomy":"category","embeddable":true,"href":"https:\/\/www.notibras.com\/site\/wp-json\/wp\/v2\/categories?post=376201"},{"taxonomy":"post_tag","embeddable":true,"href":"https:\/\/www.notibras.com\/site\/wp-json\/wp\/v2\/tags?post=376201"}],"curies":[{"name":"wp","href":"https:\/\/api.w.org\/{rel}","templated":true}]}}