{"id":376247,"date":"2025-12-28T02:00:18","date_gmt":"2025-12-28T05:00:18","guid":{"rendered":"https:\/\/www.notibras.com\/site\/?p=376247"},"modified":"2025-12-25T01:45:41","modified_gmt":"2025-12-25T04:45:41","slug":"obsessao-ou-amor","status":"publish","type":"post","link":"https:\/\/www.notibras.com\/site\/obsessao-ou-amor\/","title":{"rendered":"OBSESS\u00c3O OU AMOR?"},"content":{"rendered":"<p><em>J&#8217;avais dessin\u00e9 sur le sable<\/em><br \/>\n<em>Son doux visage qui me souriait<\/em><br \/>\n<em>Puis il a plu sur cette plage<\/em><br \/>\n<em>Dans cet orage, elle a disparu<\/em><br \/>\n<em>Et j&#8217;ai cri\u00e9, cri\u00e9, Aline, pour qu&#8217;elle revienne<\/em><br \/>\n<em>Et j&#8217;ai pleur\u00e9, pleur\u00e9, oh! j&#8217;avais trop de peine<\/em><br \/>\n<em>(Christophe)<\/em><\/p>\n<p>Eu sei que j\u00e1 disse a voc\u00eas, uma outra vez, que adoro m\u00fasica francesa. E Aline \u00e9 uma de minhas can\u00e7\u00f5es favoritas. A sonoridade da letra nos faz viajar pelos universos paralelos e nos faz sentir o desespero de um amor n\u00e3o correspondido. Podemos dizer que Aline tem muita sorte&#8230; algu\u00e9m a ama tanto, mas tanto, que n\u00e3o se conforma em perde-la para o mundo. Mas&#8230; ser\u00e1 que \u00e9 t\u00e3o bom assim ter algu\u00e9m t\u00e3o apaixonado por n\u00f3s? Algu\u00e9m que simplesmente fica desesperado quando o relacionamento acaba e cada um tem que seguir seu destino? Por mais lindo que possa parecer um amor desse tamanho, a resposta \u00e9 n\u00e3o. N\u00e3o \u00e9 nada bom ter algu\u00e9m t\u00e3o obcecado por n\u00f3s&#8230; e por um motivo bem simples&#8230; a obsess\u00e3o n\u00e3o \u00e9 amor&#8230; na verdade \u00e9 um sentimento de posse de algo que de repente se perdeu, e por isso, e apenas por isso, a dor da perda n\u00e3o pode ser mensurada. E \u00e9 a\u00ed que mora o perigo. Se algu\u00e9m se sente como seu dono sentimentalmente falando, em algum momento vai tentar sufocar a sua autonomia, vai tentar tornar-se o seu desejo<br \/>\ne a sua vontade, n\u00e3o te deixando ser voc\u00ea em sua plenitude. Porque voc\u00ea nada mais \u00e9 do que o princ\u00edpio e o fim do amor que esse algu\u00e9m pensa sentir na vida&#8230;<\/p>\n<p>Quando uma pessoa ama a outra, tudo o que ela realmente deseja \u00e9 que a pessoa amada seja feliz. Em hip\u00f3tese alguma vai tentar anular a personalidade da pessoa amada, porque \u00e9 isso que atraiu sua aten\u00e7\u00e3o e a fez se apaixonar. Ela ama a pessoa real. Por\u00e9m, algumas pessoas idealizam o ser amado e, quando descobrem que a pessoa dos seus sonhos existe apenas em seus sonhos, tenta por todos os meio mold\u00e1-la para que esta corresponda a seus desejos, a suas aspira\u00e7\u00f5es. N\u00e3o \u00e9 incomum ouvir da boca de algumas pessoas &#8220;eu gosto tanto de fulano&#8230; vou fazer com que mude seu jeito nisso ou naquilo que n\u00e3o me agrada&#8230;&#8221;<\/p>\n<p>Est\u00e1 tudo errado, n\u00e3o \u00e9 mesmo? Se voc\u00ea ama fulano, mas quer que algum aspecto de sua personalidade seja modificada para corresponder a sua vis\u00e3o de perfei\u00e7\u00e3o, ent\u00e3o na verdade o que voc\u00ea precisa \u00e9 de um espelho para se mirar, pois n\u00e3o \u00e9 pela pessoa que voc\u00ea est\u00e1 apaixonada&#8230; \u00e9 por voc\u00ea mesma&#8230;<\/p>\n<p>Os casos de persegui\u00e7\u00f5es p\u00f3s namoro (os fins de relacionamentos) tem tudo a ver com isso. Quando uma pessoa come\u00e7a a perseguir seu ex amor, n\u00e3o \u00e9 porque ela o ama&#8230; \u00e9 simplesmente porque n\u00e3o consegue superar a perda do objeto que tinha ao seu lado&#8230; sim, a pessoa foi transformada em um simples objeto que a outra possu\u00eda, e que de repente perdeu&#8230; mas n\u00e3o aceita isso, pois aquilo que \u00e9 dela ningu\u00e9m mais poder\u00e1 possuir. Estranho? Nem um pouco, se voc\u00ea pensar que j\u00e1 ouviu da boca de conhecidos a frase &#8220;fulano \u00e9 meu, e n\u00e3o aceito dividir com ningu\u00e9m&#8221;&#8230; bem, s\u00f3 para inicio de conversa, fulano n\u00e3o pertence a ningu\u00e9m, afinal \u00e9 um ser pensante, que tem seus sonhos e desejos&#8230; se em algum momento descobriu que a pessoa ao seu lado n\u00e3o correspondia ao que esperava, \u00e9 seu direito deix\u00e1-la para tr\u00e1s e partir para outra, na procura de sua felicidade. \u00c9 assim que a vida deveria seguir, afinal&#8230; deveria, mas nem sempre segue.<\/p>\n<p>O que muitas pessoas n\u00e3o conseguem entender \u00e9 que o amor \u00e9 um sentimento que faz com que desejemos que o ser amado seja feliz em toda a sua plenitude. Afinal, n\u00e3o \u00e9 um objeto que podemos manobrar conforme nossos desejos. N\u00e3o. \u00c9 um ser humano, por quem por acaso temos um sentimento de ternura. E a \u00fanica coisa que desejamos \u00e9 que ela seja feliz. Mesmo que n\u00e3o seja ao nosso lado. Mesmo que seja ao lado de outra pessoa. Porque amar de verdade \u00e9 isso. \u00c9 desejar que a pessoa amada realmente viva o amor em toda a sua plenitude.<\/p>\n<p>Quando ouvimos que uma pessoa jurou a outra de morte porque esta deixou de ama-la, quando ouvimos que uma pessoa diz para sua parceira que, se ela a deixar, n\u00e3o ser\u00e1 de mais ningu\u00e9m&#8230; bem, a\u00ed n\u00e3o existe o menor sinal de amor de uma pela outra. Porque voc\u00ea jamais vai desejar destruir o ser amado. Que amor \u00e9 esse, que prefere destruir a pessoa &#8220;amada&#8221; a deixa-la seguir sua vida e ser feliz? A resposta \u00e9 simples&#8230; n\u00e3o \u00e9 amor. \u00c9 simplesmente sentimento de posse. Ningu\u00e9m mata ou morre por amor, pois amor n\u00e3o \u00e9 isso, amor n\u00e3o compactua com viol\u00eancia. Amor \u00e9 um sentimento sublime, onde o bem estar da pessoa amada est\u00e1 em primeiro lugar&#8230;<\/p>\n","protected":false},"excerpt":{"rendered":"<p>J&#8217;avais dessin\u00e9 sur le sable Son doux visage qui me souriait Puis il a plu sur cette plage Dans cet orage, elle a disparu Et j&#8217;ai cri\u00e9, cri\u00e9, Aline, pour qu&#8217;elle revienne Et j&#8217;ai pleur\u00e9, pleur\u00e9, oh! j&#8217;avais trop de peine (Christophe) Eu sei que j\u00e1 disse a voc\u00eas, uma outra vez, que adoro m\u00fasica [&hellip;]<\/p>\n","protected":false},"author":21,"featured_media":376248,"comment_status":"closed","ping_status":"closed","sticky":false,"template":"","format":"standard","meta":{"_acf_changed":false,"footnotes":""},"categories":[236],"tags":[],"class_list":["post-376247","post","type-post","status-publish","format-standard","has-post-thumbnail","hentry","category-ponto-de-vista"],"acf":[],"yoast_head":"<!-- This site is optimized with the Yoast SEO plugin v27.5 - https:\/\/yoast.com\/product\/yoast-seo-wordpress\/ -->\n<title>OBSESS\u00c3O OU AMOR? - Notibras<\/title>\n<meta name=\"robots\" content=\"index, follow, max-snippet:-1, max-image-preview:large, max-video-preview:-1\" \/>\n<link rel=\"canonical\" href=\"https:\/\/www.notibras.com\/site\/obsessao-ou-amor\/\" \/>\n<meta property=\"og:locale\" content=\"pt_BR\" \/>\n<meta property=\"og:type\" content=\"article\" \/>\n<meta property=\"og:title\" content=\"OBSESS\u00c3O OU AMOR? - Notibras\" \/>\n<meta property=\"og:description\" content=\"J&#8217;avais dessin\u00e9 sur le sable Son doux visage qui me souriait Puis il a plu sur cette plage Dans cet orage, elle a disparu Et j&#8217;ai cri\u00e9, cri\u00e9, Aline, pour qu&#8217;elle revienne Et j&#8217;ai pleur\u00e9, pleur\u00e9, oh! j&#8217;avais trop de peine (Christophe) Eu sei que j\u00e1 disse a voc\u00eas, uma outra vez, que adoro m\u00fasica [&hellip;]\" \/>\n<meta property=\"og:url\" content=\"https:\/\/www.notibras.com\/site\/obsessao-ou-amor\/\" \/>\n<meta property=\"og:site_name\" content=\"Notibras\" \/>\n<meta property=\"article:publisher\" content=\"https:\/\/www.facebook.com\/notibras\/\" \/>\n<meta property=\"article:published_time\" content=\"2025-12-28T05:00:18+00:00\" \/>\n<meta property=\"og:image\" content=\"https:\/\/www.notibras.com\/site\/wp-content\/uploads\/2025\/12\/964998c9-a19a-476e-ace7-5c8cc4079bd3.jpg\" \/>\n\t<meta property=\"og:image:width\" content=\"809\" \/>\n\t<meta property=\"og:image:height\" content=\"1102\" \/>\n\t<meta property=\"og:image:type\" content=\"image\/jpeg\" \/>\n<meta name=\"author\" content=\"Eduardo Mart\u00ednez\" \/>\n<meta name=\"twitter:card\" content=\"summary_large_image\" \/>\n<meta name=\"twitter:creator\" content=\"@Notibras\" \/>\n<meta name=\"twitter:site\" content=\"@Notibras\" \/>\n<meta name=\"twitter:label1\" content=\"Escrito por\" \/>\n\t<meta name=\"twitter:data1\" content=\"Eduardo Mart\u00ednez\" \/>\n\t<meta name=\"twitter:label2\" content=\"Est. tempo de leitura\" \/>\n\t<meta name=\"twitter:data2\" content=\"5 minutos\" \/>\n<script type=\"application\/ld+json\" class=\"yoast-schema-graph\">{\"@context\":\"https:\\\/\\\/schema.org\",\"@graph\":[{\"@type\":\"Article\",\"@id\":\"https:\\\/\\\/www.notibras.com\\\/site\\\/obsessao-ou-amor\\\/#article\",\"isPartOf\":{\"@id\":\"https:\\\/\\\/www.notibras.com\\\/site\\\/obsessao-ou-amor\\\/\"},\"author\":{\"name\":\"Eduardo Mart\u00ednez\",\"@id\":\"https:\\\/\\\/www.notibras.com\\\/site\\\/#\\\/schema\\\/person\\\/5b7fabf2aedc3ada2105f03b22b4d3dd\"},\"headline\":\"OBSESS\u00c3O OU AMOR?\",\"datePublished\":\"2025-12-28T05:00:18+00:00\",\"mainEntityOfPage\":{\"@id\":\"https:\\\/\\\/www.notibras.com\\\/site\\\/obsessao-ou-amor\\\/\"},\"wordCount\":850,\"publisher\":{\"@id\":\"https:\\\/\\\/www.notibras.com\\\/site\\\/#organization\"},\"image\":{\"@id\":\"https:\\\/\\\/www.notibras.com\\\/site\\\/obsessao-ou-amor\\\/#primaryimage\"},\"thumbnailUrl\":\"https:\\\/\\\/www.notibras.com\\\/site\\\/wp-content\\\/uploads\\\/2025\\\/12\\\/964998c9-a19a-476e-ace7-5c8cc4079bd3.jpg\",\"articleSection\":[\"Ponto de Vista\"],\"inLanguage\":\"pt-BR\"},{\"@type\":\"WebPage\",\"@id\":\"https:\\\/\\\/www.notibras.com\\\/site\\\/obsessao-ou-amor\\\/\",\"url\":\"https:\\\/\\\/www.notibras.com\\\/site\\\/obsessao-ou-amor\\\/\",\"name\":\"OBSESS\u00c3O OU AMOR? - Notibras\",\"isPartOf\":{\"@id\":\"https:\\\/\\\/www.notibras.com\\\/site\\\/#website\"},\"primaryImageOfPage\":{\"@id\":\"https:\\\/\\\/www.notibras.com\\\/site\\\/obsessao-ou-amor\\\/#primaryimage\"},\"image\":{\"@id\":\"https:\\\/\\\/www.notibras.com\\\/site\\\/obsessao-ou-amor\\\/#primaryimage\"},\"thumbnailUrl\":\"https:\\\/\\\/www.notibras.com\\\/site\\\/wp-content\\\/uploads\\\/2025\\\/12\\\/964998c9-a19a-476e-ace7-5c8cc4079bd3.jpg\",\"datePublished\":\"2025-12-28T05:00:18+00:00\",\"breadcrumb\":{\"@id\":\"https:\\\/\\\/www.notibras.com\\\/site\\\/obsessao-ou-amor\\\/#breadcrumb\"},\"inLanguage\":\"pt-BR\",\"potentialAction\":[{\"@type\":\"ReadAction\",\"target\":[\"https:\\\/\\\/www.notibras.com\\\/site\\\/obsessao-ou-amor\\\/\"]}]},{\"@type\":\"ImageObject\",\"inLanguage\":\"pt-BR\",\"@id\":\"https:\\\/\\\/www.notibras.com\\\/site\\\/obsessao-ou-amor\\\/#primaryimage\",\"url\":\"https:\\\/\\\/www.notibras.com\\\/site\\\/wp-content\\\/uploads\\\/2025\\\/12\\\/964998c9-a19a-476e-ace7-5c8cc4079bd3.jpg\",\"contentUrl\":\"https:\\\/\\\/www.notibras.com\\\/site\\\/wp-content\\\/uploads\\\/2025\\\/12\\\/964998c9-a19a-476e-ace7-5c8cc4079bd3.jpg\",\"width\":809,\"height\":1102},{\"@type\":\"BreadcrumbList\",\"@id\":\"https:\\\/\\\/www.notibras.com\\\/site\\\/obsessao-ou-amor\\\/#breadcrumb\",\"itemListElement\":[{\"@type\":\"ListItem\",\"position\":1,\"name\":\"In\u00edcio\",\"item\":\"https:\\\/\\\/www.notibras.com\\\/site\\\/\"},{\"@type\":\"ListItem\",\"position\":2,\"name\":\"OBSESS\u00c3O OU AMOR?\"}]},{\"@type\":\"WebSite\",\"@id\":\"https:\\\/\\\/www.notibras.com\\\/site\\\/#website\",\"url\":\"https:\\\/\\\/www.notibras.com\\\/site\\\/\",\"name\":\"Notibras\",\"description\":\"Not\u00edcias de Bras\u00edlia, do Brasil e do Mundo\",\"publisher\":{\"@id\":\"https:\\\/\\\/www.notibras.com\\\/site\\\/#organization\"},\"potentialAction\":[{\"@type\":\"SearchAction\",\"target\":{\"@type\":\"EntryPoint\",\"urlTemplate\":\"https:\\\/\\\/www.notibras.com\\\/site\\\/?s={search_term_string}\"},\"query-input\":{\"@type\":\"PropertyValueSpecification\",\"valueRequired\":true,\"valueName\":\"search_term_string\"}}],\"inLanguage\":\"pt-BR\"},{\"@type\":\"Organization\",\"@id\":\"https:\\\/\\\/www.notibras.com\\\/site\\\/#organization\",\"name\":\"Grupo Notibras de Comunica\u00e7\u00e3o\",\"url\":\"https:\\\/\\\/www.notibras.com\\\/site\\\/\",\"logo\":{\"@type\":\"ImageObject\",\"inLanguage\":\"pt-BR\",\"@id\":\"https:\\\/\\\/www.notibras.com\\\/site\\\/#\\\/schema\\\/logo\\\/image\\\/\",\"url\":\"https:\\\/\\\/www.notibras.com\\\/site\\\/wp-content\\\/uploads\\\/2023\\\/01\\\/notibras23.png\",\"contentUrl\":\"https:\\\/\\\/www.notibras.com\\\/site\\\/wp-content\\\/uploads\\\/2023\\\/01\\\/notibras23.png\",\"width\":350,\"height\":87,\"caption\":\"Grupo Notibras de Comunica\u00e7\u00e3o\"},\"image\":{\"@id\":\"https:\\\/\\\/www.notibras.com\\\/site\\\/#\\\/schema\\\/logo\\\/image\\\/\"},\"sameAs\":[\"https:\\\/\\\/www.facebook.com\\\/notibras\\\/\",\"https:\\\/\\\/x.com\\\/Notibras\",\"https:\\\/\\\/www.instagram.com\\\/notibras\\\/\"]},{\"@type\":\"Person\",\"@id\":\"https:\\\/\\\/www.notibras.com\\\/site\\\/#\\\/schema\\\/person\\\/5b7fabf2aedc3ada2105f03b22b4d3dd\",\"name\":\"Eduardo Mart\u00ednez\",\"image\":{\"@type\":\"ImageObject\",\"inLanguage\":\"pt-BR\",\"@id\":\"https:\\\/\\\/secure.gravatar.com\\\/avatar\\\/7902f906289926289cbcda644b5197c796b893c6ffd7b9a536a42d290f7704a0?s=96&d=mm&r=g\",\"url\":\"https:\\\/\\\/secure.gravatar.com\\\/avatar\\\/7902f906289926289cbcda644b5197c796b893c6ffd7b9a536a42d290f7704a0?s=96&d=mm&r=g\",\"contentUrl\":\"https:\\\/\\\/secure.gravatar.com\\\/avatar\\\/7902f906289926289cbcda644b5197c796b893c6ffd7b9a536a42d290f7704a0?s=96&d=mm&r=g\",\"caption\":\"Eduardo Mart\u00ednez\"}}]}<\/script>\n<!-- \/ Yoast SEO plugin. -->","yoast_head_json":{"title":"OBSESS\u00c3O OU AMOR? - Notibras","robots":{"index":"index","follow":"follow","max-snippet":"max-snippet:-1","max-image-preview":"max-image-preview:large","max-video-preview":"max-video-preview:-1"},"canonical":"https:\/\/www.notibras.com\/site\/obsessao-ou-amor\/","og_locale":"pt_BR","og_type":"article","og_title":"OBSESS\u00c3O OU AMOR? - Notibras","og_description":"J&#8217;avais dessin\u00e9 sur le sable Son doux visage qui me souriait Puis il a plu sur cette plage Dans cet orage, elle a disparu Et j&#8217;ai cri\u00e9, cri\u00e9, Aline, pour qu&#8217;elle revienne Et j&#8217;ai pleur\u00e9, pleur\u00e9, oh! j&#8217;avais trop de peine (Christophe) Eu sei que j\u00e1 disse a voc\u00eas, uma outra vez, que adoro m\u00fasica [&hellip;]","og_url":"https:\/\/www.notibras.com\/site\/obsessao-ou-amor\/","og_site_name":"Notibras","article_publisher":"https:\/\/www.facebook.com\/notibras\/","article_published_time":"2025-12-28T05:00:18+00:00","og_image":[{"width":809,"height":1102,"url":"https:\/\/www.notibras.com\/site\/wp-content\/uploads\/2025\/12\/964998c9-a19a-476e-ace7-5c8cc4079bd3.jpg","type":"image\/jpeg"}],"author":"Eduardo Mart\u00ednez","twitter_card":"summary_large_image","twitter_creator":"@Notibras","twitter_site":"@Notibras","twitter_misc":{"Escrito por":"Eduardo Mart\u00ednez","Est. tempo de leitura":"5 minutos"},"schema":{"@context":"https:\/\/schema.org","@graph":[{"@type":"Article","@id":"https:\/\/www.notibras.com\/site\/obsessao-ou-amor\/#article","isPartOf":{"@id":"https:\/\/www.notibras.com\/site\/obsessao-ou-amor\/"},"author":{"name":"Eduardo Mart\u00ednez","@id":"https:\/\/www.notibras.com\/site\/#\/schema\/person\/5b7fabf2aedc3ada2105f03b22b4d3dd"},"headline":"OBSESS\u00c3O OU AMOR?","datePublished":"2025-12-28T05:00:18+00:00","mainEntityOfPage":{"@id":"https:\/\/www.notibras.com\/site\/obsessao-ou-amor\/"},"wordCount":850,"publisher":{"@id":"https:\/\/www.notibras.com\/site\/#organization"},"image":{"@id":"https:\/\/www.notibras.com\/site\/obsessao-ou-amor\/#primaryimage"},"thumbnailUrl":"https:\/\/www.notibras.com\/site\/wp-content\/uploads\/2025\/12\/964998c9-a19a-476e-ace7-5c8cc4079bd3.jpg","articleSection":["Ponto de Vista"],"inLanguage":"pt-BR"},{"@type":"WebPage","@id":"https:\/\/www.notibras.com\/site\/obsessao-ou-amor\/","url":"https:\/\/www.notibras.com\/site\/obsessao-ou-amor\/","name":"OBSESS\u00c3O OU AMOR? - Notibras","isPartOf":{"@id":"https:\/\/www.notibras.com\/site\/#website"},"primaryImageOfPage":{"@id":"https:\/\/www.notibras.com\/site\/obsessao-ou-amor\/#primaryimage"},"image":{"@id":"https:\/\/www.notibras.com\/site\/obsessao-ou-amor\/#primaryimage"},"thumbnailUrl":"https:\/\/www.notibras.com\/site\/wp-content\/uploads\/2025\/12\/964998c9-a19a-476e-ace7-5c8cc4079bd3.jpg","datePublished":"2025-12-28T05:00:18+00:00","breadcrumb":{"@id":"https:\/\/www.notibras.com\/site\/obsessao-ou-amor\/#breadcrumb"},"inLanguage":"pt-BR","potentialAction":[{"@type":"ReadAction","target":["https:\/\/www.notibras.com\/site\/obsessao-ou-amor\/"]}]},{"@type":"ImageObject","inLanguage":"pt-BR","@id":"https:\/\/www.notibras.com\/site\/obsessao-ou-amor\/#primaryimage","url":"https:\/\/www.notibras.com\/site\/wp-content\/uploads\/2025\/12\/964998c9-a19a-476e-ace7-5c8cc4079bd3.jpg","contentUrl":"https:\/\/www.notibras.com\/site\/wp-content\/uploads\/2025\/12\/964998c9-a19a-476e-ace7-5c8cc4079bd3.jpg","width":809,"height":1102},{"@type":"BreadcrumbList","@id":"https:\/\/www.notibras.com\/site\/obsessao-ou-amor\/#breadcrumb","itemListElement":[{"@type":"ListItem","position":1,"name":"In\u00edcio","item":"https:\/\/www.notibras.com\/site\/"},{"@type":"ListItem","position":2,"name":"OBSESS\u00c3O OU AMOR?"}]},{"@type":"WebSite","@id":"https:\/\/www.notibras.com\/site\/#website","url":"https:\/\/www.notibras.com\/site\/","name":"Notibras","description":"Not\u00edcias de Bras\u00edlia, do Brasil e do Mundo","publisher":{"@id":"https:\/\/www.notibras.com\/site\/#organization"},"potentialAction":[{"@type":"SearchAction","target":{"@type":"EntryPoint","urlTemplate":"https:\/\/www.notibras.com\/site\/?s={search_term_string}"},"query-input":{"@type":"PropertyValueSpecification","valueRequired":true,"valueName":"search_term_string"}}],"inLanguage":"pt-BR"},{"@type":"Organization","@id":"https:\/\/www.notibras.com\/site\/#organization","name":"Grupo Notibras de Comunica\u00e7\u00e3o","url":"https:\/\/www.notibras.com\/site\/","logo":{"@type":"ImageObject","inLanguage":"pt-BR","@id":"https:\/\/www.notibras.com\/site\/#\/schema\/logo\/image\/","url":"https:\/\/www.notibras.com\/site\/wp-content\/uploads\/2023\/01\/notibras23.png","contentUrl":"https:\/\/www.notibras.com\/site\/wp-content\/uploads\/2023\/01\/notibras23.png","width":350,"height":87,"caption":"Grupo Notibras de Comunica\u00e7\u00e3o"},"image":{"@id":"https:\/\/www.notibras.com\/site\/#\/schema\/logo\/image\/"},"sameAs":["https:\/\/www.facebook.com\/notibras\/","https:\/\/x.com\/Notibras","https:\/\/www.instagram.com\/notibras\/"]},{"@type":"Person","@id":"https:\/\/www.notibras.com\/site\/#\/schema\/person\/5b7fabf2aedc3ada2105f03b22b4d3dd","name":"Eduardo Mart\u00ednez","image":{"@type":"ImageObject","inLanguage":"pt-BR","@id":"https:\/\/secure.gravatar.com\/avatar\/7902f906289926289cbcda644b5197c796b893c6ffd7b9a536a42d290f7704a0?s=96&d=mm&r=g","url":"https:\/\/secure.gravatar.com\/avatar\/7902f906289926289cbcda644b5197c796b893c6ffd7b9a536a42d290f7704a0?s=96&d=mm&r=g","contentUrl":"https:\/\/secure.gravatar.com\/avatar\/7902f906289926289cbcda644b5197c796b893c6ffd7b9a536a42d290f7704a0?s=96&d=mm&r=g","caption":"Eduardo Mart\u00ednez"}}]}},"amp_enabled":true,"_links":{"self":[{"href":"https:\/\/www.notibras.com\/site\/wp-json\/wp\/v2\/posts\/376247","targetHints":{"allow":["GET"]}}],"collection":[{"href":"https:\/\/www.notibras.com\/site\/wp-json\/wp\/v2\/posts"}],"about":[{"href":"https:\/\/www.notibras.com\/site\/wp-json\/wp\/v2\/types\/post"}],"author":[{"embeddable":true,"href":"https:\/\/www.notibras.com\/site\/wp-json\/wp\/v2\/users\/21"}],"replies":[{"embeddable":true,"href":"https:\/\/www.notibras.com\/site\/wp-json\/wp\/v2\/comments?post=376247"}],"version-history":[{"count":2,"href":"https:\/\/www.notibras.com\/site\/wp-json\/wp\/v2\/posts\/376247\/revisions"}],"predecessor-version":[{"id":376250,"href":"https:\/\/www.notibras.com\/site\/wp-json\/wp\/v2\/posts\/376247\/revisions\/376250"}],"wp:featuredmedia":[{"embeddable":true,"href":"https:\/\/www.notibras.com\/site\/wp-json\/wp\/v2\/media\/376248"}],"wp:attachment":[{"href":"https:\/\/www.notibras.com\/site\/wp-json\/wp\/v2\/media?parent=376247"}],"wp:term":[{"taxonomy":"category","embeddable":true,"href":"https:\/\/www.notibras.com\/site\/wp-json\/wp\/v2\/categories?post=376247"},{"taxonomy":"post_tag","embeddable":true,"href":"https:\/\/www.notibras.com\/site\/wp-json\/wp\/v2\/tags?post=376247"}],"curies":[{"name":"wp","href":"https:\/\/api.w.org\/{rel}","templated":true}]}}