{"id":376273,"date":"2025-12-25T08:18:26","date_gmt":"2025-12-25T11:18:26","guid":{"rendered":"https:\/\/www.notibras.com\/site\/?p=376273"},"modified":"2025-12-25T08:18:26","modified_gmt":"2025-12-25T11:18:26","slug":"a-mae-da-morte-entre-o-mito-e-a-historia-japonesa","status":"publish","type":"post","link":"https:\/\/www.notibras.com\/site\/a-mae-da-morte-entre-o-mito-e-a-historia-japonesa\/","title":{"rendered":"A M\u00e3e da Morte entre o mito e a hist\u00f3ria japonesa"},"content":{"rendered":"<p>Poucas figuras da Antiguidade oriental caminham t\u00e3o silenciosamente entre a Hist\u00f3ria e o del\u00edrio quanto a Rainha Himiko. Seu nome ecoa como um sussurro ancestral nas brumas do Jap\u00e3o primitivo, onde o tempo ainda n\u00e3o havia separado o sagrado do profano, nem o poder pol\u00edtico do poder espiritual.<\/p>\n<p>Himiko teria governado o reino de Yamatai no s\u00e9culo III, mas sua exist\u00eancia \u00e9 mais sentida do que comprovada. N\u00e3o deixou inscri\u00e7\u00f5es, monumentos ou t\u00famulos indiscut\u00edveis. Sobrevive apenas nos registros chineses do Wei Zhi, onde \u00e9 descrita como uma xam\u00e3-rainha, reclusa, cercada por centenas de mulheres e protegida por guerreiros silenciosos. Um poder que n\u00e3o se exibia; apenas se impunha.<\/p>\n<p>Na tradi\u00e7\u00e3o lend\u00e1ria, Himiko n\u00e3o governava com ex\u00e9rcitos, mas com rituais. Diz-se que falava com os esp\u00edritos, controlava os ciclos da vida e da morte e decidia o destino das colheitas e das guerras por meio de or\u00e1culos. Essa proximidade com o invis\u00edvel fez nascer o mito mais sombrio; justamente o de que Himiko n\u00e3o era apenas uma mediadora dos mortos, mas sua m\u00e3e simb\u00f3lica.<\/p>\n<p>A alcunha de \u201cM\u00e3e da Morte\u201d n\u00e3o se refere \u00e0 crueldade, mas ao papel arcaico de quem preside a passagem. Em muitas culturas ancestrais, a morte n\u00e3o \u00e9 inimiga da vida, mas sua guardi\u00e3. Himiko seria, assim, a deusa encarnada do limiar: aquela que acolhe o fim para permitir o recome\u00e7o.<\/p>\n<p>Ap\u00f3s sua morte, relatam as lendas, o reino mergulhou no caos. Milhares teriam morrido em disputas internas, como se a ordem do mundo tivesse sido rompida com sua aus\u00eancia. Somente quando uma jovem parente assumiu o trono, repetindo os rituais da antiga rainha, a paz retornou.<\/p>\n<p>Nesse ponto, o mito se adensa. E permeiam perguntas, do tipo teria Himiko sido mantida viva na imagina\u00e7\u00e3o coletiva como uma entidade necess\u00e1ria? Uma soberana cujo poder s\u00f3 existia enquanto o medo da desordem e da morte estivesse sob controle?<\/p>\n<p>A lenda sugere que seu corpo foi enterrado com sacrif\u00edcios humanos, seus verdadeiros guardi\u00f5es para a eternidade. Verdade ou inven\u00e7\u00e3o, o simbolismo \u00e9 claro, sugerindo que a morte n\u00e3o a levou; apenas a ampliou.<\/p>\n<p>Mais do que personagem hist\u00f3rica, Himiko tornou-se arqu\u00e9tipo. Ela representa o feminino ancestral que gera e encerra ciclos, a m\u00e3e que d\u00e1 \u00e0 luz e tamb\u00e9m recolhe. N\u00e3o \u00e9 coincid\u00eancia que sua imagem atravesse s\u00e9culos inspirando mang\u00e1s, animes, jogos e teorias conspirat\u00f3rias.<\/p>\n<p>A Rainha Himiko permanece como uma sombra elegante sobre a hist\u00f3ria japonesa, retratada como uma lembran\u00e7a de que o poder absoluto n\u00e3o precisa de tronos vis\u00edveis, apenas de cren\u00e7a. Onde termina a mulher, come\u00e7a o mito. Onde come\u00e7a a morte, talvez esteja a sua verdadeira coroa.<\/p>\n<p>No fim, a M\u00e3e da Morte n\u00e3o amea\u00e7a, simplesmente vigia. E enquanto o mundo insistir em esquecer seus pr\u00f3prios limites, Himiko continuar\u00e1 a reinar. Sempre silenciosa, invis\u00edvel e eterna.<\/p>\n","protected":false},"excerpt":{"rendered":"<p>Poucas figuras da Antiguidade oriental caminham t\u00e3o silenciosamente entre a Hist\u00f3ria e o del\u00edrio quanto a Rainha Himiko. Seu nome ecoa como um sussurro ancestral nas brumas do Jap\u00e3o primitivo, onde o tempo ainda n\u00e3o havia separado o sagrado do profano, nem o poder pol\u00edtico do poder espiritual. Himiko teria governado o reino de Yamatai [&hellip;]<\/p>\n","protected":false},"author":2,"featured_media":376274,"comment_status":"closed","ping_status":"closed","sticky":false,"template":"","format":"standard","meta":{"_acf_changed":false,"footnotes":""},"categories":[237],"tags":[],"class_list":["post-376273","post","type-post","status-publish","format-standard","has-post-thumbnail","hentry","category-oraculos"],"acf":[],"yoast_head":"<!-- This site is optimized with the Yoast SEO plugin v27.2 - https:\/\/yoast.com\/product\/yoast-seo-wordpress\/ -->\n<title>A M\u00e3e da Morte entre o mito e a hist\u00f3ria japonesa - Notibras<\/title>\n<meta name=\"robots\" content=\"index, follow, max-snippet:-1, max-image-preview:large, max-video-preview:-1\" \/>\n<link rel=\"canonical\" href=\"https:\/\/www.notibras.com\/site\/a-mae-da-morte-entre-o-mito-e-a-historia-japonesa\/\" \/>\n<meta property=\"og:locale\" content=\"pt_BR\" \/>\n<meta property=\"og:type\" content=\"article\" \/>\n<meta property=\"og:title\" content=\"A M\u00e3e da Morte entre o mito e a hist\u00f3ria japonesa - Notibras\" \/>\n<meta property=\"og:description\" content=\"Poucas figuras da Antiguidade oriental caminham t\u00e3o silenciosamente entre a Hist\u00f3ria e o del\u00edrio quanto a Rainha Himiko. Seu nome ecoa como um sussurro ancestral nas brumas do Jap\u00e3o primitivo, onde o tempo ainda n\u00e3o havia separado o sagrado do profano, nem o poder pol\u00edtico do poder espiritual. Himiko teria governado o reino de Yamatai [&hellip;]\" \/>\n<meta property=\"og:url\" content=\"https:\/\/www.notibras.com\/site\/a-mae-da-morte-entre-o-mito-e-a-historia-japonesa\/\" \/>\n<meta property=\"og:site_name\" content=\"Notibras\" \/>\n<meta property=\"article:publisher\" content=\"https:\/\/www.facebook.com\/notibras\/\" \/>\n<meta property=\"article:published_time\" content=\"2025-12-25T11:18:26+00:00\" \/>\n<meta property=\"og:image\" content=\"https:\/\/www.notibras.com\/site\/wp-content\/uploads\/2025\/12\/38a3e954-86fc-402d-9551-0e2a35dbed67-683x1024.png\" \/>\n\t<meta property=\"og:image:width\" content=\"683\" \/>\n\t<meta property=\"og:image:height\" content=\"1024\" \/>\n\t<meta property=\"og:image:type\" content=\"image\/png\" \/>\n<meta name=\"author\" content=\"Reda\u00e7\u00e3o\" \/>\n<meta name=\"twitter:card\" content=\"summary_large_image\" \/>\n<meta name=\"twitter:creator\" content=\"@Notibras\" \/>\n<meta name=\"twitter:site\" content=\"@Notibras\" \/>\n<meta name=\"twitter:label1\" content=\"Escrito por\" \/>\n\t<meta name=\"twitter:data1\" content=\"Reda\u00e7\u00e3o\" \/>\n\t<meta name=\"twitter:label2\" content=\"Est. tempo de leitura\" \/>\n\t<meta name=\"twitter:data2\" content=\"3 minutos\" \/>\n<script type=\"application\/ld+json\" class=\"yoast-schema-graph\">{\"@context\":\"https:\/\/schema.org\",\"@graph\":[{\"@type\":\"Article\",\"@id\":\"https:\/\/www.notibras.com\/site\/a-mae-da-morte-entre-o-mito-e-a-historia-japonesa\/#article\",\"isPartOf\":{\"@id\":\"https:\/\/www.notibras.com\/site\/a-mae-da-morte-entre-o-mito-e-a-historia-japonesa\/\"},\"author\":{\"name\":\"Reda\u00e7\u00e3o\",\"@id\":\"https:\/\/www.notibras.com\/site\/#\/schema\/person\/36ab0979449956132d3e5b517ea76ac8\"},\"headline\":\"A M\u00e3e da Morte entre o mito e a hist\u00f3ria japonesa\",\"datePublished\":\"2025-12-25T11:18:26+00:00\",\"mainEntityOfPage\":{\"@id\":\"https:\/\/www.notibras.com\/site\/a-mae-da-morte-entre-o-mito-e-a-historia-japonesa\/\"},\"wordCount\":524,\"publisher\":{\"@id\":\"https:\/\/www.notibras.com\/site\/#organization\"},\"image\":{\"@id\":\"https:\/\/www.notibras.com\/site\/a-mae-da-morte-entre-o-mito-e-a-historia-japonesa\/#primaryimage\"},\"thumbnailUrl\":\"https:\/\/www.notibras.com\/site\/wp-content\/uploads\/2025\/12\/38a3e954-86fc-402d-9551-0e2a35dbed67.png\",\"articleSection\":[\"Or\u00e1culos\"],\"inLanguage\":\"pt-BR\"},{\"@type\":\"WebPage\",\"@id\":\"https:\/\/www.notibras.com\/site\/a-mae-da-morte-entre-o-mito-e-a-historia-japonesa\/\",\"url\":\"https:\/\/www.notibras.com\/site\/a-mae-da-morte-entre-o-mito-e-a-historia-japonesa\/\",\"name\":\"A M\u00e3e da Morte entre o mito e a hist\u00f3ria japonesa - Notibras\",\"isPartOf\":{\"@id\":\"https:\/\/www.notibras.com\/site\/#website\"},\"primaryImageOfPage\":{\"@id\":\"https:\/\/www.notibras.com\/site\/a-mae-da-morte-entre-o-mito-e-a-historia-japonesa\/#primaryimage\"},\"image\":{\"@id\":\"https:\/\/www.notibras.com\/site\/a-mae-da-morte-entre-o-mito-e-a-historia-japonesa\/#primaryimage\"},\"thumbnailUrl\":\"https:\/\/www.notibras.com\/site\/wp-content\/uploads\/2025\/12\/38a3e954-86fc-402d-9551-0e2a35dbed67.png\",\"datePublished\":\"2025-12-25T11:18:26+00:00\",\"breadcrumb\":{\"@id\":\"https:\/\/www.notibras.com\/site\/a-mae-da-morte-entre-o-mito-e-a-historia-japonesa\/#breadcrumb\"},\"inLanguage\":\"pt-BR\",\"potentialAction\":[{\"@type\":\"ReadAction\",\"target\":[\"https:\/\/www.notibras.com\/site\/a-mae-da-morte-entre-o-mito-e-a-historia-japonesa\/\"]}]},{\"@type\":\"ImageObject\",\"inLanguage\":\"pt-BR\",\"@id\":\"https:\/\/www.notibras.com\/site\/a-mae-da-morte-entre-o-mito-e-a-historia-japonesa\/#primaryimage\",\"url\":\"https:\/\/www.notibras.com\/site\/wp-content\/uploads\/2025\/12\/38a3e954-86fc-402d-9551-0e2a35dbed67.png\",\"contentUrl\":\"https:\/\/www.notibras.com\/site\/wp-content\/uploads\/2025\/12\/38a3e954-86fc-402d-9551-0e2a35dbed67.png\",\"width\":1024,\"height\":1536},{\"@type\":\"BreadcrumbList\",\"@id\":\"https:\/\/www.notibras.com\/site\/a-mae-da-morte-entre-o-mito-e-a-historia-japonesa\/#breadcrumb\",\"itemListElement\":[{\"@type\":\"ListItem\",\"position\":1,\"name\":\"In\u00edcio\",\"item\":\"https:\/\/www.notibras.com\/site\/\"},{\"@type\":\"ListItem\",\"position\":2,\"name\":\"A M\u00e3e da Morte entre o mito e a hist\u00f3ria japonesa\"}]},{\"@type\":\"WebSite\",\"@id\":\"https:\/\/www.notibras.com\/site\/#website\",\"url\":\"https:\/\/www.notibras.com\/site\/\",\"name\":\"Notibras\",\"description\":\"Not\u00edcias de Bras\u00edlia, do Brasil e do Mundo\",\"publisher\":{\"@id\":\"https:\/\/www.notibras.com\/site\/#organization\"},\"potentialAction\":[{\"@type\":\"SearchAction\",\"target\":{\"@type\":\"EntryPoint\",\"urlTemplate\":\"https:\/\/www.notibras.com\/site\/?s={search_term_string}\"},\"query-input\":{\"@type\":\"PropertyValueSpecification\",\"valueRequired\":true,\"valueName\":\"search_term_string\"}}],\"inLanguage\":\"pt-BR\"},{\"@type\":\"Organization\",\"@id\":\"https:\/\/www.notibras.com\/site\/#organization\",\"name\":\"Grupo Notibras de Comunica\u00e7\u00e3o\",\"url\":\"https:\/\/www.notibras.com\/site\/\",\"logo\":{\"@type\":\"ImageObject\",\"inLanguage\":\"pt-BR\",\"@id\":\"https:\/\/www.notibras.com\/site\/#\/schema\/logo\/image\/\",\"url\":\"https:\/\/www.notibras.com\/site\/wp-content\/uploads\/2023\/01\/notibras23.png\",\"contentUrl\":\"https:\/\/www.notibras.com\/site\/wp-content\/uploads\/2023\/01\/notibras23.png\",\"width\":350,\"height\":87,\"caption\":\"Grupo Notibras de Comunica\u00e7\u00e3o\"},\"image\":{\"@id\":\"https:\/\/www.notibras.com\/site\/#\/schema\/logo\/image\/\"},\"sameAs\":[\"https:\/\/www.facebook.com\/notibras\/\",\"https:\/\/x.com\/Notibras\",\"https:\/\/www.instagram.com\/notibras\/\"]},{\"@type\":\"Person\",\"@id\":\"https:\/\/www.notibras.com\/site\/#\/schema\/person\/36ab0979449956132d3e5b517ea76ac8\",\"name\":\"Reda\u00e7\u00e3o\",\"image\":{\"@type\":\"ImageObject\",\"inLanguage\":\"pt-BR\",\"@id\":\"https:\/\/secure.gravatar.com\/avatar\/e0a867bdedb85fd243eadf09663511f96fc81e0720a4a42581f334ad4303aa6b?s=96&d=mm&r=g\",\"url\":\"https:\/\/secure.gravatar.com\/avatar\/e0a867bdedb85fd243eadf09663511f96fc81e0720a4a42581f334ad4303aa6b?s=96&d=mm&r=g\",\"contentUrl\":\"https:\/\/secure.gravatar.com\/avatar\/e0a867bdedb85fd243eadf09663511f96fc81e0720a4a42581f334ad4303aa6b?s=96&d=mm&r=g\",\"caption\":\"Reda\u00e7\u00e3o\"}}]}<\/script>\n<!-- \/ Yoast SEO plugin. -->","yoast_head_json":{"title":"A M\u00e3e da Morte entre o mito e a hist\u00f3ria japonesa - Notibras","robots":{"index":"index","follow":"follow","max-snippet":"max-snippet:-1","max-image-preview":"max-image-preview:large","max-video-preview":"max-video-preview:-1"},"canonical":"https:\/\/www.notibras.com\/site\/a-mae-da-morte-entre-o-mito-e-a-historia-japonesa\/","og_locale":"pt_BR","og_type":"article","og_title":"A M\u00e3e da Morte entre o mito e a hist\u00f3ria japonesa - Notibras","og_description":"Poucas figuras da Antiguidade oriental caminham t\u00e3o silenciosamente entre a Hist\u00f3ria e o del\u00edrio quanto a Rainha Himiko. Seu nome ecoa como um sussurro ancestral nas brumas do Jap\u00e3o primitivo, onde o tempo ainda n\u00e3o havia separado o sagrado do profano, nem o poder pol\u00edtico do poder espiritual. Himiko teria governado o reino de Yamatai [&hellip;]","og_url":"https:\/\/www.notibras.com\/site\/a-mae-da-morte-entre-o-mito-e-a-historia-japonesa\/","og_site_name":"Notibras","article_publisher":"https:\/\/www.facebook.com\/notibras\/","article_published_time":"2025-12-25T11:18:26+00:00","og_image":[{"width":683,"height":1024,"url":"https:\/\/www.notibras.com\/site\/wp-content\/uploads\/2025\/12\/38a3e954-86fc-402d-9551-0e2a35dbed67-683x1024.png","type":"image\/png"}],"author":"Reda\u00e7\u00e3o","twitter_card":"summary_large_image","twitter_creator":"@Notibras","twitter_site":"@Notibras","twitter_misc":{"Escrito por":"Reda\u00e7\u00e3o","Est. tempo de leitura":"3 minutos"},"schema":{"@context":"https:\/\/schema.org","@graph":[{"@type":"Article","@id":"https:\/\/www.notibras.com\/site\/a-mae-da-morte-entre-o-mito-e-a-historia-japonesa\/#article","isPartOf":{"@id":"https:\/\/www.notibras.com\/site\/a-mae-da-morte-entre-o-mito-e-a-historia-japonesa\/"},"author":{"name":"Reda\u00e7\u00e3o","@id":"https:\/\/www.notibras.com\/site\/#\/schema\/person\/36ab0979449956132d3e5b517ea76ac8"},"headline":"A M\u00e3e da Morte entre o mito e a hist\u00f3ria japonesa","datePublished":"2025-12-25T11:18:26+00:00","mainEntityOfPage":{"@id":"https:\/\/www.notibras.com\/site\/a-mae-da-morte-entre-o-mito-e-a-historia-japonesa\/"},"wordCount":524,"publisher":{"@id":"https:\/\/www.notibras.com\/site\/#organization"},"image":{"@id":"https:\/\/www.notibras.com\/site\/a-mae-da-morte-entre-o-mito-e-a-historia-japonesa\/#primaryimage"},"thumbnailUrl":"https:\/\/www.notibras.com\/site\/wp-content\/uploads\/2025\/12\/38a3e954-86fc-402d-9551-0e2a35dbed67.png","articleSection":["Or\u00e1culos"],"inLanguage":"pt-BR"},{"@type":"WebPage","@id":"https:\/\/www.notibras.com\/site\/a-mae-da-morte-entre-o-mito-e-a-historia-japonesa\/","url":"https:\/\/www.notibras.com\/site\/a-mae-da-morte-entre-o-mito-e-a-historia-japonesa\/","name":"A M\u00e3e da Morte entre o mito e a hist\u00f3ria japonesa - Notibras","isPartOf":{"@id":"https:\/\/www.notibras.com\/site\/#website"},"primaryImageOfPage":{"@id":"https:\/\/www.notibras.com\/site\/a-mae-da-morte-entre-o-mito-e-a-historia-japonesa\/#primaryimage"},"image":{"@id":"https:\/\/www.notibras.com\/site\/a-mae-da-morte-entre-o-mito-e-a-historia-japonesa\/#primaryimage"},"thumbnailUrl":"https:\/\/www.notibras.com\/site\/wp-content\/uploads\/2025\/12\/38a3e954-86fc-402d-9551-0e2a35dbed67.png","datePublished":"2025-12-25T11:18:26+00:00","breadcrumb":{"@id":"https:\/\/www.notibras.com\/site\/a-mae-da-morte-entre-o-mito-e-a-historia-japonesa\/#breadcrumb"},"inLanguage":"pt-BR","potentialAction":[{"@type":"ReadAction","target":["https:\/\/www.notibras.com\/site\/a-mae-da-morte-entre-o-mito-e-a-historia-japonesa\/"]}]},{"@type":"ImageObject","inLanguage":"pt-BR","@id":"https:\/\/www.notibras.com\/site\/a-mae-da-morte-entre-o-mito-e-a-historia-japonesa\/#primaryimage","url":"https:\/\/www.notibras.com\/site\/wp-content\/uploads\/2025\/12\/38a3e954-86fc-402d-9551-0e2a35dbed67.png","contentUrl":"https:\/\/www.notibras.com\/site\/wp-content\/uploads\/2025\/12\/38a3e954-86fc-402d-9551-0e2a35dbed67.png","width":1024,"height":1536},{"@type":"BreadcrumbList","@id":"https:\/\/www.notibras.com\/site\/a-mae-da-morte-entre-o-mito-e-a-historia-japonesa\/#breadcrumb","itemListElement":[{"@type":"ListItem","position":1,"name":"In\u00edcio","item":"https:\/\/www.notibras.com\/site\/"},{"@type":"ListItem","position":2,"name":"A M\u00e3e da Morte entre o mito e a hist\u00f3ria japonesa"}]},{"@type":"WebSite","@id":"https:\/\/www.notibras.com\/site\/#website","url":"https:\/\/www.notibras.com\/site\/","name":"Notibras","description":"Not\u00edcias de Bras\u00edlia, do Brasil e do Mundo","publisher":{"@id":"https:\/\/www.notibras.com\/site\/#organization"},"potentialAction":[{"@type":"SearchAction","target":{"@type":"EntryPoint","urlTemplate":"https:\/\/www.notibras.com\/site\/?s={search_term_string}"},"query-input":{"@type":"PropertyValueSpecification","valueRequired":true,"valueName":"search_term_string"}}],"inLanguage":"pt-BR"},{"@type":"Organization","@id":"https:\/\/www.notibras.com\/site\/#organization","name":"Grupo Notibras de Comunica\u00e7\u00e3o","url":"https:\/\/www.notibras.com\/site\/","logo":{"@type":"ImageObject","inLanguage":"pt-BR","@id":"https:\/\/www.notibras.com\/site\/#\/schema\/logo\/image\/","url":"https:\/\/www.notibras.com\/site\/wp-content\/uploads\/2023\/01\/notibras23.png","contentUrl":"https:\/\/www.notibras.com\/site\/wp-content\/uploads\/2023\/01\/notibras23.png","width":350,"height":87,"caption":"Grupo Notibras de Comunica\u00e7\u00e3o"},"image":{"@id":"https:\/\/www.notibras.com\/site\/#\/schema\/logo\/image\/"},"sameAs":["https:\/\/www.facebook.com\/notibras\/","https:\/\/x.com\/Notibras","https:\/\/www.instagram.com\/notibras\/"]},{"@type":"Person","@id":"https:\/\/www.notibras.com\/site\/#\/schema\/person\/36ab0979449956132d3e5b517ea76ac8","name":"Reda\u00e7\u00e3o","image":{"@type":"ImageObject","inLanguage":"pt-BR","@id":"https:\/\/secure.gravatar.com\/avatar\/e0a867bdedb85fd243eadf09663511f96fc81e0720a4a42581f334ad4303aa6b?s=96&d=mm&r=g","url":"https:\/\/secure.gravatar.com\/avatar\/e0a867bdedb85fd243eadf09663511f96fc81e0720a4a42581f334ad4303aa6b?s=96&d=mm&r=g","contentUrl":"https:\/\/secure.gravatar.com\/avatar\/e0a867bdedb85fd243eadf09663511f96fc81e0720a4a42581f334ad4303aa6b?s=96&d=mm&r=g","caption":"Reda\u00e7\u00e3o"}}]}},"amp_enabled":true,"_links":{"self":[{"href":"https:\/\/www.notibras.com\/site\/wp-json\/wp\/v2\/posts\/376273","targetHints":{"allow":["GET"]}}],"collection":[{"href":"https:\/\/www.notibras.com\/site\/wp-json\/wp\/v2\/posts"}],"about":[{"href":"https:\/\/www.notibras.com\/site\/wp-json\/wp\/v2\/types\/post"}],"author":[{"embeddable":true,"href":"https:\/\/www.notibras.com\/site\/wp-json\/wp\/v2\/users\/2"}],"replies":[{"embeddable":true,"href":"https:\/\/www.notibras.com\/site\/wp-json\/wp\/v2\/comments?post=376273"}],"version-history":[{"count":1,"href":"https:\/\/www.notibras.com\/site\/wp-json\/wp\/v2\/posts\/376273\/revisions"}],"predecessor-version":[{"id":376275,"href":"https:\/\/www.notibras.com\/site\/wp-json\/wp\/v2\/posts\/376273\/revisions\/376275"}],"wp:featuredmedia":[{"embeddable":true,"href":"https:\/\/www.notibras.com\/site\/wp-json\/wp\/v2\/media\/376274"}],"wp:attachment":[{"href":"https:\/\/www.notibras.com\/site\/wp-json\/wp\/v2\/media?parent=376273"}],"wp:term":[{"taxonomy":"category","embeddable":true,"href":"https:\/\/www.notibras.com\/site\/wp-json\/wp\/v2\/categories?post=376273"},{"taxonomy":"post_tag","embeddable":true,"href":"https:\/\/www.notibras.com\/site\/wp-json\/wp\/v2\/tags?post=376273"}],"curies":[{"name":"wp","href":"https:\/\/api.w.org\/{rel}","templated":true}]}}