{"id":376301,"date":"2026-01-05T02:15:22","date_gmt":"2026-01-05T05:15:22","guid":{"rendered":"https:\/\/www.notibras.com\/site\/?p=376301"},"modified":"2025-12-25T12:41:20","modified_gmt":"2025-12-25T15:41:20","slug":"o-medo-nao-e-do-casamento-e-da-mentira","status":"publish","type":"post","link":"https:\/\/www.notibras.com\/site\/o-medo-nao-e-do-casamento-e-da-mentira\/","title":{"rendered":"O Medo N\u00e3o \u00c9 do Casamento. \u00c9 da Mentira"},"content":{"rendered":"<p>N\u00f3s dizemos que o casamento assusta, mas quase nunca nomeamos o que realmente causa esse temor. N\u00e3o \u00e9 o compromisso. N\u00e3o \u00e9 a conviv\u00eancia. N\u00e3o \u00e9 o \u201cpara sempre\u201d enquanto projeto. O que nos assusta \u00e9 a dissocia\u00e7\u00e3o entre discurso e pr\u00e1tica viver ao lado de algu\u00e9m que diz \u201ceu te amo\u201d \u00e0 noite e desfaz esse amor durante o dia, como se afeto fosse algo compartimentalizado, sem consequ\u00eancia \u00e9tica.<\/p>\n<p>N\u00f3s j\u00e1 aprendemos, na experi\u00eancia, que a trai\u00e7\u00e3o n\u00e3o \u00e9 apenas um ato \u00edntimo. Ela \u00e9 um rompimento simb\u00f3lico. \u00c9 quando a palavra perde valor, quando o beijo vira gesto autom\u00e1tico e a casa deixa de ser abrigo para se tornar cen\u00e1rio. Como diria Zygmunt Bauman, vivemos tempos de v\u00ednculos l\u00edquidos, onde promessas s\u00e3o feitas com facilidade e desfeitas com a mesma leveza, mas o impacto nunca \u00e9 leve para quem acreditou.<\/p>\n<p>O medo, ent\u00e3o, n\u00e3o nasce do casamento em si, mas da mem\u00f3ria.<\/p>\n<p>N\u00f3s carregamos no corpo a lembran\u00e7a de ter confiado. De ter dividido rotina, sonhos, hor\u00e1rios, sil\u00eancios. E de descobrir que a intimidade pode coexistir com a mentira. Hannah Arendt nos ajuda a entender que a banalidade do mal n\u00e3o est\u00e1 apenas nos grandes crimes, mas tamb\u00e9m nos gestos cotidianos que naturalizam a quebra da responsabilidade com o outro.<\/p>\n<p>N\u00f3s n\u00e3o temos medo de amar.\u00a0Temos medo de amar sozinhas dentro de uma rela\u00e7\u00e3o.<\/p>\n<p>H\u00e1 algo profundamente violento em perceber que o \u201ceu te amo\u201d n\u00e3o era um pacto, mas um h\u00e1bito; n\u00e3o era escolha, mas conveni\u00eancia. Simone de Beauvoir j\u00e1 apontava que muitas estruturas afetivas foram constru\u00eddas para garantir estabilidade social, n\u00e3o necessariamente verdade emocional. E quando essa verdade cai, somos n\u00f3s que pagamos o pre\u00e7o psicol\u00f3gico.<\/p>\n<p>Por isso, quando dizemos que casamento assusta, estamos dizendo outra coisa: assusta repetir o erro, assusta n\u00e3o perceber os sinais, assusta duvidar de n\u00f3s mesmas outra vez. Assusta investir tempo, cuidado e projeto em algu\u00e9m que vive uma moral dupla, uma para o lar, outra para o mundo.<\/p>\n<p>Mas h\u00e1 algo que precisamos lembrar, juntas: o problema nunca foi a nossa capacidade de amar ou confiar. O problema foi a escolha de quem n\u00e3o soube sustentar aquilo que prometeu. N\u00e3o foi ingenuidade; foi entrega. E entrega n\u00e3o \u00e9 defeito, \u00e9 risco.<\/p>\n<p>Se esse medo existe hoje, ele n\u00e3o \u00e9 fraqueza. \u00c9 aprendizado.<\/p>\n<p>N\u00f3s n\u00e3o estamos fechadas para o amor; estamos mais exigentes com a verdade. E isso n\u00e3o nos endurece, nos torna mais l\u00facidas.<\/p>\n<p>Que esse texto sirva para quem carrega o mesmo receio: n\u00e3o precisamos correr para provar maturidade emocional aceitando qualquer coisa.<\/p>\n<p>O amor que vale a pena n\u00e3o exige que desconfiemos todos os dias.<\/p>\n<p>N\u00f3s seguimos acreditando, mas agora, acreditamos tamb\u00e9m em n\u00f3s.<\/p>\n","protected":false},"excerpt":{"rendered":"<p>N\u00f3s dizemos que o casamento assusta, mas quase nunca nomeamos o que realmente causa esse temor. N\u00e3o \u00e9 o compromisso. N\u00e3o \u00e9 a conviv\u00eancia. N\u00e3o \u00e9 o \u201cpara sempre\u201d enquanto projeto. O que nos assusta \u00e9 a dissocia\u00e7\u00e3o entre discurso e pr\u00e1tica viver ao lado de algu\u00e9m que diz \u201ceu te amo\u201d \u00e0 noite e [&hellip;]<\/p>\n","protected":false},"author":21,"featured_media":376302,"comment_status":"closed","ping_status":"closed","sticky":false,"template":"","format":"standard","meta":{"_acf_changed":false,"footnotes":""},"categories":[236],"tags":[],"class_list":["post-376301","post","type-post","status-publish","format-standard","has-post-thumbnail","hentry","category-ponto-de-vista"],"acf":[],"yoast_head":"<!-- This site is optimized with the Yoast SEO plugin v27.2 - https:\/\/yoast.com\/product\/yoast-seo-wordpress\/ -->\n<title>O Medo N\u00e3o \u00c9 do Casamento. \u00c9 da Mentira - Notibras<\/title>\n<meta name=\"robots\" content=\"index, follow, max-snippet:-1, max-image-preview:large, max-video-preview:-1\" \/>\n<link rel=\"canonical\" href=\"https:\/\/www.notibras.com\/site\/o-medo-nao-e-do-casamento-e-da-mentira\/\" \/>\n<meta property=\"og:locale\" content=\"pt_BR\" \/>\n<meta property=\"og:type\" content=\"article\" \/>\n<meta property=\"og:title\" content=\"O Medo N\u00e3o \u00c9 do Casamento. \u00c9 da Mentira - Notibras\" \/>\n<meta property=\"og:description\" content=\"N\u00f3s dizemos que o casamento assusta, mas quase nunca nomeamos o que realmente causa esse temor. N\u00e3o \u00e9 o compromisso. N\u00e3o \u00e9 a conviv\u00eancia. N\u00e3o \u00e9 o \u201cpara sempre\u201d enquanto projeto. O que nos assusta \u00e9 a dissocia\u00e7\u00e3o entre discurso e pr\u00e1tica viver ao lado de algu\u00e9m que diz \u201ceu te amo\u201d \u00e0 noite e [&hellip;]\" \/>\n<meta property=\"og:url\" content=\"https:\/\/www.notibras.com\/site\/o-medo-nao-e-do-casamento-e-da-mentira\/\" \/>\n<meta property=\"og:site_name\" content=\"Notibras\" \/>\n<meta property=\"article:publisher\" content=\"https:\/\/www.facebook.com\/notibras\/\" \/>\n<meta property=\"article:published_time\" content=\"2026-01-05T05:15:22+00:00\" \/>\n<meta property=\"og:image\" content=\"https:\/\/www.notibras.com\/site\/wp-content\/uploads\/2025\/12\/WhatsApp-Image-2025-12-25-at-12.39.56.jpeg\" \/>\n\t<meta property=\"og:image:width\" content=\"809\" \/>\n\t<meta property=\"og:image:height\" content=\"1009\" \/>\n\t<meta property=\"og:image:type\" content=\"image\/jpeg\" \/>\n<meta name=\"author\" content=\"Eduardo Mart\u00ednez\" \/>\n<meta name=\"twitter:card\" content=\"summary_large_image\" \/>\n<meta name=\"twitter:creator\" content=\"@Notibras\" \/>\n<meta name=\"twitter:site\" content=\"@Notibras\" \/>\n<meta name=\"twitter:label1\" content=\"Escrito por\" \/>\n\t<meta name=\"twitter:data1\" content=\"Eduardo Mart\u00ednez\" \/>\n\t<meta name=\"twitter:label2\" content=\"Est. tempo de leitura\" \/>\n\t<meta name=\"twitter:data2\" content=\"3 minutos\" \/>\n<script type=\"application\/ld+json\" class=\"yoast-schema-graph\">{\"@context\":\"https:\/\/schema.org\",\"@graph\":[{\"@type\":\"Article\",\"@id\":\"https:\/\/www.notibras.com\/site\/o-medo-nao-e-do-casamento-e-da-mentira\/#article\",\"isPartOf\":{\"@id\":\"https:\/\/www.notibras.com\/site\/o-medo-nao-e-do-casamento-e-da-mentira\/\"},\"author\":{\"name\":\"Eduardo Mart\u00ednez\",\"@id\":\"https:\/\/www.notibras.com\/site\/#\/schema\/person\/5b7fabf2aedc3ada2105f03b22b4d3dd\"},\"headline\":\"O Medo N\u00e3o \u00c9 do Casamento. \u00c9 da Mentira\",\"datePublished\":\"2026-01-05T05:15:22+00:00\",\"mainEntityOfPage\":{\"@id\":\"https:\/\/www.notibras.com\/site\/o-medo-nao-e-do-casamento-e-da-mentira\/\"},\"wordCount\":498,\"publisher\":{\"@id\":\"https:\/\/www.notibras.com\/site\/#organization\"},\"image\":{\"@id\":\"https:\/\/www.notibras.com\/site\/o-medo-nao-e-do-casamento-e-da-mentira\/#primaryimage\"},\"thumbnailUrl\":\"https:\/\/www.notibras.com\/site\/wp-content\/uploads\/2025\/12\/WhatsApp-Image-2025-12-25-at-12.39.56.jpeg\",\"articleSection\":[\"Ponto de Vista\"],\"inLanguage\":\"pt-BR\"},{\"@type\":\"WebPage\",\"@id\":\"https:\/\/www.notibras.com\/site\/o-medo-nao-e-do-casamento-e-da-mentira\/\",\"url\":\"https:\/\/www.notibras.com\/site\/o-medo-nao-e-do-casamento-e-da-mentira\/\",\"name\":\"O Medo N\u00e3o \u00c9 do Casamento. \u00c9 da Mentira - Notibras\",\"isPartOf\":{\"@id\":\"https:\/\/www.notibras.com\/site\/#website\"},\"primaryImageOfPage\":{\"@id\":\"https:\/\/www.notibras.com\/site\/o-medo-nao-e-do-casamento-e-da-mentira\/#primaryimage\"},\"image\":{\"@id\":\"https:\/\/www.notibras.com\/site\/o-medo-nao-e-do-casamento-e-da-mentira\/#primaryimage\"},\"thumbnailUrl\":\"https:\/\/www.notibras.com\/site\/wp-content\/uploads\/2025\/12\/WhatsApp-Image-2025-12-25-at-12.39.56.jpeg\",\"datePublished\":\"2026-01-05T05:15:22+00:00\",\"breadcrumb\":{\"@id\":\"https:\/\/www.notibras.com\/site\/o-medo-nao-e-do-casamento-e-da-mentira\/#breadcrumb\"},\"inLanguage\":\"pt-BR\",\"potentialAction\":[{\"@type\":\"ReadAction\",\"target\":[\"https:\/\/www.notibras.com\/site\/o-medo-nao-e-do-casamento-e-da-mentira\/\"]}]},{\"@type\":\"ImageObject\",\"inLanguage\":\"pt-BR\",\"@id\":\"https:\/\/www.notibras.com\/site\/o-medo-nao-e-do-casamento-e-da-mentira\/#primaryimage\",\"url\":\"https:\/\/www.notibras.com\/site\/wp-content\/uploads\/2025\/12\/WhatsApp-Image-2025-12-25-at-12.39.56.jpeg\",\"contentUrl\":\"https:\/\/www.notibras.com\/site\/wp-content\/uploads\/2025\/12\/WhatsApp-Image-2025-12-25-at-12.39.56.jpeg\",\"width\":809,\"height\":1009},{\"@type\":\"BreadcrumbList\",\"@id\":\"https:\/\/www.notibras.com\/site\/o-medo-nao-e-do-casamento-e-da-mentira\/#breadcrumb\",\"itemListElement\":[{\"@type\":\"ListItem\",\"position\":1,\"name\":\"In\u00edcio\",\"item\":\"https:\/\/www.notibras.com\/site\/\"},{\"@type\":\"ListItem\",\"position\":2,\"name\":\"O Medo N\u00e3o \u00c9 do Casamento. \u00c9 da Mentira\"}]},{\"@type\":\"WebSite\",\"@id\":\"https:\/\/www.notibras.com\/site\/#website\",\"url\":\"https:\/\/www.notibras.com\/site\/\",\"name\":\"Notibras\",\"description\":\"Not\u00edcias de Bras\u00edlia, do Brasil e do Mundo\",\"publisher\":{\"@id\":\"https:\/\/www.notibras.com\/site\/#organization\"},\"potentialAction\":[{\"@type\":\"SearchAction\",\"target\":{\"@type\":\"EntryPoint\",\"urlTemplate\":\"https:\/\/www.notibras.com\/site\/?s={search_term_string}\"},\"query-input\":{\"@type\":\"PropertyValueSpecification\",\"valueRequired\":true,\"valueName\":\"search_term_string\"}}],\"inLanguage\":\"pt-BR\"},{\"@type\":\"Organization\",\"@id\":\"https:\/\/www.notibras.com\/site\/#organization\",\"name\":\"Grupo Notibras de Comunica\u00e7\u00e3o\",\"url\":\"https:\/\/www.notibras.com\/site\/\",\"logo\":{\"@type\":\"ImageObject\",\"inLanguage\":\"pt-BR\",\"@id\":\"https:\/\/www.notibras.com\/site\/#\/schema\/logo\/image\/\",\"url\":\"https:\/\/www.notibras.com\/site\/wp-content\/uploads\/2023\/01\/notibras23.png\",\"contentUrl\":\"https:\/\/www.notibras.com\/site\/wp-content\/uploads\/2023\/01\/notibras23.png\",\"width\":350,\"height\":87,\"caption\":\"Grupo Notibras de Comunica\u00e7\u00e3o\"},\"image\":{\"@id\":\"https:\/\/www.notibras.com\/site\/#\/schema\/logo\/image\/\"},\"sameAs\":[\"https:\/\/www.facebook.com\/notibras\/\",\"https:\/\/x.com\/Notibras\",\"https:\/\/www.instagram.com\/notibras\/\"]},{\"@type\":\"Person\",\"@id\":\"https:\/\/www.notibras.com\/site\/#\/schema\/person\/5b7fabf2aedc3ada2105f03b22b4d3dd\",\"name\":\"Eduardo Mart\u00ednez\",\"image\":{\"@type\":\"ImageObject\",\"inLanguage\":\"pt-BR\",\"@id\":\"https:\/\/secure.gravatar.com\/avatar\/7902f906289926289cbcda644b5197c796b893c6ffd7b9a536a42d290f7704a0?s=96&d=mm&r=g\",\"url\":\"https:\/\/secure.gravatar.com\/avatar\/7902f906289926289cbcda644b5197c796b893c6ffd7b9a536a42d290f7704a0?s=96&d=mm&r=g\",\"contentUrl\":\"https:\/\/secure.gravatar.com\/avatar\/7902f906289926289cbcda644b5197c796b893c6ffd7b9a536a42d290f7704a0?s=96&d=mm&r=g\",\"caption\":\"Eduardo Mart\u00ednez\"}}]}<\/script>\n<!-- \/ Yoast SEO plugin. -->","yoast_head_json":{"title":"O Medo N\u00e3o \u00c9 do Casamento. \u00c9 da Mentira - Notibras","robots":{"index":"index","follow":"follow","max-snippet":"max-snippet:-1","max-image-preview":"max-image-preview:large","max-video-preview":"max-video-preview:-1"},"canonical":"https:\/\/www.notibras.com\/site\/o-medo-nao-e-do-casamento-e-da-mentira\/","og_locale":"pt_BR","og_type":"article","og_title":"O Medo N\u00e3o \u00c9 do Casamento. \u00c9 da Mentira - Notibras","og_description":"N\u00f3s dizemos que o casamento assusta, mas quase nunca nomeamos o que realmente causa esse temor. N\u00e3o \u00e9 o compromisso. N\u00e3o \u00e9 a conviv\u00eancia. N\u00e3o \u00e9 o \u201cpara sempre\u201d enquanto projeto. O que nos assusta \u00e9 a dissocia\u00e7\u00e3o entre discurso e pr\u00e1tica viver ao lado de algu\u00e9m que diz \u201ceu te amo\u201d \u00e0 noite e [&hellip;]","og_url":"https:\/\/www.notibras.com\/site\/o-medo-nao-e-do-casamento-e-da-mentira\/","og_site_name":"Notibras","article_publisher":"https:\/\/www.facebook.com\/notibras\/","article_published_time":"2026-01-05T05:15:22+00:00","og_image":[{"width":809,"height":1009,"url":"https:\/\/www.notibras.com\/site\/wp-content\/uploads\/2025\/12\/WhatsApp-Image-2025-12-25-at-12.39.56.jpeg","type":"image\/jpeg"}],"author":"Eduardo Mart\u00ednez","twitter_card":"summary_large_image","twitter_creator":"@Notibras","twitter_site":"@Notibras","twitter_misc":{"Escrito por":"Eduardo Mart\u00ednez","Est. tempo de leitura":"3 minutos"},"schema":{"@context":"https:\/\/schema.org","@graph":[{"@type":"Article","@id":"https:\/\/www.notibras.com\/site\/o-medo-nao-e-do-casamento-e-da-mentira\/#article","isPartOf":{"@id":"https:\/\/www.notibras.com\/site\/o-medo-nao-e-do-casamento-e-da-mentira\/"},"author":{"name":"Eduardo Mart\u00ednez","@id":"https:\/\/www.notibras.com\/site\/#\/schema\/person\/5b7fabf2aedc3ada2105f03b22b4d3dd"},"headline":"O Medo N\u00e3o \u00c9 do Casamento. \u00c9 da Mentira","datePublished":"2026-01-05T05:15:22+00:00","mainEntityOfPage":{"@id":"https:\/\/www.notibras.com\/site\/o-medo-nao-e-do-casamento-e-da-mentira\/"},"wordCount":498,"publisher":{"@id":"https:\/\/www.notibras.com\/site\/#organization"},"image":{"@id":"https:\/\/www.notibras.com\/site\/o-medo-nao-e-do-casamento-e-da-mentira\/#primaryimage"},"thumbnailUrl":"https:\/\/www.notibras.com\/site\/wp-content\/uploads\/2025\/12\/WhatsApp-Image-2025-12-25-at-12.39.56.jpeg","articleSection":["Ponto de Vista"],"inLanguage":"pt-BR"},{"@type":"WebPage","@id":"https:\/\/www.notibras.com\/site\/o-medo-nao-e-do-casamento-e-da-mentira\/","url":"https:\/\/www.notibras.com\/site\/o-medo-nao-e-do-casamento-e-da-mentira\/","name":"O Medo N\u00e3o \u00c9 do Casamento. \u00c9 da Mentira - Notibras","isPartOf":{"@id":"https:\/\/www.notibras.com\/site\/#website"},"primaryImageOfPage":{"@id":"https:\/\/www.notibras.com\/site\/o-medo-nao-e-do-casamento-e-da-mentira\/#primaryimage"},"image":{"@id":"https:\/\/www.notibras.com\/site\/o-medo-nao-e-do-casamento-e-da-mentira\/#primaryimage"},"thumbnailUrl":"https:\/\/www.notibras.com\/site\/wp-content\/uploads\/2025\/12\/WhatsApp-Image-2025-12-25-at-12.39.56.jpeg","datePublished":"2026-01-05T05:15:22+00:00","breadcrumb":{"@id":"https:\/\/www.notibras.com\/site\/o-medo-nao-e-do-casamento-e-da-mentira\/#breadcrumb"},"inLanguage":"pt-BR","potentialAction":[{"@type":"ReadAction","target":["https:\/\/www.notibras.com\/site\/o-medo-nao-e-do-casamento-e-da-mentira\/"]}]},{"@type":"ImageObject","inLanguage":"pt-BR","@id":"https:\/\/www.notibras.com\/site\/o-medo-nao-e-do-casamento-e-da-mentira\/#primaryimage","url":"https:\/\/www.notibras.com\/site\/wp-content\/uploads\/2025\/12\/WhatsApp-Image-2025-12-25-at-12.39.56.jpeg","contentUrl":"https:\/\/www.notibras.com\/site\/wp-content\/uploads\/2025\/12\/WhatsApp-Image-2025-12-25-at-12.39.56.jpeg","width":809,"height":1009},{"@type":"BreadcrumbList","@id":"https:\/\/www.notibras.com\/site\/o-medo-nao-e-do-casamento-e-da-mentira\/#breadcrumb","itemListElement":[{"@type":"ListItem","position":1,"name":"In\u00edcio","item":"https:\/\/www.notibras.com\/site\/"},{"@type":"ListItem","position":2,"name":"O Medo N\u00e3o \u00c9 do Casamento. \u00c9 da Mentira"}]},{"@type":"WebSite","@id":"https:\/\/www.notibras.com\/site\/#website","url":"https:\/\/www.notibras.com\/site\/","name":"Notibras","description":"Not\u00edcias de Bras\u00edlia, do Brasil e do Mundo","publisher":{"@id":"https:\/\/www.notibras.com\/site\/#organization"},"potentialAction":[{"@type":"SearchAction","target":{"@type":"EntryPoint","urlTemplate":"https:\/\/www.notibras.com\/site\/?s={search_term_string}"},"query-input":{"@type":"PropertyValueSpecification","valueRequired":true,"valueName":"search_term_string"}}],"inLanguage":"pt-BR"},{"@type":"Organization","@id":"https:\/\/www.notibras.com\/site\/#organization","name":"Grupo Notibras de Comunica\u00e7\u00e3o","url":"https:\/\/www.notibras.com\/site\/","logo":{"@type":"ImageObject","inLanguage":"pt-BR","@id":"https:\/\/www.notibras.com\/site\/#\/schema\/logo\/image\/","url":"https:\/\/www.notibras.com\/site\/wp-content\/uploads\/2023\/01\/notibras23.png","contentUrl":"https:\/\/www.notibras.com\/site\/wp-content\/uploads\/2023\/01\/notibras23.png","width":350,"height":87,"caption":"Grupo Notibras de Comunica\u00e7\u00e3o"},"image":{"@id":"https:\/\/www.notibras.com\/site\/#\/schema\/logo\/image\/"},"sameAs":["https:\/\/www.facebook.com\/notibras\/","https:\/\/x.com\/Notibras","https:\/\/www.instagram.com\/notibras\/"]},{"@type":"Person","@id":"https:\/\/www.notibras.com\/site\/#\/schema\/person\/5b7fabf2aedc3ada2105f03b22b4d3dd","name":"Eduardo Mart\u00ednez","image":{"@type":"ImageObject","inLanguage":"pt-BR","@id":"https:\/\/secure.gravatar.com\/avatar\/7902f906289926289cbcda644b5197c796b893c6ffd7b9a536a42d290f7704a0?s=96&d=mm&r=g","url":"https:\/\/secure.gravatar.com\/avatar\/7902f906289926289cbcda644b5197c796b893c6ffd7b9a536a42d290f7704a0?s=96&d=mm&r=g","contentUrl":"https:\/\/secure.gravatar.com\/avatar\/7902f906289926289cbcda644b5197c796b893c6ffd7b9a536a42d290f7704a0?s=96&d=mm&r=g","caption":"Eduardo Mart\u00ednez"}}]}},"amp_enabled":true,"_links":{"self":[{"href":"https:\/\/www.notibras.com\/site\/wp-json\/wp\/v2\/posts\/376301","targetHints":{"allow":["GET"]}}],"collection":[{"href":"https:\/\/www.notibras.com\/site\/wp-json\/wp\/v2\/posts"}],"about":[{"href":"https:\/\/www.notibras.com\/site\/wp-json\/wp\/v2\/types\/post"}],"author":[{"embeddable":true,"href":"https:\/\/www.notibras.com\/site\/wp-json\/wp\/v2\/users\/21"}],"replies":[{"embeddable":true,"href":"https:\/\/www.notibras.com\/site\/wp-json\/wp\/v2\/comments?post=376301"}],"version-history":[{"count":2,"href":"https:\/\/www.notibras.com\/site\/wp-json\/wp\/v2\/posts\/376301\/revisions"}],"predecessor-version":[{"id":376304,"href":"https:\/\/www.notibras.com\/site\/wp-json\/wp\/v2\/posts\/376301\/revisions\/376304"}],"wp:featuredmedia":[{"embeddable":true,"href":"https:\/\/www.notibras.com\/site\/wp-json\/wp\/v2\/media\/376302"}],"wp:attachment":[{"href":"https:\/\/www.notibras.com\/site\/wp-json\/wp\/v2\/media?parent=376301"}],"wp:term":[{"taxonomy":"category","embeddable":true,"href":"https:\/\/www.notibras.com\/site\/wp-json\/wp\/v2\/categories?post=376301"},{"taxonomy":"post_tag","embeddable":true,"href":"https:\/\/www.notibras.com\/site\/wp-json\/wp\/v2\/tags?post=376301"}],"curies":[{"name":"wp","href":"https:\/\/api.w.org\/{rel}","templated":true}]}}