{"id":376321,"date":"2026-01-07T02:15:00","date_gmt":"2026-01-07T05:15:00","guid":{"rendered":"https:\/\/www.notibras.com\/site\/?p=376321"},"modified":"2025-12-25T13:25:10","modified_gmt":"2025-12-25T16:25:10","slug":"a-delicadeza-como-escolha-politica","status":"publish","type":"post","link":"https:\/\/www.notibras.com\/site\/a-delicadeza-como-escolha-politica\/","title":{"rendered":"A Delicadeza Como Escolha Pol\u00edtica"},"content":{"rendered":"<p>N\u00f3s aprendemos cedo ou tarde demais que a forma como tratamos os outros nunca \u00e9 neutra. A simpatia, muitas vezes confundida com ingenuidade, nasce em n\u00f3s como decis\u00e3o consciente. N\u00e3o \u00e9 submiss\u00e3o, n\u00e3o \u00e9 fraqueza, n\u00e3o \u00e9 performance social. \u00c9 mem\u00f3ria. \u00c9 experi\u00eancia. \u00c9 cicatriz.<\/p>\n<p>N\u00f3s sabemos exatamente o que significa ser tratados como se n\u00e3o val\u00eassemos nada, mesmo sem termos cometido erro algum. Sabemos o peso do olhar que ignora, da palavra atravessada, do sil\u00eancio que humilha. Sabemos como \u00e9 existir num espa\u00e7o onde a dignidade \u00e9 retirada aos poucos, como se fosse um favor e n\u00e3o um direito. E \u00e9 justamente por sabermos disso que escolhemos n\u00e3o reproduzir.<\/p>\n<p>Ser simp\u00e1ticas com todos n\u00e3o \u00e9 fingimento, \u00e9 \u00e9tica. \u00c9 recusa em perpetuar a viol\u00eancia cotidiana que se disfar\u00e7a de grosseria \u201csincera\u201d, de franqueza agressiva, de superioridade moral. N\u00f3s entendemos que o mundo j\u00e1 \u00e9 duro demais para que sejamos mais uma camada de aspereza na vida de algu\u00e9m que talvez esteja sobrevivendo em sil\u00eancio.<\/p>\n<p>A simpatia, em n\u00f3s, n\u00e3o nasce da aus\u00eancia de dor, mas da conviv\u00eancia \u00edntima com ela. \u00c9 porque j\u00e1 fomos tratadas como lixo que escolhemos oferecer humanidade. \u00c9 porque conhecemos o fundo do po\u00e7o que n\u00e3o empurramos ningu\u00e9m para l\u00e1. Nossa gentileza n\u00e3o \u00e9 desinformada ela \u00e9 radicalmente consciente.<\/p>\n<p>E isso n\u00e3o significa aceitar abusos, silenciar injusti\u00e7as ou tolerar desrespeito. Pelo contr\u00e1rio. Significa que sabemos separar firmeza de crueldade, limite de viol\u00eancia, maturidade de frieza. N\u00f3s aprendemos que \u00e9 poss\u00edvel ser fortes sem sermos brutais, e inteiras sem nos tornarmos indiferentes.<\/p>\n<p>Num mundo que normaliza a desumaniza\u00e7\u00e3o, escolher tratar bem \u00e9 um ato pol\u00edtico. \u00c9 dizer, sem discurso inflamado, que ainda acreditamos em algum tipo de conviv\u00eancia poss\u00edvel. Que a dor n\u00e3o nos embruteceu. Que a experi\u00eancia n\u00e3o nos tornou c\u00ednicas. Que seguimos apesar de tudo.<\/p>\n<p>No fim, n\u00f3s continuamos simp\u00e1ticas n\u00e3o porque esquecemos o que nos fizeram, mas porque lembramos exatamente de como doeu.<\/p>\n<p>E escolhemos ser diferentes.<\/p>\n","protected":false},"excerpt":{"rendered":"<p>N\u00f3s aprendemos cedo ou tarde demais que a forma como tratamos os outros nunca \u00e9 neutra. A simpatia, muitas vezes confundida com ingenuidade, nasce em n\u00f3s como decis\u00e3o consciente. N\u00e3o \u00e9 submiss\u00e3o, n\u00e3o \u00e9 fraqueza, n\u00e3o \u00e9 performance social. \u00c9 mem\u00f3ria. \u00c9 experi\u00eancia. \u00c9 cicatriz. N\u00f3s sabemos exatamente o que significa ser tratados como se [&hellip;]<\/p>\n","protected":false},"author":21,"featured_media":376322,"comment_status":"closed","ping_status":"closed","sticky":false,"template":"","format":"standard","meta":{"_acf_changed":false,"footnotes":""},"categories":[236],"tags":[],"class_list":["post-376321","post","type-post","status-publish","format-standard","has-post-thumbnail","hentry","category-ponto-de-vista"],"acf":[],"yoast_head":"<!-- This site is optimized with the Yoast SEO plugin v27.2 - https:\/\/yoast.com\/product\/yoast-seo-wordpress\/ -->\n<title>A Delicadeza Como Escolha Pol\u00edtica - Notibras<\/title>\n<meta name=\"robots\" content=\"index, follow, max-snippet:-1, max-image-preview:large, max-video-preview:-1\" \/>\n<link rel=\"canonical\" href=\"https:\/\/www.notibras.com\/site\/a-delicadeza-como-escolha-politica\/\" \/>\n<meta property=\"og:locale\" content=\"pt_BR\" \/>\n<meta property=\"og:type\" content=\"article\" \/>\n<meta property=\"og:title\" content=\"A Delicadeza Como Escolha Pol\u00edtica - Notibras\" \/>\n<meta property=\"og:description\" content=\"N\u00f3s aprendemos cedo ou tarde demais que a forma como tratamos os outros nunca \u00e9 neutra. A simpatia, muitas vezes confundida com ingenuidade, nasce em n\u00f3s como decis\u00e3o consciente. N\u00e3o \u00e9 submiss\u00e3o, n\u00e3o \u00e9 fraqueza, n\u00e3o \u00e9 performance social. \u00c9 mem\u00f3ria. \u00c9 experi\u00eancia. \u00c9 cicatriz. N\u00f3s sabemos exatamente o que significa ser tratados como se [&hellip;]\" \/>\n<meta property=\"og:url\" content=\"https:\/\/www.notibras.com\/site\/a-delicadeza-como-escolha-politica\/\" \/>\n<meta property=\"og:site_name\" content=\"Notibras\" \/>\n<meta property=\"article:publisher\" content=\"https:\/\/www.facebook.com\/notibras\/\" \/>\n<meta property=\"article:published_time\" content=\"2026-01-07T05:15:00+00:00\" \/>\n<meta property=\"og:image\" content=\"https:\/\/www.notibras.com\/site\/wp-content\/uploads\/2025\/12\/WhatsApp-Image-2025-12-25-at-13.20.12.jpeg\" \/>\n\t<meta property=\"og:image:width\" content=\"809\" \/>\n\t<meta property=\"og:image:height\" content=\"1098\" \/>\n\t<meta property=\"og:image:type\" content=\"image\/jpeg\" \/>\n<meta name=\"author\" content=\"Eduardo Mart\u00ednez\" \/>\n<meta name=\"twitter:card\" content=\"summary_large_image\" \/>\n<meta name=\"twitter:creator\" content=\"@Notibras\" \/>\n<meta name=\"twitter:site\" content=\"@Notibras\" \/>\n<meta name=\"twitter:label1\" content=\"Escrito por\" \/>\n\t<meta name=\"twitter:data1\" content=\"Eduardo Mart\u00ednez\" \/>\n\t<meta name=\"twitter:label2\" content=\"Est. tempo de leitura\" \/>\n\t<meta name=\"twitter:data2\" content=\"3 minutos\" \/>\n<script type=\"application\/ld+json\" class=\"yoast-schema-graph\">{\"@context\":\"https:\/\/schema.org\",\"@graph\":[{\"@type\":\"Article\",\"@id\":\"https:\/\/www.notibras.com\/site\/a-delicadeza-como-escolha-politica\/#article\",\"isPartOf\":{\"@id\":\"https:\/\/www.notibras.com\/site\/a-delicadeza-como-escolha-politica\/\"},\"author\":{\"name\":\"Eduardo Mart\u00ednez\",\"@id\":\"https:\/\/www.notibras.com\/site\/#\/schema\/person\/5b7fabf2aedc3ada2105f03b22b4d3dd\"},\"headline\":\"A Delicadeza Como Escolha Pol\u00edtica\",\"datePublished\":\"2026-01-07T05:15:00+00:00\",\"mainEntityOfPage\":{\"@id\":\"https:\/\/www.notibras.com\/site\/a-delicadeza-como-escolha-politica\/\"},\"wordCount\":357,\"publisher\":{\"@id\":\"https:\/\/www.notibras.com\/site\/#organization\"},\"image\":{\"@id\":\"https:\/\/www.notibras.com\/site\/a-delicadeza-como-escolha-politica\/#primaryimage\"},\"thumbnailUrl\":\"https:\/\/www.notibras.com\/site\/wp-content\/uploads\/2025\/12\/WhatsApp-Image-2025-12-25-at-13.20.12.jpeg\",\"articleSection\":[\"Ponto de Vista\"],\"inLanguage\":\"pt-BR\"},{\"@type\":\"WebPage\",\"@id\":\"https:\/\/www.notibras.com\/site\/a-delicadeza-como-escolha-politica\/\",\"url\":\"https:\/\/www.notibras.com\/site\/a-delicadeza-como-escolha-politica\/\",\"name\":\"A Delicadeza Como Escolha Pol\u00edtica - Notibras\",\"isPartOf\":{\"@id\":\"https:\/\/www.notibras.com\/site\/#website\"},\"primaryImageOfPage\":{\"@id\":\"https:\/\/www.notibras.com\/site\/a-delicadeza-como-escolha-politica\/#primaryimage\"},\"image\":{\"@id\":\"https:\/\/www.notibras.com\/site\/a-delicadeza-como-escolha-politica\/#primaryimage\"},\"thumbnailUrl\":\"https:\/\/www.notibras.com\/site\/wp-content\/uploads\/2025\/12\/WhatsApp-Image-2025-12-25-at-13.20.12.jpeg\",\"datePublished\":\"2026-01-07T05:15:00+00:00\",\"breadcrumb\":{\"@id\":\"https:\/\/www.notibras.com\/site\/a-delicadeza-como-escolha-politica\/#breadcrumb\"},\"inLanguage\":\"pt-BR\",\"potentialAction\":[{\"@type\":\"ReadAction\",\"target\":[\"https:\/\/www.notibras.com\/site\/a-delicadeza-como-escolha-politica\/\"]}]},{\"@type\":\"ImageObject\",\"inLanguage\":\"pt-BR\",\"@id\":\"https:\/\/www.notibras.com\/site\/a-delicadeza-como-escolha-politica\/#primaryimage\",\"url\":\"https:\/\/www.notibras.com\/site\/wp-content\/uploads\/2025\/12\/WhatsApp-Image-2025-12-25-at-13.20.12.jpeg\",\"contentUrl\":\"https:\/\/www.notibras.com\/site\/wp-content\/uploads\/2025\/12\/WhatsApp-Image-2025-12-25-at-13.20.12.jpeg\",\"width\":809,\"height\":1098},{\"@type\":\"BreadcrumbList\",\"@id\":\"https:\/\/www.notibras.com\/site\/a-delicadeza-como-escolha-politica\/#breadcrumb\",\"itemListElement\":[{\"@type\":\"ListItem\",\"position\":1,\"name\":\"In\u00edcio\",\"item\":\"https:\/\/www.notibras.com\/site\/\"},{\"@type\":\"ListItem\",\"position\":2,\"name\":\"A Delicadeza Como Escolha Pol\u00edtica\"}]},{\"@type\":\"WebSite\",\"@id\":\"https:\/\/www.notibras.com\/site\/#website\",\"url\":\"https:\/\/www.notibras.com\/site\/\",\"name\":\"Notibras\",\"description\":\"Not\u00edcias de Bras\u00edlia, do Brasil e do Mundo\",\"publisher\":{\"@id\":\"https:\/\/www.notibras.com\/site\/#organization\"},\"potentialAction\":[{\"@type\":\"SearchAction\",\"target\":{\"@type\":\"EntryPoint\",\"urlTemplate\":\"https:\/\/www.notibras.com\/site\/?s={search_term_string}\"},\"query-input\":{\"@type\":\"PropertyValueSpecification\",\"valueRequired\":true,\"valueName\":\"search_term_string\"}}],\"inLanguage\":\"pt-BR\"},{\"@type\":\"Organization\",\"@id\":\"https:\/\/www.notibras.com\/site\/#organization\",\"name\":\"Grupo Notibras de Comunica\u00e7\u00e3o\",\"url\":\"https:\/\/www.notibras.com\/site\/\",\"logo\":{\"@type\":\"ImageObject\",\"inLanguage\":\"pt-BR\",\"@id\":\"https:\/\/www.notibras.com\/site\/#\/schema\/logo\/image\/\",\"url\":\"https:\/\/www.notibras.com\/site\/wp-content\/uploads\/2023\/01\/notibras23.png\",\"contentUrl\":\"https:\/\/www.notibras.com\/site\/wp-content\/uploads\/2023\/01\/notibras23.png\",\"width\":350,\"height\":87,\"caption\":\"Grupo Notibras de Comunica\u00e7\u00e3o\"},\"image\":{\"@id\":\"https:\/\/www.notibras.com\/site\/#\/schema\/logo\/image\/\"},\"sameAs\":[\"https:\/\/www.facebook.com\/notibras\/\",\"https:\/\/x.com\/Notibras\",\"https:\/\/www.instagram.com\/notibras\/\"]},{\"@type\":\"Person\",\"@id\":\"https:\/\/www.notibras.com\/site\/#\/schema\/person\/5b7fabf2aedc3ada2105f03b22b4d3dd\",\"name\":\"Eduardo Mart\u00ednez\",\"image\":{\"@type\":\"ImageObject\",\"inLanguage\":\"pt-BR\",\"@id\":\"https:\/\/secure.gravatar.com\/avatar\/7902f906289926289cbcda644b5197c796b893c6ffd7b9a536a42d290f7704a0?s=96&d=mm&r=g\",\"url\":\"https:\/\/secure.gravatar.com\/avatar\/7902f906289926289cbcda644b5197c796b893c6ffd7b9a536a42d290f7704a0?s=96&d=mm&r=g\",\"contentUrl\":\"https:\/\/secure.gravatar.com\/avatar\/7902f906289926289cbcda644b5197c796b893c6ffd7b9a536a42d290f7704a0?s=96&d=mm&r=g\",\"caption\":\"Eduardo Mart\u00ednez\"}}]}<\/script>\n<!-- \/ Yoast SEO plugin. -->","yoast_head_json":{"title":"A Delicadeza Como Escolha Pol\u00edtica - Notibras","robots":{"index":"index","follow":"follow","max-snippet":"max-snippet:-1","max-image-preview":"max-image-preview:large","max-video-preview":"max-video-preview:-1"},"canonical":"https:\/\/www.notibras.com\/site\/a-delicadeza-como-escolha-politica\/","og_locale":"pt_BR","og_type":"article","og_title":"A Delicadeza Como Escolha Pol\u00edtica - Notibras","og_description":"N\u00f3s aprendemos cedo ou tarde demais que a forma como tratamos os outros nunca \u00e9 neutra. A simpatia, muitas vezes confundida com ingenuidade, nasce em n\u00f3s como decis\u00e3o consciente. N\u00e3o \u00e9 submiss\u00e3o, n\u00e3o \u00e9 fraqueza, n\u00e3o \u00e9 performance social. \u00c9 mem\u00f3ria. \u00c9 experi\u00eancia. \u00c9 cicatriz. N\u00f3s sabemos exatamente o que significa ser tratados como se [&hellip;]","og_url":"https:\/\/www.notibras.com\/site\/a-delicadeza-como-escolha-politica\/","og_site_name":"Notibras","article_publisher":"https:\/\/www.facebook.com\/notibras\/","article_published_time":"2026-01-07T05:15:00+00:00","og_image":[{"width":809,"height":1098,"url":"https:\/\/www.notibras.com\/site\/wp-content\/uploads\/2025\/12\/WhatsApp-Image-2025-12-25-at-13.20.12.jpeg","type":"image\/jpeg"}],"author":"Eduardo Mart\u00ednez","twitter_card":"summary_large_image","twitter_creator":"@Notibras","twitter_site":"@Notibras","twitter_misc":{"Escrito por":"Eduardo Mart\u00ednez","Est. tempo de leitura":"3 minutos"},"schema":{"@context":"https:\/\/schema.org","@graph":[{"@type":"Article","@id":"https:\/\/www.notibras.com\/site\/a-delicadeza-como-escolha-politica\/#article","isPartOf":{"@id":"https:\/\/www.notibras.com\/site\/a-delicadeza-como-escolha-politica\/"},"author":{"name":"Eduardo Mart\u00ednez","@id":"https:\/\/www.notibras.com\/site\/#\/schema\/person\/5b7fabf2aedc3ada2105f03b22b4d3dd"},"headline":"A Delicadeza Como Escolha Pol\u00edtica","datePublished":"2026-01-07T05:15:00+00:00","mainEntityOfPage":{"@id":"https:\/\/www.notibras.com\/site\/a-delicadeza-como-escolha-politica\/"},"wordCount":357,"publisher":{"@id":"https:\/\/www.notibras.com\/site\/#organization"},"image":{"@id":"https:\/\/www.notibras.com\/site\/a-delicadeza-como-escolha-politica\/#primaryimage"},"thumbnailUrl":"https:\/\/www.notibras.com\/site\/wp-content\/uploads\/2025\/12\/WhatsApp-Image-2025-12-25-at-13.20.12.jpeg","articleSection":["Ponto de Vista"],"inLanguage":"pt-BR"},{"@type":"WebPage","@id":"https:\/\/www.notibras.com\/site\/a-delicadeza-como-escolha-politica\/","url":"https:\/\/www.notibras.com\/site\/a-delicadeza-como-escolha-politica\/","name":"A Delicadeza Como Escolha Pol\u00edtica - Notibras","isPartOf":{"@id":"https:\/\/www.notibras.com\/site\/#website"},"primaryImageOfPage":{"@id":"https:\/\/www.notibras.com\/site\/a-delicadeza-como-escolha-politica\/#primaryimage"},"image":{"@id":"https:\/\/www.notibras.com\/site\/a-delicadeza-como-escolha-politica\/#primaryimage"},"thumbnailUrl":"https:\/\/www.notibras.com\/site\/wp-content\/uploads\/2025\/12\/WhatsApp-Image-2025-12-25-at-13.20.12.jpeg","datePublished":"2026-01-07T05:15:00+00:00","breadcrumb":{"@id":"https:\/\/www.notibras.com\/site\/a-delicadeza-como-escolha-politica\/#breadcrumb"},"inLanguage":"pt-BR","potentialAction":[{"@type":"ReadAction","target":["https:\/\/www.notibras.com\/site\/a-delicadeza-como-escolha-politica\/"]}]},{"@type":"ImageObject","inLanguage":"pt-BR","@id":"https:\/\/www.notibras.com\/site\/a-delicadeza-como-escolha-politica\/#primaryimage","url":"https:\/\/www.notibras.com\/site\/wp-content\/uploads\/2025\/12\/WhatsApp-Image-2025-12-25-at-13.20.12.jpeg","contentUrl":"https:\/\/www.notibras.com\/site\/wp-content\/uploads\/2025\/12\/WhatsApp-Image-2025-12-25-at-13.20.12.jpeg","width":809,"height":1098},{"@type":"BreadcrumbList","@id":"https:\/\/www.notibras.com\/site\/a-delicadeza-como-escolha-politica\/#breadcrumb","itemListElement":[{"@type":"ListItem","position":1,"name":"In\u00edcio","item":"https:\/\/www.notibras.com\/site\/"},{"@type":"ListItem","position":2,"name":"A Delicadeza Como Escolha Pol\u00edtica"}]},{"@type":"WebSite","@id":"https:\/\/www.notibras.com\/site\/#website","url":"https:\/\/www.notibras.com\/site\/","name":"Notibras","description":"Not\u00edcias de Bras\u00edlia, do Brasil e do Mundo","publisher":{"@id":"https:\/\/www.notibras.com\/site\/#organization"},"potentialAction":[{"@type":"SearchAction","target":{"@type":"EntryPoint","urlTemplate":"https:\/\/www.notibras.com\/site\/?s={search_term_string}"},"query-input":{"@type":"PropertyValueSpecification","valueRequired":true,"valueName":"search_term_string"}}],"inLanguage":"pt-BR"},{"@type":"Organization","@id":"https:\/\/www.notibras.com\/site\/#organization","name":"Grupo Notibras de Comunica\u00e7\u00e3o","url":"https:\/\/www.notibras.com\/site\/","logo":{"@type":"ImageObject","inLanguage":"pt-BR","@id":"https:\/\/www.notibras.com\/site\/#\/schema\/logo\/image\/","url":"https:\/\/www.notibras.com\/site\/wp-content\/uploads\/2023\/01\/notibras23.png","contentUrl":"https:\/\/www.notibras.com\/site\/wp-content\/uploads\/2023\/01\/notibras23.png","width":350,"height":87,"caption":"Grupo Notibras de Comunica\u00e7\u00e3o"},"image":{"@id":"https:\/\/www.notibras.com\/site\/#\/schema\/logo\/image\/"},"sameAs":["https:\/\/www.facebook.com\/notibras\/","https:\/\/x.com\/Notibras","https:\/\/www.instagram.com\/notibras\/"]},{"@type":"Person","@id":"https:\/\/www.notibras.com\/site\/#\/schema\/person\/5b7fabf2aedc3ada2105f03b22b4d3dd","name":"Eduardo Mart\u00ednez","image":{"@type":"ImageObject","inLanguage":"pt-BR","@id":"https:\/\/secure.gravatar.com\/avatar\/7902f906289926289cbcda644b5197c796b893c6ffd7b9a536a42d290f7704a0?s=96&d=mm&r=g","url":"https:\/\/secure.gravatar.com\/avatar\/7902f906289926289cbcda644b5197c796b893c6ffd7b9a536a42d290f7704a0?s=96&d=mm&r=g","contentUrl":"https:\/\/secure.gravatar.com\/avatar\/7902f906289926289cbcda644b5197c796b893c6ffd7b9a536a42d290f7704a0?s=96&d=mm&r=g","caption":"Eduardo Mart\u00ednez"}}]}},"amp_enabled":true,"_links":{"self":[{"href":"https:\/\/www.notibras.com\/site\/wp-json\/wp\/v2\/posts\/376321","targetHints":{"allow":["GET"]}}],"collection":[{"href":"https:\/\/www.notibras.com\/site\/wp-json\/wp\/v2\/posts"}],"about":[{"href":"https:\/\/www.notibras.com\/site\/wp-json\/wp\/v2\/types\/post"}],"author":[{"embeddable":true,"href":"https:\/\/www.notibras.com\/site\/wp-json\/wp\/v2\/users\/21"}],"replies":[{"embeddable":true,"href":"https:\/\/www.notibras.com\/site\/wp-json\/wp\/v2\/comments?post=376321"}],"version-history":[{"count":2,"href":"https:\/\/www.notibras.com\/site\/wp-json\/wp\/v2\/posts\/376321\/revisions"}],"predecessor-version":[{"id":376324,"href":"https:\/\/www.notibras.com\/site\/wp-json\/wp\/v2\/posts\/376321\/revisions\/376324"}],"wp:featuredmedia":[{"embeddable":true,"href":"https:\/\/www.notibras.com\/site\/wp-json\/wp\/v2\/media\/376322"}],"wp:attachment":[{"href":"https:\/\/www.notibras.com\/site\/wp-json\/wp\/v2\/media?parent=376321"}],"wp:term":[{"taxonomy":"category","embeddable":true,"href":"https:\/\/www.notibras.com\/site\/wp-json\/wp\/v2\/categories?post=376321"},{"taxonomy":"post_tag","embeddable":true,"href":"https:\/\/www.notibras.com\/site\/wp-json\/wp\/v2\/tags?post=376321"}],"curies":[{"name":"wp","href":"https:\/\/api.w.org\/{rel}","templated":true}]}}