{"id":376325,"date":"2026-01-08T02:00:26","date_gmt":"2026-01-08T05:00:26","guid":{"rendered":"https:\/\/www.notibras.com\/site\/?p=376325"},"modified":"2025-12-25T13:31:02","modified_gmt":"2025-12-25T16:31:02","slug":"sobre-quem-fica-e-quem-desiste","status":"publish","type":"post","link":"https:\/\/www.notibras.com\/site\/sobre-quem-fica-e-quem-desiste\/","title":{"rendered":"Sobre Quem Fica e Quem Desiste"},"content":{"rendered":"<p>N\u00f3s aprendemos, com o tempo, que nem toda despedida \u00e9 uma perda algumas s\u00e3o um livramento que s\u00f3 entendemos depois. H\u00e1 pessoas que desistem da gente antes mesmo de tentar ficar de verdade, e n\u00f3s, por orgulho ou esperan\u00e7a, chamamos isso de fase, de confus\u00e3o, de medo. No fundo, j\u00e1 sab\u00edamos. Mas saber n\u00e3o \u00e9 o mesmo que aceitar.<\/p>\n<p>N\u00f3s insistimos n\u00e3o porque \u00e9ramos ing\u00eanuas, mas porque desej\u00e1vamos profundamente que fosse aquela pessoa. \u00c0s vezes, a insist\u00eancia n\u00e3o nasce da cegueira, nasce do afeto. Insistimos porque projetamos futuros, porque acreditamos na pot\u00eancia do encontro, porque quer\u00edamos que o amor fosse suficiente para ensinar algu\u00e9m a permanecer. S\u00f3 que n\u00e3o \u00e9 assim que funciona.<\/p>\n<p>A verdade dif\u00edcil de admitir \u00e9 que n\u00f3s n\u00e3o est\u00e1vamos erradas por querer. Est\u00e1vamos apenas tentando salvar algo que nunca foi nosso para salvar. H\u00e1 pessoas que n\u00e3o ficam n\u00e3o por falta de amor nosso, mas por incapacidade delas. E isso n\u00e3o nos diminui. Nos ensina.<\/p>\n<p>Agradecer a desist\u00eancia n\u00e3o \u00e9 romantizar o abandono. \u00c9 reconhecer que, se aquela pessoa tivesse ficado, talvez tivesse nos abandonado. Ter\u00edamos negociado limites, diminu\u00eddo sonhos, silenciado intui\u00e7\u00f5es. \u00c0s vezes, a maior viol\u00eancia n\u00e3o \u00e9 ir embora, \u00e9 ficar pela metade.<\/p>\n<p>N\u00f3s n\u00e3o sab\u00edamos, naquele momento, que aquela pessoa n\u00e3o iria permanecer. Ou talvez soub\u00e9ssemos, mas preferimos duvidar da pr\u00f3pria percep\u00e7\u00e3o. Insistimos porque quer\u00edamos muito que fosse diferente. Quer\u00edamos que fosse ela. Quer\u00edamos que o amor resolvesse o que o car\u00e1ter n\u00e3o sustentava.<\/p>\n<p>Com o tempo, entendemos: quem fica, fica. Quem quer, constr\u00f3i. Quem ama, permanece mesmo quando \u00e9 dif\u00edcil. E quem vai embora nos entrega, sem saber, a chance de reconstruir a pr\u00f3pria vida sem precisar pedir permiss\u00e3o.<\/p>\n<p>Hoje, quando olhamos para tr\u00e1s, n\u00e3o sentimos vergonha de ter insistido. Sentimos al\u00edvio por n\u00e3o termos sido n\u00f3s a desistir de n\u00f3s mesmas.<\/p>\n<p>E talvez essa seja a maior vit\u00f3ria: n\u00f3s quer\u00edamos muito que fosse algu\u00e9m, mas aprendemos que precisava ser a gente.<\/p>\n","protected":false},"excerpt":{"rendered":"<p>N\u00f3s aprendemos, com o tempo, que nem toda despedida \u00e9 uma perda algumas s\u00e3o um livramento que s\u00f3 entendemos depois. H\u00e1 pessoas que desistem da gente antes mesmo de tentar ficar de verdade, e n\u00f3s, por orgulho ou esperan\u00e7a, chamamos isso de fase, de confus\u00e3o, de medo. No fundo, j\u00e1 sab\u00edamos. Mas saber n\u00e3o \u00e9 [&hellip;]<\/p>\n","protected":false},"author":21,"featured_media":376326,"comment_status":"closed","ping_status":"closed","sticky":false,"template":"","format":"standard","meta":{"_acf_changed":false,"footnotes":""},"categories":[236],"tags":[],"class_list":["post-376325","post","type-post","status-publish","format-standard","has-post-thumbnail","hentry","category-ponto-de-vista"],"acf":[],"yoast_head":"<!-- This site is optimized with the Yoast SEO plugin v27.2 - https:\/\/yoast.com\/product\/yoast-seo-wordpress\/ -->\n<title>Sobre Quem Fica e Quem Desiste - Notibras<\/title>\n<meta name=\"robots\" content=\"index, follow, max-snippet:-1, max-image-preview:large, max-video-preview:-1\" \/>\n<link rel=\"canonical\" href=\"https:\/\/www.notibras.com\/site\/sobre-quem-fica-e-quem-desiste\/\" \/>\n<meta property=\"og:locale\" content=\"pt_BR\" \/>\n<meta property=\"og:type\" content=\"article\" \/>\n<meta property=\"og:title\" content=\"Sobre Quem Fica e Quem Desiste - Notibras\" \/>\n<meta property=\"og:description\" content=\"N\u00f3s aprendemos, com o tempo, que nem toda despedida \u00e9 uma perda algumas s\u00e3o um livramento que s\u00f3 entendemos depois. H\u00e1 pessoas que desistem da gente antes mesmo de tentar ficar de verdade, e n\u00f3s, por orgulho ou esperan\u00e7a, chamamos isso de fase, de confus\u00e3o, de medo. No fundo, j\u00e1 sab\u00edamos. Mas saber n\u00e3o \u00e9 [&hellip;]\" \/>\n<meta property=\"og:url\" content=\"https:\/\/www.notibras.com\/site\/sobre-quem-fica-e-quem-desiste\/\" \/>\n<meta property=\"og:site_name\" content=\"Notibras\" \/>\n<meta property=\"article:publisher\" content=\"https:\/\/www.facebook.com\/notibras\/\" \/>\n<meta property=\"article:published_time\" content=\"2026-01-08T05:00:26+00:00\" \/>\n<meta property=\"og:image\" content=\"https:\/\/www.notibras.com\/site\/wp-content\/uploads\/2025\/12\/WhatsApp-Image-2025-12-25-at-13.29.55.jpeg\" \/>\n\t<meta property=\"og:image:width\" content=\"809\" \/>\n\t<meta property=\"og:image:height\" content=\"1250\" \/>\n\t<meta property=\"og:image:type\" content=\"image\/jpeg\" \/>\n<meta name=\"author\" content=\"Eduardo Mart\u00ednez\" \/>\n<meta name=\"twitter:card\" content=\"summary_large_image\" \/>\n<meta name=\"twitter:creator\" content=\"@Notibras\" \/>\n<meta name=\"twitter:site\" content=\"@Notibras\" \/>\n<meta name=\"twitter:label1\" content=\"Escrito por\" \/>\n\t<meta name=\"twitter:data1\" content=\"Eduardo Mart\u00ednez\" \/>\n\t<meta name=\"twitter:label2\" content=\"Est. tempo de leitura\" \/>\n\t<meta name=\"twitter:data2\" content=\"3 minutos\" \/>\n<script type=\"application\/ld+json\" class=\"yoast-schema-graph\">{\"@context\":\"https:\/\/schema.org\",\"@graph\":[{\"@type\":\"Article\",\"@id\":\"https:\/\/www.notibras.com\/site\/sobre-quem-fica-e-quem-desiste\/#article\",\"isPartOf\":{\"@id\":\"https:\/\/www.notibras.com\/site\/sobre-quem-fica-e-quem-desiste\/\"},\"author\":{\"name\":\"Eduardo Mart\u00ednez\",\"@id\":\"https:\/\/www.notibras.com\/site\/#\/schema\/person\/5b7fabf2aedc3ada2105f03b22b4d3dd\"},\"headline\":\"Sobre Quem Fica e Quem Desiste\",\"datePublished\":\"2026-01-08T05:00:26+00:00\",\"mainEntityOfPage\":{\"@id\":\"https:\/\/www.notibras.com\/site\/sobre-quem-fica-e-quem-desiste\/\"},\"wordCount\":375,\"publisher\":{\"@id\":\"https:\/\/www.notibras.com\/site\/#organization\"},\"image\":{\"@id\":\"https:\/\/www.notibras.com\/site\/sobre-quem-fica-e-quem-desiste\/#primaryimage\"},\"thumbnailUrl\":\"https:\/\/www.notibras.com\/site\/wp-content\/uploads\/2025\/12\/WhatsApp-Image-2025-12-25-at-13.29.55.jpeg\",\"articleSection\":[\"Ponto de Vista\"],\"inLanguage\":\"pt-BR\"},{\"@type\":\"WebPage\",\"@id\":\"https:\/\/www.notibras.com\/site\/sobre-quem-fica-e-quem-desiste\/\",\"url\":\"https:\/\/www.notibras.com\/site\/sobre-quem-fica-e-quem-desiste\/\",\"name\":\"Sobre Quem Fica e Quem Desiste - Notibras\",\"isPartOf\":{\"@id\":\"https:\/\/www.notibras.com\/site\/#website\"},\"primaryImageOfPage\":{\"@id\":\"https:\/\/www.notibras.com\/site\/sobre-quem-fica-e-quem-desiste\/#primaryimage\"},\"image\":{\"@id\":\"https:\/\/www.notibras.com\/site\/sobre-quem-fica-e-quem-desiste\/#primaryimage\"},\"thumbnailUrl\":\"https:\/\/www.notibras.com\/site\/wp-content\/uploads\/2025\/12\/WhatsApp-Image-2025-12-25-at-13.29.55.jpeg\",\"datePublished\":\"2026-01-08T05:00:26+00:00\",\"breadcrumb\":{\"@id\":\"https:\/\/www.notibras.com\/site\/sobre-quem-fica-e-quem-desiste\/#breadcrumb\"},\"inLanguage\":\"pt-BR\",\"potentialAction\":[{\"@type\":\"ReadAction\",\"target\":[\"https:\/\/www.notibras.com\/site\/sobre-quem-fica-e-quem-desiste\/\"]}]},{\"@type\":\"ImageObject\",\"inLanguage\":\"pt-BR\",\"@id\":\"https:\/\/www.notibras.com\/site\/sobre-quem-fica-e-quem-desiste\/#primaryimage\",\"url\":\"https:\/\/www.notibras.com\/site\/wp-content\/uploads\/2025\/12\/WhatsApp-Image-2025-12-25-at-13.29.55.jpeg\",\"contentUrl\":\"https:\/\/www.notibras.com\/site\/wp-content\/uploads\/2025\/12\/WhatsApp-Image-2025-12-25-at-13.29.55.jpeg\",\"width\":809,\"height\":1250},{\"@type\":\"BreadcrumbList\",\"@id\":\"https:\/\/www.notibras.com\/site\/sobre-quem-fica-e-quem-desiste\/#breadcrumb\",\"itemListElement\":[{\"@type\":\"ListItem\",\"position\":1,\"name\":\"In\u00edcio\",\"item\":\"https:\/\/www.notibras.com\/site\/\"},{\"@type\":\"ListItem\",\"position\":2,\"name\":\"Sobre Quem Fica e Quem Desiste\"}]},{\"@type\":\"WebSite\",\"@id\":\"https:\/\/www.notibras.com\/site\/#website\",\"url\":\"https:\/\/www.notibras.com\/site\/\",\"name\":\"Notibras\",\"description\":\"Not\u00edcias de Bras\u00edlia, do Brasil e do Mundo\",\"publisher\":{\"@id\":\"https:\/\/www.notibras.com\/site\/#organization\"},\"potentialAction\":[{\"@type\":\"SearchAction\",\"target\":{\"@type\":\"EntryPoint\",\"urlTemplate\":\"https:\/\/www.notibras.com\/site\/?s={search_term_string}\"},\"query-input\":{\"@type\":\"PropertyValueSpecification\",\"valueRequired\":true,\"valueName\":\"search_term_string\"}}],\"inLanguage\":\"pt-BR\"},{\"@type\":\"Organization\",\"@id\":\"https:\/\/www.notibras.com\/site\/#organization\",\"name\":\"Grupo Notibras de Comunica\u00e7\u00e3o\",\"url\":\"https:\/\/www.notibras.com\/site\/\",\"logo\":{\"@type\":\"ImageObject\",\"inLanguage\":\"pt-BR\",\"@id\":\"https:\/\/www.notibras.com\/site\/#\/schema\/logo\/image\/\",\"url\":\"https:\/\/www.notibras.com\/site\/wp-content\/uploads\/2023\/01\/notibras23.png\",\"contentUrl\":\"https:\/\/www.notibras.com\/site\/wp-content\/uploads\/2023\/01\/notibras23.png\",\"width\":350,\"height\":87,\"caption\":\"Grupo Notibras de Comunica\u00e7\u00e3o\"},\"image\":{\"@id\":\"https:\/\/www.notibras.com\/site\/#\/schema\/logo\/image\/\"},\"sameAs\":[\"https:\/\/www.facebook.com\/notibras\/\",\"https:\/\/x.com\/Notibras\",\"https:\/\/www.instagram.com\/notibras\/\"]},{\"@type\":\"Person\",\"@id\":\"https:\/\/www.notibras.com\/site\/#\/schema\/person\/5b7fabf2aedc3ada2105f03b22b4d3dd\",\"name\":\"Eduardo Mart\u00ednez\",\"image\":{\"@type\":\"ImageObject\",\"inLanguage\":\"pt-BR\",\"@id\":\"https:\/\/secure.gravatar.com\/avatar\/7902f906289926289cbcda644b5197c796b893c6ffd7b9a536a42d290f7704a0?s=96&d=mm&r=g\",\"url\":\"https:\/\/secure.gravatar.com\/avatar\/7902f906289926289cbcda644b5197c796b893c6ffd7b9a536a42d290f7704a0?s=96&d=mm&r=g\",\"contentUrl\":\"https:\/\/secure.gravatar.com\/avatar\/7902f906289926289cbcda644b5197c796b893c6ffd7b9a536a42d290f7704a0?s=96&d=mm&r=g\",\"caption\":\"Eduardo Mart\u00ednez\"}}]}<\/script>\n<!-- \/ Yoast SEO plugin. -->","yoast_head_json":{"title":"Sobre Quem Fica e Quem Desiste - Notibras","robots":{"index":"index","follow":"follow","max-snippet":"max-snippet:-1","max-image-preview":"max-image-preview:large","max-video-preview":"max-video-preview:-1"},"canonical":"https:\/\/www.notibras.com\/site\/sobre-quem-fica-e-quem-desiste\/","og_locale":"pt_BR","og_type":"article","og_title":"Sobre Quem Fica e Quem Desiste - Notibras","og_description":"N\u00f3s aprendemos, com o tempo, que nem toda despedida \u00e9 uma perda algumas s\u00e3o um livramento que s\u00f3 entendemos depois. H\u00e1 pessoas que desistem da gente antes mesmo de tentar ficar de verdade, e n\u00f3s, por orgulho ou esperan\u00e7a, chamamos isso de fase, de confus\u00e3o, de medo. No fundo, j\u00e1 sab\u00edamos. Mas saber n\u00e3o \u00e9 [&hellip;]","og_url":"https:\/\/www.notibras.com\/site\/sobre-quem-fica-e-quem-desiste\/","og_site_name":"Notibras","article_publisher":"https:\/\/www.facebook.com\/notibras\/","article_published_time":"2026-01-08T05:00:26+00:00","og_image":[{"width":809,"height":1250,"url":"https:\/\/www.notibras.com\/site\/wp-content\/uploads\/2025\/12\/WhatsApp-Image-2025-12-25-at-13.29.55.jpeg","type":"image\/jpeg"}],"author":"Eduardo Mart\u00ednez","twitter_card":"summary_large_image","twitter_creator":"@Notibras","twitter_site":"@Notibras","twitter_misc":{"Escrito por":"Eduardo Mart\u00ednez","Est. tempo de leitura":"3 minutos"},"schema":{"@context":"https:\/\/schema.org","@graph":[{"@type":"Article","@id":"https:\/\/www.notibras.com\/site\/sobre-quem-fica-e-quem-desiste\/#article","isPartOf":{"@id":"https:\/\/www.notibras.com\/site\/sobre-quem-fica-e-quem-desiste\/"},"author":{"name":"Eduardo Mart\u00ednez","@id":"https:\/\/www.notibras.com\/site\/#\/schema\/person\/5b7fabf2aedc3ada2105f03b22b4d3dd"},"headline":"Sobre Quem Fica e Quem Desiste","datePublished":"2026-01-08T05:00:26+00:00","mainEntityOfPage":{"@id":"https:\/\/www.notibras.com\/site\/sobre-quem-fica-e-quem-desiste\/"},"wordCount":375,"publisher":{"@id":"https:\/\/www.notibras.com\/site\/#organization"},"image":{"@id":"https:\/\/www.notibras.com\/site\/sobre-quem-fica-e-quem-desiste\/#primaryimage"},"thumbnailUrl":"https:\/\/www.notibras.com\/site\/wp-content\/uploads\/2025\/12\/WhatsApp-Image-2025-12-25-at-13.29.55.jpeg","articleSection":["Ponto de Vista"],"inLanguage":"pt-BR"},{"@type":"WebPage","@id":"https:\/\/www.notibras.com\/site\/sobre-quem-fica-e-quem-desiste\/","url":"https:\/\/www.notibras.com\/site\/sobre-quem-fica-e-quem-desiste\/","name":"Sobre Quem Fica e Quem Desiste - Notibras","isPartOf":{"@id":"https:\/\/www.notibras.com\/site\/#website"},"primaryImageOfPage":{"@id":"https:\/\/www.notibras.com\/site\/sobre-quem-fica-e-quem-desiste\/#primaryimage"},"image":{"@id":"https:\/\/www.notibras.com\/site\/sobre-quem-fica-e-quem-desiste\/#primaryimage"},"thumbnailUrl":"https:\/\/www.notibras.com\/site\/wp-content\/uploads\/2025\/12\/WhatsApp-Image-2025-12-25-at-13.29.55.jpeg","datePublished":"2026-01-08T05:00:26+00:00","breadcrumb":{"@id":"https:\/\/www.notibras.com\/site\/sobre-quem-fica-e-quem-desiste\/#breadcrumb"},"inLanguage":"pt-BR","potentialAction":[{"@type":"ReadAction","target":["https:\/\/www.notibras.com\/site\/sobre-quem-fica-e-quem-desiste\/"]}]},{"@type":"ImageObject","inLanguage":"pt-BR","@id":"https:\/\/www.notibras.com\/site\/sobre-quem-fica-e-quem-desiste\/#primaryimage","url":"https:\/\/www.notibras.com\/site\/wp-content\/uploads\/2025\/12\/WhatsApp-Image-2025-12-25-at-13.29.55.jpeg","contentUrl":"https:\/\/www.notibras.com\/site\/wp-content\/uploads\/2025\/12\/WhatsApp-Image-2025-12-25-at-13.29.55.jpeg","width":809,"height":1250},{"@type":"BreadcrumbList","@id":"https:\/\/www.notibras.com\/site\/sobre-quem-fica-e-quem-desiste\/#breadcrumb","itemListElement":[{"@type":"ListItem","position":1,"name":"In\u00edcio","item":"https:\/\/www.notibras.com\/site\/"},{"@type":"ListItem","position":2,"name":"Sobre Quem Fica e Quem Desiste"}]},{"@type":"WebSite","@id":"https:\/\/www.notibras.com\/site\/#website","url":"https:\/\/www.notibras.com\/site\/","name":"Notibras","description":"Not\u00edcias de Bras\u00edlia, do Brasil e do Mundo","publisher":{"@id":"https:\/\/www.notibras.com\/site\/#organization"},"potentialAction":[{"@type":"SearchAction","target":{"@type":"EntryPoint","urlTemplate":"https:\/\/www.notibras.com\/site\/?s={search_term_string}"},"query-input":{"@type":"PropertyValueSpecification","valueRequired":true,"valueName":"search_term_string"}}],"inLanguage":"pt-BR"},{"@type":"Organization","@id":"https:\/\/www.notibras.com\/site\/#organization","name":"Grupo Notibras de Comunica\u00e7\u00e3o","url":"https:\/\/www.notibras.com\/site\/","logo":{"@type":"ImageObject","inLanguage":"pt-BR","@id":"https:\/\/www.notibras.com\/site\/#\/schema\/logo\/image\/","url":"https:\/\/www.notibras.com\/site\/wp-content\/uploads\/2023\/01\/notibras23.png","contentUrl":"https:\/\/www.notibras.com\/site\/wp-content\/uploads\/2023\/01\/notibras23.png","width":350,"height":87,"caption":"Grupo Notibras de Comunica\u00e7\u00e3o"},"image":{"@id":"https:\/\/www.notibras.com\/site\/#\/schema\/logo\/image\/"},"sameAs":["https:\/\/www.facebook.com\/notibras\/","https:\/\/x.com\/Notibras","https:\/\/www.instagram.com\/notibras\/"]},{"@type":"Person","@id":"https:\/\/www.notibras.com\/site\/#\/schema\/person\/5b7fabf2aedc3ada2105f03b22b4d3dd","name":"Eduardo Mart\u00ednez","image":{"@type":"ImageObject","inLanguage":"pt-BR","@id":"https:\/\/secure.gravatar.com\/avatar\/7902f906289926289cbcda644b5197c796b893c6ffd7b9a536a42d290f7704a0?s=96&d=mm&r=g","url":"https:\/\/secure.gravatar.com\/avatar\/7902f906289926289cbcda644b5197c796b893c6ffd7b9a536a42d290f7704a0?s=96&d=mm&r=g","contentUrl":"https:\/\/secure.gravatar.com\/avatar\/7902f906289926289cbcda644b5197c796b893c6ffd7b9a536a42d290f7704a0?s=96&d=mm&r=g","caption":"Eduardo Mart\u00ednez"}}]}},"amp_enabled":true,"_links":{"self":[{"href":"https:\/\/www.notibras.com\/site\/wp-json\/wp\/v2\/posts\/376325","targetHints":{"allow":["GET"]}}],"collection":[{"href":"https:\/\/www.notibras.com\/site\/wp-json\/wp\/v2\/posts"}],"about":[{"href":"https:\/\/www.notibras.com\/site\/wp-json\/wp\/v2\/types\/post"}],"author":[{"embeddable":true,"href":"https:\/\/www.notibras.com\/site\/wp-json\/wp\/v2\/users\/21"}],"replies":[{"embeddable":true,"href":"https:\/\/www.notibras.com\/site\/wp-json\/wp\/v2\/comments?post=376325"}],"version-history":[{"count":1,"href":"https:\/\/www.notibras.com\/site\/wp-json\/wp\/v2\/posts\/376325\/revisions"}],"predecessor-version":[{"id":376327,"href":"https:\/\/www.notibras.com\/site\/wp-json\/wp\/v2\/posts\/376325\/revisions\/376327"}],"wp:featuredmedia":[{"embeddable":true,"href":"https:\/\/www.notibras.com\/site\/wp-json\/wp\/v2\/media\/376326"}],"wp:attachment":[{"href":"https:\/\/www.notibras.com\/site\/wp-json\/wp\/v2\/media?parent=376325"}],"wp:term":[{"taxonomy":"category","embeddable":true,"href":"https:\/\/www.notibras.com\/site\/wp-json\/wp\/v2\/categories?post=376325"},{"taxonomy":"post_tag","embeddable":true,"href":"https:\/\/www.notibras.com\/site\/wp-json\/wp\/v2\/tags?post=376325"}],"curies":[{"name":"wp","href":"https:\/\/api.w.org\/{rel}","templated":true}]}}