{"id":376343,"date":"2025-12-26T02:15:22","date_gmt":"2025-12-26T05:15:22","guid":{"rendered":"https:\/\/www.notibras.com\/site\/?p=376343"},"modified":"2025-12-26T03:44:07","modified_gmt":"2025-12-26T06:44:07","slug":"lado-obscuro-da-grande-imprensa-nao-tem-limites","status":"publish","type":"post","link":"https:\/\/www.notibras.com\/site\/lado-obscuro-da-grande-imprensa-nao-tem-limites\/","title":{"rendered":"Lado obscuro da grande imprensa n\u00e3o tem limites"},"content":{"rendered":"<p>Neste Natal, confesso que fui pega de surpresa. Pleno 25 de dezembro, trabalhadores finalmente em casa, desfrutando da companhia da fam\u00edlia, mesa farta como h\u00e1 muito tempo eu n\u00e3o via e n\u00e3o por acaso. Depois de anos de aperto, os resultados positivos da economia come\u00e7aram a aparecer de forma concreta: desemprego em queda, infla\u00e7\u00e3o sob controle, crescimento do PIB acima do esperado e, principalmente, mais gente voltando a comer melhor, a pagar as contas e a respirar um pouco mais aliviada. Era dia de celebra\u00e7\u00e3o. Mas l\u00e1 estava o terr\u00edvel editorialista do Estad\u00e3o, cumprindo o papel de estragar o almo\u00e7o alheio, criticando a pol\u00edtica de aumento real do sal\u00e1rio m\u00ednimo.<\/p>\n<p>Antes mesmo de entrar no m\u00e9rito dessa cr\u00edtica, acho fundamental refletir sobre quem fala e de onde fala a chamada grande imprensa brasileira. Essa imprensa tradicional, concentrada nas m\u00e3os de cinco fam\u00edlias bilion\u00e1rias, n\u00e3o faz parte do povo brasileiro. N\u00e3o acorda de madrugada para pegar \u00f4nibus lotado, n\u00e3o depende do sal\u00e1rio m\u00ednimo para viver, n\u00e3o sente no bolso o pre\u00e7o do g\u00e1s, do aluguel ou da comida. Essas fam\u00edlias n\u00e3o representam a maioria da popula\u00e7\u00e3o. Representam uma casta financeira, com interesses muito bem definidos.<\/p>\n<p>\u00c9 a mesma imprensa que, no passado, estampou em suas p\u00e1ginas an\u00fancios de compra e venda de pessoas escravizadas. A mesma que foi contra a cria\u00e7\u00e3o do 13\u00ba sal\u00e1rio. A mesma que apoiou golpes de Estado, ajudou a legitimar ditaduras e foi c\u00famplice de persegui\u00e7\u00f5es, torturas e assassinatos de milhares de brasileiros. N\u00e3o h\u00e1 nada de neutro, democr\u00e1tico ou representativo nisso. Essa imprensa n\u00e3o expressa o pensamento do povo brasileiro, mas apenas os interesses de quem sempre esteve no topo.<\/p>\n<p>E a\u00ed voltamos ao aumento real do sal\u00e1rio m\u00ednimo. \u00c9 quase um ritual previs\u00edvel: basta um partido de esquerda chegar ao poder para que surja, imediatamente, o discurso do apocalipse. O Brasil estaria \u201c\u00e0 beira do abismo\u201d, \u201cprestes a quebrar\u201d, a \u201cvirar uma Venezuela\u201d. O roteiro \u00e9 velho, gasto e j\u00e1 desmentido pela realidade in\u00fameras vezes.<\/p>\n<p>A defesa do congelamento do sal\u00e1rio m\u00ednimo ou de reajustes limitados \u00e0 infla\u00e7\u00e3o \u00e9 de uma repugn\u00e2ncia dif\u00edcil de colocar em palavras. Em um pa\u00eds com uma das maiores concentra\u00e7\u00f5es de renda do mundo, isso n\u00e3o \u00e9 prud\u00eancia fiscal, \u00e9 crueldade social. Vendem essa ideia como moderna, respons\u00e1vel, t\u00e9cnica. N\u00e3o \u00e9. Nunca foi. Essa pol\u00edtica nunca deu certo, nunca gerou desenvolvimento sustent\u00e1vel, nunca reduziu desigualdades. Pelo contr\u00e1rio: s\u00f3 aprofundou o abismo social.<\/p>\n<p>E h\u00e1 um ponto que raramente \u00e9 dito com clareza: essas fam\u00edlias que controlam os grandes ve\u00edculos de comunica\u00e7\u00e3o tamb\u00e9m atuam em outros setores estrat\u00e9gicos da economia: educa\u00e7\u00e3o privada, sistema financeiro, mercado imobili\u00e1rio, planos de sa\u00fade. Isso, evidentemente, influencia a cobertura jornal\u00edstica. N\u00e3o se trata de opini\u00e3o isolada, mas de defesa de interesses econ\u00f4micos pr\u00f3prios.<\/p>\n<p>Para essa imprensa, aumentar o sal\u00e1rio do pobre \u00e9 \u201cquebrar o pa\u00eds\u201d. Mas os mais de R$ 60 bilh\u00f5es em emendas parlamentares, tudo bem. R$ 5 bilh\u00f5es em fundo eleitoral, normal. Austeridade s\u00f3 vale quando \u00e9 para quem vive do trabalho. Quando \u00e9 para sustentar privil\u00e9gios, o discurso some.<\/p>\n<p>Por isso, ler um editorial desses no dia de Natal n\u00e3o \u00e9 apenas inc\u00f4modo, \u00e9 revelador. Revela quem essa imprensa defende, quem ela teme e, sobretudo, quem ela despreza: o trabalhador.<\/p>\n","protected":false},"excerpt":{"rendered":"<p>Neste Natal, confesso que fui pega de surpresa. Pleno 25 de dezembro, trabalhadores finalmente em casa, desfrutando da companhia da fam\u00edlia, mesa farta como h\u00e1 muito tempo eu n\u00e3o via e n\u00e3o por acaso. Depois de anos de aperto, os resultados positivos da economia come\u00e7aram a aparecer de forma concreta: desemprego em queda, infla\u00e7\u00e3o sob [&hellip;]<\/p>\n","protected":false},"author":21,"featured_media":376348,"comment_status":"closed","ping_status":"closed","sticky":false,"template":"","format":"standard","meta":{"_acf_changed":false,"footnotes":""},"categories":[235],"tags":[],"class_list":["post-376343","post","type-post","status-publish","format-standard","has-post-thumbnail","hentry","category-dona-irene"],"acf":[],"yoast_head":"<!-- This site is optimized with the Yoast SEO plugin v27.5 - https:\/\/yoast.com\/product\/yoast-seo-wordpress\/ -->\n<title>Lado obscuro da grande imprensa n\u00e3o tem limites - Notibras<\/title>\n<meta name=\"robots\" content=\"index, follow, max-snippet:-1, max-image-preview:large, max-video-preview:-1\" \/>\n<link rel=\"canonical\" href=\"https:\/\/www.notibras.com\/site\/lado-obscuro-da-grande-imprensa-nao-tem-limites\/\" \/>\n<meta property=\"og:locale\" content=\"pt_BR\" \/>\n<meta property=\"og:type\" content=\"article\" \/>\n<meta property=\"og:title\" content=\"Lado obscuro da grande imprensa n\u00e3o tem limites - Notibras\" \/>\n<meta property=\"og:description\" content=\"Neste Natal, confesso que fui pega de surpresa. Pleno 25 de dezembro, trabalhadores finalmente em casa, desfrutando da companhia da fam\u00edlia, mesa farta como h\u00e1 muito tempo eu n\u00e3o via e n\u00e3o por acaso. Depois de anos de aperto, os resultados positivos da economia come\u00e7aram a aparecer de forma concreta: desemprego em queda, infla\u00e7\u00e3o sob [&hellip;]\" \/>\n<meta property=\"og:url\" content=\"https:\/\/www.notibras.com\/site\/lado-obscuro-da-grande-imprensa-nao-tem-limites\/\" \/>\n<meta property=\"og:site_name\" content=\"Notibras\" \/>\n<meta property=\"article:publisher\" content=\"https:\/\/www.facebook.com\/notibras\/\" \/>\n<meta property=\"article:published_time\" content=\"2025-12-26T05:15:22+00:00\" \/>\n<meta property=\"article:modified_time\" content=\"2025-12-26T06:44:07+00:00\" \/>\n<meta property=\"og:image\" content=\"https:\/\/www.notibras.com\/site\/wp-content\/uploads\/2025\/12\/brt-rio-de-janeiro_roberto-moreyra_agencia-o-globo.jpg\" \/>\n\t<meta property=\"og:image:width\" content=\"1086\" \/>\n\t<meta property=\"og:image:height\" content=\"652\" \/>\n\t<meta property=\"og:image:type\" content=\"image\/jpeg\" \/>\n<meta name=\"author\" content=\"Eduardo Mart\u00ednez\" \/>\n<meta name=\"twitter:card\" content=\"summary_large_image\" \/>\n<meta name=\"twitter:creator\" content=\"@Notibras\" \/>\n<meta name=\"twitter:site\" content=\"@Notibras\" \/>\n<meta name=\"twitter:label1\" content=\"Escrito por\" \/>\n\t<meta name=\"twitter:data1\" content=\"Eduardo Mart\u00ednez\" \/>\n\t<meta name=\"twitter:label2\" content=\"Est. tempo de leitura\" \/>\n\t<meta name=\"twitter:data2\" content=\"4 minutos\" \/>\n<script type=\"application\/ld+json\" class=\"yoast-schema-graph\">{\"@context\":\"https:\\\/\\\/schema.org\",\"@graph\":[{\"@type\":\"Article\",\"@id\":\"https:\\\/\\\/www.notibras.com\\\/site\\\/lado-obscuro-da-grande-imprensa-nao-tem-limites\\\/#article\",\"isPartOf\":{\"@id\":\"https:\\\/\\\/www.notibras.com\\\/site\\\/lado-obscuro-da-grande-imprensa-nao-tem-limites\\\/\"},\"author\":{\"name\":\"Eduardo Mart\u00ednez\",\"@id\":\"https:\\\/\\\/www.notibras.com\\\/site\\\/#\\\/schema\\\/person\\\/5b7fabf2aedc3ada2105f03b22b4d3dd\"},\"headline\":\"Lado obscuro da grande imprensa n\u00e3o tem limites\",\"datePublished\":\"2025-12-26T05:15:22+00:00\",\"dateModified\":\"2025-12-26T06:44:07+00:00\",\"mainEntityOfPage\":{\"@id\":\"https:\\\/\\\/www.notibras.com\\\/site\\\/lado-obscuro-da-grande-imprensa-nao-tem-limites\\\/\"},\"wordCount\":603,\"publisher\":{\"@id\":\"https:\\\/\\\/www.notibras.com\\\/site\\\/#organization\"},\"image\":{\"@id\":\"https:\\\/\\\/www.notibras.com\\\/site\\\/lado-obscuro-da-grande-imprensa-nao-tem-limites\\\/#primaryimage\"},\"thumbnailUrl\":\"https:\\\/\\\/www.notibras.com\\\/site\\\/wp-content\\\/uploads\\\/2025\\\/12\\\/brt-rio-de-janeiro_roberto-moreyra_agencia-o-globo.jpg\",\"articleSection\":[\"Dona Irene\"],\"inLanguage\":\"pt-BR\"},{\"@type\":\"WebPage\",\"@id\":\"https:\\\/\\\/www.notibras.com\\\/site\\\/lado-obscuro-da-grande-imprensa-nao-tem-limites\\\/\",\"url\":\"https:\\\/\\\/www.notibras.com\\\/site\\\/lado-obscuro-da-grande-imprensa-nao-tem-limites\\\/\",\"name\":\"Lado obscuro da grande imprensa n\u00e3o tem limites - Notibras\",\"isPartOf\":{\"@id\":\"https:\\\/\\\/www.notibras.com\\\/site\\\/#website\"},\"primaryImageOfPage\":{\"@id\":\"https:\\\/\\\/www.notibras.com\\\/site\\\/lado-obscuro-da-grande-imprensa-nao-tem-limites\\\/#primaryimage\"},\"image\":{\"@id\":\"https:\\\/\\\/www.notibras.com\\\/site\\\/lado-obscuro-da-grande-imprensa-nao-tem-limites\\\/#primaryimage\"},\"thumbnailUrl\":\"https:\\\/\\\/www.notibras.com\\\/site\\\/wp-content\\\/uploads\\\/2025\\\/12\\\/brt-rio-de-janeiro_roberto-moreyra_agencia-o-globo.jpg\",\"datePublished\":\"2025-12-26T05:15:22+00:00\",\"dateModified\":\"2025-12-26T06:44:07+00:00\",\"breadcrumb\":{\"@id\":\"https:\\\/\\\/www.notibras.com\\\/site\\\/lado-obscuro-da-grande-imprensa-nao-tem-limites\\\/#breadcrumb\"},\"inLanguage\":\"pt-BR\",\"potentialAction\":[{\"@type\":\"ReadAction\",\"target\":[\"https:\\\/\\\/www.notibras.com\\\/site\\\/lado-obscuro-da-grande-imprensa-nao-tem-limites\\\/\"]}]},{\"@type\":\"ImageObject\",\"inLanguage\":\"pt-BR\",\"@id\":\"https:\\\/\\\/www.notibras.com\\\/site\\\/lado-obscuro-da-grande-imprensa-nao-tem-limites\\\/#primaryimage\",\"url\":\"https:\\\/\\\/www.notibras.com\\\/site\\\/wp-content\\\/uploads\\\/2025\\\/12\\\/brt-rio-de-janeiro_roberto-moreyra_agencia-o-globo.jpg\",\"contentUrl\":\"https:\\\/\\\/www.notibras.com\\\/site\\\/wp-content\\\/uploads\\\/2025\\\/12\\\/brt-rio-de-janeiro_roberto-moreyra_agencia-o-globo.jpg\",\"width\":1086,\"height\":652},{\"@type\":\"BreadcrumbList\",\"@id\":\"https:\\\/\\\/www.notibras.com\\\/site\\\/lado-obscuro-da-grande-imprensa-nao-tem-limites\\\/#breadcrumb\",\"itemListElement\":[{\"@type\":\"ListItem\",\"position\":1,\"name\":\"In\u00edcio\",\"item\":\"https:\\\/\\\/www.notibras.com\\\/site\\\/\"},{\"@type\":\"ListItem\",\"position\":2,\"name\":\"Lado obscuro da grande imprensa n\u00e3o tem limites\"}]},{\"@type\":\"WebSite\",\"@id\":\"https:\\\/\\\/www.notibras.com\\\/site\\\/#website\",\"url\":\"https:\\\/\\\/www.notibras.com\\\/site\\\/\",\"name\":\"Notibras\",\"description\":\"Not\u00edcias de Bras\u00edlia, do Brasil e do Mundo\",\"publisher\":{\"@id\":\"https:\\\/\\\/www.notibras.com\\\/site\\\/#organization\"},\"potentialAction\":[{\"@type\":\"SearchAction\",\"target\":{\"@type\":\"EntryPoint\",\"urlTemplate\":\"https:\\\/\\\/www.notibras.com\\\/site\\\/?s={search_term_string}\"},\"query-input\":{\"@type\":\"PropertyValueSpecification\",\"valueRequired\":true,\"valueName\":\"search_term_string\"}}],\"inLanguage\":\"pt-BR\"},{\"@type\":\"Organization\",\"@id\":\"https:\\\/\\\/www.notibras.com\\\/site\\\/#organization\",\"name\":\"Grupo Notibras de Comunica\u00e7\u00e3o\",\"url\":\"https:\\\/\\\/www.notibras.com\\\/site\\\/\",\"logo\":{\"@type\":\"ImageObject\",\"inLanguage\":\"pt-BR\",\"@id\":\"https:\\\/\\\/www.notibras.com\\\/site\\\/#\\\/schema\\\/logo\\\/image\\\/\",\"url\":\"https:\\\/\\\/www.notibras.com\\\/site\\\/wp-content\\\/uploads\\\/2023\\\/01\\\/notibras23.png\",\"contentUrl\":\"https:\\\/\\\/www.notibras.com\\\/site\\\/wp-content\\\/uploads\\\/2023\\\/01\\\/notibras23.png\",\"width\":350,\"height\":87,\"caption\":\"Grupo Notibras de Comunica\u00e7\u00e3o\"},\"image\":{\"@id\":\"https:\\\/\\\/www.notibras.com\\\/site\\\/#\\\/schema\\\/logo\\\/image\\\/\"},\"sameAs\":[\"https:\\\/\\\/www.facebook.com\\\/notibras\\\/\",\"https:\\\/\\\/x.com\\\/Notibras\",\"https:\\\/\\\/www.instagram.com\\\/notibras\\\/\"]},{\"@type\":\"Person\",\"@id\":\"https:\\\/\\\/www.notibras.com\\\/site\\\/#\\\/schema\\\/person\\\/5b7fabf2aedc3ada2105f03b22b4d3dd\",\"name\":\"Eduardo Mart\u00ednez\",\"image\":{\"@type\":\"ImageObject\",\"inLanguage\":\"pt-BR\",\"@id\":\"https:\\\/\\\/secure.gravatar.com\\\/avatar\\\/7902f906289926289cbcda644b5197c796b893c6ffd7b9a536a42d290f7704a0?s=96&d=mm&r=g\",\"url\":\"https:\\\/\\\/secure.gravatar.com\\\/avatar\\\/7902f906289926289cbcda644b5197c796b893c6ffd7b9a536a42d290f7704a0?s=96&d=mm&r=g\",\"contentUrl\":\"https:\\\/\\\/secure.gravatar.com\\\/avatar\\\/7902f906289926289cbcda644b5197c796b893c6ffd7b9a536a42d290f7704a0?s=96&d=mm&r=g\",\"caption\":\"Eduardo Mart\u00ednez\"}}]}<\/script>\n<!-- \/ Yoast SEO plugin. -->","yoast_head_json":{"title":"Lado obscuro da grande imprensa n\u00e3o tem limites - Notibras","robots":{"index":"index","follow":"follow","max-snippet":"max-snippet:-1","max-image-preview":"max-image-preview:large","max-video-preview":"max-video-preview:-1"},"canonical":"https:\/\/www.notibras.com\/site\/lado-obscuro-da-grande-imprensa-nao-tem-limites\/","og_locale":"pt_BR","og_type":"article","og_title":"Lado obscuro da grande imprensa n\u00e3o tem limites - Notibras","og_description":"Neste Natal, confesso que fui pega de surpresa. Pleno 25 de dezembro, trabalhadores finalmente em casa, desfrutando da companhia da fam\u00edlia, mesa farta como h\u00e1 muito tempo eu n\u00e3o via e n\u00e3o por acaso. Depois de anos de aperto, os resultados positivos da economia come\u00e7aram a aparecer de forma concreta: desemprego em queda, infla\u00e7\u00e3o sob [&hellip;]","og_url":"https:\/\/www.notibras.com\/site\/lado-obscuro-da-grande-imprensa-nao-tem-limites\/","og_site_name":"Notibras","article_publisher":"https:\/\/www.facebook.com\/notibras\/","article_published_time":"2025-12-26T05:15:22+00:00","article_modified_time":"2025-12-26T06:44:07+00:00","og_image":[{"width":1086,"height":652,"url":"https:\/\/www.notibras.com\/site\/wp-content\/uploads\/2025\/12\/brt-rio-de-janeiro_roberto-moreyra_agencia-o-globo.jpg","type":"image\/jpeg"}],"author":"Eduardo Mart\u00ednez","twitter_card":"summary_large_image","twitter_creator":"@Notibras","twitter_site":"@Notibras","twitter_misc":{"Escrito por":"Eduardo Mart\u00ednez","Est. tempo de leitura":"4 minutos"},"schema":{"@context":"https:\/\/schema.org","@graph":[{"@type":"Article","@id":"https:\/\/www.notibras.com\/site\/lado-obscuro-da-grande-imprensa-nao-tem-limites\/#article","isPartOf":{"@id":"https:\/\/www.notibras.com\/site\/lado-obscuro-da-grande-imprensa-nao-tem-limites\/"},"author":{"name":"Eduardo Mart\u00ednez","@id":"https:\/\/www.notibras.com\/site\/#\/schema\/person\/5b7fabf2aedc3ada2105f03b22b4d3dd"},"headline":"Lado obscuro da grande imprensa n\u00e3o tem limites","datePublished":"2025-12-26T05:15:22+00:00","dateModified":"2025-12-26T06:44:07+00:00","mainEntityOfPage":{"@id":"https:\/\/www.notibras.com\/site\/lado-obscuro-da-grande-imprensa-nao-tem-limites\/"},"wordCount":603,"publisher":{"@id":"https:\/\/www.notibras.com\/site\/#organization"},"image":{"@id":"https:\/\/www.notibras.com\/site\/lado-obscuro-da-grande-imprensa-nao-tem-limites\/#primaryimage"},"thumbnailUrl":"https:\/\/www.notibras.com\/site\/wp-content\/uploads\/2025\/12\/brt-rio-de-janeiro_roberto-moreyra_agencia-o-globo.jpg","articleSection":["Dona Irene"],"inLanguage":"pt-BR"},{"@type":"WebPage","@id":"https:\/\/www.notibras.com\/site\/lado-obscuro-da-grande-imprensa-nao-tem-limites\/","url":"https:\/\/www.notibras.com\/site\/lado-obscuro-da-grande-imprensa-nao-tem-limites\/","name":"Lado obscuro da grande imprensa n\u00e3o tem limites - Notibras","isPartOf":{"@id":"https:\/\/www.notibras.com\/site\/#website"},"primaryImageOfPage":{"@id":"https:\/\/www.notibras.com\/site\/lado-obscuro-da-grande-imprensa-nao-tem-limites\/#primaryimage"},"image":{"@id":"https:\/\/www.notibras.com\/site\/lado-obscuro-da-grande-imprensa-nao-tem-limites\/#primaryimage"},"thumbnailUrl":"https:\/\/www.notibras.com\/site\/wp-content\/uploads\/2025\/12\/brt-rio-de-janeiro_roberto-moreyra_agencia-o-globo.jpg","datePublished":"2025-12-26T05:15:22+00:00","dateModified":"2025-12-26T06:44:07+00:00","breadcrumb":{"@id":"https:\/\/www.notibras.com\/site\/lado-obscuro-da-grande-imprensa-nao-tem-limites\/#breadcrumb"},"inLanguage":"pt-BR","potentialAction":[{"@type":"ReadAction","target":["https:\/\/www.notibras.com\/site\/lado-obscuro-da-grande-imprensa-nao-tem-limites\/"]}]},{"@type":"ImageObject","inLanguage":"pt-BR","@id":"https:\/\/www.notibras.com\/site\/lado-obscuro-da-grande-imprensa-nao-tem-limites\/#primaryimage","url":"https:\/\/www.notibras.com\/site\/wp-content\/uploads\/2025\/12\/brt-rio-de-janeiro_roberto-moreyra_agencia-o-globo.jpg","contentUrl":"https:\/\/www.notibras.com\/site\/wp-content\/uploads\/2025\/12\/brt-rio-de-janeiro_roberto-moreyra_agencia-o-globo.jpg","width":1086,"height":652},{"@type":"BreadcrumbList","@id":"https:\/\/www.notibras.com\/site\/lado-obscuro-da-grande-imprensa-nao-tem-limites\/#breadcrumb","itemListElement":[{"@type":"ListItem","position":1,"name":"In\u00edcio","item":"https:\/\/www.notibras.com\/site\/"},{"@type":"ListItem","position":2,"name":"Lado obscuro da grande imprensa n\u00e3o tem limites"}]},{"@type":"WebSite","@id":"https:\/\/www.notibras.com\/site\/#website","url":"https:\/\/www.notibras.com\/site\/","name":"Notibras","description":"Not\u00edcias de Bras\u00edlia, do Brasil e do Mundo","publisher":{"@id":"https:\/\/www.notibras.com\/site\/#organization"},"potentialAction":[{"@type":"SearchAction","target":{"@type":"EntryPoint","urlTemplate":"https:\/\/www.notibras.com\/site\/?s={search_term_string}"},"query-input":{"@type":"PropertyValueSpecification","valueRequired":true,"valueName":"search_term_string"}}],"inLanguage":"pt-BR"},{"@type":"Organization","@id":"https:\/\/www.notibras.com\/site\/#organization","name":"Grupo Notibras de Comunica\u00e7\u00e3o","url":"https:\/\/www.notibras.com\/site\/","logo":{"@type":"ImageObject","inLanguage":"pt-BR","@id":"https:\/\/www.notibras.com\/site\/#\/schema\/logo\/image\/","url":"https:\/\/www.notibras.com\/site\/wp-content\/uploads\/2023\/01\/notibras23.png","contentUrl":"https:\/\/www.notibras.com\/site\/wp-content\/uploads\/2023\/01\/notibras23.png","width":350,"height":87,"caption":"Grupo Notibras de Comunica\u00e7\u00e3o"},"image":{"@id":"https:\/\/www.notibras.com\/site\/#\/schema\/logo\/image\/"},"sameAs":["https:\/\/www.facebook.com\/notibras\/","https:\/\/x.com\/Notibras","https:\/\/www.instagram.com\/notibras\/"]},{"@type":"Person","@id":"https:\/\/www.notibras.com\/site\/#\/schema\/person\/5b7fabf2aedc3ada2105f03b22b4d3dd","name":"Eduardo Mart\u00ednez","image":{"@type":"ImageObject","inLanguage":"pt-BR","@id":"https:\/\/secure.gravatar.com\/avatar\/7902f906289926289cbcda644b5197c796b893c6ffd7b9a536a42d290f7704a0?s=96&d=mm&r=g","url":"https:\/\/secure.gravatar.com\/avatar\/7902f906289926289cbcda644b5197c796b893c6ffd7b9a536a42d290f7704a0?s=96&d=mm&r=g","contentUrl":"https:\/\/secure.gravatar.com\/avatar\/7902f906289926289cbcda644b5197c796b893c6ffd7b9a536a42d290f7704a0?s=96&d=mm&r=g","caption":"Eduardo Mart\u00ednez"}}]}},"amp_enabled":true,"_links":{"self":[{"href":"https:\/\/www.notibras.com\/site\/wp-json\/wp\/v2\/posts\/376343","targetHints":{"allow":["GET"]}}],"collection":[{"href":"https:\/\/www.notibras.com\/site\/wp-json\/wp\/v2\/posts"}],"about":[{"href":"https:\/\/www.notibras.com\/site\/wp-json\/wp\/v2\/types\/post"}],"author":[{"embeddable":true,"href":"https:\/\/www.notibras.com\/site\/wp-json\/wp\/v2\/users\/21"}],"replies":[{"embeddable":true,"href":"https:\/\/www.notibras.com\/site\/wp-json\/wp\/v2\/comments?post=376343"}],"version-history":[{"count":8,"href":"https:\/\/www.notibras.com\/site\/wp-json\/wp\/v2\/posts\/376343\/revisions"}],"predecessor-version":[{"id":376417,"href":"https:\/\/www.notibras.com\/site\/wp-json\/wp\/v2\/posts\/376343\/revisions\/376417"}],"wp:featuredmedia":[{"embeddable":true,"href":"https:\/\/www.notibras.com\/site\/wp-json\/wp\/v2\/media\/376348"}],"wp:attachment":[{"href":"https:\/\/www.notibras.com\/site\/wp-json\/wp\/v2\/media?parent=376343"}],"wp:term":[{"taxonomy":"category","embeddable":true,"href":"https:\/\/www.notibras.com\/site\/wp-json\/wp\/v2\/categories?post=376343"},{"taxonomy":"post_tag","embeddable":true,"href":"https:\/\/www.notibras.com\/site\/wp-json\/wp\/v2\/tags?post=376343"}],"curies":[{"name":"wp","href":"https:\/\/api.w.org\/{rel}","templated":true}]}}