{"id":376351,"date":"2025-12-26T02:00:35","date_gmt":"2025-12-26T05:00:35","guid":{"rendered":"https:\/\/www.notibras.com\/site\/?p=376351"},"modified":"2025-12-26T03:46:25","modified_gmt":"2025-12-26T06:46:25","slug":"esta-na-hora-de-criminalizar-o-discurso-de-odio-contra-mulheres","status":"publish","type":"post","link":"https:\/\/www.notibras.com\/site\/esta-na-hora-de-criminalizar-o-discurso-de-odio-contra-mulheres\/","title":{"rendered":"Est\u00e1 na hora de criminalizar o discurso de \u00f3dio contra mulheres"},"content":{"rendered":"<p>Na v\u00e9spera de Natal, quando as casas se enchiam de cheiros, de vozes e de expectativas para a ceia, eu recebi a not\u00edcia: Tainara Souza morreu. Tinha apenas 31 anos. Enquanto muitos arrumavam a mesa e abra\u00e7avam os seus, ela partia depois de quase um m\u00eas internada, v\u00edtima de uma viol\u00eancia que come\u00e7ou muito antes do atropelamento. Come\u00e7ou quando um homem decidiu que n\u00e3o aceitava ser rejeitado.<\/p>\n<p>Durante esse m\u00eas cruel, Tainara resistiu como p\u00f4de. Teve as pernas amputadas. Mais recentemente, sofreu uma nova amputa\u00e7\u00e3o. Lutou pela vida enquanto o pa\u00eds seguia, distra\u00eddo, com seus rituais de fim de ano e discuss\u00f5es pol\u00edticas sem objetivo. Quando a m\u00e3e escreveu nas redes sociais que a filha \u201cdescansou\u201d, eu entendi o peso daquela palavra. Descansou para ela. Para n\u00f3s, n\u00e3o.<\/p>\n<p>N\u00f3s, mulheres que ainda permanecemos aqui, n\u00e3o podemos descansar. Mulheres est\u00e3o sendo sistematicamente assassinadas neste pa\u00eds. E enquanto Tainara estava viva, de um jeito quase simb\u00f3lico, eu ainda alimentava a esperan\u00e7a de que algo pudesse mudar, de que haveria algum horizonte para n\u00f3s que n\u00e3o fosse apenas o medo. A cada dia em que ela resistia, eu queria acreditar que a vida venceria tamb\u00e9m do lado de c\u00e1, que a viol\u00eancia n\u00e3o teria sempre a \u00faltima palavra.<\/p>\n<p>Mas Tainara partiu. E, quando ela morreu, senti como se uma parte de mim tamb\u00e9m estivesse indo embora. Porque, cada vez que um feminic\u00eddio acontece, cada mulher se olha no espelho e olha para suas amigas, suas m\u00e3es, irm\u00e3s, sobrinhas, filhas, e pensa, em sil\u00eancio, que a pr\u00f3xima pode ser uma de n\u00f3s. Nenhuma de n\u00f3s est\u00e1 segura. N\u00e3o \u00e9 exagero, n\u00e3o \u00e9 histeria, n\u00e3o \u00e9 vitimismo: \u00e9 realidade cotidiana.<\/p>\n<p>O que matou Tainara n\u00e3o \u00e9 um ato isolado, \u00e9 um sistema. \u00c9 o machismo que naturaliza o controle sobre os corpos e as escolhas das mulheres. \u00c9 a misoginia que transforma rejei\u00e7\u00e3o em ofensa, autonomia em afronta, liberdade em motivo de \u00f3dio. \u00c9 uma cultura que ensina homens a se sentirem donos, e mulheres a se sentirem culpadas por dizer \u201cn\u00e3o\u201d.<\/p>\n<p>Por isso, n\u00e3o basta lamentar depois. O discurso de \u00f3dio contra mulheres precisa ser criminalizado, porque ele n\u00e3o \u00e9 inofensivo, n\u00e3o \u00e9 \u201copini\u00e3o\u201d, n\u00e3o \u00e9 liberdade de express\u00e3o abstrata. Esse discurso precede a viol\u00eancia, a incentiva, a legitima. Ele cria o terreno onde o agressor se sente autorizado, respaldado, normalizado. Antes do atropelamento, da agress\u00e3o, do assassinato, quase sempre h\u00e1 palavras que desumanizam, amea\u00e7am, silenciam.<\/p>\n<p>Naquela noite de Natal, enquanto muitos celebravam, eu chorei por Tainara e por todas n\u00f3s. Porque o luto n\u00e3o \u00e9 s\u00f3 dela, \u00e9 coletivo. E porque, enquanto a viol\u00eancia contra mulheres continuar sendo tratada como algo menor, epis\u00f3dico ou toler\u00e1vel, n\u00f3s seguiremos vivendo em alerta permanente. Sem descanso. Sem tr\u00e9gua. Com a dor de saber que cada nome perdido poderia ser o nosso.<\/p>\n","protected":false},"excerpt":{"rendered":"<p>Na v\u00e9spera de Natal, quando as casas se enchiam de cheiros, de vozes e de expectativas para a ceia, eu recebi a not\u00edcia: Tainara Souza morreu. Tinha apenas 31 anos. Enquanto muitos arrumavam a mesa e abra\u00e7avam os seus, ela partia depois de quase um m\u00eas internada, v\u00edtima de uma viol\u00eancia que come\u00e7ou muito antes [&hellip;]<\/p>\n","protected":false},"author":21,"featured_media":376352,"comment_status":"closed","ping_status":"closed","sticky":false,"template":"","format":"standard","meta":{"_acf_changed":false,"footnotes":""},"categories":[235],"tags":[],"class_list":["post-376351","post","type-post","status-publish","format-standard","has-post-thumbnail","hentry","category-dona-irene"],"acf":[],"yoast_head":"<!-- This site is optimized with the Yoast SEO plugin v27.5 - https:\/\/yoast.com\/product\/yoast-seo-wordpress\/ -->\n<title>Est\u00e1 na hora de criminalizar o discurso de \u00f3dio contra mulheres - Notibras<\/title>\n<meta name=\"robots\" content=\"index, follow, max-snippet:-1, max-image-preview:large, max-video-preview:-1\" \/>\n<link rel=\"canonical\" href=\"https:\/\/www.notibras.com\/site\/esta-na-hora-de-criminalizar-o-discurso-de-odio-contra-mulheres\/\" \/>\n<meta property=\"og:locale\" content=\"pt_BR\" \/>\n<meta property=\"og:type\" content=\"article\" \/>\n<meta property=\"og:title\" content=\"Est\u00e1 na hora de criminalizar o discurso de \u00f3dio contra mulheres - Notibras\" \/>\n<meta property=\"og:description\" content=\"Na v\u00e9spera de Natal, quando as casas se enchiam de cheiros, de vozes e de expectativas para a ceia, eu recebi a not\u00edcia: Tainara Souza morreu. Tinha apenas 31 anos. Enquanto muitos arrumavam a mesa e abra\u00e7avam os seus, ela partia depois de quase um m\u00eas internada, v\u00edtima de uma viol\u00eancia que come\u00e7ou muito antes [&hellip;]\" \/>\n<meta property=\"og:url\" content=\"https:\/\/www.notibras.com\/site\/esta-na-hora-de-criminalizar-o-discurso-de-odio-contra-mulheres\/\" \/>\n<meta property=\"og:site_name\" content=\"Notibras\" \/>\n<meta property=\"article:publisher\" content=\"https:\/\/www.facebook.com\/notibras\/\" \/>\n<meta property=\"article:published_time\" content=\"2025-12-26T05:00:35+00:00\" \/>\n<meta property=\"article:modified_time\" content=\"2025-12-26T06:46:25+00:00\" \/>\n<meta property=\"og:image\" content=\"https:\/\/www.notibras.com\/site\/wp-content\/uploads\/2025\/12\/WhatsApp-Image-2025-12-25-at-22.19.36.jpeg\" \/>\n\t<meta property=\"og:image:width\" content=\"984\" \/>\n\t<meta property=\"og:image:height\" content=\"843\" \/>\n\t<meta property=\"og:image:type\" content=\"image\/jpeg\" \/>\n<meta name=\"author\" content=\"Eduardo Mart\u00ednez\" \/>\n<meta name=\"twitter:card\" content=\"summary_large_image\" \/>\n<meta name=\"twitter:creator\" content=\"@Notibras\" \/>\n<meta name=\"twitter:site\" content=\"@Notibras\" \/>\n<meta name=\"twitter:label1\" content=\"Escrito por\" \/>\n\t<meta name=\"twitter:data1\" content=\"Eduardo Mart\u00ednez\" \/>\n\t<meta name=\"twitter:label2\" content=\"Est. tempo de leitura\" \/>\n\t<meta name=\"twitter:data2\" content=\"3 minutos\" \/>\n<script type=\"application\/ld+json\" class=\"yoast-schema-graph\">{\"@context\":\"https:\\\/\\\/schema.org\",\"@graph\":[{\"@type\":\"Article\",\"@id\":\"https:\\\/\\\/www.notibras.com\\\/site\\\/esta-na-hora-de-criminalizar-o-discurso-de-odio-contra-mulheres\\\/#article\",\"isPartOf\":{\"@id\":\"https:\\\/\\\/www.notibras.com\\\/site\\\/esta-na-hora-de-criminalizar-o-discurso-de-odio-contra-mulheres\\\/\"},\"author\":{\"name\":\"Eduardo Mart\u00ednez\",\"@id\":\"https:\\\/\\\/www.notibras.com\\\/site\\\/#\\\/schema\\\/person\\\/5b7fabf2aedc3ada2105f03b22b4d3dd\"},\"headline\":\"Est\u00e1 na hora de criminalizar o discurso de \u00f3dio contra mulheres\",\"datePublished\":\"2025-12-26T05:00:35+00:00\",\"dateModified\":\"2025-12-26T06:46:25+00:00\",\"mainEntityOfPage\":{\"@id\":\"https:\\\/\\\/www.notibras.com\\\/site\\\/esta-na-hora-de-criminalizar-o-discurso-de-odio-contra-mulheres\\\/\"},\"wordCount\":521,\"publisher\":{\"@id\":\"https:\\\/\\\/www.notibras.com\\\/site\\\/#organization\"},\"image\":{\"@id\":\"https:\\\/\\\/www.notibras.com\\\/site\\\/esta-na-hora-de-criminalizar-o-discurso-de-odio-contra-mulheres\\\/#primaryimage\"},\"thumbnailUrl\":\"https:\\\/\\\/www.notibras.com\\\/site\\\/wp-content\\\/uploads\\\/2025\\\/12\\\/WhatsApp-Image-2025-12-25-at-22.19.36.jpeg\",\"articleSection\":[\"Dona Irene\"],\"inLanguage\":\"pt-BR\"},{\"@type\":\"WebPage\",\"@id\":\"https:\\\/\\\/www.notibras.com\\\/site\\\/esta-na-hora-de-criminalizar-o-discurso-de-odio-contra-mulheres\\\/\",\"url\":\"https:\\\/\\\/www.notibras.com\\\/site\\\/esta-na-hora-de-criminalizar-o-discurso-de-odio-contra-mulheres\\\/\",\"name\":\"Est\u00e1 na hora de criminalizar o discurso de \u00f3dio contra mulheres - Notibras\",\"isPartOf\":{\"@id\":\"https:\\\/\\\/www.notibras.com\\\/site\\\/#website\"},\"primaryImageOfPage\":{\"@id\":\"https:\\\/\\\/www.notibras.com\\\/site\\\/esta-na-hora-de-criminalizar-o-discurso-de-odio-contra-mulheres\\\/#primaryimage\"},\"image\":{\"@id\":\"https:\\\/\\\/www.notibras.com\\\/site\\\/esta-na-hora-de-criminalizar-o-discurso-de-odio-contra-mulheres\\\/#primaryimage\"},\"thumbnailUrl\":\"https:\\\/\\\/www.notibras.com\\\/site\\\/wp-content\\\/uploads\\\/2025\\\/12\\\/WhatsApp-Image-2025-12-25-at-22.19.36.jpeg\",\"datePublished\":\"2025-12-26T05:00:35+00:00\",\"dateModified\":\"2025-12-26T06:46:25+00:00\",\"breadcrumb\":{\"@id\":\"https:\\\/\\\/www.notibras.com\\\/site\\\/esta-na-hora-de-criminalizar-o-discurso-de-odio-contra-mulheres\\\/#breadcrumb\"},\"inLanguage\":\"pt-BR\",\"potentialAction\":[{\"@type\":\"ReadAction\",\"target\":[\"https:\\\/\\\/www.notibras.com\\\/site\\\/esta-na-hora-de-criminalizar-o-discurso-de-odio-contra-mulheres\\\/\"]}]},{\"@type\":\"ImageObject\",\"inLanguage\":\"pt-BR\",\"@id\":\"https:\\\/\\\/www.notibras.com\\\/site\\\/esta-na-hora-de-criminalizar-o-discurso-de-odio-contra-mulheres\\\/#primaryimage\",\"url\":\"https:\\\/\\\/www.notibras.com\\\/site\\\/wp-content\\\/uploads\\\/2025\\\/12\\\/WhatsApp-Image-2025-12-25-at-22.19.36.jpeg\",\"contentUrl\":\"https:\\\/\\\/www.notibras.com\\\/site\\\/wp-content\\\/uploads\\\/2025\\\/12\\\/WhatsApp-Image-2025-12-25-at-22.19.36.jpeg\",\"width\":984,\"height\":843},{\"@type\":\"BreadcrumbList\",\"@id\":\"https:\\\/\\\/www.notibras.com\\\/site\\\/esta-na-hora-de-criminalizar-o-discurso-de-odio-contra-mulheres\\\/#breadcrumb\",\"itemListElement\":[{\"@type\":\"ListItem\",\"position\":1,\"name\":\"In\u00edcio\",\"item\":\"https:\\\/\\\/www.notibras.com\\\/site\\\/\"},{\"@type\":\"ListItem\",\"position\":2,\"name\":\"Est\u00e1 na hora de criminalizar o discurso de \u00f3dio contra mulheres\"}]},{\"@type\":\"WebSite\",\"@id\":\"https:\\\/\\\/www.notibras.com\\\/site\\\/#website\",\"url\":\"https:\\\/\\\/www.notibras.com\\\/site\\\/\",\"name\":\"Notibras\",\"description\":\"Not\u00edcias de Bras\u00edlia, do Brasil e do Mundo\",\"publisher\":{\"@id\":\"https:\\\/\\\/www.notibras.com\\\/site\\\/#organization\"},\"potentialAction\":[{\"@type\":\"SearchAction\",\"target\":{\"@type\":\"EntryPoint\",\"urlTemplate\":\"https:\\\/\\\/www.notibras.com\\\/site\\\/?s={search_term_string}\"},\"query-input\":{\"@type\":\"PropertyValueSpecification\",\"valueRequired\":true,\"valueName\":\"search_term_string\"}}],\"inLanguage\":\"pt-BR\"},{\"@type\":\"Organization\",\"@id\":\"https:\\\/\\\/www.notibras.com\\\/site\\\/#organization\",\"name\":\"Grupo Notibras de Comunica\u00e7\u00e3o\",\"url\":\"https:\\\/\\\/www.notibras.com\\\/site\\\/\",\"logo\":{\"@type\":\"ImageObject\",\"inLanguage\":\"pt-BR\",\"@id\":\"https:\\\/\\\/www.notibras.com\\\/site\\\/#\\\/schema\\\/logo\\\/image\\\/\",\"url\":\"https:\\\/\\\/www.notibras.com\\\/site\\\/wp-content\\\/uploads\\\/2023\\\/01\\\/notibras23.png\",\"contentUrl\":\"https:\\\/\\\/www.notibras.com\\\/site\\\/wp-content\\\/uploads\\\/2023\\\/01\\\/notibras23.png\",\"width\":350,\"height\":87,\"caption\":\"Grupo Notibras de Comunica\u00e7\u00e3o\"},\"image\":{\"@id\":\"https:\\\/\\\/www.notibras.com\\\/site\\\/#\\\/schema\\\/logo\\\/image\\\/\"},\"sameAs\":[\"https:\\\/\\\/www.facebook.com\\\/notibras\\\/\",\"https:\\\/\\\/x.com\\\/Notibras\",\"https:\\\/\\\/www.instagram.com\\\/notibras\\\/\"]},{\"@type\":\"Person\",\"@id\":\"https:\\\/\\\/www.notibras.com\\\/site\\\/#\\\/schema\\\/person\\\/5b7fabf2aedc3ada2105f03b22b4d3dd\",\"name\":\"Eduardo Mart\u00ednez\",\"image\":{\"@type\":\"ImageObject\",\"inLanguage\":\"pt-BR\",\"@id\":\"https:\\\/\\\/secure.gravatar.com\\\/avatar\\\/7902f906289926289cbcda644b5197c796b893c6ffd7b9a536a42d290f7704a0?s=96&d=mm&r=g\",\"url\":\"https:\\\/\\\/secure.gravatar.com\\\/avatar\\\/7902f906289926289cbcda644b5197c796b893c6ffd7b9a536a42d290f7704a0?s=96&d=mm&r=g\",\"contentUrl\":\"https:\\\/\\\/secure.gravatar.com\\\/avatar\\\/7902f906289926289cbcda644b5197c796b893c6ffd7b9a536a42d290f7704a0?s=96&d=mm&r=g\",\"caption\":\"Eduardo Mart\u00ednez\"}}]}<\/script>\n<!-- \/ Yoast SEO plugin. -->","yoast_head_json":{"title":"Est\u00e1 na hora de criminalizar o discurso de \u00f3dio contra mulheres - Notibras","robots":{"index":"index","follow":"follow","max-snippet":"max-snippet:-1","max-image-preview":"max-image-preview:large","max-video-preview":"max-video-preview:-1"},"canonical":"https:\/\/www.notibras.com\/site\/esta-na-hora-de-criminalizar-o-discurso-de-odio-contra-mulheres\/","og_locale":"pt_BR","og_type":"article","og_title":"Est\u00e1 na hora de criminalizar o discurso de \u00f3dio contra mulheres - Notibras","og_description":"Na v\u00e9spera de Natal, quando as casas se enchiam de cheiros, de vozes e de expectativas para a ceia, eu recebi a not\u00edcia: Tainara Souza morreu. Tinha apenas 31 anos. Enquanto muitos arrumavam a mesa e abra\u00e7avam os seus, ela partia depois de quase um m\u00eas internada, v\u00edtima de uma viol\u00eancia que come\u00e7ou muito antes [&hellip;]","og_url":"https:\/\/www.notibras.com\/site\/esta-na-hora-de-criminalizar-o-discurso-de-odio-contra-mulheres\/","og_site_name":"Notibras","article_publisher":"https:\/\/www.facebook.com\/notibras\/","article_published_time":"2025-12-26T05:00:35+00:00","article_modified_time":"2025-12-26T06:46:25+00:00","og_image":[{"width":984,"height":843,"url":"https:\/\/www.notibras.com\/site\/wp-content\/uploads\/2025\/12\/WhatsApp-Image-2025-12-25-at-22.19.36.jpeg","type":"image\/jpeg"}],"author":"Eduardo Mart\u00ednez","twitter_card":"summary_large_image","twitter_creator":"@Notibras","twitter_site":"@Notibras","twitter_misc":{"Escrito por":"Eduardo Mart\u00ednez","Est. tempo de leitura":"3 minutos"},"schema":{"@context":"https:\/\/schema.org","@graph":[{"@type":"Article","@id":"https:\/\/www.notibras.com\/site\/esta-na-hora-de-criminalizar-o-discurso-de-odio-contra-mulheres\/#article","isPartOf":{"@id":"https:\/\/www.notibras.com\/site\/esta-na-hora-de-criminalizar-o-discurso-de-odio-contra-mulheres\/"},"author":{"name":"Eduardo Mart\u00ednez","@id":"https:\/\/www.notibras.com\/site\/#\/schema\/person\/5b7fabf2aedc3ada2105f03b22b4d3dd"},"headline":"Est\u00e1 na hora de criminalizar o discurso de \u00f3dio contra mulheres","datePublished":"2025-12-26T05:00:35+00:00","dateModified":"2025-12-26T06:46:25+00:00","mainEntityOfPage":{"@id":"https:\/\/www.notibras.com\/site\/esta-na-hora-de-criminalizar-o-discurso-de-odio-contra-mulheres\/"},"wordCount":521,"publisher":{"@id":"https:\/\/www.notibras.com\/site\/#organization"},"image":{"@id":"https:\/\/www.notibras.com\/site\/esta-na-hora-de-criminalizar-o-discurso-de-odio-contra-mulheres\/#primaryimage"},"thumbnailUrl":"https:\/\/www.notibras.com\/site\/wp-content\/uploads\/2025\/12\/WhatsApp-Image-2025-12-25-at-22.19.36.jpeg","articleSection":["Dona Irene"],"inLanguage":"pt-BR"},{"@type":"WebPage","@id":"https:\/\/www.notibras.com\/site\/esta-na-hora-de-criminalizar-o-discurso-de-odio-contra-mulheres\/","url":"https:\/\/www.notibras.com\/site\/esta-na-hora-de-criminalizar-o-discurso-de-odio-contra-mulheres\/","name":"Est\u00e1 na hora de criminalizar o discurso de \u00f3dio contra mulheres - Notibras","isPartOf":{"@id":"https:\/\/www.notibras.com\/site\/#website"},"primaryImageOfPage":{"@id":"https:\/\/www.notibras.com\/site\/esta-na-hora-de-criminalizar-o-discurso-de-odio-contra-mulheres\/#primaryimage"},"image":{"@id":"https:\/\/www.notibras.com\/site\/esta-na-hora-de-criminalizar-o-discurso-de-odio-contra-mulheres\/#primaryimage"},"thumbnailUrl":"https:\/\/www.notibras.com\/site\/wp-content\/uploads\/2025\/12\/WhatsApp-Image-2025-12-25-at-22.19.36.jpeg","datePublished":"2025-12-26T05:00:35+00:00","dateModified":"2025-12-26T06:46:25+00:00","breadcrumb":{"@id":"https:\/\/www.notibras.com\/site\/esta-na-hora-de-criminalizar-o-discurso-de-odio-contra-mulheres\/#breadcrumb"},"inLanguage":"pt-BR","potentialAction":[{"@type":"ReadAction","target":["https:\/\/www.notibras.com\/site\/esta-na-hora-de-criminalizar-o-discurso-de-odio-contra-mulheres\/"]}]},{"@type":"ImageObject","inLanguage":"pt-BR","@id":"https:\/\/www.notibras.com\/site\/esta-na-hora-de-criminalizar-o-discurso-de-odio-contra-mulheres\/#primaryimage","url":"https:\/\/www.notibras.com\/site\/wp-content\/uploads\/2025\/12\/WhatsApp-Image-2025-12-25-at-22.19.36.jpeg","contentUrl":"https:\/\/www.notibras.com\/site\/wp-content\/uploads\/2025\/12\/WhatsApp-Image-2025-12-25-at-22.19.36.jpeg","width":984,"height":843},{"@type":"BreadcrumbList","@id":"https:\/\/www.notibras.com\/site\/esta-na-hora-de-criminalizar-o-discurso-de-odio-contra-mulheres\/#breadcrumb","itemListElement":[{"@type":"ListItem","position":1,"name":"In\u00edcio","item":"https:\/\/www.notibras.com\/site\/"},{"@type":"ListItem","position":2,"name":"Est\u00e1 na hora de criminalizar o discurso de \u00f3dio contra mulheres"}]},{"@type":"WebSite","@id":"https:\/\/www.notibras.com\/site\/#website","url":"https:\/\/www.notibras.com\/site\/","name":"Notibras","description":"Not\u00edcias de Bras\u00edlia, do Brasil e do Mundo","publisher":{"@id":"https:\/\/www.notibras.com\/site\/#organization"},"potentialAction":[{"@type":"SearchAction","target":{"@type":"EntryPoint","urlTemplate":"https:\/\/www.notibras.com\/site\/?s={search_term_string}"},"query-input":{"@type":"PropertyValueSpecification","valueRequired":true,"valueName":"search_term_string"}}],"inLanguage":"pt-BR"},{"@type":"Organization","@id":"https:\/\/www.notibras.com\/site\/#organization","name":"Grupo Notibras de Comunica\u00e7\u00e3o","url":"https:\/\/www.notibras.com\/site\/","logo":{"@type":"ImageObject","inLanguage":"pt-BR","@id":"https:\/\/www.notibras.com\/site\/#\/schema\/logo\/image\/","url":"https:\/\/www.notibras.com\/site\/wp-content\/uploads\/2023\/01\/notibras23.png","contentUrl":"https:\/\/www.notibras.com\/site\/wp-content\/uploads\/2023\/01\/notibras23.png","width":350,"height":87,"caption":"Grupo Notibras de Comunica\u00e7\u00e3o"},"image":{"@id":"https:\/\/www.notibras.com\/site\/#\/schema\/logo\/image\/"},"sameAs":["https:\/\/www.facebook.com\/notibras\/","https:\/\/x.com\/Notibras","https:\/\/www.instagram.com\/notibras\/"]},{"@type":"Person","@id":"https:\/\/www.notibras.com\/site\/#\/schema\/person\/5b7fabf2aedc3ada2105f03b22b4d3dd","name":"Eduardo Mart\u00ednez","image":{"@type":"ImageObject","inLanguage":"pt-BR","@id":"https:\/\/secure.gravatar.com\/avatar\/7902f906289926289cbcda644b5197c796b893c6ffd7b9a536a42d290f7704a0?s=96&d=mm&r=g","url":"https:\/\/secure.gravatar.com\/avatar\/7902f906289926289cbcda644b5197c796b893c6ffd7b9a536a42d290f7704a0?s=96&d=mm&r=g","contentUrl":"https:\/\/secure.gravatar.com\/avatar\/7902f906289926289cbcda644b5197c796b893c6ffd7b9a536a42d290f7704a0?s=96&d=mm&r=g","caption":"Eduardo Mart\u00ednez"}}]}},"amp_enabled":true,"_links":{"self":[{"href":"https:\/\/www.notibras.com\/site\/wp-json\/wp\/v2\/posts\/376351","targetHints":{"allow":["GET"]}}],"collection":[{"href":"https:\/\/www.notibras.com\/site\/wp-json\/wp\/v2\/posts"}],"about":[{"href":"https:\/\/www.notibras.com\/site\/wp-json\/wp\/v2\/types\/post"}],"author":[{"embeddable":true,"href":"https:\/\/www.notibras.com\/site\/wp-json\/wp\/v2\/users\/21"}],"replies":[{"embeddable":true,"href":"https:\/\/www.notibras.com\/site\/wp-json\/wp\/v2\/comments?post=376351"}],"version-history":[{"count":4,"href":"https:\/\/www.notibras.com\/site\/wp-json\/wp\/v2\/posts\/376351\/revisions"}],"predecessor-version":[{"id":376418,"href":"https:\/\/www.notibras.com\/site\/wp-json\/wp\/v2\/posts\/376351\/revisions\/376418"}],"wp:featuredmedia":[{"embeddable":true,"href":"https:\/\/www.notibras.com\/site\/wp-json\/wp\/v2\/media\/376352"}],"wp:attachment":[{"href":"https:\/\/www.notibras.com\/site\/wp-json\/wp\/v2\/media?parent=376351"}],"wp:term":[{"taxonomy":"category","embeddable":true,"href":"https:\/\/www.notibras.com\/site\/wp-json\/wp\/v2\/categories?post=376351"},{"taxonomy":"post_tag","embeddable":true,"href":"https:\/\/www.notibras.com\/site\/wp-json\/wp\/v2\/tags?post=376351"}],"curies":[{"name":"wp","href":"https:\/\/api.w.org\/{rel}","templated":true}]}}