{"id":376366,"date":"2025-12-26T00:45:39","date_gmt":"2025-12-26T03:45:39","guid":{"rendered":"https:\/\/www.notibras.com\/site\/?p=376366"},"modified":"2025-12-25T22:53:21","modified_gmt":"2025-12-26T01:53:21","slug":"acao-de-acolhimento-a-populacao-em-situacao-de-rua-nesta-6a-feira-26","status":"publish","type":"post","link":"https:\/\/www.notibras.com\/site\/acao-de-acolhimento-a-populacao-em-situacao-de-rua-nesta-6a-feira-26\/","title":{"rendered":"A\u00e7\u00e3o de acolhimento \u00e0 popula\u00e7\u00e3o em situa\u00e7\u00e3o de rua nesta 6\u00aa-feira (26)"},"content":{"rendered":"<p>O Governo do Distrito Federal (GDF) far\u00e1 a oferta de acolhimento e assist\u00eancia social a pessoas que est\u00e3o instaladas em cinco endere\u00e7os distintos no Plano Piloto. A a\u00e7\u00e3o est\u00e1 prevista para ter in\u00edcio \u00e0s 9h desta sexta-feira (26), \u00e9 coordenada pela Casa Civil e envolve as secretarias de Desenvolvimento Social (Sedes-DF), de Sa\u00fade (SES-DF), de Educa\u00e7\u00e3o (SEEDF), de Desenvolvimento Econ\u00f4mico, Trabalho e Renda (Sedet-DF), de Seguran\u00e7a P\u00fablica (SSP-DF), de Prote\u00e7\u00e3o da Ordem Urban\u00edstica (DF Legal) e de Justi\u00e7a e Cidadania (Sejus-DF), o Servi\u00e7o de Limpeza Urbana (SLU), a Novacap, a Codhab, o Detran-DF, a Pol\u00edcia Militar, a Pol\u00edcia Civil, o Corpo de Bombeiros Militar e o Conselho Tutelar.<\/p>\n<p>As pessoas em situa\u00e7\u00e3o de rua receber\u00e3o a oferta de diversos servi\u00e7os em \u00e1reas como sa\u00fade, educa\u00e7\u00e3o e assist\u00eancia social, al\u00e9m de orienta\u00e7\u00e3o sobre cuidados com animais dom\u00e9sticos e benef\u00edcios como deslocamento interestadual. Tamb\u00e9m ser\u00e1 oferecido um aux\u00edlio excepcional de R$ 600 para aqueles sem condi\u00e7\u00f5es de pagar aluguel. Vagas em abrigos, programas de qualifica\u00e7\u00e3o profissional, como o RenovaDF , e o cadastro para unidades habitacionais tamb\u00e9m estar\u00e3o dispon\u00edveis.<\/p>\n<p>Ap\u00f3s todo o atendimento, a DF Legal far\u00e1 o desmonte das estruturas das pessoas em situa\u00e7\u00e3o de rua e o transporte dos pertences ao local regular indicado pelo ocupante. Em \u00faltimo caso, o governo levar\u00e1 os objetos pessoais ao dep\u00f3sito da pasta, no SIA Trecho 04, Lotes 1380\/1420, para retirada em at\u00e9 60 dias, sem qualquer custo para o respons\u00e1vel.<\/p>\n<p>No decorrer de toda a semana, as secretarias realizaram abordagens sociais e atendimentos pr\u00e9vios nos locais, mapeando o p\u00fablico que ser\u00e1 atendido e suas demandas.<\/p>\n<p><strong>Pontos de a\u00e7\u00e3o no Plano Piloto para sexta (26)<\/strong><\/p>\n<p>Estacionamento do Minist\u00e9rio da Defesa<\/p>\n<p>Quadra 611 Norte<\/p>\n<p>SQN 416, em frente ao Bloco M<\/p>\n<p>Final do Cal\u00e7ad\u00e3o da Asa Norte (Parque Deck Norte)<\/p>\n<p>Asa Norte, da quadra 708 \u00e0 716<\/p>\n","protected":false},"excerpt":{"rendered":"<p>O Governo do Distrito Federal (GDF) far\u00e1 a oferta de acolhimento e assist\u00eancia social a pessoas que est\u00e3o instaladas em cinco endere\u00e7os distintos no Plano Piloto. A a\u00e7\u00e3o est\u00e1 prevista para ter in\u00edcio \u00e0s 9h desta sexta-feira (26), \u00e9 coordenada pela Casa Civil e envolve as secretarias de Desenvolvimento Social (Sedes-DF), de Sa\u00fade (SES-DF), de [&hellip;]<\/p>\n","protected":false},"author":21,"featured_media":376367,"comment_status":"closed","ping_status":"closed","sticky":false,"template":"","format":"standard","meta":{"_acf_changed":false,"footnotes":""},"categories":[161],"tags":[],"class_list":["post-376366","post","type-post","status-publish","format-standard","has-post-thumbnail","hentry","category-quadradinho-em-foco"],"acf":[],"yoast_head":"<!-- This site is optimized with the Yoast SEO plugin v27.5 - https:\/\/yoast.com\/product\/yoast-seo-wordpress\/ -->\n<title>A\u00e7\u00e3o de acolhimento \u00e0 popula\u00e7\u00e3o em situa\u00e7\u00e3o de rua nesta 6\u00aa-feira (26) - Notibras<\/title>\n<meta name=\"robots\" content=\"index, follow, max-snippet:-1, max-image-preview:large, max-video-preview:-1\" \/>\n<link rel=\"canonical\" href=\"https:\/\/www.notibras.com\/site\/acao-de-acolhimento-a-populacao-em-situacao-de-rua-nesta-6a-feira-26\/\" \/>\n<meta property=\"og:locale\" content=\"pt_BR\" \/>\n<meta property=\"og:type\" content=\"article\" \/>\n<meta property=\"og:title\" content=\"A\u00e7\u00e3o de acolhimento \u00e0 popula\u00e7\u00e3o em situa\u00e7\u00e3o de rua nesta 6\u00aa-feira (26) - Notibras\" \/>\n<meta property=\"og:description\" content=\"O Governo do Distrito Federal (GDF) far\u00e1 a oferta de acolhimento e assist\u00eancia social a pessoas que est\u00e3o instaladas em cinco endere\u00e7os distintos no Plano Piloto. A a\u00e7\u00e3o est\u00e1 prevista para ter in\u00edcio \u00e0s 9h desta sexta-feira (26), \u00e9 coordenada pela Casa Civil e envolve as secretarias de Desenvolvimento Social (Sedes-DF), de Sa\u00fade (SES-DF), de [&hellip;]\" \/>\n<meta property=\"og:url\" content=\"https:\/\/www.notibras.com\/site\/acao-de-acolhimento-a-populacao-em-situacao-de-rua-nesta-6a-feira-26\/\" \/>\n<meta property=\"og:site_name\" content=\"Notibras\" \/>\n<meta property=\"article:publisher\" content=\"https:\/\/www.facebook.com\/notibras\/\" \/>\n<meta property=\"article:published_time\" content=\"2025-12-26T03:45:39+00:00\" \/>\n<meta property=\"og:image\" content=\"https:\/\/www.notibras.com\/site\/wp-content\/uploads\/2025\/12\/54342209831_4bc1180775_o-2.jpg\" \/>\n\t<meta property=\"og:image:width\" content=\"1920\" \/>\n\t<meta property=\"og:image:height\" content=\"1080\" \/>\n\t<meta property=\"og:image:type\" content=\"image\/jpeg\" \/>\n<meta name=\"author\" content=\"Eduardo Mart\u00ednez\" \/>\n<meta name=\"twitter:card\" content=\"summary_large_image\" \/>\n<meta name=\"twitter:creator\" content=\"@Notibras\" \/>\n<meta name=\"twitter:site\" content=\"@Notibras\" \/>\n<meta name=\"twitter:label1\" content=\"Escrito por\" \/>\n\t<meta name=\"twitter:data1\" content=\"Eduardo Mart\u00ednez\" \/>\n\t<meta name=\"twitter:label2\" content=\"Est. tempo de leitura\" \/>\n\t<meta name=\"twitter:data2\" content=\"2 minutos\" \/>\n<script type=\"application\/ld+json\" class=\"yoast-schema-graph\">{\"@context\":\"https:\\\/\\\/schema.org\",\"@graph\":[{\"@type\":\"Article\",\"@id\":\"https:\\\/\\\/www.notibras.com\\\/site\\\/acao-de-acolhimento-a-populacao-em-situacao-de-rua-nesta-6a-feira-26\\\/#article\",\"isPartOf\":{\"@id\":\"https:\\\/\\\/www.notibras.com\\\/site\\\/acao-de-acolhimento-a-populacao-em-situacao-de-rua-nesta-6a-feira-26\\\/\"},\"author\":{\"name\":\"Eduardo Mart\u00ednez\",\"@id\":\"https:\\\/\\\/www.notibras.com\\\/site\\\/#\\\/schema\\\/person\\\/5b7fabf2aedc3ada2105f03b22b4d3dd\"},\"headline\":\"A\u00e7\u00e3o de acolhimento \u00e0 popula\u00e7\u00e3o em situa\u00e7\u00e3o de rua nesta 6\u00aa-feira (26)\",\"datePublished\":\"2025-12-26T03:45:39+00:00\",\"mainEntityOfPage\":{\"@id\":\"https:\\\/\\\/www.notibras.com\\\/site\\\/acao-de-acolhimento-a-populacao-em-situacao-de-rua-nesta-6a-feira-26\\\/\"},\"wordCount\":345,\"publisher\":{\"@id\":\"https:\\\/\\\/www.notibras.com\\\/site\\\/#organization\"},\"image\":{\"@id\":\"https:\\\/\\\/www.notibras.com\\\/site\\\/acao-de-acolhimento-a-populacao-em-situacao-de-rua-nesta-6a-feira-26\\\/#primaryimage\"},\"thumbnailUrl\":\"https:\\\/\\\/www.notibras.com\\\/site\\\/wp-content\\\/uploads\\\/2025\\\/12\\\/54342209831_4bc1180775_o-2.jpg\",\"articleSection\":[\"Quadradinho em Foco\"],\"inLanguage\":\"pt-BR\"},{\"@type\":\"WebPage\",\"@id\":\"https:\\\/\\\/www.notibras.com\\\/site\\\/acao-de-acolhimento-a-populacao-em-situacao-de-rua-nesta-6a-feira-26\\\/\",\"url\":\"https:\\\/\\\/www.notibras.com\\\/site\\\/acao-de-acolhimento-a-populacao-em-situacao-de-rua-nesta-6a-feira-26\\\/\",\"name\":\"A\u00e7\u00e3o de acolhimento \u00e0 popula\u00e7\u00e3o em situa\u00e7\u00e3o de rua nesta 6\u00aa-feira (26) - Notibras\",\"isPartOf\":{\"@id\":\"https:\\\/\\\/www.notibras.com\\\/site\\\/#website\"},\"primaryImageOfPage\":{\"@id\":\"https:\\\/\\\/www.notibras.com\\\/site\\\/acao-de-acolhimento-a-populacao-em-situacao-de-rua-nesta-6a-feira-26\\\/#primaryimage\"},\"image\":{\"@id\":\"https:\\\/\\\/www.notibras.com\\\/site\\\/acao-de-acolhimento-a-populacao-em-situacao-de-rua-nesta-6a-feira-26\\\/#primaryimage\"},\"thumbnailUrl\":\"https:\\\/\\\/www.notibras.com\\\/site\\\/wp-content\\\/uploads\\\/2025\\\/12\\\/54342209831_4bc1180775_o-2.jpg\",\"datePublished\":\"2025-12-26T03:45:39+00:00\",\"breadcrumb\":{\"@id\":\"https:\\\/\\\/www.notibras.com\\\/site\\\/acao-de-acolhimento-a-populacao-em-situacao-de-rua-nesta-6a-feira-26\\\/#breadcrumb\"},\"inLanguage\":\"pt-BR\",\"potentialAction\":[{\"@type\":\"ReadAction\",\"target\":[\"https:\\\/\\\/www.notibras.com\\\/site\\\/acao-de-acolhimento-a-populacao-em-situacao-de-rua-nesta-6a-feira-26\\\/\"]}]},{\"@type\":\"ImageObject\",\"inLanguage\":\"pt-BR\",\"@id\":\"https:\\\/\\\/www.notibras.com\\\/site\\\/acao-de-acolhimento-a-populacao-em-situacao-de-rua-nesta-6a-feira-26\\\/#primaryimage\",\"url\":\"https:\\\/\\\/www.notibras.com\\\/site\\\/wp-content\\\/uploads\\\/2025\\\/12\\\/54342209831_4bc1180775_o-2.jpg\",\"contentUrl\":\"https:\\\/\\\/www.notibras.com\\\/site\\\/wp-content\\\/uploads\\\/2025\\\/12\\\/54342209831_4bc1180775_o-2.jpg\",\"width\":1920,\"height\":1080},{\"@type\":\"BreadcrumbList\",\"@id\":\"https:\\\/\\\/www.notibras.com\\\/site\\\/acao-de-acolhimento-a-populacao-em-situacao-de-rua-nesta-6a-feira-26\\\/#breadcrumb\",\"itemListElement\":[{\"@type\":\"ListItem\",\"position\":1,\"name\":\"In\u00edcio\",\"item\":\"https:\\\/\\\/www.notibras.com\\\/site\\\/\"},{\"@type\":\"ListItem\",\"position\":2,\"name\":\"A\u00e7\u00e3o de acolhimento \u00e0 popula\u00e7\u00e3o em situa\u00e7\u00e3o de rua nesta 6\u00aa-feira (26)\"}]},{\"@type\":\"WebSite\",\"@id\":\"https:\\\/\\\/www.notibras.com\\\/site\\\/#website\",\"url\":\"https:\\\/\\\/www.notibras.com\\\/site\\\/\",\"name\":\"Notibras\",\"description\":\"Not\u00edcias de Bras\u00edlia, do Brasil e do Mundo\",\"publisher\":{\"@id\":\"https:\\\/\\\/www.notibras.com\\\/site\\\/#organization\"},\"potentialAction\":[{\"@type\":\"SearchAction\",\"target\":{\"@type\":\"EntryPoint\",\"urlTemplate\":\"https:\\\/\\\/www.notibras.com\\\/site\\\/?s={search_term_string}\"},\"query-input\":{\"@type\":\"PropertyValueSpecification\",\"valueRequired\":true,\"valueName\":\"search_term_string\"}}],\"inLanguage\":\"pt-BR\"},{\"@type\":\"Organization\",\"@id\":\"https:\\\/\\\/www.notibras.com\\\/site\\\/#organization\",\"name\":\"Grupo Notibras de Comunica\u00e7\u00e3o\",\"url\":\"https:\\\/\\\/www.notibras.com\\\/site\\\/\",\"logo\":{\"@type\":\"ImageObject\",\"inLanguage\":\"pt-BR\",\"@id\":\"https:\\\/\\\/www.notibras.com\\\/site\\\/#\\\/schema\\\/logo\\\/image\\\/\",\"url\":\"https:\\\/\\\/www.notibras.com\\\/site\\\/wp-content\\\/uploads\\\/2023\\\/01\\\/notibras23.png\",\"contentUrl\":\"https:\\\/\\\/www.notibras.com\\\/site\\\/wp-content\\\/uploads\\\/2023\\\/01\\\/notibras23.png\",\"width\":350,\"height\":87,\"caption\":\"Grupo Notibras de Comunica\u00e7\u00e3o\"},\"image\":{\"@id\":\"https:\\\/\\\/www.notibras.com\\\/site\\\/#\\\/schema\\\/logo\\\/image\\\/\"},\"sameAs\":[\"https:\\\/\\\/www.facebook.com\\\/notibras\\\/\",\"https:\\\/\\\/x.com\\\/Notibras\",\"https:\\\/\\\/www.instagram.com\\\/notibras\\\/\"]},{\"@type\":\"Person\",\"@id\":\"https:\\\/\\\/www.notibras.com\\\/site\\\/#\\\/schema\\\/person\\\/5b7fabf2aedc3ada2105f03b22b4d3dd\",\"name\":\"Eduardo Mart\u00ednez\",\"image\":{\"@type\":\"ImageObject\",\"inLanguage\":\"pt-BR\",\"@id\":\"https:\\\/\\\/secure.gravatar.com\\\/avatar\\\/7902f906289926289cbcda644b5197c796b893c6ffd7b9a536a42d290f7704a0?s=96&d=mm&r=g\",\"url\":\"https:\\\/\\\/secure.gravatar.com\\\/avatar\\\/7902f906289926289cbcda644b5197c796b893c6ffd7b9a536a42d290f7704a0?s=96&d=mm&r=g\",\"contentUrl\":\"https:\\\/\\\/secure.gravatar.com\\\/avatar\\\/7902f906289926289cbcda644b5197c796b893c6ffd7b9a536a42d290f7704a0?s=96&d=mm&r=g\",\"caption\":\"Eduardo Mart\u00ednez\"}}]}<\/script>\n<!-- \/ Yoast SEO plugin. -->","yoast_head_json":{"title":"A\u00e7\u00e3o de acolhimento \u00e0 popula\u00e7\u00e3o em situa\u00e7\u00e3o de rua nesta 6\u00aa-feira (26) - Notibras","robots":{"index":"index","follow":"follow","max-snippet":"max-snippet:-1","max-image-preview":"max-image-preview:large","max-video-preview":"max-video-preview:-1"},"canonical":"https:\/\/www.notibras.com\/site\/acao-de-acolhimento-a-populacao-em-situacao-de-rua-nesta-6a-feira-26\/","og_locale":"pt_BR","og_type":"article","og_title":"A\u00e7\u00e3o de acolhimento \u00e0 popula\u00e7\u00e3o em situa\u00e7\u00e3o de rua nesta 6\u00aa-feira (26) - Notibras","og_description":"O Governo do Distrito Federal (GDF) far\u00e1 a oferta de acolhimento e assist\u00eancia social a pessoas que est\u00e3o instaladas em cinco endere\u00e7os distintos no Plano Piloto. A a\u00e7\u00e3o est\u00e1 prevista para ter in\u00edcio \u00e0s 9h desta sexta-feira (26), \u00e9 coordenada pela Casa Civil e envolve as secretarias de Desenvolvimento Social (Sedes-DF), de Sa\u00fade (SES-DF), de [&hellip;]","og_url":"https:\/\/www.notibras.com\/site\/acao-de-acolhimento-a-populacao-em-situacao-de-rua-nesta-6a-feira-26\/","og_site_name":"Notibras","article_publisher":"https:\/\/www.facebook.com\/notibras\/","article_published_time":"2025-12-26T03:45:39+00:00","og_image":[{"width":1920,"height":1080,"url":"https:\/\/www.notibras.com\/site\/wp-content\/uploads\/2025\/12\/54342209831_4bc1180775_o-2.jpg","type":"image\/jpeg"}],"author":"Eduardo Mart\u00ednez","twitter_card":"summary_large_image","twitter_creator":"@Notibras","twitter_site":"@Notibras","twitter_misc":{"Escrito por":"Eduardo Mart\u00ednez","Est. tempo de leitura":"2 minutos"},"schema":{"@context":"https:\/\/schema.org","@graph":[{"@type":"Article","@id":"https:\/\/www.notibras.com\/site\/acao-de-acolhimento-a-populacao-em-situacao-de-rua-nesta-6a-feira-26\/#article","isPartOf":{"@id":"https:\/\/www.notibras.com\/site\/acao-de-acolhimento-a-populacao-em-situacao-de-rua-nesta-6a-feira-26\/"},"author":{"name":"Eduardo Mart\u00ednez","@id":"https:\/\/www.notibras.com\/site\/#\/schema\/person\/5b7fabf2aedc3ada2105f03b22b4d3dd"},"headline":"A\u00e7\u00e3o de acolhimento \u00e0 popula\u00e7\u00e3o em situa\u00e7\u00e3o de rua nesta 6\u00aa-feira (26)","datePublished":"2025-12-26T03:45:39+00:00","mainEntityOfPage":{"@id":"https:\/\/www.notibras.com\/site\/acao-de-acolhimento-a-populacao-em-situacao-de-rua-nesta-6a-feira-26\/"},"wordCount":345,"publisher":{"@id":"https:\/\/www.notibras.com\/site\/#organization"},"image":{"@id":"https:\/\/www.notibras.com\/site\/acao-de-acolhimento-a-populacao-em-situacao-de-rua-nesta-6a-feira-26\/#primaryimage"},"thumbnailUrl":"https:\/\/www.notibras.com\/site\/wp-content\/uploads\/2025\/12\/54342209831_4bc1180775_o-2.jpg","articleSection":["Quadradinho em Foco"],"inLanguage":"pt-BR"},{"@type":"WebPage","@id":"https:\/\/www.notibras.com\/site\/acao-de-acolhimento-a-populacao-em-situacao-de-rua-nesta-6a-feira-26\/","url":"https:\/\/www.notibras.com\/site\/acao-de-acolhimento-a-populacao-em-situacao-de-rua-nesta-6a-feira-26\/","name":"A\u00e7\u00e3o de acolhimento \u00e0 popula\u00e7\u00e3o em situa\u00e7\u00e3o de rua nesta 6\u00aa-feira (26) - Notibras","isPartOf":{"@id":"https:\/\/www.notibras.com\/site\/#website"},"primaryImageOfPage":{"@id":"https:\/\/www.notibras.com\/site\/acao-de-acolhimento-a-populacao-em-situacao-de-rua-nesta-6a-feira-26\/#primaryimage"},"image":{"@id":"https:\/\/www.notibras.com\/site\/acao-de-acolhimento-a-populacao-em-situacao-de-rua-nesta-6a-feira-26\/#primaryimage"},"thumbnailUrl":"https:\/\/www.notibras.com\/site\/wp-content\/uploads\/2025\/12\/54342209831_4bc1180775_o-2.jpg","datePublished":"2025-12-26T03:45:39+00:00","breadcrumb":{"@id":"https:\/\/www.notibras.com\/site\/acao-de-acolhimento-a-populacao-em-situacao-de-rua-nesta-6a-feira-26\/#breadcrumb"},"inLanguage":"pt-BR","potentialAction":[{"@type":"ReadAction","target":["https:\/\/www.notibras.com\/site\/acao-de-acolhimento-a-populacao-em-situacao-de-rua-nesta-6a-feira-26\/"]}]},{"@type":"ImageObject","inLanguage":"pt-BR","@id":"https:\/\/www.notibras.com\/site\/acao-de-acolhimento-a-populacao-em-situacao-de-rua-nesta-6a-feira-26\/#primaryimage","url":"https:\/\/www.notibras.com\/site\/wp-content\/uploads\/2025\/12\/54342209831_4bc1180775_o-2.jpg","contentUrl":"https:\/\/www.notibras.com\/site\/wp-content\/uploads\/2025\/12\/54342209831_4bc1180775_o-2.jpg","width":1920,"height":1080},{"@type":"BreadcrumbList","@id":"https:\/\/www.notibras.com\/site\/acao-de-acolhimento-a-populacao-em-situacao-de-rua-nesta-6a-feira-26\/#breadcrumb","itemListElement":[{"@type":"ListItem","position":1,"name":"In\u00edcio","item":"https:\/\/www.notibras.com\/site\/"},{"@type":"ListItem","position":2,"name":"A\u00e7\u00e3o de acolhimento \u00e0 popula\u00e7\u00e3o em situa\u00e7\u00e3o de rua nesta 6\u00aa-feira (26)"}]},{"@type":"WebSite","@id":"https:\/\/www.notibras.com\/site\/#website","url":"https:\/\/www.notibras.com\/site\/","name":"Notibras","description":"Not\u00edcias de Bras\u00edlia, do Brasil e do Mundo","publisher":{"@id":"https:\/\/www.notibras.com\/site\/#organization"},"potentialAction":[{"@type":"SearchAction","target":{"@type":"EntryPoint","urlTemplate":"https:\/\/www.notibras.com\/site\/?s={search_term_string}"},"query-input":{"@type":"PropertyValueSpecification","valueRequired":true,"valueName":"search_term_string"}}],"inLanguage":"pt-BR"},{"@type":"Organization","@id":"https:\/\/www.notibras.com\/site\/#organization","name":"Grupo Notibras de Comunica\u00e7\u00e3o","url":"https:\/\/www.notibras.com\/site\/","logo":{"@type":"ImageObject","inLanguage":"pt-BR","@id":"https:\/\/www.notibras.com\/site\/#\/schema\/logo\/image\/","url":"https:\/\/www.notibras.com\/site\/wp-content\/uploads\/2023\/01\/notibras23.png","contentUrl":"https:\/\/www.notibras.com\/site\/wp-content\/uploads\/2023\/01\/notibras23.png","width":350,"height":87,"caption":"Grupo Notibras de Comunica\u00e7\u00e3o"},"image":{"@id":"https:\/\/www.notibras.com\/site\/#\/schema\/logo\/image\/"},"sameAs":["https:\/\/www.facebook.com\/notibras\/","https:\/\/x.com\/Notibras","https:\/\/www.instagram.com\/notibras\/"]},{"@type":"Person","@id":"https:\/\/www.notibras.com\/site\/#\/schema\/person\/5b7fabf2aedc3ada2105f03b22b4d3dd","name":"Eduardo Mart\u00ednez","image":{"@type":"ImageObject","inLanguage":"pt-BR","@id":"https:\/\/secure.gravatar.com\/avatar\/7902f906289926289cbcda644b5197c796b893c6ffd7b9a536a42d290f7704a0?s=96&d=mm&r=g","url":"https:\/\/secure.gravatar.com\/avatar\/7902f906289926289cbcda644b5197c796b893c6ffd7b9a536a42d290f7704a0?s=96&d=mm&r=g","contentUrl":"https:\/\/secure.gravatar.com\/avatar\/7902f906289926289cbcda644b5197c796b893c6ffd7b9a536a42d290f7704a0?s=96&d=mm&r=g","caption":"Eduardo Mart\u00ednez"}}]}},"amp_enabled":true,"_links":{"self":[{"href":"https:\/\/www.notibras.com\/site\/wp-json\/wp\/v2\/posts\/376366","targetHints":{"allow":["GET"]}}],"collection":[{"href":"https:\/\/www.notibras.com\/site\/wp-json\/wp\/v2\/posts"}],"about":[{"href":"https:\/\/www.notibras.com\/site\/wp-json\/wp\/v2\/types\/post"}],"author":[{"embeddable":true,"href":"https:\/\/www.notibras.com\/site\/wp-json\/wp\/v2\/users\/21"}],"replies":[{"embeddable":true,"href":"https:\/\/www.notibras.com\/site\/wp-json\/wp\/v2\/comments?post=376366"}],"version-history":[{"count":2,"href":"https:\/\/www.notibras.com\/site\/wp-json\/wp\/v2\/posts\/376366\/revisions"}],"predecessor-version":[{"id":376369,"href":"https:\/\/www.notibras.com\/site\/wp-json\/wp\/v2\/posts\/376366\/revisions\/376369"}],"wp:featuredmedia":[{"embeddable":true,"href":"https:\/\/www.notibras.com\/site\/wp-json\/wp\/v2\/media\/376367"}],"wp:attachment":[{"href":"https:\/\/www.notibras.com\/site\/wp-json\/wp\/v2\/media?parent=376366"}],"wp:term":[{"taxonomy":"category","embeddable":true,"href":"https:\/\/www.notibras.com\/site\/wp-json\/wp\/v2\/categories?post=376366"},{"taxonomy":"post_tag","embeddable":true,"href":"https:\/\/www.notibras.com\/site\/wp-json\/wp\/v2\/tags?post=376366"}],"curies":[{"name":"wp","href":"https:\/\/api.w.org\/{rel}","templated":true}]}}