{"id":376379,"date":"2025-12-27T00:30:40","date_gmt":"2025-12-27T03:30:40","guid":{"rendered":"https:\/\/www.notibras.com\/site\/?p=376379"},"modified":"2025-12-25T23:53:51","modified_gmt":"2025-12-26T02:53:51","slug":"fotos-que-nao-cabem-mais-no-album","status":"publish","type":"post","link":"https:\/\/www.notibras.com\/site\/fotos-que-nao-cabem-mais-no-album\/","title":{"rendered":"Fotos que n\u00e3o cabem mais no \u00e1lbum"},"content":{"rendered":"<p>Abri a caixa de sapato que vive no alto do arm\u00e1rio e caiu um peda\u00e7o do s\u00e9culo passado na minha cabe\u00e7a. Literalmente: uma foto 10\u00d715 bateu na minha testa como quem diria que o tempo pesa tanto?<\/p>\n<p>A primeira que peguei era de 1972. Eu com seis anos, dente faltando, cabelo tigela, segurando um picol\u00e9 que escorria mais r\u00e1pido que minha felicidade. Ao fundo, minha av\u00f3 rindo com a boca cheia de milho assado. Eu nem lembrava que ela usava \u00f3culos de arma\u00e7\u00e3o vermelha. Olhei tanto tempo praquela foto que quase senti o gosto do groselha derretendo no meu queixo.<\/p>\n<p>Tem outra: Natal de 2001. A \u00e1rvore de Natal era t\u00e3o pequena que parecia de brinquedo, mas a gente tinha de sobra. Meu tio Zeca de camisa xadrez horrorosa, minha prima com aparelho roxo brilhante, meu pai com cabelo (sim, ele j\u00e1 teve). Todo mundo com cara de quem comeu rabanada at\u00e9 quase explodir. No canto da foto, escrito com canetinha: &#8220;Feliz 2002 \u2013 que venha o Lula&#8221;. Veio. A foto ficou.<\/p>\n<p>A\u00ed vem as fotos de escola. Meu Deus, as fotos de escola. Eu com uniforme duas vezes maior, cabelo de rabo, cara de quem foi obrigado a sorrir sob pena de morte. Ao lado, o amigo L\u00e9o, que jurava que ia ser jogador do Corinthians e hoje vende seguro de carro em Campinas. Sorriso de quem ainda acreditava em tudo.<\/p>\n<p>E as fotos de Orkut, meu pai do c\u00e9u. Impressas! Porque em 2008 a gente tinha medo que o Orkut acabasse e imprimia tudo. Eu com franja, delineador borrado, fazendo biquinho na frente do espelho do banheiro. A legenda escrita atr\u00e1s: &#8220;sou um ser estranho e talz&#8221;. Eu era. Continuo sendo, s\u00f3 que agora sem franja.<\/p>\n<p>De repente um verso escapuliu e caiu no ch\u00e3o: minha m\u00e3e com 29 anos, magrinha, cabelo cacheado solto, segurando eu beb\u00ea no colo. Ela olha pra c\u00e2mera com um sorriso t\u00e3o leve que d\u00f3i. Eu nunca tinha reparado que ela era t\u00e3o jovem. T\u00e3o bonita. T\u00e3o poss\u00edvel de errar, de sonhar, de cansar. Naquele instante ela era s\u00f3 uma menina com um beb\u00ea no colo e o futuro inteiro pela frente. Agora sou eu que carrego ela nas lembran\u00e7as.<\/p>\n<p>Senti o verso chegar baixinho, quase pedido:<\/p>\n<p>A foto n\u00e3o guarda luz<\/p>\n<p>guarda cheiro de bolo queimado<\/p>\n<p>guarda grito de &#8220;sorri!&#8221;<\/p>\n<p>guarda domingo com sol demais<\/p>\n<p>guarda a voz que j\u00e1 se foi<\/p>\n<p>mas ainda fala dentro do peito<\/p>\n<p>quando a gente menos espera.<\/p>\n<p>Guardei todas de volta na caixa, mas deixei tr\u00eas em cima da mesa:<\/p>\n<p>a do picol\u00e9 com a av\u00f3<\/p>\n<p>a do Natal com cabelo no meu pai<\/p>\n<p>a da minha m\u00e3e me segurando como quem segura o mundo.<\/p>\n<p>As outras podem esperar. Essas tr\u00eas precisam respirar um pouco. Precisam me lembrar que o tempo n\u00e3o levou tudo: levou o picol\u00e9, levou o cabelo, levou a voz, mas deixou o essencial: a prova de que um dia a gente foi inteiro dentro de um peda\u00e7o 10\u00d715.<\/p>\n<p>E enquanto eu tiver essa caixa,<\/p>\n<p>o passado n\u00e3o morre.<\/p>\n<p>S\u00f3 fica quietinho,<\/p>\n<p>esperando eu abrir de novo<\/p>\n<p>pra me dar um abra\u00e7o de papel e saudade de tudo que se foi.<\/p>\n","protected":false},"excerpt":{"rendered":"<p>Abri a caixa de sapato que vive no alto do arm\u00e1rio e caiu um peda\u00e7o do s\u00e9culo passado na minha cabe\u00e7a. Literalmente: uma foto 10\u00d715 bateu na minha testa como quem diria que o tempo pesa tanto? A primeira que peguei era de 1972. Eu com seis anos, dente faltando, cabelo tigela, segurando um picol\u00e9 [&hellip;]<\/p>\n","protected":false},"author":21,"featured_media":376380,"comment_status":"closed","ping_status":"closed","sticky":false,"template":"","format":"standard","meta":{"_acf_changed":false,"footnotes":""},"categories":[234],"tags":[],"class_list":["post-376379","post","type-post","status-publish","format-standard","has-post-thumbnail","hentry","category-cafe-literario"],"acf":[],"yoast_head":"<!-- This site is optimized with the Yoast SEO plugin v27.5 - https:\/\/yoast.com\/product\/yoast-seo-wordpress\/ -->\n<title>Fotos que n\u00e3o cabem mais no \u00e1lbum - Notibras<\/title>\n<meta name=\"robots\" content=\"index, follow, max-snippet:-1, max-image-preview:large, max-video-preview:-1\" \/>\n<link rel=\"canonical\" href=\"https:\/\/www.notibras.com\/site\/fotos-que-nao-cabem-mais-no-album\/\" \/>\n<meta property=\"og:locale\" content=\"pt_BR\" \/>\n<meta property=\"og:type\" content=\"article\" \/>\n<meta property=\"og:title\" content=\"Fotos que n\u00e3o cabem mais no \u00e1lbum - Notibras\" \/>\n<meta property=\"og:description\" content=\"Abri a caixa de sapato que vive no alto do arm\u00e1rio e caiu um peda\u00e7o do s\u00e9culo passado na minha cabe\u00e7a. Literalmente: uma foto 10\u00d715 bateu na minha testa como quem diria que o tempo pesa tanto? A primeira que peguei era de 1972. Eu com seis anos, dente faltando, cabelo tigela, segurando um picol\u00e9 [&hellip;]\" \/>\n<meta property=\"og:url\" content=\"https:\/\/www.notibras.com\/site\/fotos-que-nao-cabem-mais-no-album\/\" \/>\n<meta property=\"og:site_name\" content=\"Notibras\" \/>\n<meta property=\"article:publisher\" content=\"https:\/\/www.facebook.com\/notibras\/\" \/>\n<meta property=\"article:published_time\" content=\"2025-12-27T03:30:40+00:00\" \/>\n<meta property=\"og:image\" content=\"https:\/\/www.notibras.com\/site\/wp-content\/uploads\/2025\/12\/WhatsApp-Image-2025-12-25-at-23.50.27.jpeg\" \/>\n\t<meta property=\"og:image:width\" content=\"1023\" \/>\n\t<meta property=\"og:image:height\" content=\"943\" \/>\n\t<meta property=\"og:image:type\" content=\"image\/jpeg\" \/>\n<meta name=\"author\" content=\"Eduardo Mart\u00ednez\" \/>\n<meta name=\"twitter:card\" content=\"summary_large_image\" \/>\n<meta name=\"twitter:creator\" content=\"@Notibras\" \/>\n<meta name=\"twitter:site\" content=\"@Notibras\" \/>\n<meta name=\"twitter:label1\" content=\"Escrito por\" \/>\n\t<meta name=\"twitter:data1\" content=\"Eduardo Mart\u00ednez\" \/>\n\t<meta name=\"twitter:label2\" content=\"Est. tempo de leitura\" \/>\n\t<meta name=\"twitter:data2\" content=\"4 minutos\" \/>\n<script type=\"application\/ld+json\" class=\"yoast-schema-graph\">{\"@context\":\"https:\\\/\\\/schema.org\",\"@graph\":[{\"@type\":\"Article\",\"@id\":\"https:\\\/\\\/www.notibras.com\\\/site\\\/fotos-que-nao-cabem-mais-no-album\\\/#article\",\"isPartOf\":{\"@id\":\"https:\\\/\\\/www.notibras.com\\\/site\\\/fotos-que-nao-cabem-mais-no-album\\\/\"},\"author\":{\"name\":\"Eduardo Mart\u00ednez\",\"@id\":\"https:\\\/\\\/www.notibras.com\\\/site\\\/#\\\/schema\\\/person\\\/5b7fabf2aedc3ada2105f03b22b4d3dd\"},\"headline\":\"Fotos que n\u00e3o cabem mais no \u00e1lbum\",\"datePublished\":\"2025-12-27T03:30:40+00:00\",\"mainEntityOfPage\":{\"@id\":\"https:\\\/\\\/www.notibras.com\\\/site\\\/fotos-que-nao-cabem-mais-no-album\\\/\"},\"wordCount\":556,\"publisher\":{\"@id\":\"https:\\\/\\\/www.notibras.com\\\/site\\\/#organization\"},\"image\":{\"@id\":\"https:\\\/\\\/www.notibras.com\\\/site\\\/fotos-que-nao-cabem-mais-no-album\\\/#primaryimage\"},\"thumbnailUrl\":\"https:\\\/\\\/www.notibras.com\\\/site\\\/wp-content\\\/uploads\\\/2025\\\/12\\\/WhatsApp-Image-2025-12-25-at-23.50.27.jpeg\",\"articleSection\":[\"Caf\u00e9 Liter\u00e1rio\"],\"inLanguage\":\"pt-BR\"},{\"@type\":\"WebPage\",\"@id\":\"https:\\\/\\\/www.notibras.com\\\/site\\\/fotos-que-nao-cabem-mais-no-album\\\/\",\"url\":\"https:\\\/\\\/www.notibras.com\\\/site\\\/fotos-que-nao-cabem-mais-no-album\\\/\",\"name\":\"Fotos que n\u00e3o cabem mais no \u00e1lbum - Notibras\",\"isPartOf\":{\"@id\":\"https:\\\/\\\/www.notibras.com\\\/site\\\/#website\"},\"primaryImageOfPage\":{\"@id\":\"https:\\\/\\\/www.notibras.com\\\/site\\\/fotos-que-nao-cabem-mais-no-album\\\/#primaryimage\"},\"image\":{\"@id\":\"https:\\\/\\\/www.notibras.com\\\/site\\\/fotos-que-nao-cabem-mais-no-album\\\/#primaryimage\"},\"thumbnailUrl\":\"https:\\\/\\\/www.notibras.com\\\/site\\\/wp-content\\\/uploads\\\/2025\\\/12\\\/WhatsApp-Image-2025-12-25-at-23.50.27.jpeg\",\"datePublished\":\"2025-12-27T03:30:40+00:00\",\"breadcrumb\":{\"@id\":\"https:\\\/\\\/www.notibras.com\\\/site\\\/fotos-que-nao-cabem-mais-no-album\\\/#breadcrumb\"},\"inLanguage\":\"pt-BR\",\"potentialAction\":[{\"@type\":\"ReadAction\",\"target\":[\"https:\\\/\\\/www.notibras.com\\\/site\\\/fotos-que-nao-cabem-mais-no-album\\\/\"]}]},{\"@type\":\"ImageObject\",\"inLanguage\":\"pt-BR\",\"@id\":\"https:\\\/\\\/www.notibras.com\\\/site\\\/fotos-que-nao-cabem-mais-no-album\\\/#primaryimage\",\"url\":\"https:\\\/\\\/www.notibras.com\\\/site\\\/wp-content\\\/uploads\\\/2025\\\/12\\\/WhatsApp-Image-2025-12-25-at-23.50.27.jpeg\",\"contentUrl\":\"https:\\\/\\\/www.notibras.com\\\/site\\\/wp-content\\\/uploads\\\/2025\\\/12\\\/WhatsApp-Image-2025-12-25-at-23.50.27.jpeg\",\"width\":1023,\"height\":943},{\"@type\":\"BreadcrumbList\",\"@id\":\"https:\\\/\\\/www.notibras.com\\\/site\\\/fotos-que-nao-cabem-mais-no-album\\\/#breadcrumb\",\"itemListElement\":[{\"@type\":\"ListItem\",\"position\":1,\"name\":\"In\u00edcio\",\"item\":\"https:\\\/\\\/www.notibras.com\\\/site\\\/\"},{\"@type\":\"ListItem\",\"position\":2,\"name\":\"Fotos que n\u00e3o cabem mais no \u00e1lbum\"}]},{\"@type\":\"WebSite\",\"@id\":\"https:\\\/\\\/www.notibras.com\\\/site\\\/#website\",\"url\":\"https:\\\/\\\/www.notibras.com\\\/site\\\/\",\"name\":\"Notibras\",\"description\":\"Not\u00edcias de Bras\u00edlia, do Brasil e do Mundo\",\"publisher\":{\"@id\":\"https:\\\/\\\/www.notibras.com\\\/site\\\/#organization\"},\"potentialAction\":[{\"@type\":\"SearchAction\",\"target\":{\"@type\":\"EntryPoint\",\"urlTemplate\":\"https:\\\/\\\/www.notibras.com\\\/site\\\/?s={search_term_string}\"},\"query-input\":{\"@type\":\"PropertyValueSpecification\",\"valueRequired\":true,\"valueName\":\"search_term_string\"}}],\"inLanguage\":\"pt-BR\"},{\"@type\":\"Organization\",\"@id\":\"https:\\\/\\\/www.notibras.com\\\/site\\\/#organization\",\"name\":\"Grupo Notibras de Comunica\u00e7\u00e3o\",\"url\":\"https:\\\/\\\/www.notibras.com\\\/site\\\/\",\"logo\":{\"@type\":\"ImageObject\",\"inLanguage\":\"pt-BR\",\"@id\":\"https:\\\/\\\/www.notibras.com\\\/site\\\/#\\\/schema\\\/logo\\\/image\\\/\",\"url\":\"https:\\\/\\\/www.notibras.com\\\/site\\\/wp-content\\\/uploads\\\/2023\\\/01\\\/notibras23.png\",\"contentUrl\":\"https:\\\/\\\/www.notibras.com\\\/site\\\/wp-content\\\/uploads\\\/2023\\\/01\\\/notibras23.png\",\"width\":350,\"height\":87,\"caption\":\"Grupo Notibras de Comunica\u00e7\u00e3o\"},\"image\":{\"@id\":\"https:\\\/\\\/www.notibras.com\\\/site\\\/#\\\/schema\\\/logo\\\/image\\\/\"},\"sameAs\":[\"https:\\\/\\\/www.facebook.com\\\/notibras\\\/\",\"https:\\\/\\\/x.com\\\/Notibras\",\"https:\\\/\\\/www.instagram.com\\\/notibras\\\/\"]},{\"@type\":\"Person\",\"@id\":\"https:\\\/\\\/www.notibras.com\\\/site\\\/#\\\/schema\\\/person\\\/5b7fabf2aedc3ada2105f03b22b4d3dd\",\"name\":\"Eduardo Mart\u00ednez\",\"image\":{\"@type\":\"ImageObject\",\"inLanguage\":\"pt-BR\",\"@id\":\"https:\\\/\\\/secure.gravatar.com\\\/avatar\\\/7902f906289926289cbcda644b5197c796b893c6ffd7b9a536a42d290f7704a0?s=96&d=mm&r=g\",\"url\":\"https:\\\/\\\/secure.gravatar.com\\\/avatar\\\/7902f906289926289cbcda644b5197c796b893c6ffd7b9a536a42d290f7704a0?s=96&d=mm&r=g\",\"contentUrl\":\"https:\\\/\\\/secure.gravatar.com\\\/avatar\\\/7902f906289926289cbcda644b5197c796b893c6ffd7b9a536a42d290f7704a0?s=96&d=mm&r=g\",\"caption\":\"Eduardo Mart\u00ednez\"}}]}<\/script>\n<!-- \/ Yoast SEO plugin. -->","yoast_head_json":{"title":"Fotos que n\u00e3o cabem mais no \u00e1lbum - Notibras","robots":{"index":"index","follow":"follow","max-snippet":"max-snippet:-1","max-image-preview":"max-image-preview:large","max-video-preview":"max-video-preview:-1"},"canonical":"https:\/\/www.notibras.com\/site\/fotos-que-nao-cabem-mais-no-album\/","og_locale":"pt_BR","og_type":"article","og_title":"Fotos que n\u00e3o cabem mais no \u00e1lbum - Notibras","og_description":"Abri a caixa de sapato que vive no alto do arm\u00e1rio e caiu um peda\u00e7o do s\u00e9culo passado na minha cabe\u00e7a. Literalmente: uma foto 10\u00d715 bateu na minha testa como quem diria que o tempo pesa tanto? A primeira que peguei era de 1972. Eu com seis anos, dente faltando, cabelo tigela, segurando um picol\u00e9 [&hellip;]","og_url":"https:\/\/www.notibras.com\/site\/fotos-que-nao-cabem-mais-no-album\/","og_site_name":"Notibras","article_publisher":"https:\/\/www.facebook.com\/notibras\/","article_published_time":"2025-12-27T03:30:40+00:00","og_image":[{"width":1023,"height":943,"url":"https:\/\/www.notibras.com\/site\/wp-content\/uploads\/2025\/12\/WhatsApp-Image-2025-12-25-at-23.50.27.jpeg","type":"image\/jpeg"}],"author":"Eduardo Mart\u00ednez","twitter_card":"summary_large_image","twitter_creator":"@Notibras","twitter_site":"@Notibras","twitter_misc":{"Escrito por":"Eduardo Mart\u00ednez","Est. tempo de leitura":"4 minutos"},"schema":{"@context":"https:\/\/schema.org","@graph":[{"@type":"Article","@id":"https:\/\/www.notibras.com\/site\/fotos-que-nao-cabem-mais-no-album\/#article","isPartOf":{"@id":"https:\/\/www.notibras.com\/site\/fotos-que-nao-cabem-mais-no-album\/"},"author":{"name":"Eduardo Mart\u00ednez","@id":"https:\/\/www.notibras.com\/site\/#\/schema\/person\/5b7fabf2aedc3ada2105f03b22b4d3dd"},"headline":"Fotos que n\u00e3o cabem mais no \u00e1lbum","datePublished":"2025-12-27T03:30:40+00:00","mainEntityOfPage":{"@id":"https:\/\/www.notibras.com\/site\/fotos-que-nao-cabem-mais-no-album\/"},"wordCount":556,"publisher":{"@id":"https:\/\/www.notibras.com\/site\/#organization"},"image":{"@id":"https:\/\/www.notibras.com\/site\/fotos-que-nao-cabem-mais-no-album\/#primaryimage"},"thumbnailUrl":"https:\/\/www.notibras.com\/site\/wp-content\/uploads\/2025\/12\/WhatsApp-Image-2025-12-25-at-23.50.27.jpeg","articleSection":["Caf\u00e9 Liter\u00e1rio"],"inLanguage":"pt-BR"},{"@type":"WebPage","@id":"https:\/\/www.notibras.com\/site\/fotos-que-nao-cabem-mais-no-album\/","url":"https:\/\/www.notibras.com\/site\/fotos-que-nao-cabem-mais-no-album\/","name":"Fotos que n\u00e3o cabem mais no \u00e1lbum - Notibras","isPartOf":{"@id":"https:\/\/www.notibras.com\/site\/#website"},"primaryImageOfPage":{"@id":"https:\/\/www.notibras.com\/site\/fotos-que-nao-cabem-mais-no-album\/#primaryimage"},"image":{"@id":"https:\/\/www.notibras.com\/site\/fotos-que-nao-cabem-mais-no-album\/#primaryimage"},"thumbnailUrl":"https:\/\/www.notibras.com\/site\/wp-content\/uploads\/2025\/12\/WhatsApp-Image-2025-12-25-at-23.50.27.jpeg","datePublished":"2025-12-27T03:30:40+00:00","breadcrumb":{"@id":"https:\/\/www.notibras.com\/site\/fotos-que-nao-cabem-mais-no-album\/#breadcrumb"},"inLanguage":"pt-BR","potentialAction":[{"@type":"ReadAction","target":["https:\/\/www.notibras.com\/site\/fotos-que-nao-cabem-mais-no-album\/"]}]},{"@type":"ImageObject","inLanguage":"pt-BR","@id":"https:\/\/www.notibras.com\/site\/fotos-que-nao-cabem-mais-no-album\/#primaryimage","url":"https:\/\/www.notibras.com\/site\/wp-content\/uploads\/2025\/12\/WhatsApp-Image-2025-12-25-at-23.50.27.jpeg","contentUrl":"https:\/\/www.notibras.com\/site\/wp-content\/uploads\/2025\/12\/WhatsApp-Image-2025-12-25-at-23.50.27.jpeg","width":1023,"height":943},{"@type":"BreadcrumbList","@id":"https:\/\/www.notibras.com\/site\/fotos-que-nao-cabem-mais-no-album\/#breadcrumb","itemListElement":[{"@type":"ListItem","position":1,"name":"In\u00edcio","item":"https:\/\/www.notibras.com\/site\/"},{"@type":"ListItem","position":2,"name":"Fotos que n\u00e3o cabem mais no \u00e1lbum"}]},{"@type":"WebSite","@id":"https:\/\/www.notibras.com\/site\/#website","url":"https:\/\/www.notibras.com\/site\/","name":"Notibras","description":"Not\u00edcias de Bras\u00edlia, do Brasil e do Mundo","publisher":{"@id":"https:\/\/www.notibras.com\/site\/#organization"},"potentialAction":[{"@type":"SearchAction","target":{"@type":"EntryPoint","urlTemplate":"https:\/\/www.notibras.com\/site\/?s={search_term_string}"},"query-input":{"@type":"PropertyValueSpecification","valueRequired":true,"valueName":"search_term_string"}}],"inLanguage":"pt-BR"},{"@type":"Organization","@id":"https:\/\/www.notibras.com\/site\/#organization","name":"Grupo Notibras de Comunica\u00e7\u00e3o","url":"https:\/\/www.notibras.com\/site\/","logo":{"@type":"ImageObject","inLanguage":"pt-BR","@id":"https:\/\/www.notibras.com\/site\/#\/schema\/logo\/image\/","url":"https:\/\/www.notibras.com\/site\/wp-content\/uploads\/2023\/01\/notibras23.png","contentUrl":"https:\/\/www.notibras.com\/site\/wp-content\/uploads\/2023\/01\/notibras23.png","width":350,"height":87,"caption":"Grupo Notibras de Comunica\u00e7\u00e3o"},"image":{"@id":"https:\/\/www.notibras.com\/site\/#\/schema\/logo\/image\/"},"sameAs":["https:\/\/www.facebook.com\/notibras\/","https:\/\/x.com\/Notibras","https:\/\/www.instagram.com\/notibras\/"]},{"@type":"Person","@id":"https:\/\/www.notibras.com\/site\/#\/schema\/person\/5b7fabf2aedc3ada2105f03b22b4d3dd","name":"Eduardo Mart\u00ednez","image":{"@type":"ImageObject","inLanguage":"pt-BR","@id":"https:\/\/secure.gravatar.com\/avatar\/7902f906289926289cbcda644b5197c796b893c6ffd7b9a536a42d290f7704a0?s=96&d=mm&r=g","url":"https:\/\/secure.gravatar.com\/avatar\/7902f906289926289cbcda644b5197c796b893c6ffd7b9a536a42d290f7704a0?s=96&d=mm&r=g","contentUrl":"https:\/\/secure.gravatar.com\/avatar\/7902f906289926289cbcda644b5197c796b893c6ffd7b9a536a42d290f7704a0?s=96&d=mm&r=g","caption":"Eduardo Mart\u00ednez"}}]}},"amp_enabled":true,"_links":{"self":[{"href":"https:\/\/www.notibras.com\/site\/wp-json\/wp\/v2\/posts\/376379","targetHints":{"allow":["GET"]}}],"collection":[{"href":"https:\/\/www.notibras.com\/site\/wp-json\/wp\/v2\/posts"}],"about":[{"href":"https:\/\/www.notibras.com\/site\/wp-json\/wp\/v2\/types\/post"}],"author":[{"embeddable":true,"href":"https:\/\/www.notibras.com\/site\/wp-json\/wp\/v2\/users\/21"}],"replies":[{"embeddable":true,"href":"https:\/\/www.notibras.com\/site\/wp-json\/wp\/v2\/comments?post=376379"}],"version-history":[{"count":2,"href":"https:\/\/www.notibras.com\/site\/wp-json\/wp\/v2\/posts\/376379\/revisions"}],"predecessor-version":[{"id":376382,"href":"https:\/\/www.notibras.com\/site\/wp-json\/wp\/v2\/posts\/376379\/revisions\/376382"}],"wp:featuredmedia":[{"embeddable":true,"href":"https:\/\/www.notibras.com\/site\/wp-json\/wp\/v2\/media\/376380"}],"wp:attachment":[{"href":"https:\/\/www.notibras.com\/site\/wp-json\/wp\/v2\/media?parent=376379"}],"wp:term":[{"taxonomy":"category","embeddable":true,"href":"https:\/\/www.notibras.com\/site\/wp-json\/wp\/v2\/categories?post=376379"},{"taxonomy":"post_tag","embeddable":true,"href":"https:\/\/www.notibras.com\/site\/wp-json\/wp\/v2\/tags?post=376379"}],"curies":[{"name":"wp","href":"https:\/\/api.w.org\/{rel}","templated":true}]}}