{"id":376389,"date":"2025-12-28T00:30:12","date_gmt":"2025-12-28T03:30:12","guid":{"rendered":"https:\/\/www.notibras.com\/site\/?p=376389"},"modified":"2025-12-26T00:15:22","modified_gmt":"2025-12-26T03:15:22","slug":"voltou-da-europa-um-imbecilzinho","status":"publish","type":"post","link":"https:\/\/www.notibras.com\/site\/voltou-da-europa-um-imbecilzinho\/","title":{"rendered":"Voltou da Europa um imbecilzinho"},"content":{"rendered":"<p>Fernando havia morado quase quatro anos na Fran\u00e7a e em Portugal, \u00e0s voltas com uma tese de doutorado que jamais terminou. Voltou do Velho Mundo um imbecilzinho europeizado, destinado a ir pela estrada da vida de escorregadela em escorregadela, de gaffe en gaffe.<\/p>\n<p>O sintoma inicial veio logo ap\u00f3s o desembarque em solo tupiniquim. Decidiu jantar fora e, bien s\u00fbr, pediu servi\u00e7o completo, \u00e0 francesa: entrada, prato principal, queijo, sobremesa, um digestivo e caf\u00e9. E, claro, um bom vinho. Levou um susto ao ver a quantidade de comida que sobrou: as por\u00e7\u00f5es brazucas eram duas vezes maiores que as francesas. E duas vezes mais caras, teve um susto ainda maior ao receber a conta pra l\u00e1 de salgada. Sem falar no pre\u00e7o do vinho, um absurdo!<\/p>\n<p>O choque com a realidade dos pre\u00e7os fez em peda\u00e7os seu projeto de flanar pela vida, com um p\u00e9 na academia e outro no mundo editorial, onde sempre havia trabalhado. Correu para a reda\u00e7\u00e3o do jornal que deixara quatro anos antes, para rever os amigos e, sobretudo, descolar um frila e, se poss\u00edvel, um emprego de carteira assinada.<\/p>\n<p>Foi no jornal, conversando com o editor de Cultura, a \u201csua\u201d editoria, que pintou o segundo sintoma de desraizamento. No meio do papo, ele a apresentou a uma jornalista da editoria, que lhe perguntou, gentilmente, se j\u00e1 sabia onde iria morar.<\/p>\n<p>Ele podia ter respondido: \u201cAinda n\u00e3o sei\u201d, ou \u201cProvavelmente na zona oeste, eu morava em Pinheiros\u201d. Mas n\u00e3o, o pav\u00e3o viajado abriu a cauda e fuzilou:<\/p>\n<p>&#8211; Morei em Botucatu [sua cidade natal], em S\u00e3o Paulo, em Paris e em Lisboa. Vai ser em uma dessas quatro cidades.<\/p>\n<p>Sil\u00eancio inc\u00f4modo. A jornalista afastou-se, alegando um compromisso, e o editor tratou de despach\u00e1-lo na primeira oportunidade.<\/p>\n<p>O sintoma mais grave ocorreu dias depois, quando foi almo\u00e7ar com a turma do jornal (a ca\u00e7a de frilas exige sacrif\u00edcios). L\u00e1 pelas tantas, algu\u00e9m pediu um Montblanc. Fernando desembestou:<\/p>\n<p>&#8211; Ah, Montblanc! Minha sobremesa predileta. Gosto de ver o chantili escorrendo sur la cr\u00e8me de marron \u2013 percebeu pelos rostos que alguns, tadinhos, n\u00e3o falavam franc\u00eas e traduziu \u2013 sobre o creme de castanha. E o sabor \u00e9 simplesmente di-vi-no!<\/p>\n<p>Sil\u00eancio gelado. Ele n\u00e3o notou, ou percebeu e n\u00e3o deu a m\u00ednima para as rea\u00e7\u00f5es da tigrada, e j\u00e1 se preparava para falar dos vendedores de castanhas, \u00e0s margens do Sena, t\u00e3o pitorescos, quando o gar\u00e7om chegou com o Montblanc pedido. Era um ma\u00e7o de cigarro rebenta-peito, um dos mais baratos do mercado. Depois disso, a face em chamas, Fernando n\u00e3o teve coragem de abrir a boca, obrigado a reunir for\u00e7as para enfrentar o desd\u00e9m amplo, geral e irrestrito.<\/p>\n<p>Fernando poderia ter continuado assim pelos s\u00e9culos dos s\u00e9culos, am\u00e9m, tropicando de gafe em gafe, n\u00e3o fosse uma can\u00e7\u00e3o. Foi salvo pelo Rancho da goiabada, composi\u00e7\u00e3o de Aldir Blanc e Jo\u00e3o Bosco, na poderosa interpreta\u00e7\u00e3o de Elis Regina. A cada verso, os \u201cpalha\u00e7os, marcianos, canibais, l\u00edrios, pirados\u201d o envolviam. Sentiu que alguma coisa se quebrava dentro dele: a coura\u00e7a europeia, precariamente envergada. O sofisticado creme de castanha com chantili deu lugar \u00e0 boa e velha goiabada casc\u00e3o, com muito queijo. N\u00e3o, a Europa n\u00e3o se curvou ante o Brasil, mas algo poderoso reconquistou o misto de acad\u00eamico e jornalista. N\u00e3o a p\u00e1tria, nem mesmo a m\u00e1tria, mas o sofrido povo brasileiro, que faz qualquer coisa pra espantar a tristeza, pra poder suportar. Um povo simples, com seus pais-de-santo, paus-de-arara, passistas, pingentes, balconistas e boias-frias, que se reinstalou, feito um posseiro, em sua mente e em seu cora\u00e7\u00e3o.<\/p>\n","protected":false},"excerpt":{"rendered":"<p>Fernando havia morado quase quatro anos na Fran\u00e7a e em Portugal, \u00e0s voltas com uma tese de doutorado que jamais terminou. Voltou do Velho Mundo um imbecilzinho europeizado, destinado a ir pela estrada da vida de escorregadela em escorregadela, de gaffe en gaffe. O sintoma inicial veio logo ap\u00f3s o desembarque em solo tupiniquim. Decidiu [&hellip;]<\/p>\n","protected":false},"author":21,"featured_media":376393,"comment_status":"closed","ping_status":"closed","sticky":false,"template":"","format":"standard","meta":{"_acf_changed":false,"footnotes":""},"categories":[234],"tags":[],"class_list":["post-376389","post","type-post","status-publish","format-standard","has-post-thumbnail","hentry","category-cafe-literario"],"acf":[],"yoast_head":"<!-- This site is optimized with the Yoast SEO plugin v27.5 - https:\/\/yoast.com\/product\/yoast-seo-wordpress\/ -->\n<title>Voltou da Europa um imbecilzinho - Notibras<\/title>\n<meta name=\"robots\" content=\"index, follow, max-snippet:-1, max-image-preview:large, max-video-preview:-1\" \/>\n<link rel=\"canonical\" href=\"https:\/\/www.notibras.com\/site\/voltou-da-europa-um-imbecilzinho\/\" \/>\n<meta property=\"og:locale\" content=\"pt_BR\" \/>\n<meta property=\"og:type\" content=\"article\" \/>\n<meta property=\"og:title\" content=\"Voltou da Europa um imbecilzinho - Notibras\" \/>\n<meta property=\"og:description\" content=\"Fernando havia morado quase quatro anos na Fran\u00e7a e em Portugal, \u00e0s voltas com uma tese de doutorado que jamais terminou. Voltou do Velho Mundo um imbecilzinho europeizado, destinado a ir pela estrada da vida de escorregadela em escorregadela, de gaffe en gaffe. O sintoma inicial veio logo ap\u00f3s o desembarque em solo tupiniquim. Decidiu [&hellip;]\" \/>\n<meta property=\"og:url\" content=\"https:\/\/www.notibras.com\/site\/voltou-da-europa-um-imbecilzinho\/\" \/>\n<meta property=\"og:site_name\" content=\"Notibras\" \/>\n<meta property=\"article:publisher\" content=\"https:\/\/www.facebook.com\/notibras\/\" \/>\n<meta property=\"article:published_time\" content=\"2025-12-28T03:30:12+00:00\" \/>\n<meta property=\"og:image\" content=\"https:\/\/www.notibras.com\/site\/wp-content\/uploads\/2025\/12\/IMG_9824.jpg\" \/>\n\t<meta property=\"og:image:width\" content=\"1023\" \/>\n\t<meta property=\"og:image:height\" content=\"942\" \/>\n\t<meta property=\"og:image:type\" content=\"image\/jpeg\" \/>\n<meta name=\"author\" content=\"Eduardo Mart\u00ednez\" \/>\n<meta name=\"twitter:card\" content=\"summary_large_image\" \/>\n<meta name=\"twitter:creator\" content=\"@Notibras\" \/>\n<meta name=\"twitter:site\" content=\"@Notibras\" \/>\n<meta name=\"twitter:label1\" content=\"Escrito por\" \/>\n\t<meta name=\"twitter:data1\" content=\"Eduardo Mart\u00ednez\" \/>\n\t<meta name=\"twitter:label2\" content=\"Est. tempo de leitura\" \/>\n\t<meta name=\"twitter:data2\" content=\"4 minutos\" \/>\n<script type=\"application\/ld+json\" class=\"yoast-schema-graph\">{\"@context\":\"https:\\\/\\\/schema.org\",\"@graph\":[{\"@type\":\"Article\",\"@id\":\"https:\\\/\\\/www.notibras.com\\\/site\\\/voltou-da-europa-um-imbecilzinho\\\/#article\",\"isPartOf\":{\"@id\":\"https:\\\/\\\/www.notibras.com\\\/site\\\/voltou-da-europa-um-imbecilzinho\\\/\"},\"author\":{\"name\":\"Eduardo Mart\u00ednez\",\"@id\":\"https:\\\/\\\/www.notibras.com\\\/site\\\/#\\\/schema\\\/person\\\/5b7fabf2aedc3ada2105f03b22b4d3dd\"},\"headline\":\"Voltou da Europa um imbecilzinho\",\"datePublished\":\"2025-12-28T03:30:12+00:00\",\"mainEntityOfPage\":{\"@id\":\"https:\\\/\\\/www.notibras.com\\\/site\\\/voltou-da-europa-um-imbecilzinho\\\/\"},\"wordCount\":641,\"publisher\":{\"@id\":\"https:\\\/\\\/www.notibras.com\\\/site\\\/#organization\"},\"image\":{\"@id\":\"https:\\\/\\\/www.notibras.com\\\/site\\\/voltou-da-europa-um-imbecilzinho\\\/#primaryimage\"},\"thumbnailUrl\":\"https:\\\/\\\/www.notibras.com\\\/site\\\/wp-content\\\/uploads\\\/2025\\\/12\\\/IMG_9824.jpg\",\"articleSection\":[\"Caf\u00e9 Liter\u00e1rio\"],\"inLanguage\":\"pt-BR\"},{\"@type\":\"WebPage\",\"@id\":\"https:\\\/\\\/www.notibras.com\\\/site\\\/voltou-da-europa-um-imbecilzinho\\\/\",\"url\":\"https:\\\/\\\/www.notibras.com\\\/site\\\/voltou-da-europa-um-imbecilzinho\\\/\",\"name\":\"Voltou da Europa um imbecilzinho - Notibras\",\"isPartOf\":{\"@id\":\"https:\\\/\\\/www.notibras.com\\\/site\\\/#website\"},\"primaryImageOfPage\":{\"@id\":\"https:\\\/\\\/www.notibras.com\\\/site\\\/voltou-da-europa-um-imbecilzinho\\\/#primaryimage\"},\"image\":{\"@id\":\"https:\\\/\\\/www.notibras.com\\\/site\\\/voltou-da-europa-um-imbecilzinho\\\/#primaryimage\"},\"thumbnailUrl\":\"https:\\\/\\\/www.notibras.com\\\/site\\\/wp-content\\\/uploads\\\/2025\\\/12\\\/IMG_9824.jpg\",\"datePublished\":\"2025-12-28T03:30:12+00:00\",\"breadcrumb\":{\"@id\":\"https:\\\/\\\/www.notibras.com\\\/site\\\/voltou-da-europa-um-imbecilzinho\\\/#breadcrumb\"},\"inLanguage\":\"pt-BR\",\"potentialAction\":[{\"@type\":\"ReadAction\",\"target\":[\"https:\\\/\\\/www.notibras.com\\\/site\\\/voltou-da-europa-um-imbecilzinho\\\/\"]}]},{\"@type\":\"ImageObject\",\"inLanguage\":\"pt-BR\",\"@id\":\"https:\\\/\\\/www.notibras.com\\\/site\\\/voltou-da-europa-um-imbecilzinho\\\/#primaryimage\",\"url\":\"https:\\\/\\\/www.notibras.com\\\/site\\\/wp-content\\\/uploads\\\/2025\\\/12\\\/IMG_9824.jpg\",\"contentUrl\":\"https:\\\/\\\/www.notibras.com\\\/site\\\/wp-content\\\/uploads\\\/2025\\\/12\\\/IMG_9824.jpg\",\"width\":1023,\"height\":942},{\"@type\":\"BreadcrumbList\",\"@id\":\"https:\\\/\\\/www.notibras.com\\\/site\\\/voltou-da-europa-um-imbecilzinho\\\/#breadcrumb\",\"itemListElement\":[{\"@type\":\"ListItem\",\"position\":1,\"name\":\"In\u00edcio\",\"item\":\"https:\\\/\\\/www.notibras.com\\\/site\\\/\"},{\"@type\":\"ListItem\",\"position\":2,\"name\":\"Voltou da Europa um imbecilzinho\"}]},{\"@type\":\"WebSite\",\"@id\":\"https:\\\/\\\/www.notibras.com\\\/site\\\/#website\",\"url\":\"https:\\\/\\\/www.notibras.com\\\/site\\\/\",\"name\":\"Notibras\",\"description\":\"Not\u00edcias de Bras\u00edlia, do Brasil e do Mundo\",\"publisher\":{\"@id\":\"https:\\\/\\\/www.notibras.com\\\/site\\\/#organization\"},\"potentialAction\":[{\"@type\":\"SearchAction\",\"target\":{\"@type\":\"EntryPoint\",\"urlTemplate\":\"https:\\\/\\\/www.notibras.com\\\/site\\\/?s={search_term_string}\"},\"query-input\":{\"@type\":\"PropertyValueSpecification\",\"valueRequired\":true,\"valueName\":\"search_term_string\"}}],\"inLanguage\":\"pt-BR\"},{\"@type\":\"Organization\",\"@id\":\"https:\\\/\\\/www.notibras.com\\\/site\\\/#organization\",\"name\":\"Grupo Notibras de Comunica\u00e7\u00e3o\",\"url\":\"https:\\\/\\\/www.notibras.com\\\/site\\\/\",\"logo\":{\"@type\":\"ImageObject\",\"inLanguage\":\"pt-BR\",\"@id\":\"https:\\\/\\\/www.notibras.com\\\/site\\\/#\\\/schema\\\/logo\\\/image\\\/\",\"url\":\"https:\\\/\\\/www.notibras.com\\\/site\\\/wp-content\\\/uploads\\\/2023\\\/01\\\/notibras23.png\",\"contentUrl\":\"https:\\\/\\\/www.notibras.com\\\/site\\\/wp-content\\\/uploads\\\/2023\\\/01\\\/notibras23.png\",\"width\":350,\"height\":87,\"caption\":\"Grupo Notibras de Comunica\u00e7\u00e3o\"},\"image\":{\"@id\":\"https:\\\/\\\/www.notibras.com\\\/site\\\/#\\\/schema\\\/logo\\\/image\\\/\"},\"sameAs\":[\"https:\\\/\\\/www.facebook.com\\\/notibras\\\/\",\"https:\\\/\\\/x.com\\\/Notibras\",\"https:\\\/\\\/www.instagram.com\\\/notibras\\\/\"]},{\"@type\":\"Person\",\"@id\":\"https:\\\/\\\/www.notibras.com\\\/site\\\/#\\\/schema\\\/person\\\/5b7fabf2aedc3ada2105f03b22b4d3dd\",\"name\":\"Eduardo Mart\u00ednez\",\"image\":{\"@type\":\"ImageObject\",\"inLanguage\":\"pt-BR\",\"@id\":\"https:\\\/\\\/secure.gravatar.com\\\/avatar\\\/7902f906289926289cbcda644b5197c796b893c6ffd7b9a536a42d290f7704a0?s=96&d=mm&r=g\",\"url\":\"https:\\\/\\\/secure.gravatar.com\\\/avatar\\\/7902f906289926289cbcda644b5197c796b893c6ffd7b9a536a42d290f7704a0?s=96&d=mm&r=g\",\"contentUrl\":\"https:\\\/\\\/secure.gravatar.com\\\/avatar\\\/7902f906289926289cbcda644b5197c796b893c6ffd7b9a536a42d290f7704a0?s=96&d=mm&r=g\",\"caption\":\"Eduardo Mart\u00ednez\"}}]}<\/script>\n<!-- \/ Yoast SEO plugin. -->","yoast_head_json":{"title":"Voltou da Europa um imbecilzinho - Notibras","robots":{"index":"index","follow":"follow","max-snippet":"max-snippet:-1","max-image-preview":"max-image-preview:large","max-video-preview":"max-video-preview:-1"},"canonical":"https:\/\/www.notibras.com\/site\/voltou-da-europa-um-imbecilzinho\/","og_locale":"pt_BR","og_type":"article","og_title":"Voltou da Europa um imbecilzinho - Notibras","og_description":"Fernando havia morado quase quatro anos na Fran\u00e7a e em Portugal, \u00e0s voltas com uma tese de doutorado que jamais terminou. Voltou do Velho Mundo um imbecilzinho europeizado, destinado a ir pela estrada da vida de escorregadela em escorregadela, de gaffe en gaffe. O sintoma inicial veio logo ap\u00f3s o desembarque em solo tupiniquim. Decidiu [&hellip;]","og_url":"https:\/\/www.notibras.com\/site\/voltou-da-europa-um-imbecilzinho\/","og_site_name":"Notibras","article_publisher":"https:\/\/www.facebook.com\/notibras\/","article_published_time":"2025-12-28T03:30:12+00:00","og_image":[{"width":1023,"height":942,"url":"https:\/\/www.notibras.com\/site\/wp-content\/uploads\/2025\/12\/IMG_9824.jpg","type":"image\/jpeg"}],"author":"Eduardo Mart\u00ednez","twitter_card":"summary_large_image","twitter_creator":"@Notibras","twitter_site":"@Notibras","twitter_misc":{"Escrito por":"Eduardo Mart\u00ednez","Est. tempo de leitura":"4 minutos"},"schema":{"@context":"https:\/\/schema.org","@graph":[{"@type":"Article","@id":"https:\/\/www.notibras.com\/site\/voltou-da-europa-um-imbecilzinho\/#article","isPartOf":{"@id":"https:\/\/www.notibras.com\/site\/voltou-da-europa-um-imbecilzinho\/"},"author":{"name":"Eduardo Mart\u00ednez","@id":"https:\/\/www.notibras.com\/site\/#\/schema\/person\/5b7fabf2aedc3ada2105f03b22b4d3dd"},"headline":"Voltou da Europa um imbecilzinho","datePublished":"2025-12-28T03:30:12+00:00","mainEntityOfPage":{"@id":"https:\/\/www.notibras.com\/site\/voltou-da-europa-um-imbecilzinho\/"},"wordCount":641,"publisher":{"@id":"https:\/\/www.notibras.com\/site\/#organization"},"image":{"@id":"https:\/\/www.notibras.com\/site\/voltou-da-europa-um-imbecilzinho\/#primaryimage"},"thumbnailUrl":"https:\/\/www.notibras.com\/site\/wp-content\/uploads\/2025\/12\/IMG_9824.jpg","articleSection":["Caf\u00e9 Liter\u00e1rio"],"inLanguage":"pt-BR"},{"@type":"WebPage","@id":"https:\/\/www.notibras.com\/site\/voltou-da-europa-um-imbecilzinho\/","url":"https:\/\/www.notibras.com\/site\/voltou-da-europa-um-imbecilzinho\/","name":"Voltou da Europa um imbecilzinho - Notibras","isPartOf":{"@id":"https:\/\/www.notibras.com\/site\/#website"},"primaryImageOfPage":{"@id":"https:\/\/www.notibras.com\/site\/voltou-da-europa-um-imbecilzinho\/#primaryimage"},"image":{"@id":"https:\/\/www.notibras.com\/site\/voltou-da-europa-um-imbecilzinho\/#primaryimage"},"thumbnailUrl":"https:\/\/www.notibras.com\/site\/wp-content\/uploads\/2025\/12\/IMG_9824.jpg","datePublished":"2025-12-28T03:30:12+00:00","breadcrumb":{"@id":"https:\/\/www.notibras.com\/site\/voltou-da-europa-um-imbecilzinho\/#breadcrumb"},"inLanguage":"pt-BR","potentialAction":[{"@type":"ReadAction","target":["https:\/\/www.notibras.com\/site\/voltou-da-europa-um-imbecilzinho\/"]}]},{"@type":"ImageObject","inLanguage":"pt-BR","@id":"https:\/\/www.notibras.com\/site\/voltou-da-europa-um-imbecilzinho\/#primaryimage","url":"https:\/\/www.notibras.com\/site\/wp-content\/uploads\/2025\/12\/IMG_9824.jpg","contentUrl":"https:\/\/www.notibras.com\/site\/wp-content\/uploads\/2025\/12\/IMG_9824.jpg","width":1023,"height":942},{"@type":"BreadcrumbList","@id":"https:\/\/www.notibras.com\/site\/voltou-da-europa-um-imbecilzinho\/#breadcrumb","itemListElement":[{"@type":"ListItem","position":1,"name":"In\u00edcio","item":"https:\/\/www.notibras.com\/site\/"},{"@type":"ListItem","position":2,"name":"Voltou da Europa um imbecilzinho"}]},{"@type":"WebSite","@id":"https:\/\/www.notibras.com\/site\/#website","url":"https:\/\/www.notibras.com\/site\/","name":"Notibras","description":"Not\u00edcias de Bras\u00edlia, do Brasil e do Mundo","publisher":{"@id":"https:\/\/www.notibras.com\/site\/#organization"},"potentialAction":[{"@type":"SearchAction","target":{"@type":"EntryPoint","urlTemplate":"https:\/\/www.notibras.com\/site\/?s={search_term_string}"},"query-input":{"@type":"PropertyValueSpecification","valueRequired":true,"valueName":"search_term_string"}}],"inLanguage":"pt-BR"},{"@type":"Organization","@id":"https:\/\/www.notibras.com\/site\/#organization","name":"Grupo Notibras de Comunica\u00e7\u00e3o","url":"https:\/\/www.notibras.com\/site\/","logo":{"@type":"ImageObject","inLanguage":"pt-BR","@id":"https:\/\/www.notibras.com\/site\/#\/schema\/logo\/image\/","url":"https:\/\/www.notibras.com\/site\/wp-content\/uploads\/2023\/01\/notibras23.png","contentUrl":"https:\/\/www.notibras.com\/site\/wp-content\/uploads\/2023\/01\/notibras23.png","width":350,"height":87,"caption":"Grupo Notibras de Comunica\u00e7\u00e3o"},"image":{"@id":"https:\/\/www.notibras.com\/site\/#\/schema\/logo\/image\/"},"sameAs":["https:\/\/www.facebook.com\/notibras\/","https:\/\/x.com\/Notibras","https:\/\/www.instagram.com\/notibras\/"]},{"@type":"Person","@id":"https:\/\/www.notibras.com\/site\/#\/schema\/person\/5b7fabf2aedc3ada2105f03b22b4d3dd","name":"Eduardo Mart\u00ednez","image":{"@type":"ImageObject","inLanguage":"pt-BR","@id":"https:\/\/secure.gravatar.com\/avatar\/7902f906289926289cbcda644b5197c796b893c6ffd7b9a536a42d290f7704a0?s=96&d=mm&r=g","url":"https:\/\/secure.gravatar.com\/avatar\/7902f906289926289cbcda644b5197c796b893c6ffd7b9a536a42d290f7704a0?s=96&d=mm&r=g","contentUrl":"https:\/\/secure.gravatar.com\/avatar\/7902f906289926289cbcda644b5197c796b893c6ffd7b9a536a42d290f7704a0?s=96&d=mm&r=g","caption":"Eduardo Mart\u00ednez"}}]}},"amp_enabled":true,"_links":{"self":[{"href":"https:\/\/www.notibras.com\/site\/wp-json\/wp\/v2\/posts\/376389","targetHints":{"allow":["GET"]}}],"collection":[{"href":"https:\/\/www.notibras.com\/site\/wp-json\/wp\/v2\/posts"}],"about":[{"href":"https:\/\/www.notibras.com\/site\/wp-json\/wp\/v2\/types\/post"}],"author":[{"embeddable":true,"href":"https:\/\/www.notibras.com\/site\/wp-json\/wp\/v2\/users\/21"}],"replies":[{"embeddable":true,"href":"https:\/\/www.notibras.com\/site\/wp-json\/wp\/v2\/comments?post=376389"}],"version-history":[{"count":4,"href":"https:\/\/www.notibras.com\/site\/wp-json\/wp\/v2\/posts\/376389\/revisions"}],"predecessor-version":[{"id":376395,"href":"https:\/\/www.notibras.com\/site\/wp-json\/wp\/v2\/posts\/376389\/revisions\/376395"}],"wp:featuredmedia":[{"embeddable":true,"href":"https:\/\/www.notibras.com\/site\/wp-json\/wp\/v2\/media\/376393"}],"wp:attachment":[{"href":"https:\/\/www.notibras.com\/site\/wp-json\/wp\/v2\/media?parent=376389"}],"wp:term":[{"taxonomy":"category","embeddable":true,"href":"https:\/\/www.notibras.com\/site\/wp-json\/wp\/v2\/categories?post=376389"},{"taxonomy":"post_tag","embeddable":true,"href":"https:\/\/www.notibras.com\/site\/wp-json\/wp\/v2\/tags?post=376389"}],"curies":[{"name":"wp","href":"https:\/\/api.w.org\/{rel}","templated":true}]}}