{"id":376426,"date":"2025-12-26T05:00:21","date_gmt":"2025-12-26T08:00:21","guid":{"rendered":"https:\/\/www.notibras.com\/site\/?p=376426"},"modified":"2025-12-26T05:01:33","modified_gmt":"2025-12-26T08:01:33","slug":"odete-nao-morreu-e-o-brasil-seguiu-de-chinelo","status":"publish","type":"post","link":"https:\/\/www.notibras.com\/site\/odete-nao-morreu-e-o-brasil-seguiu-de-chinelo\/","title":{"rendered":"Odete n\u00e3o morreu e o Brasil seguiu de chinelo"},"content":{"rendered":"<p>Em 2025, o Brasil at\u00e9 discutiu pol\u00edtica, mas n\u00e3o viveu dela. A polariza\u00e7\u00e3o seguiu presente, insistente, \u00e0s vezes cansativa, mas n\u00e3o foi isso que mais capturou a aten\u00e7\u00e3o do brasileiro ao longo do ano. O interesse real pareceu mais espalhado, mais pragm\u00e1tico e, sobretudo, mais ligado ao que mexe com a vida concreta.<\/p>\n<p>Os sinais disso apareceram nos assuntos que despertaram curiosidade e conversa. Futebol voltou a ocupar espa\u00e7o central. Mundial de Clubes, confrontos internacionais, times como PSG e Chelsea entraram naturalmente no radar. N\u00e3o por deslumbramento europeu, mas porque futebol continua sendo uma l\u00edngua comum, dessas que atravessam bolhas sem pedir autoriza\u00e7\u00e3o.<\/p>\n<p>Nesse ambiente, Flamengo tamb\u00e9m ocupou seu espa\u00e7o. T\u00edtulos importantes ao longo do ano mobilizaram uma torcida numerosa, espalhada por todo o pa\u00eds, e ajudaram a explicar por que o futebol segue sendo um dos poucos temas capazes de reunir aten\u00e7\u00e3o nacional sem grandes disputas morais. Foi celebra\u00e7\u00e3o, conversa de bar, provoca\u00e7\u00e3o entre amigos. Nada al\u00e9m do futebol fazendo o que sempre fez.<\/p>\n<p>Tamb\u00e9m chamou aten\u00e7\u00e3o o interesse por pessoas, mais do que por conceitos. Nomes pr\u00f3prios mobilizaram mais curiosidade do que grandes abstra\u00e7\u00f5es. Donald Trump seguiu sendo acompanhado com aten\u00e7\u00e3o. O tenista Jo\u00e3o Fonseca apareceu como novidade. O brasileiro quis saber quem s\u00e3o, o que fazem, para onde v\u00e3o. Menos sistema, mais personagem.<\/p>\n<p>Casos jur\u00eddicos tamb\u00e9m estiveram em evid\u00eancia. N\u00e3o pelo debate t\u00e9cnico, mas pelo enredo. Disputas, decis\u00f5es, consequ\u00eancias. O interesse esteve menos no juridiqu\u00eas e mais na hist\u00f3ria. Quem ganhou, quem perdeu, o que muda a partir dali. Justi\u00e7a como narrativa, n\u00e3o como tratado.<\/p>\n<p>Conflitos geopol\u00edticos e grandes acontecimentos internacionais continuaram no horizonte. N\u00e3o necessariamente por engajamento ideol\u00f3gico, mas por impacto. O mundo anda inst\u00e1vel demais para ser ignorado, e o brasileiro acompanha tentando entender at\u00e9 onde essa instabilidade bate \u00e0 porta de casa.<\/p>\n<p>No meio disso tudo, surgiram as pol\u00eamicas menores. Comerciais, campanhas de marketing, frases fora de tom. Rendiam conversa, meme, alguma irrita\u00e7\u00e3o pontual. Mas nada virou centro absoluto do pa\u00eds. Comentava-se, discordava-se e a vida seguia.<\/p>\n<p>Talvez isso diga bastante sobre 2025. O brasileiro pareceu interessado no que entret\u00e9m, no que informa e, principalmente, no que afeta a rotina. Houve curiosidade, houve debate, houve barulho. Mas pouco apetite para transformar cada assunto em drama definitivo.<\/p>\n<p>No fim das contas, 2025 teve final de novela, sim. S\u00f3 n\u00e3o teve assassinato. N\u00e3o mataram Odete Roitman. Est\u00e1 vivinha. E, se brincar, anda por a\u00ed batendo perna, resolvendo a pr\u00f3pria vida como todo mundo, provavelmente cal\u00e7ando uma Havaianas.<\/p>\n<p>O Brasil seguiu assim: atento ao que importa, curioso com o que entret\u00e9m e pragm\u00e1tico o suficiente para n\u00e3o parar tudo por causa de mais um cap\u00edtulo. A vida continuou. Com menos exagero, mais rotina. E isso, convenhamos, diz muito sobre o ano.<\/p>\n<p><strong>&#8230;&#8230;&#8230;.<\/strong><\/p>\n<p><strong>Nota ao leitor<\/strong> &#8211; Passado o Natal, desejo um 2026 com sa\u00fade, serenidade e bons encontros. Entro agora em um curto recesso e volto a publicar meus artigos a partir de janeiro.<\/p>\n","protected":false},"excerpt":{"rendered":"<p>Em 2025, o Brasil at\u00e9 discutiu pol\u00edtica, mas n\u00e3o viveu dela. A polariza\u00e7\u00e3o seguiu presente, insistente, \u00e0s vezes cansativa, mas n\u00e3o foi isso que mais capturou a aten\u00e7\u00e3o do brasileiro ao longo do ano. O interesse real pareceu mais espalhado, mais pragm\u00e1tico e, sobretudo, mais ligado ao que mexe com a vida concreta. Os sinais [&hellip;]<\/p>\n","protected":false},"author":2,"featured_media":376427,"comment_status":"closed","ping_status":"closed","sticky":false,"template":"","format":"standard","meta":{"_acf_changed":false,"footnotes":""},"categories":[16],"tags":[],"class_list":["post-376426","post","type-post","status-publish","format-standard","has-post-thumbnail","hentry","category-brasil"],"acf":[],"yoast_head":"<!-- This site is optimized with the Yoast SEO plugin v27.5 - https:\/\/yoast.com\/product\/yoast-seo-wordpress\/ -->\n<title>Odete n\u00e3o morreu e o Brasil seguiu de chinelo - Notibras<\/title>\n<meta name=\"robots\" content=\"index, follow, max-snippet:-1, max-image-preview:large, max-video-preview:-1\" \/>\n<link rel=\"canonical\" href=\"https:\/\/www.notibras.com\/site\/odete-nao-morreu-e-o-brasil-seguiu-de-chinelo\/\" \/>\n<meta property=\"og:locale\" content=\"pt_BR\" \/>\n<meta property=\"og:type\" content=\"article\" \/>\n<meta property=\"og:title\" content=\"Odete n\u00e3o morreu e o Brasil seguiu de chinelo - Notibras\" \/>\n<meta property=\"og:description\" content=\"Em 2025, o Brasil at\u00e9 discutiu pol\u00edtica, mas n\u00e3o viveu dela. A polariza\u00e7\u00e3o seguiu presente, insistente, \u00e0s vezes cansativa, mas n\u00e3o foi isso que mais capturou a aten\u00e7\u00e3o do brasileiro ao longo do ano. O interesse real pareceu mais espalhado, mais pragm\u00e1tico e, sobretudo, mais ligado ao que mexe com a vida concreta. Os sinais [&hellip;]\" \/>\n<meta property=\"og:url\" content=\"https:\/\/www.notibras.com\/site\/odete-nao-morreu-e-o-brasil-seguiu-de-chinelo\/\" \/>\n<meta property=\"og:site_name\" content=\"Notibras\" \/>\n<meta property=\"article:publisher\" content=\"https:\/\/www.facebook.com\/notibras\/\" \/>\n<meta property=\"article:published_time\" content=\"2025-12-26T08:00:21+00:00\" \/>\n<meta property=\"article:modified_time\" content=\"2025-12-26T08:01:33+00:00\" \/>\n<meta property=\"og:image\" content=\"https:\/\/www.notibras.com\/site\/wp-content\/uploads\/2025\/12\/b1c91e1f-215d-4d22-8dcf-36fd5fc92416.jpg\" \/>\n\t<meta property=\"og:image:width\" content=\"1536\" \/>\n\t<meta property=\"og:image:height\" content=\"1024\" \/>\n\t<meta property=\"og:image:type\" content=\"image\/jpeg\" \/>\n<meta name=\"author\" content=\"Reda\u00e7\u00e3o\" \/>\n<meta name=\"twitter:card\" content=\"summary_large_image\" \/>\n<meta name=\"twitter:creator\" content=\"@Notibras\" \/>\n<meta name=\"twitter:site\" content=\"@Notibras\" \/>\n<meta name=\"twitter:label1\" content=\"Escrito por\" \/>\n\t<meta name=\"twitter:data1\" content=\"Reda\u00e7\u00e3o\" \/>\n\t<meta name=\"twitter:label2\" content=\"Est. tempo de leitura\" \/>\n\t<meta name=\"twitter:data2\" content=\"3 minutos\" \/>\n<script type=\"application\/ld+json\" class=\"yoast-schema-graph\">{\"@context\":\"https:\\\/\\\/schema.org\",\"@graph\":[{\"@type\":\"Article\",\"@id\":\"https:\\\/\\\/www.notibras.com\\\/site\\\/odete-nao-morreu-e-o-brasil-seguiu-de-chinelo\\\/#article\",\"isPartOf\":{\"@id\":\"https:\\\/\\\/www.notibras.com\\\/site\\\/odete-nao-morreu-e-o-brasil-seguiu-de-chinelo\\\/\"},\"author\":{\"name\":\"Reda\u00e7\u00e3o\",\"@id\":\"https:\\\/\\\/www.notibras.com\\\/site\\\/#\\\/schema\\\/person\\\/36ab0979449956132d3e5b517ea76ac8\"},\"headline\":\"Odete n\u00e3o morreu e o Brasil seguiu de chinelo\",\"datePublished\":\"2025-12-26T08:00:21+00:00\",\"dateModified\":\"2025-12-26T08:01:33+00:00\",\"mainEntityOfPage\":{\"@id\":\"https:\\\/\\\/www.notibras.com\\\/site\\\/odete-nao-morreu-e-o-brasil-seguiu-de-chinelo\\\/\"},\"wordCount\":545,\"publisher\":{\"@id\":\"https:\\\/\\\/www.notibras.com\\\/site\\\/#organization\"},\"image\":{\"@id\":\"https:\\\/\\\/www.notibras.com\\\/site\\\/odete-nao-morreu-e-o-brasil-seguiu-de-chinelo\\\/#primaryimage\"},\"thumbnailUrl\":\"https:\\\/\\\/www.notibras.com\\\/site\\\/wp-content\\\/uploads\\\/2025\\\/12\\\/b1c91e1f-215d-4d22-8dcf-36fd5fc92416.jpg\",\"articleSection\":[\"Brasil\"],\"inLanguage\":\"pt-BR\"},{\"@type\":\"WebPage\",\"@id\":\"https:\\\/\\\/www.notibras.com\\\/site\\\/odete-nao-morreu-e-o-brasil-seguiu-de-chinelo\\\/\",\"url\":\"https:\\\/\\\/www.notibras.com\\\/site\\\/odete-nao-morreu-e-o-brasil-seguiu-de-chinelo\\\/\",\"name\":\"Odete n\u00e3o morreu e o Brasil seguiu de chinelo - Notibras\",\"isPartOf\":{\"@id\":\"https:\\\/\\\/www.notibras.com\\\/site\\\/#website\"},\"primaryImageOfPage\":{\"@id\":\"https:\\\/\\\/www.notibras.com\\\/site\\\/odete-nao-morreu-e-o-brasil-seguiu-de-chinelo\\\/#primaryimage\"},\"image\":{\"@id\":\"https:\\\/\\\/www.notibras.com\\\/site\\\/odete-nao-morreu-e-o-brasil-seguiu-de-chinelo\\\/#primaryimage\"},\"thumbnailUrl\":\"https:\\\/\\\/www.notibras.com\\\/site\\\/wp-content\\\/uploads\\\/2025\\\/12\\\/b1c91e1f-215d-4d22-8dcf-36fd5fc92416.jpg\",\"datePublished\":\"2025-12-26T08:00:21+00:00\",\"dateModified\":\"2025-12-26T08:01:33+00:00\",\"breadcrumb\":{\"@id\":\"https:\\\/\\\/www.notibras.com\\\/site\\\/odete-nao-morreu-e-o-brasil-seguiu-de-chinelo\\\/#breadcrumb\"},\"inLanguage\":\"pt-BR\",\"potentialAction\":[{\"@type\":\"ReadAction\",\"target\":[\"https:\\\/\\\/www.notibras.com\\\/site\\\/odete-nao-morreu-e-o-brasil-seguiu-de-chinelo\\\/\"]}]},{\"@type\":\"ImageObject\",\"inLanguage\":\"pt-BR\",\"@id\":\"https:\\\/\\\/www.notibras.com\\\/site\\\/odete-nao-morreu-e-o-brasil-seguiu-de-chinelo\\\/#primaryimage\",\"url\":\"https:\\\/\\\/www.notibras.com\\\/site\\\/wp-content\\\/uploads\\\/2025\\\/12\\\/b1c91e1f-215d-4d22-8dcf-36fd5fc92416.jpg\",\"contentUrl\":\"https:\\\/\\\/www.notibras.com\\\/site\\\/wp-content\\\/uploads\\\/2025\\\/12\\\/b1c91e1f-215d-4d22-8dcf-36fd5fc92416.jpg\",\"width\":1536,\"height\":1024},{\"@type\":\"BreadcrumbList\",\"@id\":\"https:\\\/\\\/www.notibras.com\\\/site\\\/odete-nao-morreu-e-o-brasil-seguiu-de-chinelo\\\/#breadcrumb\",\"itemListElement\":[{\"@type\":\"ListItem\",\"position\":1,\"name\":\"In\u00edcio\",\"item\":\"https:\\\/\\\/www.notibras.com\\\/site\\\/\"},{\"@type\":\"ListItem\",\"position\":2,\"name\":\"Odete n\u00e3o morreu e o Brasil seguiu de chinelo\"}]},{\"@type\":\"WebSite\",\"@id\":\"https:\\\/\\\/www.notibras.com\\\/site\\\/#website\",\"url\":\"https:\\\/\\\/www.notibras.com\\\/site\\\/\",\"name\":\"Notibras\",\"description\":\"Not\u00edcias de Bras\u00edlia, do Brasil e do Mundo\",\"publisher\":{\"@id\":\"https:\\\/\\\/www.notibras.com\\\/site\\\/#organization\"},\"potentialAction\":[{\"@type\":\"SearchAction\",\"target\":{\"@type\":\"EntryPoint\",\"urlTemplate\":\"https:\\\/\\\/www.notibras.com\\\/site\\\/?s={search_term_string}\"},\"query-input\":{\"@type\":\"PropertyValueSpecification\",\"valueRequired\":true,\"valueName\":\"search_term_string\"}}],\"inLanguage\":\"pt-BR\"},{\"@type\":\"Organization\",\"@id\":\"https:\\\/\\\/www.notibras.com\\\/site\\\/#organization\",\"name\":\"Grupo Notibras de Comunica\u00e7\u00e3o\",\"url\":\"https:\\\/\\\/www.notibras.com\\\/site\\\/\",\"logo\":{\"@type\":\"ImageObject\",\"inLanguage\":\"pt-BR\",\"@id\":\"https:\\\/\\\/www.notibras.com\\\/site\\\/#\\\/schema\\\/logo\\\/image\\\/\",\"url\":\"https:\\\/\\\/www.notibras.com\\\/site\\\/wp-content\\\/uploads\\\/2023\\\/01\\\/notibras23.png\",\"contentUrl\":\"https:\\\/\\\/www.notibras.com\\\/site\\\/wp-content\\\/uploads\\\/2023\\\/01\\\/notibras23.png\",\"width\":350,\"height\":87,\"caption\":\"Grupo Notibras de Comunica\u00e7\u00e3o\"},\"image\":{\"@id\":\"https:\\\/\\\/www.notibras.com\\\/site\\\/#\\\/schema\\\/logo\\\/image\\\/\"},\"sameAs\":[\"https:\\\/\\\/www.facebook.com\\\/notibras\\\/\",\"https:\\\/\\\/x.com\\\/Notibras\",\"https:\\\/\\\/www.instagram.com\\\/notibras\\\/\"]},{\"@type\":\"Person\",\"@id\":\"https:\\\/\\\/www.notibras.com\\\/site\\\/#\\\/schema\\\/person\\\/36ab0979449956132d3e5b517ea76ac8\",\"name\":\"Reda\u00e7\u00e3o\",\"image\":{\"@type\":\"ImageObject\",\"inLanguage\":\"pt-BR\",\"@id\":\"https:\\\/\\\/secure.gravatar.com\\\/avatar\\\/e0a867bdedb85fd243eadf09663511f96fc81e0720a4a42581f334ad4303aa6b?s=96&d=mm&r=g\",\"url\":\"https:\\\/\\\/secure.gravatar.com\\\/avatar\\\/e0a867bdedb85fd243eadf09663511f96fc81e0720a4a42581f334ad4303aa6b?s=96&d=mm&r=g\",\"contentUrl\":\"https:\\\/\\\/secure.gravatar.com\\\/avatar\\\/e0a867bdedb85fd243eadf09663511f96fc81e0720a4a42581f334ad4303aa6b?s=96&d=mm&r=g\",\"caption\":\"Reda\u00e7\u00e3o\"}}]}<\/script>\n<!-- \/ Yoast SEO plugin. -->","yoast_head_json":{"title":"Odete n\u00e3o morreu e o Brasil seguiu de chinelo - Notibras","robots":{"index":"index","follow":"follow","max-snippet":"max-snippet:-1","max-image-preview":"max-image-preview:large","max-video-preview":"max-video-preview:-1"},"canonical":"https:\/\/www.notibras.com\/site\/odete-nao-morreu-e-o-brasil-seguiu-de-chinelo\/","og_locale":"pt_BR","og_type":"article","og_title":"Odete n\u00e3o morreu e o Brasil seguiu de chinelo - Notibras","og_description":"Em 2025, o Brasil at\u00e9 discutiu pol\u00edtica, mas n\u00e3o viveu dela. A polariza\u00e7\u00e3o seguiu presente, insistente, \u00e0s vezes cansativa, mas n\u00e3o foi isso que mais capturou a aten\u00e7\u00e3o do brasileiro ao longo do ano. O interesse real pareceu mais espalhado, mais pragm\u00e1tico e, sobretudo, mais ligado ao que mexe com a vida concreta. Os sinais [&hellip;]","og_url":"https:\/\/www.notibras.com\/site\/odete-nao-morreu-e-o-brasil-seguiu-de-chinelo\/","og_site_name":"Notibras","article_publisher":"https:\/\/www.facebook.com\/notibras\/","article_published_time":"2025-12-26T08:00:21+00:00","article_modified_time":"2025-12-26T08:01:33+00:00","og_image":[{"width":1536,"height":1024,"url":"https:\/\/www.notibras.com\/site\/wp-content\/uploads\/2025\/12\/b1c91e1f-215d-4d22-8dcf-36fd5fc92416.jpg","type":"image\/jpeg"}],"author":"Reda\u00e7\u00e3o","twitter_card":"summary_large_image","twitter_creator":"@Notibras","twitter_site":"@Notibras","twitter_misc":{"Escrito por":"Reda\u00e7\u00e3o","Est. tempo de leitura":"3 minutos"},"schema":{"@context":"https:\/\/schema.org","@graph":[{"@type":"Article","@id":"https:\/\/www.notibras.com\/site\/odete-nao-morreu-e-o-brasil-seguiu-de-chinelo\/#article","isPartOf":{"@id":"https:\/\/www.notibras.com\/site\/odete-nao-morreu-e-o-brasil-seguiu-de-chinelo\/"},"author":{"name":"Reda\u00e7\u00e3o","@id":"https:\/\/www.notibras.com\/site\/#\/schema\/person\/36ab0979449956132d3e5b517ea76ac8"},"headline":"Odete n\u00e3o morreu e o Brasil seguiu de chinelo","datePublished":"2025-12-26T08:00:21+00:00","dateModified":"2025-12-26T08:01:33+00:00","mainEntityOfPage":{"@id":"https:\/\/www.notibras.com\/site\/odete-nao-morreu-e-o-brasil-seguiu-de-chinelo\/"},"wordCount":545,"publisher":{"@id":"https:\/\/www.notibras.com\/site\/#organization"},"image":{"@id":"https:\/\/www.notibras.com\/site\/odete-nao-morreu-e-o-brasil-seguiu-de-chinelo\/#primaryimage"},"thumbnailUrl":"https:\/\/www.notibras.com\/site\/wp-content\/uploads\/2025\/12\/b1c91e1f-215d-4d22-8dcf-36fd5fc92416.jpg","articleSection":["Brasil"],"inLanguage":"pt-BR"},{"@type":"WebPage","@id":"https:\/\/www.notibras.com\/site\/odete-nao-morreu-e-o-brasil-seguiu-de-chinelo\/","url":"https:\/\/www.notibras.com\/site\/odete-nao-morreu-e-o-brasil-seguiu-de-chinelo\/","name":"Odete n\u00e3o morreu e o Brasil seguiu de chinelo - Notibras","isPartOf":{"@id":"https:\/\/www.notibras.com\/site\/#website"},"primaryImageOfPage":{"@id":"https:\/\/www.notibras.com\/site\/odete-nao-morreu-e-o-brasil-seguiu-de-chinelo\/#primaryimage"},"image":{"@id":"https:\/\/www.notibras.com\/site\/odete-nao-morreu-e-o-brasil-seguiu-de-chinelo\/#primaryimage"},"thumbnailUrl":"https:\/\/www.notibras.com\/site\/wp-content\/uploads\/2025\/12\/b1c91e1f-215d-4d22-8dcf-36fd5fc92416.jpg","datePublished":"2025-12-26T08:00:21+00:00","dateModified":"2025-12-26T08:01:33+00:00","breadcrumb":{"@id":"https:\/\/www.notibras.com\/site\/odete-nao-morreu-e-o-brasil-seguiu-de-chinelo\/#breadcrumb"},"inLanguage":"pt-BR","potentialAction":[{"@type":"ReadAction","target":["https:\/\/www.notibras.com\/site\/odete-nao-morreu-e-o-brasil-seguiu-de-chinelo\/"]}]},{"@type":"ImageObject","inLanguage":"pt-BR","@id":"https:\/\/www.notibras.com\/site\/odete-nao-morreu-e-o-brasil-seguiu-de-chinelo\/#primaryimage","url":"https:\/\/www.notibras.com\/site\/wp-content\/uploads\/2025\/12\/b1c91e1f-215d-4d22-8dcf-36fd5fc92416.jpg","contentUrl":"https:\/\/www.notibras.com\/site\/wp-content\/uploads\/2025\/12\/b1c91e1f-215d-4d22-8dcf-36fd5fc92416.jpg","width":1536,"height":1024},{"@type":"BreadcrumbList","@id":"https:\/\/www.notibras.com\/site\/odete-nao-morreu-e-o-brasil-seguiu-de-chinelo\/#breadcrumb","itemListElement":[{"@type":"ListItem","position":1,"name":"In\u00edcio","item":"https:\/\/www.notibras.com\/site\/"},{"@type":"ListItem","position":2,"name":"Odete n\u00e3o morreu e o Brasil seguiu de chinelo"}]},{"@type":"WebSite","@id":"https:\/\/www.notibras.com\/site\/#website","url":"https:\/\/www.notibras.com\/site\/","name":"Notibras","description":"Not\u00edcias de Bras\u00edlia, do Brasil e do Mundo","publisher":{"@id":"https:\/\/www.notibras.com\/site\/#organization"},"potentialAction":[{"@type":"SearchAction","target":{"@type":"EntryPoint","urlTemplate":"https:\/\/www.notibras.com\/site\/?s={search_term_string}"},"query-input":{"@type":"PropertyValueSpecification","valueRequired":true,"valueName":"search_term_string"}}],"inLanguage":"pt-BR"},{"@type":"Organization","@id":"https:\/\/www.notibras.com\/site\/#organization","name":"Grupo Notibras de Comunica\u00e7\u00e3o","url":"https:\/\/www.notibras.com\/site\/","logo":{"@type":"ImageObject","inLanguage":"pt-BR","@id":"https:\/\/www.notibras.com\/site\/#\/schema\/logo\/image\/","url":"https:\/\/www.notibras.com\/site\/wp-content\/uploads\/2023\/01\/notibras23.png","contentUrl":"https:\/\/www.notibras.com\/site\/wp-content\/uploads\/2023\/01\/notibras23.png","width":350,"height":87,"caption":"Grupo Notibras de Comunica\u00e7\u00e3o"},"image":{"@id":"https:\/\/www.notibras.com\/site\/#\/schema\/logo\/image\/"},"sameAs":["https:\/\/www.facebook.com\/notibras\/","https:\/\/x.com\/Notibras","https:\/\/www.instagram.com\/notibras\/"]},{"@type":"Person","@id":"https:\/\/www.notibras.com\/site\/#\/schema\/person\/36ab0979449956132d3e5b517ea76ac8","name":"Reda\u00e7\u00e3o","image":{"@type":"ImageObject","inLanguage":"pt-BR","@id":"https:\/\/secure.gravatar.com\/avatar\/e0a867bdedb85fd243eadf09663511f96fc81e0720a4a42581f334ad4303aa6b?s=96&d=mm&r=g","url":"https:\/\/secure.gravatar.com\/avatar\/e0a867bdedb85fd243eadf09663511f96fc81e0720a4a42581f334ad4303aa6b?s=96&d=mm&r=g","contentUrl":"https:\/\/secure.gravatar.com\/avatar\/e0a867bdedb85fd243eadf09663511f96fc81e0720a4a42581f334ad4303aa6b?s=96&d=mm&r=g","caption":"Reda\u00e7\u00e3o"}}]}},"amp_enabled":true,"_links":{"self":[{"href":"https:\/\/www.notibras.com\/site\/wp-json\/wp\/v2\/posts\/376426","targetHints":{"allow":["GET"]}}],"collection":[{"href":"https:\/\/www.notibras.com\/site\/wp-json\/wp\/v2\/posts"}],"about":[{"href":"https:\/\/www.notibras.com\/site\/wp-json\/wp\/v2\/types\/post"}],"author":[{"embeddable":true,"href":"https:\/\/www.notibras.com\/site\/wp-json\/wp\/v2\/users\/2"}],"replies":[{"embeddable":true,"href":"https:\/\/www.notibras.com\/site\/wp-json\/wp\/v2\/comments?post=376426"}],"version-history":[{"count":3,"href":"https:\/\/www.notibras.com\/site\/wp-json\/wp\/v2\/posts\/376426\/revisions"}],"predecessor-version":[{"id":376430,"href":"https:\/\/www.notibras.com\/site\/wp-json\/wp\/v2\/posts\/376426\/revisions\/376430"}],"wp:featuredmedia":[{"embeddable":true,"href":"https:\/\/www.notibras.com\/site\/wp-json\/wp\/v2\/media\/376427"}],"wp:attachment":[{"href":"https:\/\/www.notibras.com\/site\/wp-json\/wp\/v2\/media?parent=376426"}],"wp:term":[{"taxonomy":"category","embeddable":true,"href":"https:\/\/www.notibras.com\/site\/wp-json\/wp\/v2\/categories?post=376426"},{"taxonomy":"post_tag","embeddable":true,"href":"https:\/\/www.notibras.com\/site\/wp-json\/wp\/v2\/tags?post=376426"}],"curies":[{"name":"wp","href":"https:\/\/api.w.org\/{rel}","templated":true}]}}