{"id":376431,"date":"2025-12-26T05:09:37","date_gmt":"2025-12-26T08:09:37","guid":{"rendered":"https:\/\/www.notibras.com\/site\/?p=376431"},"modified":"2025-12-26T05:12:18","modified_gmt":"2025-12-26T08:12:18","slug":"intolerancia-zero-nao-e-slogan-e-dever-publico","status":"publish","type":"post","link":"https:\/\/www.notibras.com\/site\/intolerancia-zero-nao-e-slogan-e-dever-publico\/","title":{"rendered":"Intoler\u00e2ncia zero n\u00e3o \u00e9 slogan; \u00e9 dever p\u00fablico"},"content":{"rendered":"<p>N\u00e3o se sabe \u2014 ainda \u2014 se David Cosac Junior estava em suas plenas faculdades mentais. O que se sabe, com nitidez suficiente para causar repulsa, \u00e9 que ele agrediu covardemente uma mulher e uma crian\u00e7a. N\u00e3o foi num beco escuro, nem sob o v\u00e9u da invisibilidade social. Foi no hall de um edif\u00edcio residencial de \u00c1guas Claras, bairro de classe m\u00e9dia alta do Distrito Federal, onde o sil\u00eancio costuma ser c\u00famplice e o constrangimento social vale mais que a indigna\u00e7\u00e3o moral.<\/p>\n<p>As acusa\u00e7\u00f5es s\u00e3o grav\u00edssimas: tentativa de feminic\u00eddio e infantic\u00eddio. Crimes que n\u00e3o admitem relativiza\u00e7\u00e3o, desculpas sociol\u00f3gicas de ocasi\u00e3o ou laudos psiqui\u00e1tricos usados como cortina de fuma\u00e7a. A pol\u00edcia fez o que tinha de fazer. E, pela primeira vez em muito tempo, o poder pol\u00edtico n\u00e3o fingiu que n\u00e3o viu.<\/p>\n<p>A not\u00edcia chegou ao Pal\u00e1cio do Planalto. E Lula reagiu como chefe de Estado, n\u00e3o como espectador. Em pleno Natal \u2014 data que muitos usam como biombo para discursos vazios sobre \u201cfam\u00edlia\u201d \u2014 determinou a abertura imediata de processo interno na CGU para responsabiliza\u00e7\u00e3o e expuls\u00e3o do agressor do servi\u00e7o p\u00fablico federal. Um gesto simples, mas raro num pa\u00eds onde cargos e sal\u00e1rios altos costumam funcionar como salvo-conduto moral.<\/p>\n<p>A pergunta que fica n\u00e3o \u00e9 apenas o que levou um homem de meia-idade, com sal\u00e1rio superior a 30 mil reais, a esse descalabro. Essa resposta caber\u00e1 \u00e0 investiga\u00e7\u00e3o policial e ao Judici\u00e1rio. A pergunta mais inc\u00f4moda \u00e9 outra: por quanto tempo ainda vamos tolerar que homens violentos se escondam atr\u00e1s de crach\u00e1s, t\u00edtulos e vencimentos polpudos?<\/p>\n<p>Lula foi direto ao ponto. Chamou o epis\u00f3dio pelo nome: agress\u00e3o covarde e inadmiss\u00edvel. E cravou o que deveria ser \u00f3bvio, mas nunca \u00e9: o combate ao feminic\u00eddio e a toda forma de viol\u00eancia contra mulheres \u00e9 compromisso e prioridade de governo. N\u00e3o por ideologia. Por humanidade.<\/p>\n<p>\u201cN\u00e3o vamos fechar os olhos aos agressores de mulheres e crian\u00e7as estejam eles onde estiverem, ocupem as posi\u00e7\u00f5es que ocuparem\u201d, escreveu o presidente. A frase incomoda porque rompe com a tradi\u00e7\u00e3o brasileira da vista grossa seletiva. Mais ainda quando ele lembra que servidor p\u00fablico n\u00e3o \u00e9 apenas um t\u00e9cnico \u2014 \u00e9, ou deveria ser, um exemplo de conduta dentro e fora do trabalho.<\/p>\n<p>Nas \u00faltimas semanas, Lula decidiu ir al\u00e9m do despacho burocr\u00e1tico. Assumiu publicamente a lideran\u00e7a de uma campanha nacional contra o feminic\u00eddio e a viol\u00eancia de g\u00eanero. Em pronunciamento em rede nacional, colocou o dedo onde muitos homens preferem esconder a m\u00e3o: a responsabilidade \u00e9 coletiva, mas o compromisso tem de ser, sobretudo, masculino. Compromisso de alma, como ele disse. N\u00e3o de postagem em rede social.<\/p>\n<p>Enquanto isso, a CGU agiu com a firmeza que se espera \u2014 e raramente se v\u00ea. Investiga\u00e7\u00e3o preliminar aberta, afastamento imediato de fun\u00e7\u00f5es, proibi\u00e7\u00e3o de acesso aos pr\u00e9dios do \u00f3rg\u00e3o e acionamento da Comiss\u00e3o de \u00c9tica. N\u00e3o \u00e9 persegui\u00e7\u00e3o. \u00c9 cumprimento da lei. A Lei n\u00ba 8.112 n\u00e3o deixa margem para d\u00favidas: servidor p\u00fablico deve manter conduta compat\u00edvel com a moralidade administrativa. Viol\u00eancia dom\u00e9stica n\u00e3o \u00e9 falha de car\u00e1ter privada; \u00e9 viola\u00e7\u00e3o grave do pacto civilizat\u00f3rio.<\/p>\n<p>O ministro Vin\u00edcius de Carvalho foi igualmente claro: viol\u00eancia contra mulher e crian\u00e7a \u00e9 crime. N\u00e3o \u00e9 \u201cdesentendimento\u201d, n\u00e3o \u00e9 \u201cconflito do casal\u201d, n\u00e3o \u00e9 \u201cassunto pessoal\u201d. \u00c9 agress\u00e3o, afronta \u00e0 dignidade humana e viola\u00e7\u00e3o direta da lei penal. O resto \u00e9 conversa mole para normalizar o inaceit\u00e1vel.<\/p>\n<p>Este caso precisa servir de marco. N\u00e3o por vingan\u00e7a, mas por justi\u00e7a. Intoler\u00e2ncia zero n\u00e3o pode ser apenas um bord\u00e3o indignado que dura o ciclo da not\u00edcia. Tem de ser pr\u00e1tica cont\u00ednua, resposta firme, puni\u00e7\u00e3o exemplar \u2014 doa a quem doer, caia quem cair.<\/p>\n<p>Porque onde o Estado vacila, a viol\u00eancia avan\u00e7a. E quando o Estado age, como agora, ele lembra algo fundamental: mulher e crian\u00e7a n\u00e3o s\u00e3o estat\u00edstica, nem dano colateral da brutalidade masculina. S\u00e3o vidas. E vida n\u00e3o se negocia.<\/p>\n<p>&#8230;&#8230;&#8230;&#8230;&#8230;&#8230;&#8230;&#8230;&#8230;<\/p>\n<p><strong>Carolina Paiva \u00e9 Editora do Quadradinho em Foco<\/strong><\/p>\n","protected":false},"excerpt":{"rendered":"<p>N\u00e3o se sabe \u2014 ainda \u2014 se David Cosac Junior estava em suas plenas faculdades mentais. O que se sabe, com nitidez suficiente para causar repulsa, \u00e9 que ele agrediu covardemente uma mulher e uma crian\u00e7a. N\u00e3o foi num beco escuro, nem sob o v\u00e9u da invisibilidade social. Foi no hall de um edif\u00edcio residencial [&hellip;]<\/p>\n","protected":false},"author":2,"featured_media":376432,"comment_status":"closed","ping_status":"closed","sticky":false,"template":"","format":"standard","meta":{"_acf_changed":false,"footnotes":""},"categories":[161],"tags":[95],"class_list":["post-376431","post","type-post","status-publish","format-standard","has-post-thumbnail","hentry","category-quadradinho-em-foco","tag-capa"],"acf":[],"yoast_head":"<!-- This site is optimized with the Yoast SEO plugin v27.2 - https:\/\/yoast.com\/product\/yoast-seo-wordpress\/ -->\n<title>Intoler\u00e2ncia zero n\u00e3o \u00e9 slogan; \u00e9 dever p\u00fablico - Notibras<\/title>\n<meta name=\"robots\" content=\"index, follow, max-snippet:-1, max-image-preview:large, max-video-preview:-1\" \/>\n<link rel=\"canonical\" href=\"https:\/\/www.notibras.com\/site\/intolerancia-zero-nao-e-slogan-e-dever-publico\/\" \/>\n<meta property=\"og:locale\" content=\"pt_BR\" \/>\n<meta property=\"og:type\" content=\"article\" \/>\n<meta property=\"og:title\" content=\"Intoler\u00e2ncia zero n\u00e3o \u00e9 slogan; \u00e9 dever p\u00fablico - Notibras\" \/>\n<meta property=\"og:description\" content=\"N\u00e3o se sabe \u2014 ainda \u2014 se David Cosac Junior estava em suas plenas faculdades mentais. O que se sabe, com nitidez suficiente para causar repulsa, \u00e9 que ele agrediu covardemente uma mulher e uma crian\u00e7a. N\u00e3o foi num beco escuro, nem sob o v\u00e9u da invisibilidade social. Foi no hall de um edif\u00edcio residencial [&hellip;]\" \/>\n<meta property=\"og:url\" content=\"https:\/\/www.notibras.com\/site\/intolerancia-zero-nao-e-slogan-e-dever-publico\/\" \/>\n<meta property=\"og:site_name\" content=\"Notibras\" \/>\n<meta property=\"article:publisher\" content=\"https:\/\/www.facebook.com\/notibras\/\" \/>\n<meta property=\"article:published_time\" content=\"2025-12-26T08:09:37+00:00\" \/>\n<meta property=\"article:modified_time\" content=\"2025-12-26T08:12:18+00:00\" \/>\n<meta property=\"og:image\" content=\"https:\/\/www.notibras.com\/site\/wp-content\/uploads\/2025\/12\/aguasclaras.458ced4e-82f3-4b65-bd28-6234fdbaaa07-683x1024.png\" \/>\n\t<meta property=\"og:image:width\" content=\"683\" \/>\n\t<meta property=\"og:image:height\" content=\"1024\" \/>\n\t<meta property=\"og:image:type\" content=\"image\/png\" \/>\n<meta name=\"author\" content=\"Reda\u00e7\u00e3o\" \/>\n<meta name=\"twitter:card\" content=\"summary_large_image\" \/>\n<meta name=\"twitter:creator\" content=\"@Notibras\" \/>\n<meta name=\"twitter:site\" content=\"@Notibras\" \/>\n<meta name=\"twitter:label1\" content=\"Escrito por\" \/>\n\t<meta name=\"twitter:data1\" content=\"Reda\u00e7\u00e3o\" \/>\n\t<meta name=\"twitter:label2\" content=\"Est. tempo de leitura\" \/>\n\t<meta name=\"twitter:data2\" content=\"4 minutos\" \/>\n<script type=\"application\/ld+json\" class=\"yoast-schema-graph\">{\"@context\":\"https:\/\/schema.org\",\"@graph\":[{\"@type\":\"Article\",\"@id\":\"https:\/\/www.notibras.com\/site\/intolerancia-zero-nao-e-slogan-e-dever-publico\/#article\",\"isPartOf\":{\"@id\":\"https:\/\/www.notibras.com\/site\/intolerancia-zero-nao-e-slogan-e-dever-publico\/\"},\"author\":{\"name\":\"Reda\u00e7\u00e3o\",\"@id\":\"https:\/\/www.notibras.com\/site\/#\/schema\/person\/36ab0979449956132d3e5b517ea76ac8\"},\"headline\":\"Intoler\u00e2ncia zero n\u00e3o \u00e9 slogan; \u00e9 dever p\u00fablico\",\"datePublished\":\"2025-12-26T08:09:37+00:00\",\"dateModified\":\"2025-12-26T08:12:18+00:00\",\"mainEntityOfPage\":{\"@id\":\"https:\/\/www.notibras.com\/site\/intolerancia-zero-nao-e-slogan-e-dever-publico\/\"},\"wordCount\":733,\"publisher\":{\"@id\":\"https:\/\/www.notibras.com\/site\/#organization\"},\"image\":{\"@id\":\"https:\/\/www.notibras.com\/site\/intolerancia-zero-nao-e-slogan-e-dever-publico\/#primaryimage\"},\"thumbnailUrl\":\"https:\/\/www.notibras.com\/site\/wp-content\/uploads\/2025\/12\/aguasclaras.458ced4e-82f3-4b65-bd28-6234fdbaaa07.png\",\"keywords\":[\"capa\"],\"articleSection\":[\"Quadradinho em Foco\"],\"inLanguage\":\"pt-BR\"},{\"@type\":\"WebPage\",\"@id\":\"https:\/\/www.notibras.com\/site\/intolerancia-zero-nao-e-slogan-e-dever-publico\/\",\"url\":\"https:\/\/www.notibras.com\/site\/intolerancia-zero-nao-e-slogan-e-dever-publico\/\",\"name\":\"Intoler\u00e2ncia zero n\u00e3o \u00e9 slogan; \u00e9 dever p\u00fablico - Notibras\",\"isPartOf\":{\"@id\":\"https:\/\/www.notibras.com\/site\/#website\"},\"primaryImageOfPage\":{\"@id\":\"https:\/\/www.notibras.com\/site\/intolerancia-zero-nao-e-slogan-e-dever-publico\/#primaryimage\"},\"image\":{\"@id\":\"https:\/\/www.notibras.com\/site\/intolerancia-zero-nao-e-slogan-e-dever-publico\/#primaryimage\"},\"thumbnailUrl\":\"https:\/\/www.notibras.com\/site\/wp-content\/uploads\/2025\/12\/aguasclaras.458ced4e-82f3-4b65-bd28-6234fdbaaa07.png\",\"datePublished\":\"2025-12-26T08:09:37+00:00\",\"dateModified\":\"2025-12-26T08:12:18+00:00\",\"breadcrumb\":{\"@id\":\"https:\/\/www.notibras.com\/site\/intolerancia-zero-nao-e-slogan-e-dever-publico\/#breadcrumb\"},\"inLanguage\":\"pt-BR\",\"potentialAction\":[{\"@type\":\"ReadAction\",\"target\":[\"https:\/\/www.notibras.com\/site\/intolerancia-zero-nao-e-slogan-e-dever-publico\/\"]}]},{\"@type\":\"ImageObject\",\"inLanguage\":\"pt-BR\",\"@id\":\"https:\/\/www.notibras.com\/site\/intolerancia-zero-nao-e-slogan-e-dever-publico\/#primaryimage\",\"url\":\"https:\/\/www.notibras.com\/site\/wp-content\/uploads\/2025\/12\/aguasclaras.458ced4e-82f3-4b65-bd28-6234fdbaaa07.png\",\"contentUrl\":\"https:\/\/www.notibras.com\/site\/wp-content\/uploads\/2025\/12\/aguasclaras.458ced4e-82f3-4b65-bd28-6234fdbaaa07.png\",\"width\":1024,\"height\":1536},{\"@type\":\"BreadcrumbList\",\"@id\":\"https:\/\/www.notibras.com\/site\/intolerancia-zero-nao-e-slogan-e-dever-publico\/#breadcrumb\",\"itemListElement\":[{\"@type\":\"ListItem\",\"position\":1,\"name\":\"In\u00edcio\",\"item\":\"https:\/\/www.notibras.com\/site\/\"},{\"@type\":\"ListItem\",\"position\":2,\"name\":\"Intoler\u00e2ncia zero n\u00e3o \u00e9 slogan; \u00e9 dever p\u00fablico\"}]},{\"@type\":\"WebSite\",\"@id\":\"https:\/\/www.notibras.com\/site\/#website\",\"url\":\"https:\/\/www.notibras.com\/site\/\",\"name\":\"Notibras\",\"description\":\"Not\u00edcias de Bras\u00edlia, do Brasil e do Mundo\",\"publisher\":{\"@id\":\"https:\/\/www.notibras.com\/site\/#organization\"},\"potentialAction\":[{\"@type\":\"SearchAction\",\"target\":{\"@type\":\"EntryPoint\",\"urlTemplate\":\"https:\/\/www.notibras.com\/site\/?s={search_term_string}\"},\"query-input\":{\"@type\":\"PropertyValueSpecification\",\"valueRequired\":true,\"valueName\":\"search_term_string\"}}],\"inLanguage\":\"pt-BR\"},{\"@type\":\"Organization\",\"@id\":\"https:\/\/www.notibras.com\/site\/#organization\",\"name\":\"Grupo Notibras de Comunica\u00e7\u00e3o\",\"url\":\"https:\/\/www.notibras.com\/site\/\",\"logo\":{\"@type\":\"ImageObject\",\"inLanguage\":\"pt-BR\",\"@id\":\"https:\/\/www.notibras.com\/site\/#\/schema\/logo\/image\/\",\"url\":\"https:\/\/www.notibras.com\/site\/wp-content\/uploads\/2023\/01\/notibras23.png\",\"contentUrl\":\"https:\/\/www.notibras.com\/site\/wp-content\/uploads\/2023\/01\/notibras23.png\",\"width\":350,\"height\":87,\"caption\":\"Grupo Notibras de Comunica\u00e7\u00e3o\"},\"image\":{\"@id\":\"https:\/\/www.notibras.com\/site\/#\/schema\/logo\/image\/\"},\"sameAs\":[\"https:\/\/www.facebook.com\/notibras\/\",\"https:\/\/x.com\/Notibras\",\"https:\/\/www.instagram.com\/notibras\/\"]},{\"@type\":\"Person\",\"@id\":\"https:\/\/www.notibras.com\/site\/#\/schema\/person\/36ab0979449956132d3e5b517ea76ac8\",\"name\":\"Reda\u00e7\u00e3o\",\"image\":{\"@type\":\"ImageObject\",\"inLanguage\":\"pt-BR\",\"@id\":\"https:\/\/secure.gravatar.com\/avatar\/e0a867bdedb85fd243eadf09663511f96fc81e0720a4a42581f334ad4303aa6b?s=96&d=mm&r=g\",\"url\":\"https:\/\/secure.gravatar.com\/avatar\/e0a867bdedb85fd243eadf09663511f96fc81e0720a4a42581f334ad4303aa6b?s=96&d=mm&r=g\",\"contentUrl\":\"https:\/\/secure.gravatar.com\/avatar\/e0a867bdedb85fd243eadf09663511f96fc81e0720a4a42581f334ad4303aa6b?s=96&d=mm&r=g\",\"caption\":\"Reda\u00e7\u00e3o\"}}]}<\/script>\n<!-- \/ Yoast SEO plugin. -->","yoast_head_json":{"title":"Intoler\u00e2ncia zero n\u00e3o \u00e9 slogan; \u00e9 dever p\u00fablico - Notibras","robots":{"index":"index","follow":"follow","max-snippet":"max-snippet:-1","max-image-preview":"max-image-preview:large","max-video-preview":"max-video-preview:-1"},"canonical":"https:\/\/www.notibras.com\/site\/intolerancia-zero-nao-e-slogan-e-dever-publico\/","og_locale":"pt_BR","og_type":"article","og_title":"Intoler\u00e2ncia zero n\u00e3o \u00e9 slogan; \u00e9 dever p\u00fablico - Notibras","og_description":"N\u00e3o se sabe \u2014 ainda \u2014 se David Cosac Junior estava em suas plenas faculdades mentais. O que se sabe, com nitidez suficiente para causar repulsa, \u00e9 que ele agrediu covardemente uma mulher e uma crian\u00e7a. N\u00e3o foi num beco escuro, nem sob o v\u00e9u da invisibilidade social. Foi no hall de um edif\u00edcio residencial [&hellip;]","og_url":"https:\/\/www.notibras.com\/site\/intolerancia-zero-nao-e-slogan-e-dever-publico\/","og_site_name":"Notibras","article_publisher":"https:\/\/www.facebook.com\/notibras\/","article_published_time":"2025-12-26T08:09:37+00:00","article_modified_time":"2025-12-26T08:12:18+00:00","og_image":[{"width":683,"height":1024,"url":"https:\/\/www.notibras.com\/site\/wp-content\/uploads\/2025\/12\/aguasclaras.458ced4e-82f3-4b65-bd28-6234fdbaaa07-683x1024.png","type":"image\/png"}],"author":"Reda\u00e7\u00e3o","twitter_card":"summary_large_image","twitter_creator":"@Notibras","twitter_site":"@Notibras","twitter_misc":{"Escrito por":"Reda\u00e7\u00e3o","Est. tempo de leitura":"4 minutos"},"schema":{"@context":"https:\/\/schema.org","@graph":[{"@type":"Article","@id":"https:\/\/www.notibras.com\/site\/intolerancia-zero-nao-e-slogan-e-dever-publico\/#article","isPartOf":{"@id":"https:\/\/www.notibras.com\/site\/intolerancia-zero-nao-e-slogan-e-dever-publico\/"},"author":{"name":"Reda\u00e7\u00e3o","@id":"https:\/\/www.notibras.com\/site\/#\/schema\/person\/36ab0979449956132d3e5b517ea76ac8"},"headline":"Intoler\u00e2ncia zero n\u00e3o \u00e9 slogan; \u00e9 dever p\u00fablico","datePublished":"2025-12-26T08:09:37+00:00","dateModified":"2025-12-26T08:12:18+00:00","mainEntityOfPage":{"@id":"https:\/\/www.notibras.com\/site\/intolerancia-zero-nao-e-slogan-e-dever-publico\/"},"wordCount":733,"publisher":{"@id":"https:\/\/www.notibras.com\/site\/#organization"},"image":{"@id":"https:\/\/www.notibras.com\/site\/intolerancia-zero-nao-e-slogan-e-dever-publico\/#primaryimage"},"thumbnailUrl":"https:\/\/www.notibras.com\/site\/wp-content\/uploads\/2025\/12\/aguasclaras.458ced4e-82f3-4b65-bd28-6234fdbaaa07.png","keywords":["capa"],"articleSection":["Quadradinho em Foco"],"inLanguage":"pt-BR"},{"@type":"WebPage","@id":"https:\/\/www.notibras.com\/site\/intolerancia-zero-nao-e-slogan-e-dever-publico\/","url":"https:\/\/www.notibras.com\/site\/intolerancia-zero-nao-e-slogan-e-dever-publico\/","name":"Intoler\u00e2ncia zero n\u00e3o \u00e9 slogan; \u00e9 dever p\u00fablico - Notibras","isPartOf":{"@id":"https:\/\/www.notibras.com\/site\/#website"},"primaryImageOfPage":{"@id":"https:\/\/www.notibras.com\/site\/intolerancia-zero-nao-e-slogan-e-dever-publico\/#primaryimage"},"image":{"@id":"https:\/\/www.notibras.com\/site\/intolerancia-zero-nao-e-slogan-e-dever-publico\/#primaryimage"},"thumbnailUrl":"https:\/\/www.notibras.com\/site\/wp-content\/uploads\/2025\/12\/aguasclaras.458ced4e-82f3-4b65-bd28-6234fdbaaa07.png","datePublished":"2025-12-26T08:09:37+00:00","dateModified":"2025-12-26T08:12:18+00:00","breadcrumb":{"@id":"https:\/\/www.notibras.com\/site\/intolerancia-zero-nao-e-slogan-e-dever-publico\/#breadcrumb"},"inLanguage":"pt-BR","potentialAction":[{"@type":"ReadAction","target":["https:\/\/www.notibras.com\/site\/intolerancia-zero-nao-e-slogan-e-dever-publico\/"]}]},{"@type":"ImageObject","inLanguage":"pt-BR","@id":"https:\/\/www.notibras.com\/site\/intolerancia-zero-nao-e-slogan-e-dever-publico\/#primaryimage","url":"https:\/\/www.notibras.com\/site\/wp-content\/uploads\/2025\/12\/aguasclaras.458ced4e-82f3-4b65-bd28-6234fdbaaa07.png","contentUrl":"https:\/\/www.notibras.com\/site\/wp-content\/uploads\/2025\/12\/aguasclaras.458ced4e-82f3-4b65-bd28-6234fdbaaa07.png","width":1024,"height":1536},{"@type":"BreadcrumbList","@id":"https:\/\/www.notibras.com\/site\/intolerancia-zero-nao-e-slogan-e-dever-publico\/#breadcrumb","itemListElement":[{"@type":"ListItem","position":1,"name":"In\u00edcio","item":"https:\/\/www.notibras.com\/site\/"},{"@type":"ListItem","position":2,"name":"Intoler\u00e2ncia zero n\u00e3o \u00e9 slogan; \u00e9 dever p\u00fablico"}]},{"@type":"WebSite","@id":"https:\/\/www.notibras.com\/site\/#website","url":"https:\/\/www.notibras.com\/site\/","name":"Notibras","description":"Not\u00edcias de Bras\u00edlia, do Brasil e do Mundo","publisher":{"@id":"https:\/\/www.notibras.com\/site\/#organization"},"potentialAction":[{"@type":"SearchAction","target":{"@type":"EntryPoint","urlTemplate":"https:\/\/www.notibras.com\/site\/?s={search_term_string}"},"query-input":{"@type":"PropertyValueSpecification","valueRequired":true,"valueName":"search_term_string"}}],"inLanguage":"pt-BR"},{"@type":"Organization","@id":"https:\/\/www.notibras.com\/site\/#organization","name":"Grupo Notibras de Comunica\u00e7\u00e3o","url":"https:\/\/www.notibras.com\/site\/","logo":{"@type":"ImageObject","inLanguage":"pt-BR","@id":"https:\/\/www.notibras.com\/site\/#\/schema\/logo\/image\/","url":"https:\/\/www.notibras.com\/site\/wp-content\/uploads\/2023\/01\/notibras23.png","contentUrl":"https:\/\/www.notibras.com\/site\/wp-content\/uploads\/2023\/01\/notibras23.png","width":350,"height":87,"caption":"Grupo Notibras de Comunica\u00e7\u00e3o"},"image":{"@id":"https:\/\/www.notibras.com\/site\/#\/schema\/logo\/image\/"},"sameAs":["https:\/\/www.facebook.com\/notibras\/","https:\/\/x.com\/Notibras","https:\/\/www.instagram.com\/notibras\/"]},{"@type":"Person","@id":"https:\/\/www.notibras.com\/site\/#\/schema\/person\/36ab0979449956132d3e5b517ea76ac8","name":"Reda\u00e7\u00e3o","image":{"@type":"ImageObject","inLanguage":"pt-BR","@id":"https:\/\/secure.gravatar.com\/avatar\/e0a867bdedb85fd243eadf09663511f96fc81e0720a4a42581f334ad4303aa6b?s=96&d=mm&r=g","url":"https:\/\/secure.gravatar.com\/avatar\/e0a867bdedb85fd243eadf09663511f96fc81e0720a4a42581f334ad4303aa6b?s=96&d=mm&r=g","contentUrl":"https:\/\/secure.gravatar.com\/avatar\/e0a867bdedb85fd243eadf09663511f96fc81e0720a4a42581f334ad4303aa6b?s=96&d=mm&r=g","caption":"Reda\u00e7\u00e3o"}}]}},"amp_enabled":true,"_links":{"self":[{"href":"https:\/\/www.notibras.com\/site\/wp-json\/wp\/v2\/posts\/376431","targetHints":{"allow":["GET"]}}],"collection":[{"href":"https:\/\/www.notibras.com\/site\/wp-json\/wp\/v2\/posts"}],"about":[{"href":"https:\/\/www.notibras.com\/site\/wp-json\/wp\/v2\/types\/post"}],"author":[{"embeddable":true,"href":"https:\/\/www.notibras.com\/site\/wp-json\/wp\/v2\/users\/2"}],"replies":[{"embeddable":true,"href":"https:\/\/www.notibras.com\/site\/wp-json\/wp\/v2\/comments?post=376431"}],"version-history":[{"count":3,"href":"https:\/\/www.notibras.com\/site\/wp-json\/wp\/v2\/posts\/376431\/revisions"}],"predecessor-version":[{"id":376435,"href":"https:\/\/www.notibras.com\/site\/wp-json\/wp\/v2\/posts\/376431\/revisions\/376435"}],"wp:featuredmedia":[{"embeddable":true,"href":"https:\/\/www.notibras.com\/site\/wp-json\/wp\/v2\/media\/376432"}],"wp:attachment":[{"href":"https:\/\/www.notibras.com\/site\/wp-json\/wp\/v2\/media?parent=376431"}],"wp:term":[{"taxonomy":"category","embeddable":true,"href":"https:\/\/www.notibras.com\/site\/wp-json\/wp\/v2\/categories?post=376431"},{"taxonomy":"post_tag","embeddable":true,"href":"https:\/\/www.notibras.com\/site\/wp-json\/wp\/v2\/tags?post=376431"}],"curies":[{"name":"wp","href":"https:\/\/api.w.org\/{rel}","templated":true}]}}