{"id":376440,"date":"2025-12-26T05:33:35","date_gmt":"2025-12-26T08:33:35","guid":{"rendered":"https:\/\/www.notibras.com\/site\/?p=376440"},"modified":"2025-12-26T05:33:35","modified_gmt":"2025-12-26T08:33:35","slug":"aplicativo-planeja-as-barragens-no-semiarido","status":"publish","type":"post","link":"https:\/\/www.notibras.com\/site\/aplicativo-planeja-as-barragens-no-semiarido\/","title":{"rendered":"Aplicativo planeja as barragens no semi\u00e1rido"},"content":{"rendered":"<p>Os agricultores, t\u00e9cnicos e demais profissionais rurais que vivem no semi\u00e1rido t\u00eam \u00e0 disposi\u00e7\u00e3o uma ferramenta para identificar \u00e1reas adequadas para a constru\u00e7\u00e3o de barragens subterr\u00e2neas e superar as estiagens prolongadas. O aplicativo Guarde\u00c1gua est\u00e1 dispon\u00edvel gratuitamente para celulares com sistema Android, na Play Store, e tamb\u00e9m conta com vers\u00e3o web.<\/p>\n<p>Desenvolvido pela Embrapa Solos, em parceria com a Articula\u00e7\u00e3o Semi\u00e1rido Brasileiro (ASA), o aplicativo ainda est\u00e1 em vers\u00e3o beta. A ferramenta tem como objetivo tornar mais precisa a decis\u00e3o sobre a viabilidade da tecnologia social h\u00eddrica, amplamente usada para garantir umidade no solo e permitir o plantio mesmo em per\u00edodos de escassez de chuva.<\/p>\n<p>Embora a barragem subterr\u00e2nea seja uma solu\u00e7\u00e3o consolidada no semi\u00e1rido, a Embrapa Solos ressalta que nem todo terreno \u00e9 adequado para sua constru\u00e7\u00e3o. O Guarde\u00c1gua foi criado justamente para reduzir erros na escolha do local, com base em crit\u00e9rios t\u00e9cnicos.<\/p>\n<p>Segundo a Embrapa, o aplicativo \u00e9 uma solu\u00e7\u00e3o digital inovadora, com interface simples e orientadora, que ajuda a identificar \u00e1reas com potencial para a instala\u00e7\u00e3o da barragem.<\/p>\n<p><strong>Uso sem internet<\/strong><br \/>\nPensado para uso direto no campo, o aplicativo funciona offline, o que garante autonomia em regi\u00f5es sem acesso \u00e0 internet. Quando a conex\u00e3o \u00e9 restabelecida, os dados coletados s\u00e3o sincronizados automaticamente com a plataforma.<\/p>\n<p>Para a an\u00e1lise, o usu\u00e1rio insere informa\u00e7\u00f5es relacionadas a solo, relevo, clima, geologia e vegeta\u00e7\u00e3o. Com base nesses dados, o sistema apresenta um dos tr\u00eas resultados poss\u00edveis:<\/p>\n<p>\u2022\u2002Apto: local adequado para a barragem subterr\u00e2nea;<\/p>\n<p>\u2022\u2002Restrito: local vi\u00e1vel, mas com limita\u00e7\u00f5es t\u00e9cnicas;<\/p>\n<p>\u2022\u2002Inapto: \u00e1rea n\u00e3o recomendada para a tecnologia.<\/p>\n<p>O relat\u00f3rio da an\u00e1lise pode ser visualizado na tela ou baixado em formato PDF, com a justificativa t\u00e9cnica do resultado.<\/p>\n<p><strong>Orienta\u00e7\u00f5es de manejo<\/strong><br \/>\nAl\u00e9m de avaliar a viabilidade da barragem, o Guarde\u00c1gua oferece orienta\u00e7\u00f5es b\u00e1sicas de manejo do solo e da \u00e1gua, com sugest\u00f5es de pr\u00e1ticas conservacionistas e de irriga\u00e7\u00e3o, nos casos classificados como \u201cApto\u201d ou \u201cRestrito.\u201d<\/p>\n<p>O aplicativo tamb\u00e9m indica culturas agr\u00edcolas recomendadas para cada \u00e1rea analisada. Ao selecionar uma cultura, o usu\u00e1rio \u00e9 enviado para o Portal Embrapa, onde encontra informa\u00e7\u00f5es t\u00e9cnicas detalhadas sobre produ\u00e7\u00e3o, sistemas de cultivo e cria\u00e7\u00f5es. A ferramenta ainda integra dados do Zoneamento Agr\u00edcola de Risco Clim\u00e1tico (Zarc) e do aplicativo Zarc Plantio Certo, que informam o melhor per\u00edodo de plantio por munic\u00edpio.<\/p>\n<p><strong>Capacita\u00e7\u00f5es em 11 estados<\/strong><br \/>\nDe acordo com a Embrapa Solos, est\u00e3o previstas capacita\u00e7\u00f5es em todos os 11 estados do semi\u00e1rido brasileiro no primeiro semestre de 2026. A a\u00e7\u00e3o ser\u00e1 coordenada pela Embrapa Solos e pela ASA, com apoio financeiro do Minist\u00e9rio do Desenvolvimento e Assist\u00eancia Social, Fam\u00edlia e Combate \u00e0 Fome (MDS).<\/p>\n<p>Durante o lan\u00e7amento do aplicativo, a Embrapa promoveu dois treinamentos pr\u00e1ticos em propriedades rurais de S\u00e3o Jos\u00e9 da Tapera (AL), reconhecidas como refer\u00eancias no uso da barragem subterr\u00e2nea.<\/p>\n<p><strong>Lan\u00e7amento e homenagem<\/strong><br \/>\nA cerim\u00f4nia oficial de lan\u00e7amento ocorreu em Santana do Ipanema (AL), e reuniu representantes do MDS, Embrapa, ASA, Prefeitura local, Senar Alagoas e agricultores familiares. O evento tamb\u00e9m foi marcado por uma homenagem ao pesquisador Lu\u00eds de Fran\u00e7a da Silva Neto, da Embrapa Solos, que liderava o desenvolvimento do aplicativo e faleceu em outubro de 2024, aos 44 anos.<\/p>\n<p>Reconhecido por sua atua\u00e7\u00e3o em projetos voltados \u00e0 agricultura familiar e ao manejo sustent\u00e1vel dos solos, Lu\u00eds de Fran\u00e7a deixou contribui\u00e7\u00f5es importantes para o avan\u00e7o da tecnologia de barragens subterr\u00e2neas no semi\u00e1rido.<\/p>\n","protected":false},"excerpt":{"rendered":"<p>Os agricultores, t\u00e9cnicos e demais profissionais rurais que vivem no semi\u00e1rido t\u00eam \u00e0 disposi\u00e7\u00e3o uma ferramenta para identificar \u00e1reas adequadas para a constru\u00e7\u00e3o de barragens subterr\u00e2neas e superar as estiagens prolongadas. O aplicativo Guarde\u00c1gua est\u00e1 dispon\u00edvel gratuitamente para celulares com sistema Android, na Play Store, e tamb\u00e9m conta com vers\u00e3o web. Desenvolvido pela Embrapa Solos, [&hellip;]<\/p>\n","protected":false},"author":2,"featured_media":376441,"comment_status":"closed","ping_status":"closed","sticky":false,"template":"","format":"standard","meta":{"_acf_changed":false,"footnotes":""},"categories":[165],"tags":[],"class_list":["post-376440","post","type-post","status-publish","format-standard","has-post-thumbnail","hentry","category-nordeste"],"acf":[],"yoast_head":"<!-- This site is optimized with the Yoast SEO plugin v27.5 - https:\/\/yoast.com\/product\/yoast-seo-wordpress\/ -->\n<title>Aplicativo planeja as barragens no semi\u00e1rido - Notibras<\/title>\n<meta name=\"robots\" content=\"index, follow, max-snippet:-1, max-image-preview:large, max-video-preview:-1\" \/>\n<link rel=\"canonical\" href=\"https:\/\/www.notibras.com\/site\/aplicativo-planeja-as-barragens-no-semiarido\/\" \/>\n<meta property=\"og:locale\" content=\"pt_BR\" \/>\n<meta property=\"og:type\" content=\"article\" \/>\n<meta property=\"og:title\" content=\"Aplicativo planeja as barragens no semi\u00e1rido - Notibras\" \/>\n<meta property=\"og:description\" content=\"Os agricultores, t\u00e9cnicos e demais profissionais rurais que vivem no semi\u00e1rido t\u00eam \u00e0 disposi\u00e7\u00e3o uma ferramenta para identificar \u00e1reas adequadas para a constru\u00e7\u00e3o de barragens subterr\u00e2neas e superar as estiagens prolongadas. O aplicativo Guarde\u00c1gua est\u00e1 dispon\u00edvel gratuitamente para celulares com sistema Android, na Play Store, e tamb\u00e9m conta com vers\u00e3o web. Desenvolvido pela Embrapa Solos, [&hellip;]\" \/>\n<meta property=\"og:url\" content=\"https:\/\/www.notibras.com\/site\/aplicativo-planeja-as-barragens-no-semiarido\/\" \/>\n<meta property=\"og:site_name\" content=\"Notibras\" \/>\n<meta property=\"article:publisher\" content=\"https:\/\/www.facebook.com\/notibras\/\" \/>\n<meta property=\"article:published_time\" content=\"2025-12-26T08:33:35+00:00\" \/>\n<meta property=\"og:image\" content=\"https:\/\/www.notibras.com\/site\/wp-content\/uploads\/2025\/12\/embrapa_petrolina_1.webp\" \/>\n\t<meta property=\"og:image:width\" content=\"1170\" \/>\n\t<meta property=\"og:image:height\" content=\"700\" \/>\n\t<meta property=\"og:image:type\" content=\"image\/webp\" \/>\n<meta name=\"author\" content=\"Reda\u00e7\u00e3o\" \/>\n<meta name=\"twitter:card\" content=\"summary_large_image\" \/>\n<meta name=\"twitter:creator\" content=\"@Notibras\" \/>\n<meta name=\"twitter:site\" content=\"@Notibras\" \/>\n<meta name=\"twitter:label1\" content=\"Escrito por\" \/>\n\t<meta name=\"twitter:data1\" content=\"Reda\u00e7\u00e3o\" \/>\n\t<meta name=\"twitter:label2\" content=\"Est. tempo de leitura\" \/>\n\t<meta name=\"twitter:data2\" content=\"4 minutos\" \/>\n<script type=\"application\/ld+json\" class=\"yoast-schema-graph\">{\"@context\":\"https:\\\/\\\/schema.org\",\"@graph\":[{\"@type\":\"Article\",\"@id\":\"https:\\\/\\\/www.notibras.com\\\/site\\\/aplicativo-planeja-as-barragens-no-semiarido\\\/#article\",\"isPartOf\":{\"@id\":\"https:\\\/\\\/www.notibras.com\\\/site\\\/aplicativo-planeja-as-barragens-no-semiarido\\\/\"},\"author\":{\"name\":\"Reda\u00e7\u00e3o\",\"@id\":\"https:\\\/\\\/www.notibras.com\\\/site\\\/#\\\/schema\\\/person\\\/36ab0979449956132d3e5b517ea76ac8\"},\"headline\":\"Aplicativo planeja as barragens no semi\u00e1rido\",\"datePublished\":\"2025-12-26T08:33:35+00:00\",\"mainEntityOfPage\":{\"@id\":\"https:\\\/\\\/www.notibras.com\\\/site\\\/aplicativo-planeja-as-barragens-no-semiarido\\\/\"},\"wordCount\":632,\"publisher\":{\"@id\":\"https:\\\/\\\/www.notibras.com\\\/site\\\/#organization\"},\"image\":{\"@id\":\"https:\\\/\\\/www.notibras.com\\\/site\\\/aplicativo-planeja-as-barragens-no-semiarido\\\/#primaryimage\"},\"thumbnailUrl\":\"https:\\\/\\\/www.notibras.com\\\/site\\\/wp-content\\\/uploads\\\/2025\\\/12\\\/embrapa_petrolina_1.webp\",\"articleSection\":[\"Nordeste\"],\"inLanguage\":\"pt-BR\"},{\"@type\":\"WebPage\",\"@id\":\"https:\\\/\\\/www.notibras.com\\\/site\\\/aplicativo-planeja-as-barragens-no-semiarido\\\/\",\"url\":\"https:\\\/\\\/www.notibras.com\\\/site\\\/aplicativo-planeja-as-barragens-no-semiarido\\\/\",\"name\":\"Aplicativo planeja as barragens no semi\u00e1rido - Notibras\",\"isPartOf\":{\"@id\":\"https:\\\/\\\/www.notibras.com\\\/site\\\/#website\"},\"primaryImageOfPage\":{\"@id\":\"https:\\\/\\\/www.notibras.com\\\/site\\\/aplicativo-planeja-as-barragens-no-semiarido\\\/#primaryimage\"},\"image\":{\"@id\":\"https:\\\/\\\/www.notibras.com\\\/site\\\/aplicativo-planeja-as-barragens-no-semiarido\\\/#primaryimage\"},\"thumbnailUrl\":\"https:\\\/\\\/www.notibras.com\\\/site\\\/wp-content\\\/uploads\\\/2025\\\/12\\\/embrapa_petrolina_1.webp\",\"datePublished\":\"2025-12-26T08:33:35+00:00\",\"breadcrumb\":{\"@id\":\"https:\\\/\\\/www.notibras.com\\\/site\\\/aplicativo-planeja-as-barragens-no-semiarido\\\/#breadcrumb\"},\"inLanguage\":\"pt-BR\",\"potentialAction\":[{\"@type\":\"ReadAction\",\"target\":[\"https:\\\/\\\/www.notibras.com\\\/site\\\/aplicativo-planeja-as-barragens-no-semiarido\\\/\"]}]},{\"@type\":\"ImageObject\",\"inLanguage\":\"pt-BR\",\"@id\":\"https:\\\/\\\/www.notibras.com\\\/site\\\/aplicativo-planeja-as-barragens-no-semiarido\\\/#primaryimage\",\"url\":\"https:\\\/\\\/www.notibras.com\\\/site\\\/wp-content\\\/uploads\\\/2025\\\/12\\\/embrapa_petrolina_1.webp\",\"contentUrl\":\"https:\\\/\\\/www.notibras.com\\\/site\\\/wp-content\\\/uploads\\\/2025\\\/12\\\/embrapa_petrolina_1.webp\",\"width\":1170,\"height\":700},{\"@type\":\"BreadcrumbList\",\"@id\":\"https:\\\/\\\/www.notibras.com\\\/site\\\/aplicativo-planeja-as-barragens-no-semiarido\\\/#breadcrumb\",\"itemListElement\":[{\"@type\":\"ListItem\",\"position\":1,\"name\":\"In\u00edcio\",\"item\":\"https:\\\/\\\/www.notibras.com\\\/site\\\/\"},{\"@type\":\"ListItem\",\"position\":2,\"name\":\"Aplicativo planeja as barragens no semi\u00e1rido\"}]},{\"@type\":\"WebSite\",\"@id\":\"https:\\\/\\\/www.notibras.com\\\/site\\\/#website\",\"url\":\"https:\\\/\\\/www.notibras.com\\\/site\\\/\",\"name\":\"Notibras\",\"description\":\"Not\u00edcias de Bras\u00edlia, do Brasil e do Mundo\",\"publisher\":{\"@id\":\"https:\\\/\\\/www.notibras.com\\\/site\\\/#organization\"},\"potentialAction\":[{\"@type\":\"SearchAction\",\"target\":{\"@type\":\"EntryPoint\",\"urlTemplate\":\"https:\\\/\\\/www.notibras.com\\\/site\\\/?s={search_term_string}\"},\"query-input\":{\"@type\":\"PropertyValueSpecification\",\"valueRequired\":true,\"valueName\":\"search_term_string\"}}],\"inLanguage\":\"pt-BR\"},{\"@type\":\"Organization\",\"@id\":\"https:\\\/\\\/www.notibras.com\\\/site\\\/#organization\",\"name\":\"Grupo Notibras de Comunica\u00e7\u00e3o\",\"url\":\"https:\\\/\\\/www.notibras.com\\\/site\\\/\",\"logo\":{\"@type\":\"ImageObject\",\"inLanguage\":\"pt-BR\",\"@id\":\"https:\\\/\\\/www.notibras.com\\\/site\\\/#\\\/schema\\\/logo\\\/image\\\/\",\"url\":\"https:\\\/\\\/www.notibras.com\\\/site\\\/wp-content\\\/uploads\\\/2023\\\/01\\\/notibras23.png\",\"contentUrl\":\"https:\\\/\\\/www.notibras.com\\\/site\\\/wp-content\\\/uploads\\\/2023\\\/01\\\/notibras23.png\",\"width\":350,\"height\":87,\"caption\":\"Grupo Notibras de Comunica\u00e7\u00e3o\"},\"image\":{\"@id\":\"https:\\\/\\\/www.notibras.com\\\/site\\\/#\\\/schema\\\/logo\\\/image\\\/\"},\"sameAs\":[\"https:\\\/\\\/www.facebook.com\\\/notibras\\\/\",\"https:\\\/\\\/x.com\\\/Notibras\",\"https:\\\/\\\/www.instagram.com\\\/notibras\\\/\"]},{\"@type\":\"Person\",\"@id\":\"https:\\\/\\\/www.notibras.com\\\/site\\\/#\\\/schema\\\/person\\\/36ab0979449956132d3e5b517ea76ac8\",\"name\":\"Reda\u00e7\u00e3o\",\"image\":{\"@type\":\"ImageObject\",\"inLanguage\":\"pt-BR\",\"@id\":\"https:\\\/\\\/secure.gravatar.com\\\/avatar\\\/e0a867bdedb85fd243eadf09663511f96fc81e0720a4a42581f334ad4303aa6b?s=96&d=mm&r=g\",\"url\":\"https:\\\/\\\/secure.gravatar.com\\\/avatar\\\/e0a867bdedb85fd243eadf09663511f96fc81e0720a4a42581f334ad4303aa6b?s=96&d=mm&r=g\",\"contentUrl\":\"https:\\\/\\\/secure.gravatar.com\\\/avatar\\\/e0a867bdedb85fd243eadf09663511f96fc81e0720a4a42581f334ad4303aa6b?s=96&d=mm&r=g\",\"caption\":\"Reda\u00e7\u00e3o\"}}]}<\/script>\n<!-- \/ Yoast SEO plugin. -->","yoast_head_json":{"title":"Aplicativo planeja as barragens no semi\u00e1rido - Notibras","robots":{"index":"index","follow":"follow","max-snippet":"max-snippet:-1","max-image-preview":"max-image-preview:large","max-video-preview":"max-video-preview:-1"},"canonical":"https:\/\/www.notibras.com\/site\/aplicativo-planeja-as-barragens-no-semiarido\/","og_locale":"pt_BR","og_type":"article","og_title":"Aplicativo planeja as barragens no semi\u00e1rido - Notibras","og_description":"Os agricultores, t\u00e9cnicos e demais profissionais rurais que vivem no semi\u00e1rido t\u00eam \u00e0 disposi\u00e7\u00e3o uma ferramenta para identificar \u00e1reas adequadas para a constru\u00e7\u00e3o de barragens subterr\u00e2neas e superar as estiagens prolongadas. O aplicativo Guarde\u00c1gua est\u00e1 dispon\u00edvel gratuitamente para celulares com sistema Android, na Play Store, e tamb\u00e9m conta com vers\u00e3o web. Desenvolvido pela Embrapa Solos, [&hellip;]","og_url":"https:\/\/www.notibras.com\/site\/aplicativo-planeja-as-barragens-no-semiarido\/","og_site_name":"Notibras","article_publisher":"https:\/\/www.facebook.com\/notibras\/","article_published_time":"2025-12-26T08:33:35+00:00","og_image":[{"width":1170,"height":700,"url":"https:\/\/www.notibras.com\/site\/wp-content\/uploads\/2025\/12\/embrapa_petrolina_1.webp","type":"image\/webp"}],"author":"Reda\u00e7\u00e3o","twitter_card":"summary_large_image","twitter_creator":"@Notibras","twitter_site":"@Notibras","twitter_misc":{"Escrito por":"Reda\u00e7\u00e3o","Est. tempo de leitura":"4 minutos"},"schema":{"@context":"https:\/\/schema.org","@graph":[{"@type":"Article","@id":"https:\/\/www.notibras.com\/site\/aplicativo-planeja-as-barragens-no-semiarido\/#article","isPartOf":{"@id":"https:\/\/www.notibras.com\/site\/aplicativo-planeja-as-barragens-no-semiarido\/"},"author":{"name":"Reda\u00e7\u00e3o","@id":"https:\/\/www.notibras.com\/site\/#\/schema\/person\/36ab0979449956132d3e5b517ea76ac8"},"headline":"Aplicativo planeja as barragens no semi\u00e1rido","datePublished":"2025-12-26T08:33:35+00:00","mainEntityOfPage":{"@id":"https:\/\/www.notibras.com\/site\/aplicativo-planeja-as-barragens-no-semiarido\/"},"wordCount":632,"publisher":{"@id":"https:\/\/www.notibras.com\/site\/#organization"},"image":{"@id":"https:\/\/www.notibras.com\/site\/aplicativo-planeja-as-barragens-no-semiarido\/#primaryimage"},"thumbnailUrl":"https:\/\/www.notibras.com\/site\/wp-content\/uploads\/2025\/12\/embrapa_petrolina_1.webp","articleSection":["Nordeste"],"inLanguage":"pt-BR"},{"@type":"WebPage","@id":"https:\/\/www.notibras.com\/site\/aplicativo-planeja-as-barragens-no-semiarido\/","url":"https:\/\/www.notibras.com\/site\/aplicativo-planeja-as-barragens-no-semiarido\/","name":"Aplicativo planeja as barragens no semi\u00e1rido - Notibras","isPartOf":{"@id":"https:\/\/www.notibras.com\/site\/#website"},"primaryImageOfPage":{"@id":"https:\/\/www.notibras.com\/site\/aplicativo-planeja-as-barragens-no-semiarido\/#primaryimage"},"image":{"@id":"https:\/\/www.notibras.com\/site\/aplicativo-planeja-as-barragens-no-semiarido\/#primaryimage"},"thumbnailUrl":"https:\/\/www.notibras.com\/site\/wp-content\/uploads\/2025\/12\/embrapa_petrolina_1.webp","datePublished":"2025-12-26T08:33:35+00:00","breadcrumb":{"@id":"https:\/\/www.notibras.com\/site\/aplicativo-planeja-as-barragens-no-semiarido\/#breadcrumb"},"inLanguage":"pt-BR","potentialAction":[{"@type":"ReadAction","target":["https:\/\/www.notibras.com\/site\/aplicativo-planeja-as-barragens-no-semiarido\/"]}]},{"@type":"ImageObject","inLanguage":"pt-BR","@id":"https:\/\/www.notibras.com\/site\/aplicativo-planeja-as-barragens-no-semiarido\/#primaryimage","url":"https:\/\/www.notibras.com\/site\/wp-content\/uploads\/2025\/12\/embrapa_petrolina_1.webp","contentUrl":"https:\/\/www.notibras.com\/site\/wp-content\/uploads\/2025\/12\/embrapa_petrolina_1.webp","width":1170,"height":700},{"@type":"BreadcrumbList","@id":"https:\/\/www.notibras.com\/site\/aplicativo-planeja-as-barragens-no-semiarido\/#breadcrumb","itemListElement":[{"@type":"ListItem","position":1,"name":"In\u00edcio","item":"https:\/\/www.notibras.com\/site\/"},{"@type":"ListItem","position":2,"name":"Aplicativo planeja as barragens no semi\u00e1rido"}]},{"@type":"WebSite","@id":"https:\/\/www.notibras.com\/site\/#website","url":"https:\/\/www.notibras.com\/site\/","name":"Notibras","description":"Not\u00edcias de Bras\u00edlia, do Brasil e do Mundo","publisher":{"@id":"https:\/\/www.notibras.com\/site\/#organization"},"potentialAction":[{"@type":"SearchAction","target":{"@type":"EntryPoint","urlTemplate":"https:\/\/www.notibras.com\/site\/?s={search_term_string}"},"query-input":{"@type":"PropertyValueSpecification","valueRequired":true,"valueName":"search_term_string"}}],"inLanguage":"pt-BR"},{"@type":"Organization","@id":"https:\/\/www.notibras.com\/site\/#organization","name":"Grupo Notibras de Comunica\u00e7\u00e3o","url":"https:\/\/www.notibras.com\/site\/","logo":{"@type":"ImageObject","inLanguage":"pt-BR","@id":"https:\/\/www.notibras.com\/site\/#\/schema\/logo\/image\/","url":"https:\/\/www.notibras.com\/site\/wp-content\/uploads\/2023\/01\/notibras23.png","contentUrl":"https:\/\/www.notibras.com\/site\/wp-content\/uploads\/2023\/01\/notibras23.png","width":350,"height":87,"caption":"Grupo Notibras de Comunica\u00e7\u00e3o"},"image":{"@id":"https:\/\/www.notibras.com\/site\/#\/schema\/logo\/image\/"},"sameAs":["https:\/\/www.facebook.com\/notibras\/","https:\/\/x.com\/Notibras","https:\/\/www.instagram.com\/notibras\/"]},{"@type":"Person","@id":"https:\/\/www.notibras.com\/site\/#\/schema\/person\/36ab0979449956132d3e5b517ea76ac8","name":"Reda\u00e7\u00e3o","image":{"@type":"ImageObject","inLanguage":"pt-BR","@id":"https:\/\/secure.gravatar.com\/avatar\/e0a867bdedb85fd243eadf09663511f96fc81e0720a4a42581f334ad4303aa6b?s=96&d=mm&r=g","url":"https:\/\/secure.gravatar.com\/avatar\/e0a867bdedb85fd243eadf09663511f96fc81e0720a4a42581f334ad4303aa6b?s=96&d=mm&r=g","contentUrl":"https:\/\/secure.gravatar.com\/avatar\/e0a867bdedb85fd243eadf09663511f96fc81e0720a4a42581f334ad4303aa6b?s=96&d=mm&r=g","caption":"Reda\u00e7\u00e3o"}}]}},"amp_enabled":true,"_links":{"self":[{"href":"https:\/\/www.notibras.com\/site\/wp-json\/wp\/v2\/posts\/376440","targetHints":{"allow":["GET"]}}],"collection":[{"href":"https:\/\/www.notibras.com\/site\/wp-json\/wp\/v2\/posts"}],"about":[{"href":"https:\/\/www.notibras.com\/site\/wp-json\/wp\/v2\/types\/post"}],"author":[{"embeddable":true,"href":"https:\/\/www.notibras.com\/site\/wp-json\/wp\/v2\/users\/2"}],"replies":[{"embeddable":true,"href":"https:\/\/www.notibras.com\/site\/wp-json\/wp\/v2\/comments?post=376440"}],"version-history":[{"count":1,"href":"https:\/\/www.notibras.com\/site\/wp-json\/wp\/v2\/posts\/376440\/revisions"}],"predecessor-version":[{"id":376442,"href":"https:\/\/www.notibras.com\/site\/wp-json\/wp\/v2\/posts\/376440\/revisions\/376442"}],"wp:featuredmedia":[{"embeddable":true,"href":"https:\/\/www.notibras.com\/site\/wp-json\/wp\/v2\/media\/376441"}],"wp:attachment":[{"href":"https:\/\/www.notibras.com\/site\/wp-json\/wp\/v2\/media?parent=376440"}],"wp:term":[{"taxonomy":"category","embeddable":true,"href":"https:\/\/www.notibras.com\/site\/wp-json\/wp\/v2\/categories?post=376440"},{"taxonomy":"post_tag","embeddable":true,"href":"https:\/\/www.notibras.com\/site\/wp-json\/wp\/v2\/tags?post=376440"}],"curies":[{"name":"wp","href":"https:\/\/api.w.org\/{rel}","templated":true}]}}