{"id":376443,"date":"2025-12-26T09:40:39","date_gmt":"2025-12-26T12:40:39","guid":{"rendered":"https:\/\/www.notibras.com\/site\/?p=376443"},"modified":"2025-12-26T09:40:39","modified_gmt":"2025-12-26T12:40:39","slug":"a-magia-do-olhar-no-sagrado-feminino","status":"publish","type":"post","link":"https:\/\/www.notibras.com\/site\/a-magia-do-olhar-no-sagrado-feminino\/","title":{"rendered":"A Magia do Olhar no Sagrado Feminino"},"content":{"rendered":"<p>Desde as civiliza\u00e7\u00f5es antigas, o olhar \u00e9 reconhecido como uma das mais poderosas formas de comunica\u00e7\u00e3o humana. Antes da palavra, o olhar transmite inten\u00e7\u00e3o, dom\u00ednio, acolhimento ou amea\u00e7a. No Egito, na Gr\u00e9cia e em culturas xam\u00e2nicas, acreditava-se que os olhos eram portais da alma e instrumentos diretos da vontade espiritual.<\/p>\n<p>A chamada for\u00e7a do olhar est\u00e1 ligada \u00e0 capacidade de concentra\u00e7\u00e3o, presen\u00e7a e inten\u00e7\u00e3o. Olhar fixamente \u00e9 um ato de poder: quem sustenta o olhar imp\u00f5e ritmo, estabelece hierarquia simb\u00f3lica e cria um campo de influ\u00eancia. N\u00e3o por acaso, o \u201colho que tudo v\u00ea\u201d, o Olho de H\u00f3rus do Antigo Egito, tornou-se arqu\u00e9tipo universal de vigil\u00e2ncia, consci\u00eancia e autoridade espiritual.<\/p>\n<p>O poder da sedu\u00e7\u00e3o no olhar feminino ultrapassa a no\u00e7\u00e3o superficial de atra\u00e7\u00e3o e se inscreve no campo da comunica\u00e7\u00e3o simb\u00f3lica e do dom\u00ednio energ\u00e9tico. Ao longo da hist\u00f3ria, o olhar da mulher \u00e9 associado \u00e0 capacidade de encantar, conduzir e transformar, n\u00e3o como instrumento de submiss\u00e3o, mas de soberania sutil, todavia poderosa. Na perspectiva m\u00e1gica, a sedu\u00e7\u00e3o pelo olhar \u00e9 o alinhamento entre inten\u00e7\u00e3o, presen\u00e7a e magnetismo interior. Trata-se de um gesto consciente que desperta aten\u00e7\u00e3o, rompe defesas ps\u00edquicas e cria um campo de resson\u00e2ncia emocional e espiritual. Nas tradi\u00e7\u00f5es do Sagrado Feminino e da Wicca, esse olhar sedutor \u00e9 compreendido como express\u00e3o da Deusa \u2014 criador, receptivo e transformador \u2014 capaz de gerar v\u00ednculos, inspirar mudan\u00e7as e afirmar o poder da mulher como guardi\u00e3 do mist\u00e9rio, da vida e do desejo sagrado.<\/p>\n<p>Na dimens\u00e3o simb\u00f3lica e antropol\u00f3gica, o olhar feminino sempre foi compreendido como um potente instrumento de sedu\u00e7\u00e3o sagrada, capaz de mobilizar emo\u00e7\u00f5es, criar v\u00ednculos e instaurar campos de influ\u00eancia. Diferente de uma sedu\u00e7\u00e3o superficial, trata-se de um magnetismo ps\u00edquico que emerge da presen\u00e7a, da inten\u00e7\u00e3o e da autoconsci\u00eancia. Estudos em psicologia anal\u00edtica desenvolvidos por Carl Jung indicam que o contato visual sustentado ativa arqu\u00e9tipos ligados \u00e0 anima e ao desejo, funcionando como um canal direto de comunica\u00e7\u00e3o inconsciente. Na Wicca e nas pr\u00e1ticas do Sagrado Feminino, esse olhar sedutor \u00e9 ressignificado como express\u00e3o de poder envolvente. Um gesto consciente que afirma autonomia, desperta a sensibilidade do outro e consagra o desejo como dimens\u00e3o espiritual, onde eros, magia e identidade se entrela\u00e7am de forma harmoniosa.<\/p>\n<p>No campo do hipnotismo, o olhar \u00e9 um dos principais ve\u00edculos de indu\u00e7\u00e3o e controle ps\u00edquico. T\u00e9cnicas cl\u00e1ssicas utilizam a fixa\u00e7\u00e3o ocular para reduzir a atividade racional e conduzir o sujeito a estados alterados de consci\u00eancia. Estudos em psicologia confirmam que o contato visual prolongado pode alterar percep\u00e7\u00f5es, emo\u00e7\u00f5es e respostas neurol\u00f3gicas, refor\u00e7ando a ideia de que o olhar atua como um gatilho ps\u00edquico profundo.<\/p>\n<p>Historicamente, o poder de domina\u00e7\u00e3o pelo olhar era atribu\u00eddo tanto a l\u00edderes quanto a figuras consideradas \u201cperigosas\u201d, como feiticeiras e sacerdotisas. O medo do \u201cmau-olhado\u201d reflete o reconhecimento coletivo de que o olhar carrega inten\u00e7\u00e3o energ\u00e9tica.<\/p>\n<p>Nos rituais da Wicca e nas pr\u00e1ticas do Sagrado Feminino, a sacerdotisa n\u00e3o baixa os olhos. Ela encara, afirmando a sua presen\u00e7a e poder. O olhar ritual\u00edstico \u00e9 utilizado para consagrar c\u00edrculos, invocar divindades, aben\u00e7oar e tamb\u00e9m proteger. O olhar torna-se um ato m\u00e1gico de afirma\u00e7\u00e3o do corpo, da intui\u00e7\u00e3o e da soberania espiritual. Muitas tradi\u00e7\u00f5es wiccanianas ensinam exerc\u00edcios de ativa\u00e7\u00e3o do \u201colho interno\u201d, conectando vis\u00e3o f\u00edsica e vis\u00e3o ps\u00edquica.<\/p>\n<p>Na Magia, o olhar \u00e9 ponte entre o mundo vis\u00edvel e o invis\u00edvel. Ele direciona energia, sustenta encantamentos e ancora s\u00edmbolos. Como afirmam textos herm\u00e9ticos, \u201ca vontade guiada pela vis\u00e3o cria realidades\u201d. Assim, a Magia do Olhar n\u00e3o \u00e9 met\u00e1fora, mas pr\u00e1tica viva \u2014 um gesto silencioso capaz de transformar quem olha e quem \u00e9 olhado.<\/p>\n<p>&#8230;&#8230;&#8230;&#8230;..<\/p>\n<p><strong>Bahirah Abdalla <\/strong><br \/>\n<strong>Mestre Conselheira do Col\u00e9gio dos Magos e Sacerdotisas<\/strong><br \/>\n<strong>@colegiodosmagosesacerdotisas<\/strong><\/p>\n","protected":false},"excerpt":{"rendered":"<p>Desde as civiliza\u00e7\u00f5es antigas, o olhar \u00e9 reconhecido como uma das mais poderosas formas de comunica\u00e7\u00e3o humana. Antes da palavra, o olhar transmite inten\u00e7\u00e3o, dom\u00ednio, acolhimento ou amea\u00e7a. No Egito, na Gr\u00e9cia e em culturas xam\u00e2nicas, acreditava-se que os olhos eram portais da alma e instrumentos diretos da vontade espiritual. A chamada for\u00e7a do olhar [&hellip;]<\/p>\n","protected":false},"author":2,"featured_media":376444,"comment_status":"closed","ping_status":"closed","sticky":false,"template":"","format":"standard","meta":{"_acf_changed":false,"footnotes":""},"categories":[237],"tags":[],"class_list":["post-376443","post","type-post","status-publish","format-standard","has-post-thumbnail","hentry","category-oraculos"],"acf":[],"yoast_head":"<!-- This site is optimized with the Yoast SEO plugin v27.2 - https:\/\/yoast.com\/product\/yoast-seo-wordpress\/ -->\n<title>A Magia do Olhar no Sagrado Feminino - Notibras<\/title>\n<meta name=\"robots\" content=\"index, follow, max-snippet:-1, max-image-preview:large, max-video-preview:-1\" \/>\n<link rel=\"canonical\" href=\"https:\/\/www.notibras.com\/site\/a-magia-do-olhar-no-sagrado-feminino\/\" \/>\n<meta property=\"og:locale\" content=\"pt_BR\" \/>\n<meta property=\"og:type\" content=\"article\" \/>\n<meta property=\"og:title\" content=\"A Magia do Olhar no Sagrado Feminino - Notibras\" \/>\n<meta property=\"og:description\" content=\"Desde as civiliza\u00e7\u00f5es antigas, o olhar \u00e9 reconhecido como uma das mais poderosas formas de comunica\u00e7\u00e3o humana. Antes da palavra, o olhar transmite inten\u00e7\u00e3o, dom\u00ednio, acolhimento ou amea\u00e7a. No Egito, na Gr\u00e9cia e em culturas xam\u00e2nicas, acreditava-se que os olhos eram portais da alma e instrumentos diretos da vontade espiritual. A chamada for\u00e7a do olhar [&hellip;]\" \/>\n<meta property=\"og:url\" content=\"https:\/\/www.notibras.com\/site\/a-magia-do-olhar-no-sagrado-feminino\/\" \/>\n<meta property=\"og:site_name\" content=\"Notibras\" \/>\n<meta property=\"article:publisher\" content=\"https:\/\/www.facebook.com\/notibras\/\" \/>\n<meta property=\"article:published_time\" content=\"2025-12-26T12:40:39+00:00\" \/>\n<meta property=\"og:image\" content=\"https:\/\/www.notibras.com\/site\/wp-content\/uploads\/2025\/12\/45c973dd-36f5-446c-a91e-fe58e2e42a6e.jpg\" \/>\n\t<meta property=\"og:image:width\" content=\"600\" \/>\n\t<meta property=\"og:image:height\" content=\"337\" \/>\n\t<meta property=\"og:image:type\" content=\"image\/jpeg\" \/>\n<meta name=\"author\" content=\"Reda\u00e7\u00e3o\" \/>\n<meta name=\"twitter:card\" content=\"summary_large_image\" \/>\n<meta name=\"twitter:creator\" content=\"@Notibras\" \/>\n<meta name=\"twitter:site\" content=\"@Notibras\" \/>\n<meta name=\"twitter:label1\" content=\"Escrito por\" \/>\n\t<meta name=\"twitter:data1\" content=\"Reda\u00e7\u00e3o\" \/>\n\t<meta name=\"twitter:label2\" content=\"Est. tempo de leitura\" \/>\n\t<meta name=\"twitter:data2\" content=\"4 minutos\" \/>\n<script type=\"application\/ld+json\" class=\"yoast-schema-graph\">{\"@context\":\"https:\/\/schema.org\",\"@graph\":[{\"@type\":\"Article\",\"@id\":\"https:\/\/www.notibras.com\/site\/a-magia-do-olhar-no-sagrado-feminino\/#article\",\"isPartOf\":{\"@id\":\"https:\/\/www.notibras.com\/site\/a-magia-do-olhar-no-sagrado-feminino\/\"},\"author\":{\"name\":\"Reda\u00e7\u00e3o\",\"@id\":\"https:\/\/www.notibras.com\/site\/#\/schema\/person\/36ab0979449956132d3e5b517ea76ac8\"},\"headline\":\"A Magia do Olhar no Sagrado Feminino\",\"datePublished\":\"2025-12-26T12:40:39+00:00\",\"mainEntityOfPage\":{\"@id\":\"https:\/\/www.notibras.com\/site\/a-magia-do-olhar-no-sagrado-feminino\/\"},\"wordCount\":699,\"publisher\":{\"@id\":\"https:\/\/www.notibras.com\/site\/#organization\"},\"image\":{\"@id\":\"https:\/\/www.notibras.com\/site\/a-magia-do-olhar-no-sagrado-feminino\/#primaryimage\"},\"thumbnailUrl\":\"https:\/\/www.notibras.com\/site\/wp-content\/uploads\/2025\/12\/45c973dd-36f5-446c-a91e-fe58e2e42a6e.jpg\",\"articleSection\":[\"Or\u00e1culos\"],\"inLanguage\":\"pt-BR\"},{\"@type\":\"WebPage\",\"@id\":\"https:\/\/www.notibras.com\/site\/a-magia-do-olhar-no-sagrado-feminino\/\",\"url\":\"https:\/\/www.notibras.com\/site\/a-magia-do-olhar-no-sagrado-feminino\/\",\"name\":\"A Magia do Olhar no Sagrado Feminino - Notibras\",\"isPartOf\":{\"@id\":\"https:\/\/www.notibras.com\/site\/#website\"},\"primaryImageOfPage\":{\"@id\":\"https:\/\/www.notibras.com\/site\/a-magia-do-olhar-no-sagrado-feminino\/#primaryimage\"},\"image\":{\"@id\":\"https:\/\/www.notibras.com\/site\/a-magia-do-olhar-no-sagrado-feminino\/#primaryimage\"},\"thumbnailUrl\":\"https:\/\/www.notibras.com\/site\/wp-content\/uploads\/2025\/12\/45c973dd-36f5-446c-a91e-fe58e2e42a6e.jpg\",\"datePublished\":\"2025-12-26T12:40:39+00:00\",\"breadcrumb\":{\"@id\":\"https:\/\/www.notibras.com\/site\/a-magia-do-olhar-no-sagrado-feminino\/#breadcrumb\"},\"inLanguage\":\"pt-BR\",\"potentialAction\":[{\"@type\":\"ReadAction\",\"target\":[\"https:\/\/www.notibras.com\/site\/a-magia-do-olhar-no-sagrado-feminino\/\"]}]},{\"@type\":\"ImageObject\",\"inLanguage\":\"pt-BR\",\"@id\":\"https:\/\/www.notibras.com\/site\/a-magia-do-olhar-no-sagrado-feminino\/#primaryimage\",\"url\":\"https:\/\/www.notibras.com\/site\/wp-content\/uploads\/2025\/12\/45c973dd-36f5-446c-a91e-fe58e2e42a6e.jpg\",\"contentUrl\":\"https:\/\/www.notibras.com\/site\/wp-content\/uploads\/2025\/12\/45c973dd-36f5-446c-a91e-fe58e2e42a6e.jpg\",\"width\":600,\"height\":337},{\"@type\":\"BreadcrumbList\",\"@id\":\"https:\/\/www.notibras.com\/site\/a-magia-do-olhar-no-sagrado-feminino\/#breadcrumb\",\"itemListElement\":[{\"@type\":\"ListItem\",\"position\":1,\"name\":\"In\u00edcio\",\"item\":\"https:\/\/www.notibras.com\/site\/\"},{\"@type\":\"ListItem\",\"position\":2,\"name\":\"A Magia do Olhar no Sagrado Feminino\"}]},{\"@type\":\"WebSite\",\"@id\":\"https:\/\/www.notibras.com\/site\/#website\",\"url\":\"https:\/\/www.notibras.com\/site\/\",\"name\":\"Notibras\",\"description\":\"Not\u00edcias de Bras\u00edlia, do Brasil e do Mundo\",\"publisher\":{\"@id\":\"https:\/\/www.notibras.com\/site\/#organization\"},\"potentialAction\":[{\"@type\":\"SearchAction\",\"target\":{\"@type\":\"EntryPoint\",\"urlTemplate\":\"https:\/\/www.notibras.com\/site\/?s={search_term_string}\"},\"query-input\":{\"@type\":\"PropertyValueSpecification\",\"valueRequired\":true,\"valueName\":\"search_term_string\"}}],\"inLanguage\":\"pt-BR\"},{\"@type\":\"Organization\",\"@id\":\"https:\/\/www.notibras.com\/site\/#organization\",\"name\":\"Grupo Notibras de Comunica\u00e7\u00e3o\",\"url\":\"https:\/\/www.notibras.com\/site\/\",\"logo\":{\"@type\":\"ImageObject\",\"inLanguage\":\"pt-BR\",\"@id\":\"https:\/\/www.notibras.com\/site\/#\/schema\/logo\/image\/\",\"url\":\"https:\/\/www.notibras.com\/site\/wp-content\/uploads\/2023\/01\/notibras23.png\",\"contentUrl\":\"https:\/\/www.notibras.com\/site\/wp-content\/uploads\/2023\/01\/notibras23.png\",\"width\":350,\"height\":87,\"caption\":\"Grupo Notibras de Comunica\u00e7\u00e3o\"},\"image\":{\"@id\":\"https:\/\/www.notibras.com\/site\/#\/schema\/logo\/image\/\"},\"sameAs\":[\"https:\/\/www.facebook.com\/notibras\/\",\"https:\/\/x.com\/Notibras\",\"https:\/\/www.instagram.com\/notibras\/\"]},{\"@type\":\"Person\",\"@id\":\"https:\/\/www.notibras.com\/site\/#\/schema\/person\/36ab0979449956132d3e5b517ea76ac8\",\"name\":\"Reda\u00e7\u00e3o\",\"image\":{\"@type\":\"ImageObject\",\"inLanguage\":\"pt-BR\",\"@id\":\"https:\/\/secure.gravatar.com\/avatar\/e0a867bdedb85fd243eadf09663511f96fc81e0720a4a42581f334ad4303aa6b?s=96&d=mm&r=g\",\"url\":\"https:\/\/secure.gravatar.com\/avatar\/e0a867bdedb85fd243eadf09663511f96fc81e0720a4a42581f334ad4303aa6b?s=96&d=mm&r=g\",\"contentUrl\":\"https:\/\/secure.gravatar.com\/avatar\/e0a867bdedb85fd243eadf09663511f96fc81e0720a4a42581f334ad4303aa6b?s=96&d=mm&r=g\",\"caption\":\"Reda\u00e7\u00e3o\"}}]}<\/script>\n<!-- \/ Yoast SEO plugin. -->","yoast_head_json":{"title":"A Magia do Olhar no Sagrado Feminino - Notibras","robots":{"index":"index","follow":"follow","max-snippet":"max-snippet:-1","max-image-preview":"max-image-preview:large","max-video-preview":"max-video-preview:-1"},"canonical":"https:\/\/www.notibras.com\/site\/a-magia-do-olhar-no-sagrado-feminino\/","og_locale":"pt_BR","og_type":"article","og_title":"A Magia do Olhar no Sagrado Feminino - Notibras","og_description":"Desde as civiliza\u00e7\u00f5es antigas, o olhar \u00e9 reconhecido como uma das mais poderosas formas de comunica\u00e7\u00e3o humana. Antes da palavra, o olhar transmite inten\u00e7\u00e3o, dom\u00ednio, acolhimento ou amea\u00e7a. No Egito, na Gr\u00e9cia e em culturas xam\u00e2nicas, acreditava-se que os olhos eram portais da alma e instrumentos diretos da vontade espiritual. A chamada for\u00e7a do olhar [&hellip;]","og_url":"https:\/\/www.notibras.com\/site\/a-magia-do-olhar-no-sagrado-feminino\/","og_site_name":"Notibras","article_publisher":"https:\/\/www.facebook.com\/notibras\/","article_published_time":"2025-12-26T12:40:39+00:00","og_image":[{"width":600,"height":337,"url":"https:\/\/www.notibras.com\/site\/wp-content\/uploads\/2025\/12\/45c973dd-36f5-446c-a91e-fe58e2e42a6e.jpg","type":"image\/jpeg"}],"author":"Reda\u00e7\u00e3o","twitter_card":"summary_large_image","twitter_creator":"@Notibras","twitter_site":"@Notibras","twitter_misc":{"Escrito por":"Reda\u00e7\u00e3o","Est. tempo de leitura":"4 minutos"},"schema":{"@context":"https:\/\/schema.org","@graph":[{"@type":"Article","@id":"https:\/\/www.notibras.com\/site\/a-magia-do-olhar-no-sagrado-feminino\/#article","isPartOf":{"@id":"https:\/\/www.notibras.com\/site\/a-magia-do-olhar-no-sagrado-feminino\/"},"author":{"name":"Reda\u00e7\u00e3o","@id":"https:\/\/www.notibras.com\/site\/#\/schema\/person\/36ab0979449956132d3e5b517ea76ac8"},"headline":"A Magia do Olhar no Sagrado Feminino","datePublished":"2025-12-26T12:40:39+00:00","mainEntityOfPage":{"@id":"https:\/\/www.notibras.com\/site\/a-magia-do-olhar-no-sagrado-feminino\/"},"wordCount":699,"publisher":{"@id":"https:\/\/www.notibras.com\/site\/#organization"},"image":{"@id":"https:\/\/www.notibras.com\/site\/a-magia-do-olhar-no-sagrado-feminino\/#primaryimage"},"thumbnailUrl":"https:\/\/www.notibras.com\/site\/wp-content\/uploads\/2025\/12\/45c973dd-36f5-446c-a91e-fe58e2e42a6e.jpg","articleSection":["Or\u00e1culos"],"inLanguage":"pt-BR"},{"@type":"WebPage","@id":"https:\/\/www.notibras.com\/site\/a-magia-do-olhar-no-sagrado-feminino\/","url":"https:\/\/www.notibras.com\/site\/a-magia-do-olhar-no-sagrado-feminino\/","name":"A Magia do Olhar no Sagrado Feminino - Notibras","isPartOf":{"@id":"https:\/\/www.notibras.com\/site\/#website"},"primaryImageOfPage":{"@id":"https:\/\/www.notibras.com\/site\/a-magia-do-olhar-no-sagrado-feminino\/#primaryimage"},"image":{"@id":"https:\/\/www.notibras.com\/site\/a-magia-do-olhar-no-sagrado-feminino\/#primaryimage"},"thumbnailUrl":"https:\/\/www.notibras.com\/site\/wp-content\/uploads\/2025\/12\/45c973dd-36f5-446c-a91e-fe58e2e42a6e.jpg","datePublished":"2025-12-26T12:40:39+00:00","breadcrumb":{"@id":"https:\/\/www.notibras.com\/site\/a-magia-do-olhar-no-sagrado-feminino\/#breadcrumb"},"inLanguage":"pt-BR","potentialAction":[{"@type":"ReadAction","target":["https:\/\/www.notibras.com\/site\/a-magia-do-olhar-no-sagrado-feminino\/"]}]},{"@type":"ImageObject","inLanguage":"pt-BR","@id":"https:\/\/www.notibras.com\/site\/a-magia-do-olhar-no-sagrado-feminino\/#primaryimage","url":"https:\/\/www.notibras.com\/site\/wp-content\/uploads\/2025\/12\/45c973dd-36f5-446c-a91e-fe58e2e42a6e.jpg","contentUrl":"https:\/\/www.notibras.com\/site\/wp-content\/uploads\/2025\/12\/45c973dd-36f5-446c-a91e-fe58e2e42a6e.jpg","width":600,"height":337},{"@type":"BreadcrumbList","@id":"https:\/\/www.notibras.com\/site\/a-magia-do-olhar-no-sagrado-feminino\/#breadcrumb","itemListElement":[{"@type":"ListItem","position":1,"name":"In\u00edcio","item":"https:\/\/www.notibras.com\/site\/"},{"@type":"ListItem","position":2,"name":"A Magia do Olhar no Sagrado Feminino"}]},{"@type":"WebSite","@id":"https:\/\/www.notibras.com\/site\/#website","url":"https:\/\/www.notibras.com\/site\/","name":"Notibras","description":"Not\u00edcias de Bras\u00edlia, do Brasil e do Mundo","publisher":{"@id":"https:\/\/www.notibras.com\/site\/#organization"},"potentialAction":[{"@type":"SearchAction","target":{"@type":"EntryPoint","urlTemplate":"https:\/\/www.notibras.com\/site\/?s={search_term_string}"},"query-input":{"@type":"PropertyValueSpecification","valueRequired":true,"valueName":"search_term_string"}}],"inLanguage":"pt-BR"},{"@type":"Organization","@id":"https:\/\/www.notibras.com\/site\/#organization","name":"Grupo Notibras de Comunica\u00e7\u00e3o","url":"https:\/\/www.notibras.com\/site\/","logo":{"@type":"ImageObject","inLanguage":"pt-BR","@id":"https:\/\/www.notibras.com\/site\/#\/schema\/logo\/image\/","url":"https:\/\/www.notibras.com\/site\/wp-content\/uploads\/2023\/01\/notibras23.png","contentUrl":"https:\/\/www.notibras.com\/site\/wp-content\/uploads\/2023\/01\/notibras23.png","width":350,"height":87,"caption":"Grupo Notibras de Comunica\u00e7\u00e3o"},"image":{"@id":"https:\/\/www.notibras.com\/site\/#\/schema\/logo\/image\/"},"sameAs":["https:\/\/www.facebook.com\/notibras\/","https:\/\/x.com\/Notibras","https:\/\/www.instagram.com\/notibras\/"]},{"@type":"Person","@id":"https:\/\/www.notibras.com\/site\/#\/schema\/person\/36ab0979449956132d3e5b517ea76ac8","name":"Reda\u00e7\u00e3o","image":{"@type":"ImageObject","inLanguage":"pt-BR","@id":"https:\/\/secure.gravatar.com\/avatar\/e0a867bdedb85fd243eadf09663511f96fc81e0720a4a42581f334ad4303aa6b?s=96&d=mm&r=g","url":"https:\/\/secure.gravatar.com\/avatar\/e0a867bdedb85fd243eadf09663511f96fc81e0720a4a42581f334ad4303aa6b?s=96&d=mm&r=g","contentUrl":"https:\/\/secure.gravatar.com\/avatar\/e0a867bdedb85fd243eadf09663511f96fc81e0720a4a42581f334ad4303aa6b?s=96&d=mm&r=g","caption":"Reda\u00e7\u00e3o"}}]}},"amp_enabled":true,"_links":{"self":[{"href":"https:\/\/www.notibras.com\/site\/wp-json\/wp\/v2\/posts\/376443","targetHints":{"allow":["GET"]}}],"collection":[{"href":"https:\/\/www.notibras.com\/site\/wp-json\/wp\/v2\/posts"}],"about":[{"href":"https:\/\/www.notibras.com\/site\/wp-json\/wp\/v2\/types\/post"}],"author":[{"embeddable":true,"href":"https:\/\/www.notibras.com\/site\/wp-json\/wp\/v2\/users\/2"}],"replies":[{"embeddable":true,"href":"https:\/\/www.notibras.com\/site\/wp-json\/wp\/v2\/comments?post=376443"}],"version-history":[{"count":1,"href":"https:\/\/www.notibras.com\/site\/wp-json\/wp\/v2\/posts\/376443\/revisions"}],"predecessor-version":[{"id":376445,"href":"https:\/\/www.notibras.com\/site\/wp-json\/wp\/v2\/posts\/376443\/revisions\/376445"}],"wp:featuredmedia":[{"embeddable":true,"href":"https:\/\/www.notibras.com\/site\/wp-json\/wp\/v2\/media\/376444"}],"wp:attachment":[{"href":"https:\/\/www.notibras.com\/site\/wp-json\/wp\/v2\/media?parent=376443"}],"wp:term":[{"taxonomy":"category","embeddable":true,"href":"https:\/\/www.notibras.com\/site\/wp-json\/wp\/v2\/categories?post=376443"},{"taxonomy":"post_tag","embeddable":true,"href":"https:\/\/www.notibras.com\/site\/wp-json\/wp\/v2\/tags?post=376443"}],"curies":[{"name":"wp","href":"https:\/\/api.w.org\/{rel}","templated":true}]}}