{"id":376486,"date":"2025-12-26T00:15:04","date_gmt":"2025-12-26T03:15:04","guid":{"rendered":"https:\/\/www.notibras.com\/site\/?p=376486"},"modified":"2025-12-26T14:16:20","modified_gmt":"2025-12-26T17:16:20","slug":"maranhao-da-adeus-a-mae-elzita-lideranca-do-tambor-de-mina","status":"publish","type":"post","link":"https:\/\/www.notibras.com\/site\/maranhao-da-adeus-a-mae-elzita-lideranca-do-tambor-de-mina\/","title":{"rendered":"Maranh\u00e3o d\u00e1 adeus a M\u00e3e Elzita, lideran\u00e7a do Tambor de Mina"},"content":{"rendered":"<p>Os maranhenses se despediram em cerim\u00f4nia f\u00fanebre, na quinta, 25, Elzita Vieira Martins Coelho, a M\u00e3e Elzita. Uma das principais refer\u00eancias das religi\u00f5es de matriz africana no Maranh\u00e3o, M\u00e3e Elzita morreu aos 91 anos, no dia anterior. A causa da morte n\u00e3o foi informada.<\/p>\n<p>Refer\u00eancia do Tambor de Mina, religi\u00e3o afro-brasileira do Maranh\u00e3o, M\u00e3e Elzita foi fundadora e dirigente do Terreiro F\u00e9 em Deus, criado em 1968, no bairro do Sacav\u00e9m, em S\u00e3o Lu\u00eds. A religiosa dedicou a vida \u00e0 preserva\u00e7\u00e3o do Tambor de Mina, que tem como base o culto a voduns, orix\u00e1s e encantados.<\/p>\n<p>Nascida em 16 de janeiro de 1934, na capital maranhense, M\u00e3e Elzita foi uma grande defensora da preserva\u00e7\u00e3o das religi\u00f5es de matriz africana. Ela foi iniciada no Terreiro Nan\u00e3 Borok\u00f4, por sua m\u00e3e-de-santo, Dona Denira.<\/p>\n<p>O Tambor de Mina surgiu na capital do Maranh\u00e3o, se expandiu pelo Par\u00e1, Amazonas e outros estados da regi\u00e3o Norte. A religi\u00e3o tamb\u00e9m chegou a capitais que receberam grande n\u00famero de migrantes desses lugares, como Rio de Janeiro e S\u00e3o Paulo.<\/p>\n","protected":false},"excerpt":{"rendered":"<p>Os maranhenses se despediram em cerim\u00f4nia f\u00fanebre, na quinta, 25, Elzita Vieira Martins Coelho, a M\u00e3e Elzita. Uma das principais refer\u00eancias das religi\u00f5es de matriz africana no Maranh\u00e3o, M\u00e3e Elzita morreu aos 91 anos, no dia anterior. A causa da morte n\u00e3o foi informada. Refer\u00eancia do Tambor de Mina, religi\u00e3o afro-brasileira do Maranh\u00e3o, M\u00e3e Elzita [&hellip;]<\/p>\n","protected":false},"author":2,"featured_media":376487,"comment_status":"closed","ping_status":"closed","sticky":false,"template":"","format":"standard","meta":{"_acf_changed":false,"footnotes":""},"categories":[165],"tags":[],"class_list":["post-376486","post","type-post","status-publish","format-standard","has-post-thumbnail","hentry","category-nordeste"],"acf":[],"yoast_head":"<!-- This site is optimized with the Yoast SEO plugin v27.5 - https:\/\/yoast.com\/product\/yoast-seo-wordpress\/ -->\n<title>Maranh\u00e3o d\u00e1 adeus a M\u00e3e Elzita, lideran\u00e7a do Tambor de Mina - Notibras<\/title>\n<meta name=\"robots\" content=\"index, follow, max-snippet:-1, max-image-preview:large, max-video-preview:-1\" \/>\n<link rel=\"canonical\" href=\"https:\/\/www.notibras.com\/site\/maranhao-da-adeus-a-mae-elzita-lideranca-do-tambor-de-mina\/\" \/>\n<meta property=\"og:locale\" content=\"pt_BR\" \/>\n<meta property=\"og:type\" content=\"article\" \/>\n<meta property=\"og:title\" content=\"Maranh\u00e3o d\u00e1 adeus a M\u00e3e Elzita, lideran\u00e7a do Tambor de Mina - Notibras\" \/>\n<meta property=\"og:description\" content=\"Os maranhenses se despediram em cerim\u00f4nia f\u00fanebre, na quinta, 25, Elzita Vieira Martins Coelho, a M\u00e3e Elzita. Uma das principais refer\u00eancias das religi\u00f5es de matriz africana no Maranh\u00e3o, M\u00e3e Elzita morreu aos 91 anos, no dia anterior. A causa da morte n\u00e3o foi informada. Refer\u00eancia do Tambor de Mina, religi\u00e3o afro-brasileira do Maranh\u00e3o, M\u00e3e Elzita [&hellip;]\" \/>\n<meta property=\"og:url\" content=\"https:\/\/www.notibras.com\/site\/maranhao-da-adeus-a-mae-elzita-lideranca-do-tambor-de-mina\/\" \/>\n<meta property=\"og:site_name\" content=\"Notibras\" \/>\n<meta property=\"article:publisher\" content=\"https:\/\/www.facebook.com\/notibras\/\" \/>\n<meta property=\"article:published_time\" content=\"2025-12-26T03:15:04+00:00\" \/>\n<meta property=\"article:modified_time\" content=\"2025-12-26T17:16:20+00:00\" \/>\n<meta property=\"og:image\" content=\"https:\/\/www.notibras.com\/site\/wp-content\/uploads\/2025\/12\/lzita_vieira_martins_coelho.webp\" \/>\n\t<meta property=\"og:image:width\" content=\"1170\" \/>\n\t<meta property=\"og:image:height\" content=\"700\" \/>\n\t<meta property=\"og:image:type\" content=\"image\/webp\" \/>\n<meta name=\"author\" content=\"Reda\u00e7\u00e3o\" \/>\n<meta name=\"twitter:card\" content=\"summary_large_image\" \/>\n<meta name=\"twitter:creator\" content=\"@Notibras\" \/>\n<meta name=\"twitter:site\" content=\"@Notibras\" \/>\n<meta name=\"twitter:label1\" content=\"Escrito por\" \/>\n\t<meta name=\"twitter:data1\" content=\"Reda\u00e7\u00e3o\" \/>\n\t<meta name=\"twitter:label2\" content=\"Est. tempo de leitura\" \/>\n\t<meta name=\"twitter:data2\" content=\"2 minutos\" \/>\n<script type=\"application\/ld+json\" class=\"yoast-schema-graph\">{\"@context\":\"https:\\\/\\\/schema.org\",\"@graph\":[{\"@type\":\"Article\",\"@id\":\"https:\\\/\\\/www.notibras.com\\\/site\\\/maranhao-da-adeus-a-mae-elzita-lideranca-do-tambor-de-mina\\\/#article\",\"isPartOf\":{\"@id\":\"https:\\\/\\\/www.notibras.com\\\/site\\\/maranhao-da-adeus-a-mae-elzita-lideranca-do-tambor-de-mina\\\/\"},\"author\":{\"name\":\"Reda\u00e7\u00e3o\",\"@id\":\"https:\\\/\\\/www.notibras.com\\\/site\\\/#\\\/schema\\\/person\\\/36ab0979449956132d3e5b517ea76ac8\"},\"headline\":\"Maranh\u00e3o d\u00e1 adeus a M\u00e3e Elzita, lideran\u00e7a do Tambor de Mina\",\"datePublished\":\"2025-12-26T03:15:04+00:00\",\"dateModified\":\"2025-12-26T17:16:20+00:00\",\"mainEntityOfPage\":{\"@id\":\"https:\\\/\\\/www.notibras.com\\\/site\\\/maranhao-da-adeus-a-mae-elzita-lideranca-do-tambor-de-mina\\\/\"},\"wordCount\":207,\"publisher\":{\"@id\":\"https:\\\/\\\/www.notibras.com\\\/site\\\/#organization\"},\"image\":{\"@id\":\"https:\\\/\\\/www.notibras.com\\\/site\\\/maranhao-da-adeus-a-mae-elzita-lideranca-do-tambor-de-mina\\\/#primaryimage\"},\"thumbnailUrl\":\"https:\\\/\\\/www.notibras.com\\\/site\\\/wp-content\\\/uploads\\\/2025\\\/12\\\/lzita_vieira_martins_coelho.webp\",\"articleSection\":[\"Nordeste\"],\"inLanguage\":\"pt-BR\"},{\"@type\":\"WebPage\",\"@id\":\"https:\\\/\\\/www.notibras.com\\\/site\\\/maranhao-da-adeus-a-mae-elzita-lideranca-do-tambor-de-mina\\\/\",\"url\":\"https:\\\/\\\/www.notibras.com\\\/site\\\/maranhao-da-adeus-a-mae-elzita-lideranca-do-tambor-de-mina\\\/\",\"name\":\"Maranh\u00e3o d\u00e1 adeus a M\u00e3e Elzita, lideran\u00e7a do Tambor de Mina - Notibras\",\"isPartOf\":{\"@id\":\"https:\\\/\\\/www.notibras.com\\\/site\\\/#website\"},\"primaryImageOfPage\":{\"@id\":\"https:\\\/\\\/www.notibras.com\\\/site\\\/maranhao-da-adeus-a-mae-elzita-lideranca-do-tambor-de-mina\\\/#primaryimage\"},\"image\":{\"@id\":\"https:\\\/\\\/www.notibras.com\\\/site\\\/maranhao-da-adeus-a-mae-elzita-lideranca-do-tambor-de-mina\\\/#primaryimage\"},\"thumbnailUrl\":\"https:\\\/\\\/www.notibras.com\\\/site\\\/wp-content\\\/uploads\\\/2025\\\/12\\\/lzita_vieira_martins_coelho.webp\",\"datePublished\":\"2025-12-26T03:15:04+00:00\",\"dateModified\":\"2025-12-26T17:16:20+00:00\",\"breadcrumb\":{\"@id\":\"https:\\\/\\\/www.notibras.com\\\/site\\\/maranhao-da-adeus-a-mae-elzita-lideranca-do-tambor-de-mina\\\/#breadcrumb\"},\"inLanguage\":\"pt-BR\",\"potentialAction\":[{\"@type\":\"ReadAction\",\"target\":[\"https:\\\/\\\/www.notibras.com\\\/site\\\/maranhao-da-adeus-a-mae-elzita-lideranca-do-tambor-de-mina\\\/\"]}]},{\"@type\":\"ImageObject\",\"inLanguage\":\"pt-BR\",\"@id\":\"https:\\\/\\\/www.notibras.com\\\/site\\\/maranhao-da-adeus-a-mae-elzita-lideranca-do-tambor-de-mina\\\/#primaryimage\",\"url\":\"https:\\\/\\\/www.notibras.com\\\/site\\\/wp-content\\\/uploads\\\/2025\\\/12\\\/lzita_vieira_martins_coelho.webp\",\"contentUrl\":\"https:\\\/\\\/www.notibras.com\\\/site\\\/wp-content\\\/uploads\\\/2025\\\/12\\\/lzita_vieira_martins_coelho.webp\",\"width\":1170,\"height\":700},{\"@type\":\"BreadcrumbList\",\"@id\":\"https:\\\/\\\/www.notibras.com\\\/site\\\/maranhao-da-adeus-a-mae-elzita-lideranca-do-tambor-de-mina\\\/#breadcrumb\",\"itemListElement\":[{\"@type\":\"ListItem\",\"position\":1,\"name\":\"In\u00edcio\",\"item\":\"https:\\\/\\\/www.notibras.com\\\/site\\\/\"},{\"@type\":\"ListItem\",\"position\":2,\"name\":\"Maranh\u00e3o d\u00e1 adeus a M\u00e3e Elzita, lideran\u00e7a do Tambor de Mina\"}]},{\"@type\":\"WebSite\",\"@id\":\"https:\\\/\\\/www.notibras.com\\\/site\\\/#website\",\"url\":\"https:\\\/\\\/www.notibras.com\\\/site\\\/\",\"name\":\"Notibras\",\"description\":\"Not\u00edcias de Bras\u00edlia, do Brasil e do Mundo\",\"publisher\":{\"@id\":\"https:\\\/\\\/www.notibras.com\\\/site\\\/#organization\"},\"potentialAction\":[{\"@type\":\"SearchAction\",\"target\":{\"@type\":\"EntryPoint\",\"urlTemplate\":\"https:\\\/\\\/www.notibras.com\\\/site\\\/?s={search_term_string}\"},\"query-input\":{\"@type\":\"PropertyValueSpecification\",\"valueRequired\":true,\"valueName\":\"search_term_string\"}}],\"inLanguage\":\"pt-BR\"},{\"@type\":\"Organization\",\"@id\":\"https:\\\/\\\/www.notibras.com\\\/site\\\/#organization\",\"name\":\"Grupo Notibras de Comunica\u00e7\u00e3o\",\"url\":\"https:\\\/\\\/www.notibras.com\\\/site\\\/\",\"logo\":{\"@type\":\"ImageObject\",\"inLanguage\":\"pt-BR\",\"@id\":\"https:\\\/\\\/www.notibras.com\\\/site\\\/#\\\/schema\\\/logo\\\/image\\\/\",\"url\":\"https:\\\/\\\/www.notibras.com\\\/site\\\/wp-content\\\/uploads\\\/2023\\\/01\\\/notibras23.png\",\"contentUrl\":\"https:\\\/\\\/www.notibras.com\\\/site\\\/wp-content\\\/uploads\\\/2023\\\/01\\\/notibras23.png\",\"width\":350,\"height\":87,\"caption\":\"Grupo Notibras de Comunica\u00e7\u00e3o\"},\"image\":{\"@id\":\"https:\\\/\\\/www.notibras.com\\\/site\\\/#\\\/schema\\\/logo\\\/image\\\/\"},\"sameAs\":[\"https:\\\/\\\/www.facebook.com\\\/notibras\\\/\",\"https:\\\/\\\/x.com\\\/Notibras\",\"https:\\\/\\\/www.instagram.com\\\/notibras\\\/\"]},{\"@type\":\"Person\",\"@id\":\"https:\\\/\\\/www.notibras.com\\\/site\\\/#\\\/schema\\\/person\\\/36ab0979449956132d3e5b517ea76ac8\",\"name\":\"Reda\u00e7\u00e3o\",\"image\":{\"@type\":\"ImageObject\",\"inLanguage\":\"pt-BR\",\"@id\":\"https:\\\/\\\/secure.gravatar.com\\\/avatar\\\/e0a867bdedb85fd243eadf09663511f96fc81e0720a4a42581f334ad4303aa6b?s=96&d=mm&r=g\",\"url\":\"https:\\\/\\\/secure.gravatar.com\\\/avatar\\\/e0a867bdedb85fd243eadf09663511f96fc81e0720a4a42581f334ad4303aa6b?s=96&d=mm&r=g\",\"contentUrl\":\"https:\\\/\\\/secure.gravatar.com\\\/avatar\\\/e0a867bdedb85fd243eadf09663511f96fc81e0720a4a42581f334ad4303aa6b?s=96&d=mm&r=g\",\"caption\":\"Reda\u00e7\u00e3o\"}}]}<\/script>\n<!-- \/ Yoast SEO plugin. -->","yoast_head_json":{"title":"Maranh\u00e3o d\u00e1 adeus a M\u00e3e Elzita, lideran\u00e7a do Tambor de Mina - Notibras","robots":{"index":"index","follow":"follow","max-snippet":"max-snippet:-1","max-image-preview":"max-image-preview:large","max-video-preview":"max-video-preview:-1"},"canonical":"https:\/\/www.notibras.com\/site\/maranhao-da-adeus-a-mae-elzita-lideranca-do-tambor-de-mina\/","og_locale":"pt_BR","og_type":"article","og_title":"Maranh\u00e3o d\u00e1 adeus a M\u00e3e Elzita, lideran\u00e7a do Tambor de Mina - Notibras","og_description":"Os maranhenses se despediram em cerim\u00f4nia f\u00fanebre, na quinta, 25, Elzita Vieira Martins Coelho, a M\u00e3e Elzita. Uma das principais refer\u00eancias das religi\u00f5es de matriz africana no Maranh\u00e3o, M\u00e3e Elzita morreu aos 91 anos, no dia anterior. A causa da morte n\u00e3o foi informada. Refer\u00eancia do Tambor de Mina, religi\u00e3o afro-brasileira do Maranh\u00e3o, M\u00e3e Elzita [&hellip;]","og_url":"https:\/\/www.notibras.com\/site\/maranhao-da-adeus-a-mae-elzita-lideranca-do-tambor-de-mina\/","og_site_name":"Notibras","article_publisher":"https:\/\/www.facebook.com\/notibras\/","article_published_time":"2025-12-26T03:15:04+00:00","article_modified_time":"2025-12-26T17:16:20+00:00","og_image":[{"width":1170,"height":700,"url":"https:\/\/www.notibras.com\/site\/wp-content\/uploads\/2025\/12\/lzita_vieira_martins_coelho.webp","type":"image\/webp"}],"author":"Reda\u00e7\u00e3o","twitter_card":"summary_large_image","twitter_creator":"@Notibras","twitter_site":"@Notibras","twitter_misc":{"Escrito por":"Reda\u00e7\u00e3o","Est. tempo de leitura":"2 minutos"},"schema":{"@context":"https:\/\/schema.org","@graph":[{"@type":"Article","@id":"https:\/\/www.notibras.com\/site\/maranhao-da-adeus-a-mae-elzita-lideranca-do-tambor-de-mina\/#article","isPartOf":{"@id":"https:\/\/www.notibras.com\/site\/maranhao-da-adeus-a-mae-elzita-lideranca-do-tambor-de-mina\/"},"author":{"name":"Reda\u00e7\u00e3o","@id":"https:\/\/www.notibras.com\/site\/#\/schema\/person\/36ab0979449956132d3e5b517ea76ac8"},"headline":"Maranh\u00e3o d\u00e1 adeus a M\u00e3e Elzita, lideran\u00e7a do Tambor de Mina","datePublished":"2025-12-26T03:15:04+00:00","dateModified":"2025-12-26T17:16:20+00:00","mainEntityOfPage":{"@id":"https:\/\/www.notibras.com\/site\/maranhao-da-adeus-a-mae-elzita-lideranca-do-tambor-de-mina\/"},"wordCount":207,"publisher":{"@id":"https:\/\/www.notibras.com\/site\/#organization"},"image":{"@id":"https:\/\/www.notibras.com\/site\/maranhao-da-adeus-a-mae-elzita-lideranca-do-tambor-de-mina\/#primaryimage"},"thumbnailUrl":"https:\/\/www.notibras.com\/site\/wp-content\/uploads\/2025\/12\/lzita_vieira_martins_coelho.webp","articleSection":["Nordeste"],"inLanguage":"pt-BR"},{"@type":"WebPage","@id":"https:\/\/www.notibras.com\/site\/maranhao-da-adeus-a-mae-elzita-lideranca-do-tambor-de-mina\/","url":"https:\/\/www.notibras.com\/site\/maranhao-da-adeus-a-mae-elzita-lideranca-do-tambor-de-mina\/","name":"Maranh\u00e3o d\u00e1 adeus a M\u00e3e Elzita, lideran\u00e7a do Tambor de Mina - Notibras","isPartOf":{"@id":"https:\/\/www.notibras.com\/site\/#website"},"primaryImageOfPage":{"@id":"https:\/\/www.notibras.com\/site\/maranhao-da-adeus-a-mae-elzita-lideranca-do-tambor-de-mina\/#primaryimage"},"image":{"@id":"https:\/\/www.notibras.com\/site\/maranhao-da-adeus-a-mae-elzita-lideranca-do-tambor-de-mina\/#primaryimage"},"thumbnailUrl":"https:\/\/www.notibras.com\/site\/wp-content\/uploads\/2025\/12\/lzita_vieira_martins_coelho.webp","datePublished":"2025-12-26T03:15:04+00:00","dateModified":"2025-12-26T17:16:20+00:00","breadcrumb":{"@id":"https:\/\/www.notibras.com\/site\/maranhao-da-adeus-a-mae-elzita-lideranca-do-tambor-de-mina\/#breadcrumb"},"inLanguage":"pt-BR","potentialAction":[{"@type":"ReadAction","target":["https:\/\/www.notibras.com\/site\/maranhao-da-adeus-a-mae-elzita-lideranca-do-tambor-de-mina\/"]}]},{"@type":"ImageObject","inLanguage":"pt-BR","@id":"https:\/\/www.notibras.com\/site\/maranhao-da-adeus-a-mae-elzita-lideranca-do-tambor-de-mina\/#primaryimage","url":"https:\/\/www.notibras.com\/site\/wp-content\/uploads\/2025\/12\/lzita_vieira_martins_coelho.webp","contentUrl":"https:\/\/www.notibras.com\/site\/wp-content\/uploads\/2025\/12\/lzita_vieira_martins_coelho.webp","width":1170,"height":700},{"@type":"BreadcrumbList","@id":"https:\/\/www.notibras.com\/site\/maranhao-da-adeus-a-mae-elzita-lideranca-do-tambor-de-mina\/#breadcrumb","itemListElement":[{"@type":"ListItem","position":1,"name":"In\u00edcio","item":"https:\/\/www.notibras.com\/site\/"},{"@type":"ListItem","position":2,"name":"Maranh\u00e3o d\u00e1 adeus a M\u00e3e Elzita, lideran\u00e7a do Tambor de Mina"}]},{"@type":"WebSite","@id":"https:\/\/www.notibras.com\/site\/#website","url":"https:\/\/www.notibras.com\/site\/","name":"Notibras","description":"Not\u00edcias de Bras\u00edlia, do Brasil e do Mundo","publisher":{"@id":"https:\/\/www.notibras.com\/site\/#organization"},"potentialAction":[{"@type":"SearchAction","target":{"@type":"EntryPoint","urlTemplate":"https:\/\/www.notibras.com\/site\/?s={search_term_string}"},"query-input":{"@type":"PropertyValueSpecification","valueRequired":true,"valueName":"search_term_string"}}],"inLanguage":"pt-BR"},{"@type":"Organization","@id":"https:\/\/www.notibras.com\/site\/#organization","name":"Grupo Notibras de Comunica\u00e7\u00e3o","url":"https:\/\/www.notibras.com\/site\/","logo":{"@type":"ImageObject","inLanguage":"pt-BR","@id":"https:\/\/www.notibras.com\/site\/#\/schema\/logo\/image\/","url":"https:\/\/www.notibras.com\/site\/wp-content\/uploads\/2023\/01\/notibras23.png","contentUrl":"https:\/\/www.notibras.com\/site\/wp-content\/uploads\/2023\/01\/notibras23.png","width":350,"height":87,"caption":"Grupo Notibras de Comunica\u00e7\u00e3o"},"image":{"@id":"https:\/\/www.notibras.com\/site\/#\/schema\/logo\/image\/"},"sameAs":["https:\/\/www.facebook.com\/notibras\/","https:\/\/x.com\/Notibras","https:\/\/www.instagram.com\/notibras\/"]},{"@type":"Person","@id":"https:\/\/www.notibras.com\/site\/#\/schema\/person\/36ab0979449956132d3e5b517ea76ac8","name":"Reda\u00e7\u00e3o","image":{"@type":"ImageObject","inLanguage":"pt-BR","@id":"https:\/\/secure.gravatar.com\/avatar\/e0a867bdedb85fd243eadf09663511f96fc81e0720a4a42581f334ad4303aa6b?s=96&d=mm&r=g","url":"https:\/\/secure.gravatar.com\/avatar\/e0a867bdedb85fd243eadf09663511f96fc81e0720a4a42581f334ad4303aa6b?s=96&d=mm&r=g","contentUrl":"https:\/\/secure.gravatar.com\/avatar\/e0a867bdedb85fd243eadf09663511f96fc81e0720a4a42581f334ad4303aa6b?s=96&d=mm&r=g","caption":"Reda\u00e7\u00e3o"}}]}},"amp_enabled":true,"_links":{"self":[{"href":"https:\/\/www.notibras.com\/site\/wp-json\/wp\/v2\/posts\/376486","targetHints":{"allow":["GET"]}}],"collection":[{"href":"https:\/\/www.notibras.com\/site\/wp-json\/wp\/v2\/posts"}],"about":[{"href":"https:\/\/www.notibras.com\/site\/wp-json\/wp\/v2\/types\/post"}],"author":[{"embeddable":true,"href":"https:\/\/www.notibras.com\/site\/wp-json\/wp\/v2\/users\/2"}],"replies":[{"embeddable":true,"href":"https:\/\/www.notibras.com\/site\/wp-json\/wp\/v2\/comments?post=376486"}],"version-history":[{"count":1,"href":"https:\/\/www.notibras.com\/site\/wp-json\/wp\/v2\/posts\/376486\/revisions"}],"predecessor-version":[{"id":376488,"href":"https:\/\/www.notibras.com\/site\/wp-json\/wp\/v2\/posts\/376486\/revisions\/376488"}],"wp:featuredmedia":[{"embeddable":true,"href":"https:\/\/www.notibras.com\/site\/wp-json\/wp\/v2\/media\/376487"}],"wp:attachment":[{"href":"https:\/\/www.notibras.com\/site\/wp-json\/wp\/v2\/media?parent=376486"}],"wp:term":[{"taxonomy":"category","embeddable":true,"href":"https:\/\/www.notibras.com\/site\/wp-json\/wp\/v2\/categories?post=376486"},{"taxonomy":"post_tag","embeddable":true,"href":"https:\/\/www.notibras.com\/site\/wp-json\/wp\/v2\/tags?post=376486"}],"curies":[{"name":"wp","href":"https:\/\/api.w.org\/{rel}","templated":true}]}}