{"id":376493,"date":"2025-12-27T00:15:20","date_gmt":"2025-12-27T03:15:20","guid":{"rendered":"https:\/\/www.notibras.com\/site\/?p=376493"},"modified":"2025-12-26T21:38:04","modified_gmt":"2025-12-27T00:38:04","slug":"aprovado-projeto-de-reparcelamento-e-reformas-urbanas-da-qnn-11","status":"publish","type":"post","link":"https:\/\/www.notibras.com\/site\/aprovado-projeto-de-reparcelamento-e-reformas-urbanas-da-qnn-11\/","title":{"rendered":"Aprovado projeto de reparcelamento e reformas urbanas da QNN 11"},"content":{"rendered":"<p>O projeto de reparcelamento e reforma urbana na quadra QNN 11, localizada no Setor N Norte de Ceil\u00e2ndia, foi aprovado pela <a href=\"https:\/\/dodf.df.gov.br\/dodf\/materia\/visualizar?co_data=560674&amp;p=portaria-n-164-de-22-de-dezembro-de-2025\">Portaria n\u00ba 164<\/a>, publicada no Di\u00e1rio Oficial do Distrito Federal (DODF) desta sexta-feira (26). O texto aprovado prev\u00ea a reorganiza\u00e7\u00e3o dos lotes e a adequa\u00e7\u00e3o do sistema vi\u00e1rio da quadra, com o objetivo de atualizar o desenho urbano da regi\u00e3o. A iniciativa tamb\u00e9m contempla melhorias no paisagismo e na estrutura dos espa\u00e7os p\u00fablicos.<\/p>\n<p>No total, 20 lotes foram redimensionados, desconstitu\u00eddos ou criados, mantendo o mesmo uso dos demais existentes na quadra, que se caracteriza pelo uso misto: comercial, presta\u00e7\u00e3o de servi\u00e7os, institucional, industrial e residencial, seguindo o que determina a Lei de Uso e Ocupa\u00e7\u00e3o do Solo do Distrito Federal (Luos).<\/p>\n<p>A poligonal do projeto tem \u00e1rea total de 137.018,85 m2 e engloba o ajuste das unidades imobili\u00e1rias, paisagismo e requalifica\u00e7\u00e3o das \u00e1reas de uso comum, que receber\u00e3o melhorias como a amplia\u00e7\u00e3o das cal\u00e7adas e refor\u00e7o da ilumina\u00e7\u00e3o.<\/p>\n<p>De acordo com o projeto, est\u00e3o previstas a cria\u00e7\u00e3o de estacionamentos ao longo das vias, com demarca\u00e7\u00e3o de vagas para idosos, pessoas com defici\u00eancia e motos, al\u00e9m de contemplar a continua\u00e7\u00e3o da infraestrutura ciclovi\u00e1ria e rotas acess\u00edveis para pedestres. Al\u00e9m disso, est\u00e1 proposta a amplia\u00e7\u00e3o da pra\u00e7a existente e a instala\u00e7\u00e3o de um parque infantil e de um Ponto de Encontro Comunit\u00e1rio (PEC).<\/p>\n<p>Em rela\u00e7\u00e3o ao paisagismo, o projeto prev\u00ea a arboriza\u00e7\u00e3o dos circuitos ciclovi\u00e1rios e caminhos de pedestres, integrando as diversas \u00e1reas, favorecendo ambientes comunit\u00e1rios sombreados com pergolados e tamb\u00e9m a arboriza\u00e7\u00e3o dos estacionamentos para amenizar o calor.<\/p>\n","protected":false},"excerpt":{"rendered":"<p>O projeto de reparcelamento e reforma urbana na quadra QNN 11, localizada no Setor N Norte de Ceil\u00e2ndia, foi aprovado pela Portaria n\u00ba 164, publicada no Di\u00e1rio Oficial do Distrito Federal (DODF) desta sexta-feira (26). O texto aprovado prev\u00ea a reorganiza\u00e7\u00e3o dos lotes e a adequa\u00e7\u00e3o do sistema vi\u00e1rio da quadra, com o objetivo de [&hellip;]<\/p>\n","protected":false},"author":21,"featured_media":376494,"comment_status":"closed","ping_status":"closed","sticky":false,"template":"","format":"standard","meta":{"_acf_changed":false,"footnotes":""},"categories":[161],"tags":[],"class_list":["post-376493","post","type-post","status-publish","format-standard","has-post-thumbnail","hentry","category-quadradinho-em-foco"],"acf":[],"yoast_head":"<!-- This site is optimized with the Yoast SEO plugin v27.5 - https:\/\/yoast.com\/product\/yoast-seo-wordpress\/ -->\n<title>Aprovado projeto de reparcelamento e reformas urbanas da QNN 11 - Notibras<\/title>\n<meta name=\"robots\" content=\"index, follow, max-snippet:-1, max-image-preview:large, max-video-preview:-1\" \/>\n<link rel=\"canonical\" href=\"https:\/\/www.notibras.com\/site\/aprovado-projeto-de-reparcelamento-e-reformas-urbanas-da-qnn-11\/\" \/>\n<meta property=\"og:locale\" content=\"pt_BR\" \/>\n<meta property=\"og:type\" content=\"article\" \/>\n<meta property=\"og:title\" content=\"Aprovado projeto de reparcelamento e reformas urbanas da QNN 11 - Notibras\" \/>\n<meta property=\"og:description\" content=\"O projeto de reparcelamento e reforma urbana na quadra QNN 11, localizada no Setor N Norte de Ceil\u00e2ndia, foi aprovado pela Portaria n\u00ba 164, publicada no Di\u00e1rio Oficial do Distrito Federal (DODF) desta sexta-feira (26). O texto aprovado prev\u00ea a reorganiza\u00e7\u00e3o dos lotes e a adequa\u00e7\u00e3o do sistema vi\u00e1rio da quadra, com o objetivo de [&hellip;]\" \/>\n<meta property=\"og:url\" content=\"https:\/\/www.notibras.com\/site\/aprovado-projeto-de-reparcelamento-e-reformas-urbanas-da-qnn-11\/\" \/>\n<meta property=\"og:site_name\" content=\"Notibras\" \/>\n<meta property=\"article:publisher\" content=\"https:\/\/www.facebook.com\/notibras\/\" \/>\n<meta property=\"article:published_time\" content=\"2025-12-27T03:15:20+00:00\" \/>\n<meta property=\"og:image\" content=\"https:\/\/www.notibras.com\/site\/wp-content\/uploads\/2025\/12\/WhatsApp-Image-2025-12-23-at-17.12.47.jpeg\" \/>\n\t<meta property=\"og:image:width\" content=\"1600\" \/>\n\t<meta property=\"og:image:height\" content=\"1066\" \/>\n\t<meta property=\"og:image:type\" content=\"image\/jpeg\" \/>\n<meta name=\"author\" content=\"Eduardo Mart\u00ednez\" \/>\n<meta name=\"twitter:card\" content=\"summary_large_image\" \/>\n<meta name=\"twitter:creator\" content=\"@Notibras\" \/>\n<meta name=\"twitter:site\" content=\"@Notibras\" \/>\n<meta name=\"twitter:label1\" content=\"Escrito por\" \/>\n\t<meta name=\"twitter:data1\" content=\"Eduardo Mart\u00ednez\" \/>\n\t<meta name=\"twitter:label2\" content=\"Est. tempo de leitura\" \/>\n\t<meta name=\"twitter:data2\" content=\"2 minutos\" \/>\n<script type=\"application\/ld+json\" class=\"yoast-schema-graph\">{\"@context\":\"https:\\\/\\\/schema.org\",\"@graph\":[{\"@type\":\"Article\",\"@id\":\"https:\\\/\\\/www.notibras.com\\\/site\\\/aprovado-projeto-de-reparcelamento-e-reformas-urbanas-da-qnn-11\\\/#article\",\"isPartOf\":{\"@id\":\"https:\\\/\\\/www.notibras.com\\\/site\\\/aprovado-projeto-de-reparcelamento-e-reformas-urbanas-da-qnn-11\\\/\"},\"author\":{\"name\":\"Eduardo Mart\u00ednez\",\"@id\":\"https:\\\/\\\/www.notibras.com\\\/site\\\/#\\\/schema\\\/person\\\/5b7fabf2aedc3ada2105f03b22b4d3dd\"},\"headline\":\"Aprovado projeto de reparcelamento e reformas urbanas da QNN 11\",\"datePublished\":\"2025-12-27T03:15:20+00:00\",\"mainEntityOfPage\":{\"@id\":\"https:\\\/\\\/www.notibras.com\\\/site\\\/aprovado-projeto-de-reparcelamento-e-reformas-urbanas-da-qnn-11\\\/\"},\"wordCount\":301,\"publisher\":{\"@id\":\"https:\\\/\\\/www.notibras.com\\\/site\\\/#organization\"},\"image\":{\"@id\":\"https:\\\/\\\/www.notibras.com\\\/site\\\/aprovado-projeto-de-reparcelamento-e-reformas-urbanas-da-qnn-11\\\/#primaryimage\"},\"thumbnailUrl\":\"https:\\\/\\\/www.notibras.com\\\/site\\\/wp-content\\\/uploads\\\/2025\\\/12\\\/WhatsApp-Image-2025-12-23-at-17.12.47.jpeg\",\"articleSection\":[\"Quadradinho em Foco\"],\"inLanguage\":\"pt-BR\"},{\"@type\":\"WebPage\",\"@id\":\"https:\\\/\\\/www.notibras.com\\\/site\\\/aprovado-projeto-de-reparcelamento-e-reformas-urbanas-da-qnn-11\\\/\",\"url\":\"https:\\\/\\\/www.notibras.com\\\/site\\\/aprovado-projeto-de-reparcelamento-e-reformas-urbanas-da-qnn-11\\\/\",\"name\":\"Aprovado projeto de reparcelamento e reformas urbanas da QNN 11 - Notibras\",\"isPartOf\":{\"@id\":\"https:\\\/\\\/www.notibras.com\\\/site\\\/#website\"},\"primaryImageOfPage\":{\"@id\":\"https:\\\/\\\/www.notibras.com\\\/site\\\/aprovado-projeto-de-reparcelamento-e-reformas-urbanas-da-qnn-11\\\/#primaryimage\"},\"image\":{\"@id\":\"https:\\\/\\\/www.notibras.com\\\/site\\\/aprovado-projeto-de-reparcelamento-e-reformas-urbanas-da-qnn-11\\\/#primaryimage\"},\"thumbnailUrl\":\"https:\\\/\\\/www.notibras.com\\\/site\\\/wp-content\\\/uploads\\\/2025\\\/12\\\/WhatsApp-Image-2025-12-23-at-17.12.47.jpeg\",\"datePublished\":\"2025-12-27T03:15:20+00:00\",\"breadcrumb\":{\"@id\":\"https:\\\/\\\/www.notibras.com\\\/site\\\/aprovado-projeto-de-reparcelamento-e-reformas-urbanas-da-qnn-11\\\/#breadcrumb\"},\"inLanguage\":\"pt-BR\",\"potentialAction\":[{\"@type\":\"ReadAction\",\"target\":[\"https:\\\/\\\/www.notibras.com\\\/site\\\/aprovado-projeto-de-reparcelamento-e-reformas-urbanas-da-qnn-11\\\/\"]}]},{\"@type\":\"ImageObject\",\"inLanguage\":\"pt-BR\",\"@id\":\"https:\\\/\\\/www.notibras.com\\\/site\\\/aprovado-projeto-de-reparcelamento-e-reformas-urbanas-da-qnn-11\\\/#primaryimage\",\"url\":\"https:\\\/\\\/www.notibras.com\\\/site\\\/wp-content\\\/uploads\\\/2025\\\/12\\\/WhatsApp-Image-2025-12-23-at-17.12.47.jpeg\",\"contentUrl\":\"https:\\\/\\\/www.notibras.com\\\/site\\\/wp-content\\\/uploads\\\/2025\\\/12\\\/WhatsApp-Image-2025-12-23-at-17.12.47.jpeg\",\"width\":1600,\"height\":1066},{\"@type\":\"BreadcrumbList\",\"@id\":\"https:\\\/\\\/www.notibras.com\\\/site\\\/aprovado-projeto-de-reparcelamento-e-reformas-urbanas-da-qnn-11\\\/#breadcrumb\",\"itemListElement\":[{\"@type\":\"ListItem\",\"position\":1,\"name\":\"In\u00edcio\",\"item\":\"https:\\\/\\\/www.notibras.com\\\/site\\\/\"},{\"@type\":\"ListItem\",\"position\":2,\"name\":\"Aprovado projeto de reparcelamento e reformas urbanas da QNN 11\"}]},{\"@type\":\"WebSite\",\"@id\":\"https:\\\/\\\/www.notibras.com\\\/site\\\/#website\",\"url\":\"https:\\\/\\\/www.notibras.com\\\/site\\\/\",\"name\":\"Notibras\",\"description\":\"Not\u00edcias de Bras\u00edlia, do Brasil e do Mundo\",\"publisher\":{\"@id\":\"https:\\\/\\\/www.notibras.com\\\/site\\\/#organization\"},\"potentialAction\":[{\"@type\":\"SearchAction\",\"target\":{\"@type\":\"EntryPoint\",\"urlTemplate\":\"https:\\\/\\\/www.notibras.com\\\/site\\\/?s={search_term_string}\"},\"query-input\":{\"@type\":\"PropertyValueSpecification\",\"valueRequired\":true,\"valueName\":\"search_term_string\"}}],\"inLanguage\":\"pt-BR\"},{\"@type\":\"Organization\",\"@id\":\"https:\\\/\\\/www.notibras.com\\\/site\\\/#organization\",\"name\":\"Grupo Notibras de Comunica\u00e7\u00e3o\",\"url\":\"https:\\\/\\\/www.notibras.com\\\/site\\\/\",\"logo\":{\"@type\":\"ImageObject\",\"inLanguage\":\"pt-BR\",\"@id\":\"https:\\\/\\\/www.notibras.com\\\/site\\\/#\\\/schema\\\/logo\\\/image\\\/\",\"url\":\"https:\\\/\\\/www.notibras.com\\\/site\\\/wp-content\\\/uploads\\\/2023\\\/01\\\/notibras23.png\",\"contentUrl\":\"https:\\\/\\\/www.notibras.com\\\/site\\\/wp-content\\\/uploads\\\/2023\\\/01\\\/notibras23.png\",\"width\":350,\"height\":87,\"caption\":\"Grupo Notibras de Comunica\u00e7\u00e3o\"},\"image\":{\"@id\":\"https:\\\/\\\/www.notibras.com\\\/site\\\/#\\\/schema\\\/logo\\\/image\\\/\"},\"sameAs\":[\"https:\\\/\\\/www.facebook.com\\\/notibras\\\/\",\"https:\\\/\\\/x.com\\\/Notibras\",\"https:\\\/\\\/www.instagram.com\\\/notibras\\\/\"]},{\"@type\":\"Person\",\"@id\":\"https:\\\/\\\/www.notibras.com\\\/site\\\/#\\\/schema\\\/person\\\/5b7fabf2aedc3ada2105f03b22b4d3dd\",\"name\":\"Eduardo Mart\u00ednez\",\"image\":{\"@type\":\"ImageObject\",\"inLanguage\":\"pt-BR\",\"@id\":\"https:\\\/\\\/secure.gravatar.com\\\/avatar\\\/7902f906289926289cbcda644b5197c796b893c6ffd7b9a536a42d290f7704a0?s=96&d=mm&r=g\",\"url\":\"https:\\\/\\\/secure.gravatar.com\\\/avatar\\\/7902f906289926289cbcda644b5197c796b893c6ffd7b9a536a42d290f7704a0?s=96&d=mm&r=g\",\"contentUrl\":\"https:\\\/\\\/secure.gravatar.com\\\/avatar\\\/7902f906289926289cbcda644b5197c796b893c6ffd7b9a536a42d290f7704a0?s=96&d=mm&r=g\",\"caption\":\"Eduardo Mart\u00ednez\"}}]}<\/script>\n<!-- \/ Yoast SEO plugin. -->","yoast_head_json":{"title":"Aprovado projeto de reparcelamento e reformas urbanas da QNN 11 - Notibras","robots":{"index":"index","follow":"follow","max-snippet":"max-snippet:-1","max-image-preview":"max-image-preview:large","max-video-preview":"max-video-preview:-1"},"canonical":"https:\/\/www.notibras.com\/site\/aprovado-projeto-de-reparcelamento-e-reformas-urbanas-da-qnn-11\/","og_locale":"pt_BR","og_type":"article","og_title":"Aprovado projeto de reparcelamento e reformas urbanas da QNN 11 - Notibras","og_description":"O projeto de reparcelamento e reforma urbana na quadra QNN 11, localizada no Setor N Norte de Ceil\u00e2ndia, foi aprovado pela Portaria n\u00ba 164, publicada no Di\u00e1rio Oficial do Distrito Federal (DODF) desta sexta-feira (26). O texto aprovado prev\u00ea a reorganiza\u00e7\u00e3o dos lotes e a adequa\u00e7\u00e3o do sistema vi\u00e1rio da quadra, com o objetivo de [&hellip;]","og_url":"https:\/\/www.notibras.com\/site\/aprovado-projeto-de-reparcelamento-e-reformas-urbanas-da-qnn-11\/","og_site_name":"Notibras","article_publisher":"https:\/\/www.facebook.com\/notibras\/","article_published_time":"2025-12-27T03:15:20+00:00","og_image":[{"width":1600,"height":1066,"url":"https:\/\/www.notibras.com\/site\/wp-content\/uploads\/2025\/12\/WhatsApp-Image-2025-12-23-at-17.12.47.jpeg","type":"image\/jpeg"}],"author":"Eduardo Mart\u00ednez","twitter_card":"summary_large_image","twitter_creator":"@Notibras","twitter_site":"@Notibras","twitter_misc":{"Escrito por":"Eduardo Mart\u00ednez","Est. tempo de leitura":"2 minutos"},"schema":{"@context":"https:\/\/schema.org","@graph":[{"@type":"Article","@id":"https:\/\/www.notibras.com\/site\/aprovado-projeto-de-reparcelamento-e-reformas-urbanas-da-qnn-11\/#article","isPartOf":{"@id":"https:\/\/www.notibras.com\/site\/aprovado-projeto-de-reparcelamento-e-reformas-urbanas-da-qnn-11\/"},"author":{"name":"Eduardo Mart\u00ednez","@id":"https:\/\/www.notibras.com\/site\/#\/schema\/person\/5b7fabf2aedc3ada2105f03b22b4d3dd"},"headline":"Aprovado projeto de reparcelamento e reformas urbanas da QNN 11","datePublished":"2025-12-27T03:15:20+00:00","mainEntityOfPage":{"@id":"https:\/\/www.notibras.com\/site\/aprovado-projeto-de-reparcelamento-e-reformas-urbanas-da-qnn-11\/"},"wordCount":301,"publisher":{"@id":"https:\/\/www.notibras.com\/site\/#organization"},"image":{"@id":"https:\/\/www.notibras.com\/site\/aprovado-projeto-de-reparcelamento-e-reformas-urbanas-da-qnn-11\/#primaryimage"},"thumbnailUrl":"https:\/\/www.notibras.com\/site\/wp-content\/uploads\/2025\/12\/WhatsApp-Image-2025-12-23-at-17.12.47.jpeg","articleSection":["Quadradinho em Foco"],"inLanguage":"pt-BR"},{"@type":"WebPage","@id":"https:\/\/www.notibras.com\/site\/aprovado-projeto-de-reparcelamento-e-reformas-urbanas-da-qnn-11\/","url":"https:\/\/www.notibras.com\/site\/aprovado-projeto-de-reparcelamento-e-reformas-urbanas-da-qnn-11\/","name":"Aprovado projeto de reparcelamento e reformas urbanas da QNN 11 - Notibras","isPartOf":{"@id":"https:\/\/www.notibras.com\/site\/#website"},"primaryImageOfPage":{"@id":"https:\/\/www.notibras.com\/site\/aprovado-projeto-de-reparcelamento-e-reformas-urbanas-da-qnn-11\/#primaryimage"},"image":{"@id":"https:\/\/www.notibras.com\/site\/aprovado-projeto-de-reparcelamento-e-reformas-urbanas-da-qnn-11\/#primaryimage"},"thumbnailUrl":"https:\/\/www.notibras.com\/site\/wp-content\/uploads\/2025\/12\/WhatsApp-Image-2025-12-23-at-17.12.47.jpeg","datePublished":"2025-12-27T03:15:20+00:00","breadcrumb":{"@id":"https:\/\/www.notibras.com\/site\/aprovado-projeto-de-reparcelamento-e-reformas-urbanas-da-qnn-11\/#breadcrumb"},"inLanguage":"pt-BR","potentialAction":[{"@type":"ReadAction","target":["https:\/\/www.notibras.com\/site\/aprovado-projeto-de-reparcelamento-e-reformas-urbanas-da-qnn-11\/"]}]},{"@type":"ImageObject","inLanguage":"pt-BR","@id":"https:\/\/www.notibras.com\/site\/aprovado-projeto-de-reparcelamento-e-reformas-urbanas-da-qnn-11\/#primaryimage","url":"https:\/\/www.notibras.com\/site\/wp-content\/uploads\/2025\/12\/WhatsApp-Image-2025-12-23-at-17.12.47.jpeg","contentUrl":"https:\/\/www.notibras.com\/site\/wp-content\/uploads\/2025\/12\/WhatsApp-Image-2025-12-23-at-17.12.47.jpeg","width":1600,"height":1066},{"@type":"BreadcrumbList","@id":"https:\/\/www.notibras.com\/site\/aprovado-projeto-de-reparcelamento-e-reformas-urbanas-da-qnn-11\/#breadcrumb","itemListElement":[{"@type":"ListItem","position":1,"name":"In\u00edcio","item":"https:\/\/www.notibras.com\/site\/"},{"@type":"ListItem","position":2,"name":"Aprovado projeto de reparcelamento e reformas urbanas da QNN 11"}]},{"@type":"WebSite","@id":"https:\/\/www.notibras.com\/site\/#website","url":"https:\/\/www.notibras.com\/site\/","name":"Notibras","description":"Not\u00edcias de Bras\u00edlia, do Brasil e do Mundo","publisher":{"@id":"https:\/\/www.notibras.com\/site\/#organization"},"potentialAction":[{"@type":"SearchAction","target":{"@type":"EntryPoint","urlTemplate":"https:\/\/www.notibras.com\/site\/?s={search_term_string}"},"query-input":{"@type":"PropertyValueSpecification","valueRequired":true,"valueName":"search_term_string"}}],"inLanguage":"pt-BR"},{"@type":"Organization","@id":"https:\/\/www.notibras.com\/site\/#organization","name":"Grupo Notibras de Comunica\u00e7\u00e3o","url":"https:\/\/www.notibras.com\/site\/","logo":{"@type":"ImageObject","inLanguage":"pt-BR","@id":"https:\/\/www.notibras.com\/site\/#\/schema\/logo\/image\/","url":"https:\/\/www.notibras.com\/site\/wp-content\/uploads\/2023\/01\/notibras23.png","contentUrl":"https:\/\/www.notibras.com\/site\/wp-content\/uploads\/2023\/01\/notibras23.png","width":350,"height":87,"caption":"Grupo Notibras de Comunica\u00e7\u00e3o"},"image":{"@id":"https:\/\/www.notibras.com\/site\/#\/schema\/logo\/image\/"},"sameAs":["https:\/\/www.facebook.com\/notibras\/","https:\/\/x.com\/Notibras","https:\/\/www.instagram.com\/notibras\/"]},{"@type":"Person","@id":"https:\/\/www.notibras.com\/site\/#\/schema\/person\/5b7fabf2aedc3ada2105f03b22b4d3dd","name":"Eduardo Mart\u00ednez","image":{"@type":"ImageObject","inLanguage":"pt-BR","@id":"https:\/\/secure.gravatar.com\/avatar\/7902f906289926289cbcda644b5197c796b893c6ffd7b9a536a42d290f7704a0?s=96&d=mm&r=g","url":"https:\/\/secure.gravatar.com\/avatar\/7902f906289926289cbcda644b5197c796b893c6ffd7b9a536a42d290f7704a0?s=96&d=mm&r=g","contentUrl":"https:\/\/secure.gravatar.com\/avatar\/7902f906289926289cbcda644b5197c796b893c6ffd7b9a536a42d290f7704a0?s=96&d=mm&r=g","caption":"Eduardo Mart\u00ednez"}}]}},"amp_enabled":true,"_links":{"self":[{"href":"https:\/\/www.notibras.com\/site\/wp-json\/wp\/v2\/posts\/376493","targetHints":{"allow":["GET"]}}],"collection":[{"href":"https:\/\/www.notibras.com\/site\/wp-json\/wp\/v2\/posts"}],"about":[{"href":"https:\/\/www.notibras.com\/site\/wp-json\/wp\/v2\/types\/post"}],"author":[{"embeddable":true,"href":"https:\/\/www.notibras.com\/site\/wp-json\/wp\/v2\/users\/21"}],"replies":[{"embeddable":true,"href":"https:\/\/www.notibras.com\/site\/wp-json\/wp\/v2\/comments?post=376493"}],"version-history":[{"count":3,"href":"https:\/\/www.notibras.com\/site\/wp-json\/wp\/v2\/posts\/376493\/revisions"}],"predecessor-version":[{"id":376497,"href":"https:\/\/www.notibras.com\/site\/wp-json\/wp\/v2\/posts\/376493\/revisions\/376497"}],"wp:featuredmedia":[{"embeddable":true,"href":"https:\/\/www.notibras.com\/site\/wp-json\/wp\/v2\/media\/376494"}],"wp:attachment":[{"href":"https:\/\/www.notibras.com\/site\/wp-json\/wp\/v2\/media?parent=376493"}],"wp:term":[{"taxonomy":"category","embeddable":true,"href":"https:\/\/www.notibras.com\/site\/wp-json\/wp\/v2\/categories?post=376493"},{"taxonomy":"post_tag","embeddable":true,"href":"https:\/\/www.notibras.com\/site\/wp-json\/wp\/v2\/tags?post=376493"}],"curies":[{"name":"wp","href":"https:\/\/api.w.org\/{rel}","templated":true}]}}