{"id":376498,"date":"2025-12-27T00:30:10","date_gmt":"2025-12-27T03:30:10","guid":{"rendered":"https:\/\/www.notibras.com\/site\/?p=376498"},"modified":"2025-12-26T21:41:51","modified_gmt":"2025-12-27T00:41:51","slug":"casal-de-saguis-da-serra-escuro-e-atracao-neste-fim-de-ano","status":"publish","type":"post","link":"https:\/\/www.notibras.com\/site\/casal-de-saguis-da-serra-escuro-e-atracao-neste-fim-de-ano\/","title":{"rendered":"Casal de saguis-da-serra-escuro \u00e9 atra\u00e7\u00e3o neste fim de ano"},"content":{"rendered":"<p>Quem visita o Jardim Zool\u00f3gico de Bras\u00edlia neste fim de ano tem um encontro especial com os novos moradores do mic\u00e1rio: Jo\u00e3o Paulo e Ana Maria, um casal de saguis-da-serra-escuro, esp\u00e9cie considerada uma das mais raras e amea\u00e7adas de extin\u00e7\u00e3o do Brasil. Vindos de S\u00e3o Paulo, os animais passaram por exames f\u00edsicos, laboratoriais e de imagem ao chegar \u00e0 capital, al\u00e9m de receberem refor\u00e7o alimentar e acompanhamento veterin\u00e1rio.<\/p>\n<p>Quem aproveitou os \u00faltimos dias de 2025 para passear no Zoo foi a empres\u00e1ria Alessandra Costa, 31, que visitou o espa\u00e7o acompanhada pela fam\u00edlia. Segundo ela, apesar de j\u00e1 ter estado no Zoo em outras ocasi\u00f5es, esse passeio foi especial por marcar a primeira vez do filho no local. Ela comentou sobre a presen\u00e7a dos saguis-da-serra-escuro, rec\u00e9m-chegados ao Zool\u00f3gico de Bras\u00edlia. Para ela, o contato mais pr\u00f3ximo com esp\u00e9cies raras contribui para a conscientiza\u00e7\u00e3o do p\u00fablico. \u201c\u00c9 legal poder ter esse contato mais de perto com esses animais. Isso ajuda a educar as pessoas e refor\u00e7a a import\u00e2ncia de preservar a natureza\u201d, completou.<\/p>\n<p>O diretor-presidente do Zool\u00f3gico de Bras\u00edlia, Wallison Couto, explica o trabalho executado para que os animais pudessem ser inclu\u00eddos no caminho dos visitantes. \u201cCom a conclus\u00e3o de todas as etapas de quarentena e adapta\u00e7\u00e3o, os saguis-de-serra-escuro j\u00e1 podem ser visitados pelo p\u00fablico. Essa libera\u00e7\u00e3o \u00e9 resultado de um trabalho t\u00e9cnico cuidadoso, que prioriza o bem-estar dos animais e tamb\u00e9m permite que os visitantes conhe\u00e7am de perto uma das esp\u00e9cies mais raras e amea\u00e7adas do Brasil, refor\u00e7ando nosso compromisso com a conserva\u00e7\u00e3o da biodiversidade\u201d, afirma.<\/p>\n<p>A chegada dos saguis-da-serra-escuro faz parte de um programa nacional de conserva\u00e7\u00e3o coordenado pelo Instituto Chico Mendes de Conserva\u00e7\u00e3o da Biodiversidade (ICMBio), que envolve estudos populacionais e o manejo de esp\u00e9cies amea\u00e7adas, explica a chefe de mam\u00edferos, Hellen Cristina de Sousa. Segundo ela, dentro desse processo, \u00e9 realizado um acompanhamento t\u00e9cnico dos animais e, posteriormente, o pareamento de indiv\u00edduos com potencial reprodutivo, para preservar a gen\u00e9tica da esp\u00e9cie.<\/p>\n<p>\u201cOs dois saguis foram resgatados de um quintal localizado na Zona Leste da Regi\u00e3o Metropolitana de S\u00e3o Paulo, um ambiente urbano\u201d, conta. \u201cAp\u00f3s o resgate, eles foram encaminhados para um centro especializado em manejo e conserva\u00e7\u00e3o de animais silvestres, onde passaram por um processo criterioso de recupera\u00e7\u00e3o, readapta\u00e7\u00e3o e refor\u00e7o nutricional antes de serem destinados ao local definitivo. Somente ap\u00f3s essa etapa, os animais foram encaminhados ao Zool\u00f3gico de Bras\u00edlia\u201d, explica Hellen.<\/p>\n<p>A chefe de mam\u00edferos refor\u00e7a ainda o papel fundamental do zool\u00f3gico na conserva\u00e7\u00e3o e na educa\u00e7\u00e3o ambiental. Segundo ela, ao contr\u00e1rio da percep\u00e7\u00e3o de explora\u00e7\u00e3o que algumas pessoas t\u00eam, o objetivo principal do Zoo \u00e9 preservar esp\u00e9cies amea\u00e7adas e conscientizar o p\u00fablico. \u201c\u00c9 uma forma de garantir que as gera\u00e7\u00f5es futuras tamb\u00e9m possam conhecer esses animais\u201d, afirma.<\/p>\n<p><strong>Adapta\u00e7\u00e3o<\/strong><\/p>\n<p>O transporte do casal ocorreu por meio do Voo Solid\u00e1rio da Latam, uma iniciativa que auxilia no deslocamento de animais amea\u00e7ados de extin\u00e7\u00e3o para projetos de conserva\u00e7\u00e3o. Os dois chegaram ao Zool\u00f3gico de Bras\u00edlia separados e foram encaminhados inicialmente ao Hospital Veterin\u00e1rio. L\u00e1, passaram por um per\u00edodo de quarentena, etapa fundamental para identificar e tratar poss\u00edveis doen\u00e7as sem risco de transmiss\u00e3o para outros animais. Ap\u00f3s essa fase, houve a jun\u00e7\u00e3o do casal, que permaneceu em um espa\u00e7o de adapta\u00e7\u00e3o para fortalecimento do v\u00ednculo entre eles. Somente depois desse processo, os saguis foram transferidos para o mic\u00e1rio, onde hoje podem ser vistos pelo p\u00fablico.<\/p>\n<p>A tratadora Thaynara Kuhl explica que a rotina dos saguis-da-serra-escuro \u00e9 cuidadosamente planejada para respeitar os h\u00e1bitos naturais da esp\u00e9cie. Segundo ela, os animais dormem cedo e costumam acordar por volta das 7h. \u201cQuando a gente chega, eles j\u00e1 est\u00e3o saindo da casinha\u201d, relata.<\/p>\n<p>A alimenta\u00e7\u00e3o acontece tr\u00eas vezes ao dia. Pela manh\u00e3, os saguis recebem frutas e verduras. Por volta das 11h, a dieta \u00e9 complementada com insetos, j\u00e1 que se trata de uma esp\u00e9cie com comportamento de ca\u00e7a. \u00c0 tarde, por volta das 14h, eles se alimentam novamente com frutas. O recinto foi ambientado para que os animais mantenham comportamentos semelhantes aos que teriam na natureza. Na parte superior do espa\u00e7o, foram colocados galhos e estruturas que estimulam a movimenta\u00e7\u00e3o, al\u00e9m de folhas secas no ch\u00e3o, que permitem que eles procurem insetos, refor\u00e7ando esse comportamento natural.<\/p>\n<p>Segundo a tratadora, o comportamento dos animais desde a chegada tem sido de cautela, mas sem agressividade. \u201cEles ficam desconfiados, observam a gente pela grade, mas n\u00e3o demonstram comportamento agressivo. Na verdade, eles t\u00eam mais medo da gente do que o contr\u00e1rio\u201d, explica.<\/p>\n<p>O trabalho dos tratadores \u00e9 essencial para garantir a adapta\u00e7\u00e3o e o bem-estar dos animais. Thaynara destaca que a equipe monitora diariamente a alimenta\u00e7\u00e3o, o comportamento e a sa\u00fade dos saguis. Caso percebam que algum alimento n\u00e3o est\u00e1 sendo aceito, o setor de nutri\u00e7\u00e3o \u00e9 acionado para ajustar a dieta. Qualquer sinal de altera\u00e7\u00e3o, como falhas no pelo, mancar ou comportamento fora do padr\u00e3o, \u00e9 imediatamente comunicado \u00e0 equipe veterin\u00e1ria, que realiza avalia\u00e7\u00f5es e exames quando necess\u00e1rio.<\/p>\n<p>Al\u00e9m disso, os tratadores tamb\u00e9m cuidam da ambienta\u00e7\u00e3o do recinto, fazendo ajustes sempre que necess\u00e1rio, como a inclus\u00e3o de plantas, galhos ou outros elementos que contribuam para o conforto e a qualidade de vida dos animais. \u201cTudo \u00e9 feito para garantir o bem-estar deles e que se sintam o mais pr\u00f3ximos poss\u00edvel do ambiente natural\u201d, conclui.<\/p>\n<p><strong>Extin\u00e7\u00e3o<\/strong><\/p>\n<p>O sagui-da-serra-escuro \u00e9 atualmente classificado como uma esp\u00e9cie altamente amea\u00e7ada de extin\u00e7\u00e3o. Antes, era considerado apenas vulner\u00e1vel, mas diversos fatores contribu\u00edram para o agravamento desse status, como a perda e fragmenta\u00e7\u00e3o do habitat devido ao desmatamento acelerado e \u00e0 expans\u00e3o urbana, a competi\u00e7\u00e3o por recursos, a hibrida\u00e7\u00e3o com outras esp\u00e9cies do mesmo g\u00eanero, a captura ilegal para cria\u00e7\u00e3o como animal de estima\u00e7\u00e3o, al\u00e9m de doen\u00e7as, atropelamentos e outros acidentes.<\/p>\n<p>Atualmente, o Zool\u00f3gico de Bras\u00edlia abriga apenas esses dois indiv\u00edduos da esp\u00e9cie. A inten\u00e7\u00e3o \u00e9 formar um casal reprodutivo, mas o processo ocorre de forma totalmente natural, respeitando o comportamento e o tempo dos pr\u00f3prios animais.<\/p>\n<p><strong>Visita\u00e7\u00e3o<\/strong><\/p>\n<p>Quer passear pelo Zool\u00f3gico de Bras\u00edlia? O Governo do Distrito Federal (GDF) oferece dois bons motivos. Durante as festividades de Natal e Ano Novo, os usu\u00e1rios do transporte p\u00fablico coletivo do DF podem viajar de gra\u00e7a em \u00f4nibus e metr\u00f4. At\u00e9 o dia 2 de janeiro de 2026, das 18h \u00e0s 23h, o transporte p\u00fablico ser\u00e1 gratuito para toda a popula\u00e7\u00e3o em raz\u00e3o das comemora\u00e7\u00f5es do evento Nosso Natal 2025.<\/p>\n<p>A iniciativa integra o programa Vai de Gra\u00e7a, que garante passagem gratuita aos domingos e feriados, al\u00e9m de datas espec\u00edficas definidas pelo GDF. Nos dias 25 de dezembro (Natal), 28 de dezembro e 1\u00ba de janeiro (Ano Novo), a gratuidade ser\u00e1 em per\u00edodo integral, da zero hora at\u00e9 as 23h59. O Metr\u00f4-DF funciona no dia 24, das 5h30 \u00e0s 20h, e no dia 25, das 7h \u00e0s 19h.<\/p>\n<p>Outro incentivo \u00e9 o programa Lazer para Todos, que assegura entrada gratuita no Jardim Bot\u00e2nico de Bras\u00edlia (JBB) e no Jardim Zool\u00f3gico de Bras\u00edlia aos domingos e feriados, ampliando as op\u00e7\u00f5es de lazer e contato com a natureza para a popula\u00e7\u00e3o.<\/p>\n","protected":false},"excerpt":{"rendered":"<p>Quem visita o Jardim Zool\u00f3gico de Bras\u00edlia neste fim de ano tem um encontro especial com os novos moradores do mic\u00e1rio: Jo\u00e3o Paulo e Ana Maria, um casal de saguis-da-serra-escuro, esp\u00e9cie considerada uma das mais raras e amea\u00e7adas de extin\u00e7\u00e3o do Brasil. Vindos de S\u00e3o Paulo, os animais passaram por exames f\u00edsicos, laboratoriais e de [&hellip;]<\/p>\n","protected":false},"author":21,"featured_media":376499,"comment_status":"closed","ping_status":"closed","sticky":false,"template":"","format":"standard","meta":{"_acf_changed":false,"footnotes":""},"categories":[161],"tags":[],"class_list":["post-376498","post","type-post","status-publish","format-standard","has-post-thumbnail","hentry","category-quadradinho-em-foco"],"acf":[],"yoast_head":"<!-- This site is optimized with the Yoast SEO plugin v27.5 - https:\/\/yoast.com\/product\/yoast-seo-wordpress\/ -->\n<title>Casal de saguis-da-serra-escuro \u00e9 atra\u00e7\u00e3o neste fim de ano - Notibras<\/title>\n<meta name=\"robots\" content=\"index, follow, max-snippet:-1, max-image-preview:large, max-video-preview:-1\" \/>\n<link rel=\"canonical\" href=\"https:\/\/www.notibras.com\/site\/casal-de-saguis-da-serra-escuro-e-atracao-neste-fim-de-ano\/\" \/>\n<meta property=\"og:locale\" content=\"pt_BR\" \/>\n<meta property=\"og:type\" content=\"article\" \/>\n<meta property=\"og:title\" content=\"Casal de saguis-da-serra-escuro \u00e9 atra\u00e7\u00e3o neste fim de ano - Notibras\" \/>\n<meta property=\"og:description\" content=\"Quem visita o Jardim Zool\u00f3gico de Bras\u00edlia neste fim de ano tem um encontro especial com os novos moradores do mic\u00e1rio: Jo\u00e3o Paulo e Ana Maria, um casal de saguis-da-serra-escuro, esp\u00e9cie considerada uma das mais raras e amea\u00e7adas de extin\u00e7\u00e3o do Brasil. Vindos de S\u00e3o Paulo, os animais passaram por exames f\u00edsicos, laboratoriais e de [&hellip;]\" \/>\n<meta property=\"og:url\" content=\"https:\/\/www.notibras.com\/site\/casal-de-saguis-da-serra-escuro-e-atracao-neste-fim-de-ano\/\" \/>\n<meta property=\"og:site_name\" content=\"Notibras\" \/>\n<meta property=\"article:publisher\" content=\"https:\/\/www.facebook.com\/notibras\/\" \/>\n<meta property=\"article:published_time\" content=\"2025-12-27T03:30:10+00:00\" \/>\n<meta property=\"og:image\" content=\"https:\/\/www.notibras.com\/site\/wp-content\/uploads\/2025\/12\/dentro-56.jpg\" \/>\n\t<meta property=\"og:image:width\" content=\"1181\" \/>\n\t<meta property=\"og:image:height\" content=\"787\" \/>\n\t<meta property=\"og:image:type\" content=\"image\/jpeg\" \/>\n<meta name=\"author\" content=\"Eduardo Mart\u00ednez\" \/>\n<meta name=\"twitter:card\" content=\"summary_large_image\" \/>\n<meta name=\"twitter:creator\" content=\"@Notibras\" \/>\n<meta name=\"twitter:site\" content=\"@Notibras\" \/>\n<meta name=\"twitter:label1\" content=\"Escrito por\" \/>\n\t<meta name=\"twitter:data1\" content=\"Eduardo Mart\u00ednez\" \/>\n\t<meta name=\"twitter:label2\" content=\"Est. tempo de leitura\" \/>\n\t<meta name=\"twitter:data2\" content=\"7 minutos\" \/>\n<script type=\"application\/ld+json\" class=\"yoast-schema-graph\">{\"@context\":\"https:\\\/\\\/schema.org\",\"@graph\":[{\"@type\":\"Article\",\"@id\":\"https:\\\/\\\/www.notibras.com\\\/site\\\/casal-de-saguis-da-serra-escuro-e-atracao-neste-fim-de-ano\\\/#article\",\"isPartOf\":{\"@id\":\"https:\\\/\\\/www.notibras.com\\\/site\\\/casal-de-saguis-da-serra-escuro-e-atracao-neste-fim-de-ano\\\/\"},\"author\":{\"name\":\"Eduardo Mart\u00ednez\",\"@id\":\"https:\\\/\\\/www.notibras.com\\\/site\\\/#\\\/schema\\\/person\\\/5b7fabf2aedc3ada2105f03b22b4d3dd\"},\"headline\":\"Casal de saguis-da-serra-escuro \u00e9 atra\u00e7\u00e3o neste fim de ano\",\"datePublished\":\"2025-12-27T03:30:10+00:00\",\"mainEntityOfPage\":{\"@id\":\"https:\\\/\\\/www.notibras.com\\\/site\\\/casal-de-saguis-da-serra-escuro-e-atracao-neste-fim-de-ano\\\/\"},\"wordCount\":1304,\"publisher\":{\"@id\":\"https:\\\/\\\/www.notibras.com\\\/site\\\/#organization\"},\"image\":{\"@id\":\"https:\\\/\\\/www.notibras.com\\\/site\\\/casal-de-saguis-da-serra-escuro-e-atracao-neste-fim-de-ano\\\/#primaryimage\"},\"thumbnailUrl\":\"https:\\\/\\\/www.notibras.com\\\/site\\\/wp-content\\\/uploads\\\/2025\\\/12\\\/dentro-56.jpg\",\"articleSection\":[\"Quadradinho em Foco\"],\"inLanguage\":\"pt-BR\"},{\"@type\":\"WebPage\",\"@id\":\"https:\\\/\\\/www.notibras.com\\\/site\\\/casal-de-saguis-da-serra-escuro-e-atracao-neste-fim-de-ano\\\/\",\"url\":\"https:\\\/\\\/www.notibras.com\\\/site\\\/casal-de-saguis-da-serra-escuro-e-atracao-neste-fim-de-ano\\\/\",\"name\":\"Casal de saguis-da-serra-escuro \u00e9 atra\u00e7\u00e3o neste fim de ano - Notibras\",\"isPartOf\":{\"@id\":\"https:\\\/\\\/www.notibras.com\\\/site\\\/#website\"},\"primaryImageOfPage\":{\"@id\":\"https:\\\/\\\/www.notibras.com\\\/site\\\/casal-de-saguis-da-serra-escuro-e-atracao-neste-fim-de-ano\\\/#primaryimage\"},\"image\":{\"@id\":\"https:\\\/\\\/www.notibras.com\\\/site\\\/casal-de-saguis-da-serra-escuro-e-atracao-neste-fim-de-ano\\\/#primaryimage\"},\"thumbnailUrl\":\"https:\\\/\\\/www.notibras.com\\\/site\\\/wp-content\\\/uploads\\\/2025\\\/12\\\/dentro-56.jpg\",\"datePublished\":\"2025-12-27T03:30:10+00:00\",\"breadcrumb\":{\"@id\":\"https:\\\/\\\/www.notibras.com\\\/site\\\/casal-de-saguis-da-serra-escuro-e-atracao-neste-fim-de-ano\\\/#breadcrumb\"},\"inLanguage\":\"pt-BR\",\"potentialAction\":[{\"@type\":\"ReadAction\",\"target\":[\"https:\\\/\\\/www.notibras.com\\\/site\\\/casal-de-saguis-da-serra-escuro-e-atracao-neste-fim-de-ano\\\/\"]}]},{\"@type\":\"ImageObject\",\"inLanguage\":\"pt-BR\",\"@id\":\"https:\\\/\\\/www.notibras.com\\\/site\\\/casal-de-saguis-da-serra-escuro-e-atracao-neste-fim-de-ano\\\/#primaryimage\",\"url\":\"https:\\\/\\\/www.notibras.com\\\/site\\\/wp-content\\\/uploads\\\/2025\\\/12\\\/dentro-56.jpg\",\"contentUrl\":\"https:\\\/\\\/www.notibras.com\\\/site\\\/wp-content\\\/uploads\\\/2025\\\/12\\\/dentro-56.jpg\",\"width\":1181,\"height\":787},{\"@type\":\"BreadcrumbList\",\"@id\":\"https:\\\/\\\/www.notibras.com\\\/site\\\/casal-de-saguis-da-serra-escuro-e-atracao-neste-fim-de-ano\\\/#breadcrumb\",\"itemListElement\":[{\"@type\":\"ListItem\",\"position\":1,\"name\":\"In\u00edcio\",\"item\":\"https:\\\/\\\/www.notibras.com\\\/site\\\/\"},{\"@type\":\"ListItem\",\"position\":2,\"name\":\"Casal de saguis-da-serra-escuro \u00e9 atra\u00e7\u00e3o neste fim de ano\"}]},{\"@type\":\"WebSite\",\"@id\":\"https:\\\/\\\/www.notibras.com\\\/site\\\/#website\",\"url\":\"https:\\\/\\\/www.notibras.com\\\/site\\\/\",\"name\":\"Notibras\",\"description\":\"Not\u00edcias de Bras\u00edlia, do Brasil e do Mundo\",\"publisher\":{\"@id\":\"https:\\\/\\\/www.notibras.com\\\/site\\\/#organization\"},\"potentialAction\":[{\"@type\":\"SearchAction\",\"target\":{\"@type\":\"EntryPoint\",\"urlTemplate\":\"https:\\\/\\\/www.notibras.com\\\/site\\\/?s={search_term_string}\"},\"query-input\":{\"@type\":\"PropertyValueSpecification\",\"valueRequired\":true,\"valueName\":\"search_term_string\"}}],\"inLanguage\":\"pt-BR\"},{\"@type\":\"Organization\",\"@id\":\"https:\\\/\\\/www.notibras.com\\\/site\\\/#organization\",\"name\":\"Grupo Notibras de Comunica\u00e7\u00e3o\",\"url\":\"https:\\\/\\\/www.notibras.com\\\/site\\\/\",\"logo\":{\"@type\":\"ImageObject\",\"inLanguage\":\"pt-BR\",\"@id\":\"https:\\\/\\\/www.notibras.com\\\/site\\\/#\\\/schema\\\/logo\\\/image\\\/\",\"url\":\"https:\\\/\\\/www.notibras.com\\\/site\\\/wp-content\\\/uploads\\\/2023\\\/01\\\/notibras23.png\",\"contentUrl\":\"https:\\\/\\\/www.notibras.com\\\/site\\\/wp-content\\\/uploads\\\/2023\\\/01\\\/notibras23.png\",\"width\":350,\"height\":87,\"caption\":\"Grupo Notibras de Comunica\u00e7\u00e3o\"},\"image\":{\"@id\":\"https:\\\/\\\/www.notibras.com\\\/site\\\/#\\\/schema\\\/logo\\\/image\\\/\"},\"sameAs\":[\"https:\\\/\\\/www.facebook.com\\\/notibras\\\/\",\"https:\\\/\\\/x.com\\\/Notibras\",\"https:\\\/\\\/www.instagram.com\\\/notibras\\\/\"]},{\"@type\":\"Person\",\"@id\":\"https:\\\/\\\/www.notibras.com\\\/site\\\/#\\\/schema\\\/person\\\/5b7fabf2aedc3ada2105f03b22b4d3dd\",\"name\":\"Eduardo Mart\u00ednez\",\"image\":{\"@type\":\"ImageObject\",\"inLanguage\":\"pt-BR\",\"@id\":\"https:\\\/\\\/secure.gravatar.com\\\/avatar\\\/7902f906289926289cbcda644b5197c796b893c6ffd7b9a536a42d290f7704a0?s=96&d=mm&r=g\",\"url\":\"https:\\\/\\\/secure.gravatar.com\\\/avatar\\\/7902f906289926289cbcda644b5197c796b893c6ffd7b9a536a42d290f7704a0?s=96&d=mm&r=g\",\"contentUrl\":\"https:\\\/\\\/secure.gravatar.com\\\/avatar\\\/7902f906289926289cbcda644b5197c796b893c6ffd7b9a536a42d290f7704a0?s=96&d=mm&r=g\",\"caption\":\"Eduardo Mart\u00ednez\"}}]}<\/script>\n<!-- \/ Yoast SEO plugin. -->","yoast_head_json":{"title":"Casal de saguis-da-serra-escuro \u00e9 atra\u00e7\u00e3o neste fim de ano - Notibras","robots":{"index":"index","follow":"follow","max-snippet":"max-snippet:-1","max-image-preview":"max-image-preview:large","max-video-preview":"max-video-preview:-1"},"canonical":"https:\/\/www.notibras.com\/site\/casal-de-saguis-da-serra-escuro-e-atracao-neste-fim-de-ano\/","og_locale":"pt_BR","og_type":"article","og_title":"Casal de saguis-da-serra-escuro \u00e9 atra\u00e7\u00e3o neste fim de ano - Notibras","og_description":"Quem visita o Jardim Zool\u00f3gico de Bras\u00edlia neste fim de ano tem um encontro especial com os novos moradores do mic\u00e1rio: Jo\u00e3o Paulo e Ana Maria, um casal de saguis-da-serra-escuro, esp\u00e9cie considerada uma das mais raras e amea\u00e7adas de extin\u00e7\u00e3o do Brasil. Vindos de S\u00e3o Paulo, os animais passaram por exames f\u00edsicos, laboratoriais e de [&hellip;]","og_url":"https:\/\/www.notibras.com\/site\/casal-de-saguis-da-serra-escuro-e-atracao-neste-fim-de-ano\/","og_site_name":"Notibras","article_publisher":"https:\/\/www.facebook.com\/notibras\/","article_published_time":"2025-12-27T03:30:10+00:00","og_image":[{"width":1181,"height":787,"url":"https:\/\/www.notibras.com\/site\/wp-content\/uploads\/2025\/12\/dentro-56.jpg","type":"image\/jpeg"}],"author":"Eduardo Mart\u00ednez","twitter_card":"summary_large_image","twitter_creator":"@Notibras","twitter_site":"@Notibras","twitter_misc":{"Escrito por":"Eduardo Mart\u00ednez","Est. tempo de leitura":"7 minutos"},"schema":{"@context":"https:\/\/schema.org","@graph":[{"@type":"Article","@id":"https:\/\/www.notibras.com\/site\/casal-de-saguis-da-serra-escuro-e-atracao-neste-fim-de-ano\/#article","isPartOf":{"@id":"https:\/\/www.notibras.com\/site\/casal-de-saguis-da-serra-escuro-e-atracao-neste-fim-de-ano\/"},"author":{"name":"Eduardo Mart\u00ednez","@id":"https:\/\/www.notibras.com\/site\/#\/schema\/person\/5b7fabf2aedc3ada2105f03b22b4d3dd"},"headline":"Casal de saguis-da-serra-escuro \u00e9 atra\u00e7\u00e3o neste fim de ano","datePublished":"2025-12-27T03:30:10+00:00","mainEntityOfPage":{"@id":"https:\/\/www.notibras.com\/site\/casal-de-saguis-da-serra-escuro-e-atracao-neste-fim-de-ano\/"},"wordCount":1304,"publisher":{"@id":"https:\/\/www.notibras.com\/site\/#organization"},"image":{"@id":"https:\/\/www.notibras.com\/site\/casal-de-saguis-da-serra-escuro-e-atracao-neste-fim-de-ano\/#primaryimage"},"thumbnailUrl":"https:\/\/www.notibras.com\/site\/wp-content\/uploads\/2025\/12\/dentro-56.jpg","articleSection":["Quadradinho em Foco"],"inLanguage":"pt-BR"},{"@type":"WebPage","@id":"https:\/\/www.notibras.com\/site\/casal-de-saguis-da-serra-escuro-e-atracao-neste-fim-de-ano\/","url":"https:\/\/www.notibras.com\/site\/casal-de-saguis-da-serra-escuro-e-atracao-neste-fim-de-ano\/","name":"Casal de saguis-da-serra-escuro \u00e9 atra\u00e7\u00e3o neste fim de ano - Notibras","isPartOf":{"@id":"https:\/\/www.notibras.com\/site\/#website"},"primaryImageOfPage":{"@id":"https:\/\/www.notibras.com\/site\/casal-de-saguis-da-serra-escuro-e-atracao-neste-fim-de-ano\/#primaryimage"},"image":{"@id":"https:\/\/www.notibras.com\/site\/casal-de-saguis-da-serra-escuro-e-atracao-neste-fim-de-ano\/#primaryimage"},"thumbnailUrl":"https:\/\/www.notibras.com\/site\/wp-content\/uploads\/2025\/12\/dentro-56.jpg","datePublished":"2025-12-27T03:30:10+00:00","breadcrumb":{"@id":"https:\/\/www.notibras.com\/site\/casal-de-saguis-da-serra-escuro-e-atracao-neste-fim-de-ano\/#breadcrumb"},"inLanguage":"pt-BR","potentialAction":[{"@type":"ReadAction","target":["https:\/\/www.notibras.com\/site\/casal-de-saguis-da-serra-escuro-e-atracao-neste-fim-de-ano\/"]}]},{"@type":"ImageObject","inLanguage":"pt-BR","@id":"https:\/\/www.notibras.com\/site\/casal-de-saguis-da-serra-escuro-e-atracao-neste-fim-de-ano\/#primaryimage","url":"https:\/\/www.notibras.com\/site\/wp-content\/uploads\/2025\/12\/dentro-56.jpg","contentUrl":"https:\/\/www.notibras.com\/site\/wp-content\/uploads\/2025\/12\/dentro-56.jpg","width":1181,"height":787},{"@type":"BreadcrumbList","@id":"https:\/\/www.notibras.com\/site\/casal-de-saguis-da-serra-escuro-e-atracao-neste-fim-de-ano\/#breadcrumb","itemListElement":[{"@type":"ListItem","position":1,"name":"In\u00edcio","item":"https:\/\/www.notibras.com\/site\/"},{"@type":"ListItem","position":2,"name":"Casal de saguis-da-serra-escuro \u00e9 atra\u00e7\u00e3o neste fim de ano"}]},{"@type":"WebSite","@id":"https:\/\/www.notibras.com\/site\/#website","url":"https:\/\/www.notibras.com\/site\/","name":"Notibras","description":"Not\u00edcias de Bras\u00edlia, do Brasil e do Mundo","publisher":{"@id":"https:\/\/www.notibras.com\/site\/#organization"},"potentialAction":[{"@type":"SearchAction","target":{"@type":"EntryPoint","urlTemplate":"https:\/\/www.notibras.com\/site\/?s={search_term_string}"},"query-input":{"@type":"PropertyValueSpecification","valueRequired":true,"valueName":"search_term_string"}}],"inLanguage":"pt-BR"},{"@type":"Organization","@id":"https:\/\/www.notibras.com\/site\/#organization","name":"Grupo Notibras de Comunica\u00e7\u00e3o","url":"https:\/\/www.notibras.com\/site\/","logo":{"@type":"ImageObject","inLanguage":"pt-BR","@id":"https:\/\/www.notibras.com\/site\/#\/schema\/logo\/image\/","url":"https:\/\/www.notibras.com\/site\/wp-content\/uploads\/2023\/01\/notibras23.png","contentUrl":"https:\/\/www.notibras.com\/site\/wp-content\/uploads\/2023\/01\/notibras23.png","width":350,"height":87,"caption":"Grupo Notibras de Comunica\u00e7\u00e3o"},"image":{"@id":"https:\/\/www.notibras.com\/site\/#\/schema\/logo\/image\/"},"sameAs":["https:\/\/www.facebook.com\/notibras\/","https:\/\/x.com\/Notibras","https:\/\/www.instagram.com\/notibras\/"]},{"@type":"Person","@id":"https:\/\/www.notibras.com\/site\/#\/schema\/person\/5b7fabf2aedc3ada2105f03b22b4d3dd","name":"Eduardo Mart\u00ednez","image":{"@type":"ImageObject","inLanguage":"pt-BR","@id":"https:\/\/secure.gravatar.com\/avatar\/7902f906289926289cbcda644b5197c796b893c6ffd7b9a536a42d290f7704a0?s=96&d=mm&r=g","url":"https:\/\/secure.gravatar.com\/avatar\/7902f906289926289cbcda644b5197c796b893c6ffd7b9a536a42d290f7704a0?s=96&d=mm&r=g","contentUrl":"https:\/\/secure.gravatar.com\/avatar\/7902f906289926289cbcda644b5197c796b893c6ffd7b9a536a42d290f7704a0?s=96&d=mm&r=g","caption":"Eduardo Mart\u00ednez"}}]}},"amp_enabled":true,"_links":{"self":[{"href":"https:\/\/www.notibras.com\/site\/wp-json\/wp\/v2\/posts\/376498","targetHints":{"allow":["GET"]}}],"collection":[{"href":"https:\/\/www.notibras.com\/site\/wp-json\/wp\/v2\/posts"}],"about":[{"href":"https:\/\/www.notibras.com\/site\/wp-json\/wp\/v2\/types\/post"}],"author":[{"embeddable":true,"href":"https:\/\/www.notibras.com\/site\/wp-json\/wp\/v2\/users\/21"}],"replies":[{"embeddable":true,"href":"https:\/\/www.notibras.com\/site\/wp-json\/wp\/v2\/comments?post=376498"}],"version-history":[{"count":2,"href":"https:\/\/www.notibras.com\/site\/wp-json\/wp\/v2\/posts\/376498\/revisions"}],"predecessor-version":[{"id":376501,"href":"https:\/\/www.notibras.com\/site\/wp-json\/wp\/v2\/posts\/376498\/revisions\/376501"}],"wp:featuredmedia":[{"embeddable":true,"href":"https:\/\/www.notibras.com\/site\/wp-json\/wp\/v2\/media\/376499"}],"wp:attachment":[{"href":"https:\/\/www.notibras.com\/site\/wp-json\/wp\/v2\/media?parent=376498"}],"wp:term":[{"taxonomy":"category","embeddable":true,"href":"https:\/\/www.notibras.com\/site\/wp-json\/wp\/v2\/categories?post=376498"},{"taxonomy":"post_tag","embeddable":true,"href":"https:\/\/www.notibras.com\/site\/wp-json\/wp\/v2\/tags?post=376498"}],"curies":[{"name":"wp","href":"https:\/\/api.w.org\/{rel}","templated":true}]}}