{"id":376507,"date":"2025-12-27T01:00:16","date_gmt":"2025-12-27T04:00:16","guid":{"rendered":"https:\/\/www.notibras.com\/site\/?p=376507"},"modified":"2025-12-26T21:57:03","modified_gmt":"2025-12-27T00:57:03","slug":"corra-que-ainda-da-tempo-de-vacinar-neste-ano","status":"publish","type":"post","link":"https:\/\/www.notibras.com\/site\/corra-que-ainda-da-tempo-de-vacinar-neste-ano\/","title":{"rendered":"Corra que ainda d\u00e1 tempo de vacinar neste ano"},"content":{"rendered":"<p>Quem quiser comemorar o fim do ano com a caderneta de vacina\u00e7\u00e3o em dia ter\u00e1 uma oportunidade a mais neste s\u00e1bado (27). A Secretaria de Sa\u00fade do Distrito Federal (SES-DF) ir\u00e1 disponibilizar mais de 40 locais de atendimento. A lista completa est\u00e1 dispon\u00edvel no <a href=\"https:\/\/www.saude.df.gov.br\/pt\/web\/guest\/locais-de-vacinacao\">site da pasta<\/a>. Haver\u00e1 imunizantes para serem aplicadas em pessoas de todas as faixas et\u00e1rias, conforme o <a href=\"https:\/\/www.saude.df.gov.br\/documents\/37101\/0\/Calend%C3%A1rio+rotina_site.pdf\/2e9d248c-08d8-7336-d348-cc0f8c741fce?t=1759422457025\">calend\u00e1rio de rotina<\/a>.<\/p>\n<p>A orienta\u00e7\u00e3o \u00e9 levar documento de identidade com foto e, se poss\u00edvel, a caderneta de imuniza\u00e7\u00e3o. Vale destacar que gestantes a partir da 28\u00aa semana, sem restri\u00e7\u00e3o de idade, poder\u00e3o receber a dose contra o v\u00edrus sincicial respirat\u00f3rio (VSR). J\u00e1 adolescentes at\u00e9 19 anos, de ambos os sexos, ter\u00e3o \u00e0 disposi\u00e7\u00e3o a dose contra o papilomav\u00edrus humano (HPV), caso ainda n\u00e3o estejam vacinados. A SES-DF oferece tamb\u00e9m o imunizante contra a dengue para crian\u00e7as e adolescentes de 10 a 14 anos.<\/p>\n<p>N\u00e3o haver\u00e1 vacina\u00e7\u00e3o no domingo (28). Na segunda (29) e na ter\u00e7a-feira (30), mais de cem salas de imuniza\u00e7\u00e3o funcionam em hor\u00e1rio normal. Na quarta (31), o servi\u00e7o ser\u00e1 oferecido at\u00e9 o meio-dia. N\u00e3o haver\u00e1 vacina\u00e7\u00e3o nos dias 1\u00ba (quinta) e 2 (sexta).<\/p>\n","protected":false},"excerpt":{"rendered":"<p>Quem quiser comemorar o fim do ano com a caderneta de vacina\u00e7\u00e3o em dia ter\u00e1 uma oportunidade a mais neste s\u00e1bado (27). A Secretaria de Sa\u00fade do Distrito Federal (SES-DF) ir\u00e1 disponibilizar mais de 40 locais de atendimento. A lista completa est\u00e1 dispon\u00edvel no site da pasta. Haver\u00e1 imunizantes para serem aplicadas em pessoas de [&hellip;]<\/p>\n","protected":false},"author":21,"featured_media":376509,"comment_status":"closed","ping_status":"closed","sticky":false,"template":"","format":"standard","meta":{"_acf_changed":false,"footnotes":""},"categories":[161],"tags":[],"class_list":["post-376507","post","type-post","status-publish","format-standard","has-post-thumbnail","hentry","category-quadradinho-em-foco"],"acf":[],"yoast_head":"<!-- This site is optimized with the Yoast SEO plugin v27.5 - https:\/\/yoast.com\/product\/yoast-seo-wordpress\/ -->\n<title>Corra que ainda d\u00e1 tempo de vacinar neste ano - Notibras<\/title>\n<meta name=\"robots\" content=\"index, follow, max-snippet:-1, max-image-preview:large, max-video-preview:-1\" \/>\n<link rel=\"canonical\" href=\"https:\/\/www.notibras.com\/site\/corra-que-ainda-da-tempo-de-vacinar-neste-ano\/\" \/>\n<meta property=\"og:locale\" content=\"pt_BR\" \/>\n<meta property=\"og:type\" content=\"article\" \/>\n<meta property=\"og:title\" content=\"Corra que ainda d\u00e1 tempo de vacinar neste ano - Notibras\" \/>\n<meta property=\"og:description\" content=\"Quem quiser comemorar o fim do ano com a caderneta de vacina\u00e7\u00e3o em dia ter\u00e1 uma oportunidade a mais neste s\u00e1bado (27). A Secretaria de Sa\u00fade do Distrito Federal (SES-DF) ir\u00e1 disponibilizar mais de 40 locais de atendimento. A lista completa est\u00e1 dispon\u00edvel no site da pasta. Haver\u00e1 imunizantes para serem aplicadas em pessoas de [&hellip;]\" \/>\n<meta property=\"og:url\" content=\"https:\/\/www.notibras.com\/site\/corra-que-ainda-da-tempo-de-vacinar-neste-ano\/\" \/>\n<meta property=\"og:site_name\" content=\"Notibras\" \/>\n<meta property=\"article:publisher\" content=\"https:\/\/www.facebook.com\/notibras\/\" \/>\n<meta property=\"article:published_time\" content=\"2025-12-27T04:00:16+00:00\" \/>\n<meta property=\"og:image\" content=\"https:\/\/www.notibras.com\/site\/wp-content\/uploads\/2025\/12\/Vacinacao-no-DF.-Foto-Sandro-Araujo-Agencia-Saude-DF.jpg\" \/>\n\t<meta property=\"og:image:width\" content=\"1920\" \/>\n\t<meta property=\"og:image:height\" content=\"1280\" \/>\n\t<meta property=\"og:image:type\" content=\"image\/jpeg\" \/>\n<meta name=\"author\" content=\"Eduardo Mart\u00ednez\" \/>\n<meta name=\"twitter:card\" content=\"summary_large_image\" \/>\n<meta name=\"twitter:creator\" content=\"@Notibras\" \/>\n<meta name=\"twitter:site\" content=\"@Notibras\" \/>\n<meta name=\"twitter:label1\" content=\"Escrito por\" \/>\n\t<meta name=\"twitter:data1\" content=\"Eduardo Mart\u00ednez\" \/>\n\t<meta name=\"twitter:label2\" content=\"Est. tempo de leitura\" \/>\n\t<meta name=\"twitter:data2\" content=\"2 minutos\" \/>\n<script type=\"application\/ld+json\" class=\"yoast-schema-graph\">{\"@context\":\"https:\\\/\\\/schema.org\",\"@graph\":[{\"@type\":\"Article\",\"@id\":\"https:\\\/\\\/www.notibras.com\\\/site\\\/corra-que-ainda-da-tempo-de-vacinar-neste-ano\\\/#article\",\"isPartOf\":{\"@id\":\"https:\\\/\\\/www.notibras.com\\\/site\\\/corra-que-ainda-da-tempo-de-vacinar-neste-ano\\\/\"},\"author\":{\"name\":\"Eduardo Mart\u00ednez\",\"@id\":\"https:\\\/\\\/www.notibras.com\\\/site\\\/#\\\/schema\\\/person\\\/5b7fabf2aedc3ada2105f03b22b4d3dd\"},\"headline\":\"Corra que ainda d\u00e1 tempo de vacinar neste ano\",\"datePublished\":\"2025-12-27T04:00:16+00:00\",\"mainEntityOfPage\":{\"@id\":\"https:\\\/\\\/www.notibras.com\\\/site\\\/corra-que-ainda-da-tempo-de-vacinar-neste-ano\\\/\"},\"wordCount\":210,\"publisher\":{\"@id\":\"https:\\\/\\\/www.notibras.com\\\/site\\\/#organization\"},\"image\":{\"@id\":\"https:\\\/\\\/www.notibras.com\\\/site\\\/corra-que-ainda-da-tempo-de-vacinar-neste-ano\\\/#primaryimage\"},\"thumbnailUrl\":\"https:\\\/\\\/www.notibras.com\\\/site\\\/wp-content\\\/uploads\\\/2025\\\/12\\\/Vacinacao-no-DF.-Foto-Sandro-Araujo-Agencia-Saude-DF.jpg\",\"articleSection\":[\"Quadradinho em Foco\"],\"inLanguage\":\"pt-BR\"},{\"@type\":\"WebPage\",\"@id\":\"https:\\\/\\\/www.notibras.com\\\/site\\\/corra-que-ainda-da-tempo-de-vacinar-neste-ano\\\/\",\"url\":\"https:\\\/\\\/www.notibras.com\\\/site\\\/corra-que-ainda-da-tempo-de-vacinar-neste-ano\\\/\",\"name\":\"Corra que ainda d\u00e1 tempo de vacinar neste ano - Notibras\",\"isPartOf\":{\"@id\":\"https:\\\/\\\/www.notibras.com\\\/site\\\/#website\"},\"primaryImageOfPage\":{\"@id\":\"https:\\\/\\\/www.notibras.com\\\/site\\\/corra-que-ainda-da-tempo-de-vacinar-neste-ano\\\/#primaryimage\"},\"image\":{\"@id\":\"https:\\\/\\\/www.notibras.com\\\/site\\\/corra-que-ainda-da-tempo-de-vacinar-neste-ano\\\/#primaryimage\"},\"thumbnailUrl\":\"https:\\\/\\\/www.notibras.com\\\/site\\\/wp-content\\\/uploads\\\/2025\\\/12\\\/Vacinacao-no-DF.-Foto-Sandro-Araujo-Agencia-Saude-DF.jpg\",\"datePublished\":\"2025-12-27T04:00:16+00:00\",\"breadcrumb\":{\"@id\":\"https:\\\/\\\/www.notibras.com\\\/site\\\/corra-que-ainda-da-tempo-de-vacinar-neste-ano\\\/#breadcrumb\"},\"inLanguage\":\"pt-BR\",\"potentialAction\":[{\"@type\":\"ReadAction\",\"target\":[\"https:\\\/\\\/www.notibras.com\\\/site\\\/corra-que-ainda-da-tempo-de-vacinar-neste-ano\\\/\"]}]},{\"@type\":\"ImageObject\",\"inLanguage\":\"pt-BR\",\"@id\":\"https:\\\/\\\/www.notibras.com\\\/site\\\/corra-que-ainda-da-tempo-de-vacinar-neste-ano\\\/#primaryimage\",\"url\":\"https:\\\/\\\/www.notibras.com\\\/site\\\/wp-content\\\/uploads\\\/2025\\\/12\\\/Vacinacao-no-DF.-Foto-Sandro-Araujo-Agencia-Saude-DF.jpg\",\"contentUrl\":\"https:\\\/\\\/www.notibras.com\\\/site\\\/wp-content\\\/uploads\\\/2025\\\/12\\\/Vacinacao-no-DF.-Foto-Sandro-Araujo-Agencia-Saude-DF.jpg\",\"width\":1920,\"height\":1280},{\"@type\":\"BreadcrumbList\",\"@id\":\"https:\\\/\\\/www.notibras.com\\\/site\\\/corra-que-ainda-da-tempo-de-vacinar-neste-ano\\\/#breadcrumb\",\"itemListElement\":[{\"@type\":\"ListItem\",\"position\":1,\"name\":\"In\u00edcio\",\"item\":\"https:\\\/\\\/www.notibras.com\\\/site\\\/\"},{\"@type\":\"ListItem\",\"position\":2,\"name\":\"Corra que ainda d\u00e1 tempo de vacinar neste ano\"}]},{\"@type\":\"WebSite\",\"@id\":\"https:\\\/\\\/www.notibras.com\\\/site\\\/#website\",\"url\":\"https:\\\/\\\/www.notibras.com\\\/site\\\/\",\"name\":\"Notibras\",\"description\":\"Not\u00edcias de Bras\u00edlia, do Brasil e do Mundo\",\"publisher\":{\"@id\":\"https:\\\/\\\/www.notibras.com\\\/site\\\/#organization\"},\"potentialAction\":[{\"@type\":\"SearchAction\",\"target\":{\"@type\":\"EntryPoint\",\"urlTemplate\":\"https:\\\/\\\/www.notibras.com\\\/site\\\/?s={search_term_string}\"},\"query-input\":{\"@type\":\"PropertyValueSpecification\",\"valueRequired\":true,\"valueName\":\"search_term_string\"}}],\"inLanguage\":\"pt-BR\"},{\"@type\":\"Organization\",\"@id\":\"https:\\\/\\\/www.notibras.com\\\/site\\\/#organization\",\"name\":\"Grupo Notibras de Comunica\u00e7\u00e3o\",\"url\":\"https:\\\/\\\/www.notibras.com\\\/site\\\/\",\"logo\":{\"@type\":\"ImageObject\",\"inLanguage\":\"pt-BR\",\"@id\":\"https:\\\/\\\/www.notibras.com\\\/site\\\/#\\\/schema\\\/logo\\\/image\\\/\",\"url\":\"https:\\\/\\\/www.notibras.com\\\/site\\\/wp-content\\\/uploads\\\/2023\\\/01\\\/notibras23.png\",\"contentUrl\":\"https:\\\/\\\/www.notibras.com\\\/site\\\/wp-content\\\/uploads\\\/2023\\\/01\\\/notibras23.png\",\"width\":350,\"height\":87,\"caption\":\"Grupo Notibras de Comunica\u00e7\u00e3o\"},\"image\":{\"@id\":\"https:\\\/\\\/www.notibras.com\\\/site\\\/#\\\/schema\\\/logo\\\/image\\\/\"},\"sameAs\":[\"https:\\\/\\\/www.facebook.com\\\/notibras\\\/\",\"https:\\\/\\\/x.com\\\/Notibras\",\"https:\\\/\\\/www.instagram.com\\\/notibras\\\/\"]},{\"@type\":\"Person\",\"@id\":\"https:\\\/\\\/www.notibras.com\\\/site\\\/#\\\/schema\\\/person\\\/5b7fabf2aedc3ada2105f03b22b4d3dd\",\"name\":\"Eduardo Mart\u00ednez\",\"image\":{\"@type\":\"ImageObject\",\"inLanguage\":\"pt-BR\",\"@id\":\"https:\\\/\\\/secure.gravatar.com\\\/avatar\\\/7902f906289926289cbcda644b5197c796b893c6ffd7b9a536a42d290f7704a0?s=96&d=mm&r=g\",\"url\":\"https:\\\/\\\/secure.gravatar.com\\\/avatar\\\/7902f906289926289cbcda644b5197c796b893c6ffd7b9a536a42d290f7704a0?s=96&d=mm&r=g\",\"contentUrl\":\"https:\\\/\\\/secure.gravatar.com\\\/avatar\\\/7902f906289926289cbcda644b5197c796b893c6ffd7b9a536a42d290f7704a0?s=96&d=mm&r=g\",\"caption\":\"Eduardo Mart\u00ednez\"}}]}<\/script>\n<!-- \/ Yoast SEO plugin. -->","yoast_head_json":{"title":"Corra que ainda d\u00e1 tempo de vacinar neste ano - Notibras","robots":{"index":"index","follow":"follow","max-snippet":"max-snippet:-1","max-image-preview":"max-image-preview:large","max-video-preview":"max-video-preview:-1"},"canonical":"https:\/\/www.notibras.com\/site\/corra-que-ainda-da-tempo-de-vacinar-neste-ano\/","og_locale":"pt_BR","og_type":"article","og_title":"Corra que ainda d\u00e1 tempo de vacinar neste ano - Notibras","og_description":"Quem quiser comemorar o fim do ano com a caderneta de vacina\u00e7\u00e3o em dia ter\u00e1 uma oportunidade a mais neste s\u00e1bado (27). A Secretaria de Sa\u00fade do Distrito Federal (SES-DF) ir\u00e1 disponibilizar mais de 40 locais de atendimento. A lista completa est\u00e1 dispon\u00edvel no site da pasta. Haver\u00e1 imunizantes para serem aplicadas em pessoas de [&hellip;]","og_url":"https:\/\/www.notibras.com\/site\/corra-que-ainda-da-tempo-de-vacinar-neste-ano\/","og_site_name":"Notibras","article_publisher":"https:\/\/www.facebook.com\/notibras\/","article_published_time":"2025-12-27T04:00:16+00:00","og_image":[{"width":1920,"height":1280,"url":"https:\/\/www.notibras.com\/site\/wp-content\/uploads\/2025\/12\/Vacinacao-no-DF.-Foto-Sandro-Araujo-Agencia-Saude-DF.jpg","type":"image\/jpeg"}],"author":"Eduardo Mart\u00ednez","twitter_card":"summary_large_image","twitter_creator":"@Notibras","twitter_site":"@Notibras","twitter_misc":{"Escrito por":"Eduardo Mart\u00ednez","Est. tempo de leitura":"2 minutos"},"schema":{"@context":"https:\/\/schema.org","@graph":[{"@type":"Article","@id":"https:\/\/www.notibras.com\/site\/corra-que-ainda-da-tempo-de-vacinar-neste-ano\/#article","isPartOf":{"@id":"https:\/\/www.notibras.com\/site\/corra-que-ainda-da-tempo-de-vacinar-neste-ano\/"},"author":{"name":"Eduardo Mart\u00ednez","@id":"https:\/\/www.notibras.com\/site\/#\/schema\/person\/5b7fabf2aedc3ada2105f03b22b4d3dd"},"headline":"Corra que ainda d\u00e1 tempo de vacinar neste ano","datePublished":"2025-12-27T04:00:16+00:00","mainEntityOfPage":{"@id":"https:\/\/www.notibras.com\/site\/corra-que-ainda-da-tempo-de-vacinar-neste-ano\/"},"wordCount":210,"publisher":{"@id":"https:\/\/www.notibras.com\/site\/#organization"},"image":{"@id":"https:\/\/www.notibras.com\/site\/corra-que-ainda-da-tempo-de-vacinar-neste-ano\/#primaryimage"},"thumbnailUrl":"https:\/\/www.notibras.com\/site\/wp-content\/uploads\/2025\/12\/Vacinacao-no-DF.-Foto-Sandro-Araujo-Agencia-Saude-DF.jpg","articleSection":["Quadradinho em Foco"],"inLanguage":"pt-BR"},{"@type":"WebPage","@id":"https:\/\/www.notibras.com\/site\/corra-que-ainda-da-tempo-de-vacinar-neste-ano\/","url":"https:\/\/www.notibras.com\/site\/corra-que-ainda-da-tempo-de-vacinar-neste-ano\/","name":"Corra que ainda d\u00e1 tempo de vacinar neste ano - Notibras","isPartOf":{"@id":"https:\/\/www.notibras.com\/site\/#website"},"primaryImageOfPage":{"@id":"https:\/\/www.notibras.com\/site\/corra-que-ainda-da-tempo-de-vacinar-neste-ano\/#primaryimage"},"image":{"@id":"https:\/\/www.notibras.com\/site\/corra-que-ainda-da-tempo-de-vacinar-neste-ano\/#primaryimage"},"thumbnailUrl":"https:\/\/www.notibras.com\/site\/wp-content\/uploads\/2025\/12\/Vacinacao-no-DF.-Foto-Sandro-Araujo-Agencia-Saude-DF.jpg","datePublished":"2025-12-27T04:00:16+00:00","breadcrumb":{"@id":"https:\/\/www.notibras.com\/site\/corra-que-ainda-da-tempo-de-vacinar-neste-ano\/#breadcrumb"},"inLanguage":"pt-BR","potentialAction":[{"@type":"ReadAction","target":["https:\/\/www.notibras.com\/site\/corra-que-ainda-da-tempo-de-vacinar-neste-ano\/"]}]},{"@type":"ImageObject","inLanguage":"pt-BR","@id":"https:\/\/www.notibras.com\/site\/corra-que-ainda-da-tempo-de-vacinar-neste-ano\/#primaryimage","url":"https:\/\/www.notibras.com\/site\/wp-content\/uploads\/2025\/12\/Vacinacao-no-DF.-Foto-Sandro-Araujo-Agencia-Saude-DF.jpg","contentUrl":"https:\/\/www.notibras.com\/site\/wp-content\/uploads\/2025\/12\/Vacinacao-no-DF.-Foto-Sandro-Araujo-Agencia-Saude-DF.jpg","width":1920,"height":1280},{"@type":"BreadcrumbList","@id":"https:\/\/www.notibras.com\/site\/corra-que-ainda-da-tempo-de-vacinar-neste-ano\/#breadcrumb","itemListElement":[{"@type":"ListItem","position":1,"name":"In\u00edcio","item":"https:\/\/www.notibras.com\/site\/"},{"@type":"ListItem","position":2,"name":"Corra que ainda d\u00e1 tempo de vacinar neste ano"}]},{"@type":"WebSite","@id":"https:\/\/www.notibras.com\/site\/#website","url":"https:\/\/www.notibras.com\/site\/","name":"Notibras","description":"Not\u00edcias de Bras\u00edlia, do Brasil e do Mundo","publisher":{"@id":"https:\/\/www.notibras.com\/site\/#organization"},"potentialAction":[{"@type":"SearchAction","target":{"@type":"EntryPoint","urlTemplate":"https:\/\/www.notibras.com\/site\/?s={search_term_string}"},"query-input":{"@type":"PropertyValueSpecification","valueRequired":true,"valueName":"search_term_string"}}],"inLanguage":"pt-BR"},{"@type":"Organization","@id":"https:\/\/www.notibras.com\/site\/#organization","name":"Grupo Notibras de Comunica\u00e7\u00e3o","url":"https:\/\/www.notibras.com\/site\/","logo":{"@type":"ImageObject","inLanguage":"pt-BR","@id":"https:\/\/www.notibras.com\/site\/#\/schema\/logo\/image\/","url":"https:\/\/www.notibras.com\/site\/wp-content\/uploads\/2023\/01\/notibras23.png","contentUrl":"https:\/\/www.notibras.com\/site\/wp-content\/uploads\/2023\/01\/notibras23.png","width":350,"height":87,"caption":"Grupo Notibras de Comunica\u00e7\u00e3o"},"image":{"@id":"https:\/\/www.notibras.com\/site\/#\/schema\/logo\/image\/"},"sameAs":["https:\/\/www.facebook.com\/notibras\/","https:\/\/x.com\/Notibras","https:\/\/www.instagram.com\/notibras\/"]},{"@type":"Person","@id":"https:\/\/www.notibras.com\/site\/#\/schema\/person\/5b7fabf2aedc3ada2105f03b22b4d3dd","name":"Eduardo Mart\u00ednez","image":{"@type":"ImageObject","inLanguage":"pt-BR","@id":"https:\/\/secure.gravatar.com\/avatar\/7902f906289926289cbcda644b5197c796b893c6ffd7b9a536a42d290f7704a0?s=96&d=mm&r=g","url":"https:\/\/secure.gravatar.com\/avatar\/7902f906289926289cbcda644b5197c796b893c6ffd7b9a536a42d290f7704a0?s=96&d=mm&r=g","contentUrl":"https:\/\/secure.gravatar.com\/avatar\/7902f906289926289cbcda644b5197c796b893c6ffd7b9a536a42d290f7704a0?s=96&d=mm&r=g","caption":"Eduardo Mart\u00ednez"}}]}},"amp_enabled":true,"_links":{"self":[{"href":"https:\/\/www.notibras.com\/site\/wp-json\/wp\/v2\/posts\/376507","targetHints":{"allow":["GET"]}}],"collection":[{"href":"https:\/\/www.notibras.com\/site\/wp-json\/wp\/v2\/posts"}],"about":[{"href":"https:\/\/www.notibras.com\/site\/wp-json\/wp\/v2\/types\/post"}],"author":[{"embeddable":true,"href":"https:\/\/www.notibras.com\/site\/wp-json\/wp\/v2\/users\/21"}],"replies":[{"embeddable":true,"href":"https:\/\/www.notibras.com\/site\/wp-json\/wp\/v2\/comments?post=376507"}],"version-history":[{"count":3,"href":"https:\/\/www.notibras.com\/site\/wp-json\/wp\/v2\/posts\/376507\/revisions"}],"predecessor-version":[{"id":376511,"href":"https:\/\/www.notibras.com\/site\/wp-json\/wp\/v2\/posts\/376507\/revisions\/376511"}],"wp:featuredmedia":[{"embeddable":true,"href":"https:\/\/www.notibras.com\/site\/wp-json\/wp\/v2\/media\/376509"}],"wp:attachment":[{"href":"https:\/\/www.notibras.com\/site\/wp-json\/wp\/v2\/media?parent=376507"}],"wp:term":[{"taxonomy":"category","embeddable":true,"href":"https:\/\/www.notibras.com\/site\/wp-json\/wp\/v2\/categories?post=376507"},{"taxonomy":"post_tag","embeddable":true,"href":"https:\/\/www.notibras.com\/site\/wp-json\/wp\/v2\/tags?post=376507"}],"curies":[{"name":"wp","href":"https:\/\/api.w.org\/{rel}","templated":true}]}}