{"id":376528,"date":"2025-12-27T02:00:31","date_gmt":"2025-12-27T05:00:31","guid":{"rendered":"https:\/\/www.notibras.com\/site\/?p=376528"},"modified":"2025-12-26T22:48:19","modified_gmt":"2025-12-27T01:48:19","slug":"pre-candidatos-ao-governo-do-df-precisam-se-aproximar-do-povo","status":"publish","type":"post","link":"https:\/\/www.notibras.com\/site\/pre-candidatos-ao-governo-do-df-precisam-se-aproximar-do-povo\/","title":{"rendered":"Pr\u00e9-candidatos ao governo do DF precisam se aproximar do povo"},"content":{"rendered":"<p>Tenho acompanhado o debate sobre a sucess\u00e3o no governo do Distrito Federal e confesso que, at\u00e9 aqui, os pr\u00e9-candidatos me parecem distantes do povo. H\u00e1 muitos nomes circulando, muita movimenta\u00e7\u00e3o de bastidores, mas pouca escuta real das demandas concretas de quem vive o DF no dia a dia.<\/p>\n<p>Vejo Paula Belmonte, que saiu do Cidadania e agora est\u00e1 no PSDB, partido que ainda carrega o peso hist\u00f3rico de figuras como A\u00e9cio Neves. Vejo Celina Le\u00e3o, apresentada como a sucessora natural que Ibaneis Rocha quer eleger. Vejo Ricardo Cappelli, que ganhou proje\u00e7\u00e3o ao assumir a interven\u00e7\u00e3o na seguran\u00e7a p\u00fablica ap\u00f3s o 8 de janeiro. Vejo tamb\u00e9m Jos\u00e9 Roberto Arruda, velho conhecido do eleitorado brasiliense, agora no PSD de Kassab, mas ainda cercado de incertezas. E, do outro campo, surgem nomes como Leandro Grass ou Geraldo Magela pelo Partido dos Trabalhadores.<\/p>\n<p>Ainda h\u00e1 muita indefini\u00e7\u00e3o. E isso pesa.<\/p>\n<p>Enquanto os arranjos pol\u00edticos seguem em aberto, a popula\u00e7\u00e3o de Bras\u00edlia quer respostas. Quer a amplia\u00e7\u00e3o do metr\u00f4 e, sim, inclusive para a Asa Norte, algo que h\u00e1 d\u00e9cadas se promete e nunca se concretiza. Quer melhoria real na seguran\u00e7a p\u00fablica. \u00c9 inaceit\u00e1vel que, no Distrito Federal, praticamente n\u00e3o exista policiamento ostensivo como se v\u00ea em tantas outras cidades do pa\u00eds. N\u00e3o vemos a Pol\u00edcia Militar caminhando pelas quadras, dialogando com a comunidade, prevenindo crimes. Falta contingente, falta estrat\u00e9gia, falta presen\u00e7a do Estado.<\/p>\n<p>E h\u00e1 ainda uma ferida aberta que n\u00e3o pode ser normalizada: o n\u00famero crescente de feminic\u00eddios. O DF figura entre as unidades da federa\u00e7\u00e3o com altas taxas de assassinato de mulheres. \u00c9 inaceit\u00e1vel que tantas mulheres continuem morrendo enquanto pol\u00edticas p\u00fablicas efetivas ficam no papel.<\/p>\n<p>A sa\u00fade p\u00fablica, por sua vez, segue, muitas vezes, capturada por ideologias negacionistas que desprezam a ci\u00eancia, enfraquecem o SUS e agravam o sofrimento de quem depende do sistema p\u00fablico. Falta gest\u00e3o, falta prioridade, falta compromisso.<\/p>\n<p>O Distrito Federal precisa de um governador atuante, presente, que dialogue com a popula\u00e7\u00e3o e enfrente os problemas estruturais sem maquiagem. A popula\u00e7\u00e3o merece mais do que disputas partid\u00e1rias e projetos pessoais. Merece um DF melhor, com pol\u00edticas p\u00fablicas que funcionem de verdade e coloquem as pessoas, e n\u00e3o os acordos de gabinete, no centro das decis\u00f5es.<\/p>\n","protected":false},"excerpt":{"rendered":"<p>Tenho acompanhado o debate sobre a sucess\u00e3o no governo do Distrito Federal e confesso que, at\u00e9 aqui, os pr\u00e9-candidatos me parecem distantes do povo. H\u00e1 muitos nomes circulando, muita movimenta\u00e7\u00e3o de bastidores, mas pouca escuta real das demandas concretas de quem vive o DF no dia a dia. Vejo Paula Belmonte, que saiu do Cidadania [&hellip;]<\/p>\n","protected":false},"author":21,"featured_media":376529,"comment_status":"closed","ping_status":"closed","sticky":false,"template":"","format":"standard","meta":{"_acf_changed":false,"footnotes":""},"categories":[235],"tags":[],"class_list":["post-376528","post","type-post","status-publish","format-standard","has-post-thumbnail","hentry","category-dona-irene"],"acf":[],"yoast_head":"<!-- This site is optimized with the Yoast SEO plugin v27.5 - https:\/\/yoast.com\/product\/yoast-seo-wordpress\/ -->\n<title>Pr\u00e9-candidatos ao governo do DF precisam se aproximar do povo - Notibras<\/title>\n<meta name=\"robots\" content=\"index, follow, max-snippet:-1, max-image-preview:large, max-video-preview:-1\" \/>\n<link rel=\"canonical\" href=\"https:\/\/www.notibras.com\/site\/pre-candidatos-ao-governo-do-df-precisam-se-aproximar-do-povo\/\" \/>\n<meta property=\"og:locale\" content=\"pt_BR\" \/>\n<meta property=\"og:type\" content=\"article\" \/>\n<meta property=\"og:title\" content=\"Pr\u00e9-candidatos ao governo do DF precisam se aproximar do povo - Notibras\" \/>\n<meta property=\"og:description\" content=\"Tenho acompanhado o debate sobre a sucess\u00e3o no governo do Distrito Federal e confesso que, at\u00e9 aqui, os pr\u00e9-candidatos me parecem distantes do povo. H\u00e1 muitos nomes circulando, muita movimenta\u00e7\u00e3o de bastidores, mas pouca escuta real das demandas concretas de quem vive o DF no dia a dia. Vejo Paula Belmonte, que saiu do Cidadania [&hellip;]\" \/>\n<meta property=\"og:url\" content=\"https:\/\/www.notibras.com\/site\/pre-candidatos-ao-governo-do-df-precisam-se-aproximar-do-povo\/\" \/>\n<meta property=\"og:site_name\" content=\"Notibras\" \/>\n<meta property=\"article:publisher\" content=\"https:\/\/www.facebook.com\/notibras\/\" \/>\n<meta property=\"article:published_time\" content=\"2025-12-27T05:00:31+00:00\" \/>\n<meta property=\"og:image\" content=\"https:\/\/www.notibras.com\/site\/wp-content\/uploads\/2025\/12\/1_whatsapp_image_2025_11_03_at_19_11_09-499478.jpeg\" \/>\n\t<meta property=\"og:image:width\" content=\"600\" \/>\n\t<meta property=\"og:image:height\" content=\"378\" \/>\n\t<meta property=\"og:image:type\" content=\"image\/jpeg\" \/>\n<meta name=\"author\" content=\"Eduardo Mart\u00ednez\" \/>\n<meta name=\"twitter:card\" content=\"summary_large_image\" \/>\n<meta name=\"twitter:creator\" content=\"@Notibras\" \/>\n<meta name=\"twitter:site\" content=\"@Notibras\" \/>\n<meta name=\"twitter:label1\" content=\"Escrito por\" \/>\n\t<meta name=\"twitter:data1\" content=\"Eduardo Mart\u00ednez\" \/>\n\t<meta name=\"twitter:label2\" content=\"Est. tempo de leitura\" \/>\n\t<meta name=\"twitter:data2\" content=\"3 minutos\" \/>\n<script type=\"application\/ld+json\" class=\"yoast-schema-graph\">{\"@context\":\"https:\\\/\\\/schema.org\",\"@graph\":[{\"@type\":\"Article\",\"@id\":\"https:\\\/\\\/www.notibras.com\\\/site\\\/pre-candidatos-ao-governo-do-df-precisam-se-aproximar-do-povo\\\/#article\",\"isPartOf\":{\"@id\":\"https:\\\/\\\/www.notibras.com\\\/site\\\/pre-candidatos-ao-governo-do-df-precisam-se-aproximar-do-povo\\\/\"},\"author\":{\"name\":\"Eduardo Mart\u00ednez\",\"@id\":\"https:\\\/\\\/www.notibras.com\\\/site\\\/#\\\/schema\\\/person\\\/5b7fabf2aedc3ada2105f03b22b4d3dd\"},\"headline\":\"Pr\u00e9-candidatos ao governo do DF precisam se aproximar do povo\",\"datePublished\":\"2025-12-27T05:00:31+00:00\",\"mainEntityOfPage\":{\"@id\":\"https:\\\/\\\/www.notibras.com\\\/site\\\/pre-candidatos-ao-governo-do-df-precisam-se-aproximar-do-povo\\\/\"},\"wordCount\":421,\"publisher\":{\"@id\":\"https:\\\/\\\/www.notibras.com\\\/site\\\/#organization\"},\"image\":{\"@id\":\"https:\\\/\\\/www.notibras.com\\\/site\\\/pre-candidatos-ao-governo-do-df-precisam-se-aproximar-do-povo\\\/#primaryimage\"},\"thumbnailUrl\":\"https:\\\/\\\/www.notibras.com\\\/site\\\/wp-content\\\/uploads\\\/2025\\\/12\\\/1_whatsapp_image_2025_11_03_at_19_11_09-499478.jpeg\",\"articleSection\":[\"Dona Irene\"],\"inLanguage\":\"pt-BR\"},{\"@type\":\"WebPage\",\"@id\":\"https:\\\/\\\/www.notibras.com\\\/site\\\/pre-candidatos-ao-governo-do-df-precisam-se-aproximar-do-povo\\\/\",\"url\":\"https:\\\/\\\/www.notibras.com\\\/site\\\/pre-candidatos-ao-governo-do-df-precisam-se-aproximar-do-povo\\\/\",\"name\":\"Pr\u00e9-candidatos ao governo do DF precisam se aproximar do povo - Notibras\",\"isPartOf\":{\"@id\":\"https:\\\/\\\/www.notibras.com\\\/site\\\/#website\"},\"primaryImageOfPage\":{\"@id\":\"https:\\\/\\\/www.notibras.com\\\/site\\\/pre-candidatos-ao-governo-do-df-precisam-se-aproximar-do-povo\\\/#primaryimage\"},\"image\":{\"@id\":\"https:\\\/\\\/www.notibras.com\\\/site\\\/pre-candidatos-ao-governo-do-df-precisam-se-aproximar-do-povo\\\/#primaryimage\"},\"thumbnailUrl\":\"https:\\\/\\\/www.notibras.com\\\/site\\\/wp-content\\\/uploads\\\/2025\\\/12\\\/1_whatsapp_image_2025_11_03_at_19_11_09-499478.jpeg\",\"datePublished\":\"2025-12-27T05:00:31+00:00\",\"breadcrumb\":{\"@id\":\"https:\\\/\\\/www.notibras.com\\\/site\\\/pre-candidatos-ao-governo-do-df-precisam-se-aproximar-do-povo\\\/#breadcrumb\"},\"inLanguage\":\"pt-BR\",\"potentialAction\":[{\"@type\":\"ReadAction\",\"target\":[\"https:\\\/\\\/www.notibras.com\\\/site\\\/pre-candidatos-ao-governo-do-df-precisam-se-aproximar-do-povo\\\/\"]}]},{\"@type\":\"ImageObject\",\"inLanguage\":\"pt-BR\",\"@id\":\"https:\\\/\\\/www.notibras.com\\\/site\\\/pre-candidatos-ao-governo-do-df-precisam-se-aproximar-do-povo\\\/#primaryimage\",\"url\":\"https:\\\/\\\/www.notibras.com\\\/site\\\/wp-content\\\/uploads\\\/2025\\\/12\\\/1_whatsapp_image_2025_11_03_at_19_11_09-499478.jpeg\",\"contentUrl\":\"https:\\\/\\\/www.notibras.com\\\/site\\\/wp-content\\\/uploads\\\/2025\\\/12\\\/1_whatsapp_image_2025_11_03_at_19_11_09-499478.jpeg\",\"width\":600,\"height\":378},{\"@type\":\"BreadcrumbList\",\"@id\":\"https:\\\/\\\/www.notibras.com\\\/site\\\/pre-candidatos-ao-governo-do-df-precisam-se-aproximar-do-povo\\\/#breadcrumb\",\"itemListElement\":[{\"@type\":\"ListItem\",\"position\":1,\"name\":\"In\u00edcio\",\"item\":\"https:\\\/\\\/www.notibras.com\\\/site\\\/\"},{\"@type\":\"ListItem\",\"position\":2,\"name\":\"Pr\u00e9-candidatos ao governo do DF precisam se aproximar do povo\"}]},{\"@type\":\"WebSite\",\"@id\":\"https:\\\/\\\/www.notibras.com\\\/site\\\/#website\",\"url\":\"https:\\\/\\\/www.notibras.com\\\/site\\\/\",\"name\":\"Notibras\",\"description\":\"Not\u00edcias de Bras\u00edlia, do Brasil e do Mundo\",\"publisher\":{\"@id\":\"https:\\\/\\\/www.notibras.com\\\/site\\\/#organization\"},\"potentialAction\":[{\"@type\":\"SearchAction\",\"target\":{\"@type\":\"EntryPoint\",\"urlTemplate\":\"https:\\\/\\\/www.notibras.com\\\/site\\\/?s={search_term_string}\"},\"query-input\":{\"@type\":\"PropertyValueSpecification\",\"valueRequired\":true,\"valueName\":\"search_term_string\"}}],\"inLanguage\":\"pt-BR\"},{\"@type\":\"Organization\",\"@id\":\"https:\\\/\\\/www.notibras.com\\\/site\\\/#organization\",\"name\":\"Grupo Notibras de Comunica\u00e7\u00e3o\",\"url\":\"https:\\\/\\\/www.notibras.com\\\/site\\\/\",\"logo\":{\"@type\":\"ImageObject\",\"inLanguage\":\"pt-BR\",\"@id\":\"https:\\\/\\\/www.notibras.com\\\/site\\\/#\\\/schema\\\/logo\\\/image\\\/\",\"url\":\"https:\\\/\\\/www.notibras.com\\\/site\\\/wp-content\\\/uploads\\\/2023\\\/01\\\/notibras23.png\",\"contentUrl\":\"https:\\\/\\\/www.notibras.com\\\/site\\\/wp-content\\\/uploads\\\/2023\\\/01\\\/notibras23.png\",\"width\":350,\"height\":87,\"caption\":\"Grupo Notibras de Comunica\u00e7\u00e3o\"},\"image\":{\"@id\":\"https:\\\/\\\/www.notibras.com\\\/site\\\/#\\\/schema\\\/logo\\\/image\\\/\"},\"sameAs\":[\"https:\\\/\\\/www.facebook.com\\\/notibras\\\/\",\"https:\\\/\\\/x.com\\\/Notibras\",\"https:\\\/\\\/www.instagram.com\\\/notibras\\\/\"]},{\"@type\":\"Person\",\"@id\":\"https:\\\/\\\/www.notibras.com\\\/site\\\/#\\\/schema\\\/person\\\/5b7fabf2aedc3ada2105f03b22b4d3dd\",\"name\":\"Eduardo Mart\u00ednez\",\"image\":{\"@type\":\"ImageObject\",\"inLanguage\":\"pt-BR\",\"@id\":\"https:\\\/\\\/secure.gravatar.com\\\/avatar\\\/7902f906289926289cbcda644b5197c796b893c6ffd7b9a536a42d290f7704a0?s=96&d=mm&r=g\",\"url\":\"https:\\\/\\\/secure.gravatar.com\\\/avatar\\\/7902f906289926289cbcda644b5197c796b893c6ffd7b9a536a42d290f7704a0?s=96&d=mm&r=g\",\"contentUrl\":\"https:\\\/\\\/secure.gravatar.com\\\/avatar\\\/7902f906289926289cbcda644b5197c796b893c6ffd7b9a536a42d290f7704a0?s=96&d=mm&r=g\",\"caption\":\"Eduardo Mart\u00ednez\"}}]}<\/script>\n<!-- \/ Yoast SEO plugin. -->","yoast_head_json":{"title":"Pr\u00e9-candidatos ao governo do DF precisam se aproximar do povo - Notibras","robots":{"index":"index","follow":"follow","max-snippet":"max-snippet:-1","max-image-preview":"max-image-preview:large","max-video-preview":"max-video-preview:-1"},"canonical":"https:\/\/www.notibras.com\/site\/pre-candidatos-ao-governo-do-df-precisam-se-aproximar-do-povo\/","og_locale":"pt_BR","og_type":"article","og_title":"Pr\u00e9-candidatos ao governo do DF precisam se aproximar do povo - Notibras","og_description":"Tenho acompanhado o debate sobre a sucess\u00e3o no governo do Distrito Federal e confesso que, at\u00e9 aqui, os pr\u00e9-candidatos me parecem distantes do povo. H\u00e1 muitos nomes circulando, muita movimenta\u00e7\u00e3o de bastidores, mas pouca escuta real das demandas concretas de quem vive o DF no dia a dia. Vejo Paula Belmonte, que saiu do Cidadania [&hellip;]","og_url":"https:\/\/www.notibras.com\/site\/pre-candidatos-ao-governo-do-df-precisam-se-aproximar-do-povo\/","og_site_name":"Notibras","article_publisher":"https:\/\/www.facebook.com\/notibras\/","article_published_time":"2025-12-27T05:00:31+00:00","og_image":[{"width":600,"height":378,"url":"https:\/\/www.notibras.com\/site\/wp-content\/uploads\/2025\/12\/1_whatsapp_image_2025_11_03_at_19_11_09-499478.jpeg","type":"image\/jpeg"}],"author":"Eduardo Mart\u00ednez","twitter_card":"summary_large_image","twitter_creator":"@Notibras","twitter_site":"@Notibras","twitter_misc":{"Escrito por":"Eduardo Mart\u00ednez","Est. tempo de leitura":"3 minutos"},"schema":{"@context":"https:\/\/schema.org","@graph":[{"@type":"Article","@id":"https:\/\/www.notibras.com\/site\/pre-candidatos-ao-governo-do-df-precisam-se-aproximar-do-povo\/#article","isPartOf":{"@id":"https:\/\/www.notibras.com\/site\/pre-candidatos-ao-governo-do-df-precisam-se-aproximar-do-povo\/"},"author":{"name":"Eduardo Mart\u00ednez","@id":"https:\/\/www.notibras.com\/site\/#\/schema\/person\/5b7fabf2aedc3ada2105f03b22b4d3dd"},"headline":"Pr\u00e9-candidatos ao governo do DF precisam se aproximar do povo","datePublished":"2025-12-27T05:00:31+00:00","mainEntityOfPage":{"@id":"https:\/\/www.notibras.com\/site\/pre-candidatos-ao-governo-do-df-precisam-se-aproximar-do-povo\/"},"wordCount":421,"publisher":{"@id":"https:\/\/www.notibras.com\/site\/#organization"},"image":{"@id":"https:\/\/www.notibras.com\/site\/pre-candidatos-ao-governo-do-df-precisam-se-aproximar-do-povo\/#primaryimage"},"thumbnailUrl":"https:\/\/www.notibras.com\/site\/wp-content\/uploads\/2025\/12\/1_whatsapp_image_2025_11_03_at_19_11_09-499478.jpeg","articleSection":["Dona Irene"],"inLanguage":"pt-BR"},{"@type":"WebPage","@id":"https:\/\/www.notibras.com\/site\/pre-candidatos-ao-governo-do-df-precisam-se-aproximar-do-povo\/","url":"https:\/\/www.notibras.com\/site\/pre-candidatos-ao-governo-do-df-precisam-se-aproximar-do-povo\/","name":"Pr\u00e9-candidatos ao governo do DF precisam se aproximar do povo - Notibras","isPartOf":{"@id":"https:\/\/www.notibras.com\/site\/#website"},"primaryImageOfPage":{"@id":"https:\/\/www.notibras.com\/site\/pre-candidatos-ao-governo-do-df-precisam-se-aproximar-do-povo\/#primaryimage"},"image":{"@id":"https:\/\/www.notibras.com\/site\/pre-candidatos-ao-governo-do-df-precisam-se-aproximar-do-povo\/#primaryimage"},"thumbnailUrl":"https:\/\/www.notibras.com\/site\/wp-content\/uploads\/2025\/12\/1_whatsapp_image_2025_11_03_at_19_11_09-499478.jpeg","datePublished":"2025-12-27T05:00:31+00:00","breadcrumb":{"@id":"https:\/\/www.notibras.com\/site\/pre-candidatos-ao-governo-do-df-precisam-se-aproximar-do-povo\/#breadcrumb"},"inLanguage":"pt-BR","potentialAction":[{"@type":"ReadAction","target":["https:\/\/www.notibras.com\/site\/pre-candidatos-ao-governo-do-df-precisam-se-aproximar-do-povo\/"]}]},{"@type":"ImageObject","inLanguage":"pt-BR","@id":"https:\/\/www.notibras.com\/site\/pre-candidatos-ao-governo-do-df-precisam-se-aproximar-do-povo\/#primaryimage","url":"https:\/\/www.notibras.com\/site\/wp-content\/uploads\/2025\/12\/1_whatsapp_image_2025_11_03_at_19_11_09-499478.jpeg","contentUrl":"https:\/\/www.notibras.com\/site\/wp-content\/uploads\/2025\/12\/1_whatsapp_image_2025_11_03_at_19_11_09-499478.jpeg","width":600,"height":378},{"@type":"BreadcrumbList","@id":"https:\/\/www.notibras.com\/site\/pre-candidatos-ao-governo-do-df-precisam-se-aproximar-do-povo\/#breadcrumb","itemListElement":[{"@type":"ListItem","position":1,"name":"In\u00edcio","item":"https:\/\/www.notibras.com\/site\/"},{"@type":"ListItem","position":2,"name":"Pr\u00e9-candidatos ao governo do DF precisam se aproximar do povo"}]},{"@type":"WebSite","@id":"https:\/\/www.notibras.com\/site\/#website","url":"https:\/\/www.notibras.com\/site\/","name":"Notibras","description":"Not\u00edcias de Bras\u00edlia, do Brasil e do Mundo","publisher":{"@id":"https:\/\/www.notibras.com\/site\/#organization"},"potentialAction":[{"@type":"SearchAction","target":{"@type":"EntryPoint","urlTemplate":"https:\/\/www.notibras.com\/site\/?s={search_term_string}"},"query-input":{"@type":"PropertyValueSpecification","valueRequired":true,"valueName":"search_term_string"}}],"inLanguage":"pt-BR"},{"@type":"Organization","@id":"https:\/\/www.notibras.com\/site\/#organization","name":"Grupo Notibras de Comunica\u00e7\u00e3o","url":"https:\/\/www.notibras.com\/site\/","logo":{"@type":"ImageObject","inLanguage":"pt-BR","@id":"https:\/\/www.notibras.com\/site\/#\/schema\/logo\/image\/","url":"https:\/\/www.notibras.com\/site\/wp-content\/uploads\/2023\/01\/notibras23.png","contentUrl":"https:\/\/www.notibras.com\/site\/wp-content\/uploads\/2023\/01\/notibras23.png","width":350,"height":87,"caption":"Grupo Notibras de Comunica\u00e7\u00e3o"},"image":{"@id":"https:\/\/www.notibras.com\/site\/#\/schema\/logo\/image\/"},"sameAs":["https:\/\/www.facebook.com\/notibras\/","https:\/\/x.com\/Notibras","https:\/\/www.instagram.com\/notibras\/"]},{"@type":"Person","@id":"https:\/\/www.notibras.com\/site\/#\/schema\/person\/5b7fabf2aedc3ada2105f03b22b4d3dd","name":"Eduardo Mart\u00ednez","image":{"@type":"ImageObject","inLanguage":"pt-BR","@id":"https:\/\/secure.gravatar.com\/avatar\/7902f906289926289cbcda644b5197c796b893c6ffd7b9a536a42d290f7704a0?s=96&d=mm&r=g","url":"https:\/\/secure.gravatar.com\/avatar\/7902f906289926289cbcda644b5197c796b893c6ffd7b9a536a42d290f7704a0?s=96&d=mm&r=g","contentUrl":"https:\/\/secure.gravatar.com\/avatar\/7902f906289926289cbcda644b5197c796b893c6ffd7b9a536a42d290f7704a0?s=96&d=mm&r=g","caption":"Eduardo Mart\u00ednez"}}]}},"amp_enabled":true,"_links":{"self":[{"href":"https:\/\/www.notibras.com\/site\/wp-json\/wp\/v2\/posts\/376528","targetHints":{"allow":["GET"]}}],"collection":[{"href":"https:\/\/www.notibras.com\/site\/wp-json\/wp\/v2\/posts"}],"about":[{"href":"https:\/\/www.notibras.com\/site\/wp-json\/wp\/v2\/types\/post"}],"author":[{"embeddable":true,"href":"https:\/\/www.notibras.com\/site\/wp-json\/wp\/v2\/users\/21"}],"replies":[{"embeddable":true,"href":"https:\/\/www.notibras.com\/site\/wp-json\/wp\/v2\/comments?post=376528"}],"version-history":[{"count":4,"href":"https:\/\/www.notibras.com\/site\/wp-json\/wp\/v2\/posts\/376528\/revisions"}],"predecessor-version":[{"id":376534,"href":"https:\/\/www.notibras.com\/site\/wp-json\/wp\/v2\/posts\/376528\/revisions\/376534"}],"wp:featuredmedia":[{"embeddable":true,"href":"https:\/\/www.notibras.com\/site\/wp-json\/wp\/v2\/media\/376529"}],"wp:attachment":[{"href":"https:\/\/www.notibras.com\/site\/wp-json\/wp\/v2\/media?parent=376528"}],"wp:term":[{"taxonomy":"category","embeddable":true,"href":"https:\/\/www.notibras.com\/site\/wp-json\/wp\/v2\/categories?post=376528"},{"taxonomy":"post_tag","embeddable":true,"href":"https:\/\/www.notibras.com\/site\/wp-json\/wp\/v2\/tags?post=376528"}],"curies":[{"name":"wp","href":"https:\/\/api.w.org\/{rel}","templated":true}]}}