{"id":376535,"date":"2025-12-28T01:00:42","date_gmt":"2025-12-28T04:00:42","guid":{"rendered":"https:\/\/www.notibras.com\/site\/?p=376535"},"modified":"2025-12-26T23:34:33","modified_gmt":"2025-12-27T02:34:33","slug":"a-cidade-que-reza-em-sete-linguas","status":"publish","type":"post","link":"https:\/\/www.notibras.com\/site\/a-cidade-que-reza-em-sete-linguas\/","title":{"rendered":"A cidade que reza em sete l\u00ednguas"},"content":{"rendered":"<p>L\u00e1 onde estive, a manh\u00e3 n\u00e3o come\u00e7a com um sino s\u00f3. Come\u00e7a com sete sinos, um tambor, um chamado \u00e1rabe que escorre do minareto, um ponto de candombl\u00e9 que vem do terreiro no fim da ladeira, e at\u00e9 o sil\u00eancio profundo dos budistas que, \u00e0s cinco e meia, j\u00e1 est\u00e3o sentados olhando a parede como quem olha o mar.<\/p>\n<p>Deus, parece, resolveu morar num apartamento coletivo e n\u00e3o escolheu andar.<\/p>\n<p>\u00c0s sextas, o muezim canta e a voz dele desce pelo morro como \u00e1gua. As janelas se abrem, as av\u00f3s mu\u00e7ulmanas estendem tapetes na laje, os meninos jogam bola descal\u00e7os sem se importar com a hora sagrada. Na mesma rua, duas quadras abaixo, o pastor evang\u00e9lico j\u00e1 ligou o retorno e a bateria come\u00e7a a ensaiar para o culto da noite. Ningu\u00e9m reclama do barulho. Aqui o barulho \u00e9 respeito: cada um faz o seu, e o outro escuta como quem escuta m\u00fasica estrangeira que, no fundo, fala do mesmo amor.<\/p>\n<p>No s\u00e1bado, o cheiro de incenso toma conta do bairro. \u00c9 o seu Z\u00e9 Maria acendendo defumador na porta do centro esp\u00edrita, pedindo licen\u00e7a aos guias para varrer a cal\u00e7ada. No mesmo hor\u00e1rio, os judeus ortodoxos descem a p\u00e9 para a sinagoga, de kip\u00e1 e tzitzit balan\u00e7ando, cumprimentam o Seu Z\u00e9 com um &#8220;Shabat shalom&#8221; e ele responde &#8220;Ax\u00e9, meu irm\u00e3o&#8221;. Ningu\u00e9m acha estranho. Estranho seria se n\u00e3o se cumprimentassem.<\/p>\n<p>Domingo ent\u00e3o \u00e9 carnaval de almas. A igreja cat\u00f3lica toca sino \u00e0s seis, sete, oito, nove. Os evang\u00e9licos t\u00eam culto \u00e0s dez, \u00e0s dezoito, \u00e0s vinte. O terreiro de umbanda gira ao meio-dia e \u00e0 meia-noite. Os ateus tomam caf\u00e9 na padaria e leem jornal sem ningu\u00e9m os olhar torto. Uma mo\u00e7a de dreads passa com camiseta do Che Guevara e ter\u00e7o no pesco\u00e7o. Um rapaz de barba longa e camiseta do Iron Maiden carrega uma b\u00edblia debaixo do bra\u00e7o. Ningu\u00e9m pede coer\u00eancia. Aqui a f\u00e9 \u00e9 roupa que a gente veste do jeito que cabe no corpo.<\/p>\n<p>Teve um dia que a luz acabou no bairro inteiro. Era noite de sexta. O muezim n\u00e3o tinha microfone, o pastor n\u00e3o tinha retorno, o padre n\u00e3o tinha \u00f3rg\u00e3o, o pai de santo n\u00e3o tinha som. De repente, todas as religi\u00f5es ficaram mudas ao mesmo tempo. Ent\u00e3o aconteceu o impens\u00e1vel: as pessoas sa\u00edram de casa, acenderam velas, sentaram nas cal\u00e7adas e come\u00e7aram a rezar juntas, cada uma no seu idioma, na sua melodia. Um salmo, um surata, um ponto cantado, uma ave-maria. Tudo ao mesmo tempo. Parecia briga. Era harmonia.<\/p>\n<p>Quando a luz voltou, duas horas depois, ningu\u00e9m queria entrar em casa. Ficaram ali, conversando, dividindo caf\u00e9, bolo de fub\u00e1, t\u00e2maras, p\u00e3o de queijo. Uma senhora evang\u00e9lica perguntou \u00e0 ialorix\u00e1 como se fazia aquele eb\u00f3 de pipoca. A ialorix\u00e1 perguntou \u00e0 freira como era a novena de S\u00e3o Jorge. O rabino ensinou um menino mu\u00e7ulmano a fazer p\u00e3o tran\u00e7ado. Ningu\u00e9m converteu ningu\u00e9m. S\u00f3 trocaram receitas de Deus.<\/p>\n<p>No dia seguinte, cada um voltou para o seu canto. Mas alguma coisa ficou diferente. O muezim passou a cantar um pouquinho mais baixo. O pastor trocou o &#8220;aleluia&#8221; gritado por um &#8220;am\u00e9m&#8221; mais manso. O sino da igreja cat\u00f3lica pareceu tocar mais devagar. At\u00e9 o tambor do terreiro ganhou um compasso mais acolhedor.<\/p>\n<p>Aqui a gente aprendeu na marra que ningu\u00e9m precisa abrir m\u00e3o da sua f\u00e9 para dar espa\u00e7o \u00e0 f\u00e9 do outro. Basta abrir a janela.<\/p>\n<p>Porque, no fim das contas, toda prece sobe para o mesmo c\u00e9u. E o c\u00e9u, esse sim, \u00e9 especialista em diversidade, sabe traduzir tudo.<\/p>\n<p>At\u00e9 o sil\u00eancio de quem n\u00e3o acredita ele escuta como ora\u00e7\u00e3o.<\/p>\n","protected":false},"excerpt":{"rendered":"<p>L\u00e1 onde estive, a manh\u00e3 n\u00e3o come\u00e7a com um sino s\u00f3. Come\u00e7a com sete sinos, um tambor, um chamado \u00e1rabe que escorre do minareto, um ponto de candombl\u00e9 que vem do terreiro no fim da ladeira, e at\u00e9 o sil\u00eancio profundo dos budistas que, \u00e0s cinco e meia, j\u00e1 est\u00e3o sentados olhando a parede como [&hellip;]<\/p>\n","protected":false},"author":21,"featured_media":376536,"comment_status":"closed","ping_status":"closed","sticky":false,"template":"","format":"standard","meta":{"_acf_changed":false,"footnotes":""},"categories":[234],"tags":[],"class_list":["post-376535","post","type-post","status-publish","format-standard","has-post-thumbnail","hentry","category-cafe-literario"],"acf":[],"yoast_head":"<!-- This site is optimized with the Yoast SEO plugin v27.5 - https:\/\/yoast.com\/product\/yoast-seo-wordpress\/ -->\n<title>A cidade que reza em sete l\u00ednguas - Notibras<\/title>\n<meta name=\"robots\" content=\"index, follow, max-snippet:-1, max-image-preview:large, max-video-preview:-1\" \/>\n<link rel=\"canonical\" href=\"https:\/\/www.notibras.com\/site\/a-cidade-que-reza-em-sete-linguas\/\" \/>\n<meta property=\"og:locale\" content=\"pt_BR\" \/>\n<meta property=\"og:type\" content=\"article\" \/>\n<meta property=\"og:title\" content=\"A cidade que reza em sete l\u00ednguas - Notibras\" \/>\n<meta property=\"og:description\" content=\"L\u00e1 onde estive, a manh\u00e3 n\u00e3o come\u00e7a com um sino s\u00f3. Come\u00e7a com sete sinos, um tambor, um chamado \u00e1rabe que escorre do minareto, um ponto de candombl\u00e9 que vem do terreiro no fim da ladeira, e at\u00e9 o sil\u00eancio profundo dos budistas que, \u00e0s cinco e meia, j\u00e1 est\u00e3o sentados olhando a parede como [&hellip;]\" \/>\n<meta property=\"og:url\" content=\"https:\/\/www.notibras.com\/site\/a-cidade-que-reza-em-sete-linguas\/\" \/>\n<meta property=\"og:site_name\" content=\"Notibras\" \/>\n<meta property=\"article:publisher\" content=\"https:\/\/www.facebook.com\/notibras\/\" \/>\n<meta property=\"article:published_time\" content=\"2025-12-28T04:00:42+00:00\" \/>\n<meta property=\"og:image\" content=\"https:\/\/www.notibras.com\/site\/wp-content\/uploads\/2025\/12\/IMG_9848.jpg\" \/>\n\t<meta property=\"og:image:width\" content=\"1023\" \/>\n\t<meta property=\"og:image:height\" content=\"928\" \/>\n\t<meta property=\"og:image:type\" content=\"image\/jpeg\" \/>\n<meta name=\"author\" content=\"Eduardo Mart\u00ednez\" \/>\n<meta name=\"twitter:card\" content=\"summary_large_image\" \/>\n<meta name=\"twitter:creator\" content=\"@Notibras\" \/>\n<meta name=\"twitter:site\" content=\"@Notibras\" \/>\n<meta name=\"twitter:label1\" content=\"Escrito por\" \/>\n\t<meta name=\"twitter:data1\" content=\"Eduardo Mart\u00ednez\" \/>\n\t<meta name=\"twitter:label2\" content=\"Est. tempo de leitura\" \/>\n\t<meta name=\"twitter:data2\" content=\"4 minutos\" \/>\n<script type=\"application\/ld+json\" class=\"yoast-schema-graph\">{\"@context\":\"https:\\\/\\\/schema.org\",\"@graph\":[{\"@type\":\"Article\",\"@id\":\"https:\\\/\\\/www.notibras.com\\\/site\\\/a-cidade-que-reza-em-sete-linguas\\\/#article\",\"isPartOf\":{\"@id\":\"https:\\\/\\\/www.notibras.com\\\/site\\\/a-cidade-que-reza-em-sete-linguas\\\/\"},\"author\":{\"name\":\"Eduardo Mart\u00ednez\",\"@id\":\"https:\\\/\\\/www.notibras.com\\\/site\\\/#\\\/schema\\\/person\\\/5b7fabf2aedc3ada2105f03b22b4d3dd\"},\"headline\":\"A cidade que reza em sete l\u00ednguas\",\"datePublished\":\"2025-12-28T04:00:42+00:00\",\"mainEntityOfPage\":{\"@id\":\"https:\\\/\\\/www.notibras.com\\\/site\\\/a-cidade-que-reza-em-sete-linguas\\\/\"},\"wordCount\":664,\"publisher\":{\"@id\":\"https:\\\/\\\/www.notibras.com\\\/site\\\/#organization\"},\"image\":{\"@id\":\"https:\\\/\\\/www.notibras.com\\\/site\\\/a-cidade-que-reza-em-sete-linguas\\\/#primaryimage\"},\"thumbnailUrl\":\"https:\\\/\\\/www.notibras.com\\\/site\\\/wp-content\\\/uploads\\\/2025\\\/12\\\/IMG_9848.jpg\",\"articleSection\":[\"Caf\u00e9 Liter\u00e1rio\"],\"inLanguage\":\"pt-BR\"},{\"@type\":\"WebPage\",\"@id\":\"https:\\\/\\\/www.notibras.com\\\/site\\\/a-cidade-que-reza-em-sete-linguas\\\/\",\"url\":\"https:\\\/\\\/www.notibras.com\\\/site\\\/a-cidade-que-reza-em-sete-linguas\\\/\",\"name\":\"A cidade que reza em sete l\u00ednguas - Notibras\",\"isPartOf\":{\"@id\":\"https:\\\/\\\/www.notibras.com\\\/site\\\/#website\"},\"primaryImageOfPage\":{\"@id\":\"https:\\\/\\\/www.notibras.com\\\/site\\\/a-cidade-que-reza-em-sete-linguas\\\/#primaryimage\"},\"image\":{\"@id\":\"https:\\\/\\\/www.notibras.com\\\/site\\\/a-cidade-que-reza-em-sete-linguas\\\/#primaryimage\"},\"thumbnailUrl\":\"https:\\\/\\\/www.notibras.com\\\/site\\\/wp-content\\\/uploads\\\/2025\\\/12\\\/IMG_9848.jpg\",\"datePublished\":\"2025-12-28T04:00:42+00:00\",\"breadcrumb\":{\"@id\":\"https:\\\/\\\/www.notibras.com\\\/site\\\/a-cidade-que-reza-em-sete-linguas\\\/#breadcrumb\"},\"inLanguage\":\"pt-BR\",\"potentialAction\":[{\"@type\":\"ReadAction\",\"target\":[\"https:\\\/\\\/www.notibras.com\\\/site\\\/a-cidade-que-reza-em-sete-linguas\\\/\"]}]},{\"@type\":\"ImageObject\",\"inLanguage\":\"pt-BR\",\"@id\":\"https:\\\/\\\/www.notibras.com\\\/site\\\/a-cidade-que-reza-em-sete-linguas\\\/#primaryimage\",\"url\":\"https:\\\/\\\/www.notibras.com\\\/site\\\/wp-content\\\/uploads\\\/2025\\\/12\\\/IMG_9848.jpg\",\"contentUrl\":\"https:\\\/\\\/www.notibras.com\\\/site\\\/wp-content\\\/uploads\\\/2025\\\/12\\\/IMG_9848.jpg\",\"width\":1023,\"height\":928},{\"@type\":\"BreadcrumbList\",\"@id\":\"https:\\\/\\\/www.notibras.com\\\/site\\\/a-cidade-que-reza-em-sete-linguas\\\/#breadcrumb\",\"itemListElement\":[{\"@type\":\"ListItem\",\"position\":1,\"name\":\"In\u00edcio\",\"item\":\"https:\\\/\\\/www.notibras.com\\\/site\\\/\"},{\"@type\":\"ListItem\",\"position\":2,\"name\":\"A cidade que reza em sete l\u00ednguas\"}]},{\"@type\":\"WebSite\",\"@id\":\"https:\\\/\\\/www.notibras.com\\\/site\\\/#website\",\"url\":\"https:\\\/\\\/www.notibras.com\\\/site\\\/\",\"name\":\"Notibras\",\"description\":\"Not\u00edcias de Bras\u00edlia, do Brasil e do Mundo\",\"publisher\":{\"@id\":\"https:\\\/\\\/www.notibras.com\\\/site\\\/#organization\"},\"potentialAction\":[{\"@type\":\"SearchAction\",\"target\":{\"@type\":\"EntryPoint\",\"urlTemplate\":\"https:\\\/\\\/www.notibras.com\\\/site\\\/?s={search_term_string}\"},\"query-input\":{\"@type\":\"PropertyValueSpecification\",\"valueRequired\":true,\"valueName\":\"search_term_string\"}}],\"inLanguage\":\"pt-BR\"},{\"@type\":\"Organization\",\"@id\":\"https:\\\/\\\/www.notibras.com\\\/site\\\/#organization\",\"name\":\"Grupo Notibras de Comunica\u00e7\u00e3o\",\"url\":\"https:\\\/\\\/www.notibras.com\\\/site\\\/\",\"logo\":{\"@type\":\"ImageObject\",\"inLanguage\":\"pt-BR\",\"@id\":\"https:\\\/\\\/www.notibras.com\\\/site\\\/#\\\/schema\\\/logo\\\/image\\\/\",\"url\":\"https:\\\/\\\/www.notibras.com\\\/site\\\/wp-content\\\/uploads\\\/2023\\\/01\\\/notibras23.png\",\"contentUrl\":\"https:\\\/\\\/www.notibras.com\\\/site\\\/wp-content\\\/uploads\\\/2023\\\/01\\\/notibras23.png\",\"width\":350,\"height\":87,\"caption\":\"Grupo Notibras de Comunica\u00e7\u00e3o\"},\"image\":{\"@id\":\"https:\\\/\\\/www.notibras.com\\\/site\\\/#\\\/schema\\\/logo\\\/image\\\/\"},\"sameAs\":[\"https:\\\/\\\/www.facebook.com\\\/notibras\\\/\",\"https:\\\/\\\/x.com\\\/Notibras\",\"https:\\\/\\\/www.instagram.com\\\/notibras\\\/\"]},{\"@type\":\"Person\",\"@id\":\"https:\\\/\\\/www.notibras.com\\\/site\\\/#\\\/schema\\\/person\\\/5b7fabf2aedc3ada2105f03b22b4d3dd\",\"name\":\"Eduardo Mart\u00ednez\",\"image\":{\"@type\":\"ImageObject\",\"inLanguage\":\"pt-BR\",\"@id\":\"https:\\\/\\\/secure.gravatar.com\\\/avatar\\\/7902f906289926289cbcda644b5197c796b893c6ffd7b9a536a42d290f7704a0?s=96&d=mm&r=g\",\"url\":\"https:\\\/\\\/secure.gravatar.com\\\/avatar\\\/7902f906289926289cbcda644b5197c796b893c6ffd7b9a536a42d290f7704a0?s=96&d=mm&r=g\",\"contentUrl\":\"https:\\\/\\\/secure.gravatar.com\\\/avatar\\\/7902f906289926289cbcda644b5197c796b893c6ffd7b9a536a42d290f7704a0?s=96&d=mm&r=g\",\"caption\":\"Eduardo Mart\u00ednez\"}}]}<\/script>\n<!-- \/ Yoast SEO plugin. -->","yoast_head_json":{"title":"A cidade que reza em sete l\u00ednguas - Notibras","robots":{"index":"index","follow":"follow","max-snippet":"max-snippet:-1","max-image-preview":"max-image-preview:large","max-video-preview":"max-video-preview:-1"},"canonical":"https:\/\/www.notibras.com\/site\/a-cidade-que-reza-em-sete-linguas\/","og_locale":"pt_BR","og_type":"article","og_title":"A cidade que reza em sete l\u00ednguas - Notibras","og_description":"L\u00e1 onde estive, a manh\u00e3 n\u00e3o come\u00e7a com um sino s\u00f3. Come\u00e7a com sete sinos, um tambor, um chamado \u00e1rabe que escorre do minareto, um ponto de candombl\u00e9 que vem do terreiro no fim da ladeira, e at\u00e9 o sil\u00eancio profundo dos budistas que, \u00e0s cinco e meia, j\u00e1 est\u00e3o sentados olhando a parede como [&hellip;]","og_url":"https:\/\/www.notibras.com\/site\/a-cidade-que-reza-em-sete-linguas\/","og_site_name":"Notibras","article_publisher":"https:\/\/www.facebook.com\/notibras\/","article_published_time":"2025-12-28T04:00:42+00:00","og_image":[{"width":1023,"height":928,"url":"https:\/\/www.notibras.com\/site\/wp-content\/uploads\/2025\/12\/IMG_9848.jpg","type":"image\/jpeg"}],"author":"Eduardo Mart\u00ednez","twitter_card":"summary_large_image","twitter_creator":"@Notibras","twitter_site":"@Notibras","twitter_misc":{"Escrito por":"Eduardo Mart\u00ednez","Est. tempo de leitura":"4 minutos"},"schema":{"@context":"https:\/\/schema.org","@graph":[{"@type":"Article","@id":"https:\/\/www.notibras.com\/site\/a-cidade-que-reza-em-sete-linguas\/#article","isPartOf":{"@id":"https:\/\/www.notibras.com\/site\/a-cidade-que-reza-em-sete-linguas\/"},"author":{"name":"Eduardo Mart\u00ednez","@id":"https:\/\/www.notibras.com\/site\/#\/schema\/person\/5b7fabf2aedc3ada2105f03b22b4d3dd"},"headline":"A cidade que reza em sete l\u00ednguas","datePublished":"2025-12-28T04:00:42+00:00","mainEntityOfPage":{"@id":"https:\/\/www.notibras.com\/site\/a-cidade-que-reza-em-sete-linguas\/"},"wordCount":664,"publisher":{"@id":"https:\/\/www.notibras.com\/site\/#organization"},"image":{"@id":"https:\/\/www.notibras.com\/site\/a-cidade-que-reza-em-sete-linguas\/#primaryimage"},"thumbnailUrl":"https:\/\/www.notibras.com\/site\/wp-content\/uploads\/2025\/12\/IMG_9848.jpg","articleSection":["Caf\u00e9 Liter\u00e1rio"],"inLanguage":"pt-BR"},{"@type":"WebPage","@id":"https:\/\/www.notibras.com\/site\/a-cidade-que-reza-em-sete-linguas\/","url":"https:\/\/www.notibras.com\/site\/a-cidade-que-reza-em-sete-linguas\/","name":"A cidade que reza em sete l\u00ednguas - Notibras","isPartOf":{"@id":"https:\/\/www.notibras.com\/site\/#website"},"primaryImageOfPage":{"@id":"https:\/\/www.notibras.com\/site\/a-cidade-que-reza-em-sete-linguas\/#primaryimage"},"image":{"@id":"https:\/\/www.notibras.com\/site\/a-cidade-que-reza-em-sete-linguas\/#primaryimage"},"thumbnailUrl":"https:\/\/www.notibras.com\/site\/wp-content\/uploads\/2025\/12\/IMG_9848.jpg","datePublished":"2025-12-28T04:00:42+00:00","breadcrumb":{"@id":"https:\/\/www.notibras.com\/site\/a-cidade-que-reza-em-sete-linguas\/#breadcrumb"},"inLanguage":"pt-BR","potentialAction":[{"@type":"ReadAction","target":["https:\/\/www.notibras.com\/site\/a-cidade-que-reza-em-sete-linguas\/"]}]},{"@type":"ImageObject","inLanguage":"pt-BR","@id":"https:\/\/www.notibras.com\/site\/a-cidade-que-reza-em-sete-linguas\/#primaryimage","url":"https:\/\/www.notibras.com\/site\/wp-content\/uploads\/2025\/12\/IMG_9848.jpg","contentUrl":"https:\/\/www.notibras.com\/site\/wp-content\/uploads\/2025\/12\/IMG_9848.jpg","width":1023,"height":928},{"@type":"BreadcrumbList","@id":"https:\/\/www.notibras.com\/site\/a-cidade-que-reza-em-sete-linguas\/#breadcrumb","itemListElement":[{"@type":"ListItem","position":1,"name":"In\u00edcio","item":"https:\/\/www.notibras.com\/site\/"},{"@type":"ListItem","position":2,"name":"A cidade que reza em sete l\u00ednguas"}]},{"@type":"WebSite","@id":"https:\/\/www.notibras.com\/site\/#website","url":"https:\/\/www.notibras.com\/site\/","name":"Notibras","description":"Not\u00edcias de Bras\u00edlia, do Brasil e do Mundo","publisher":{"@id":"https:\/\/www.notibras.com\/site\/#organization"},"potentialAction":[{"@type":"SearchAction","target":{"@type":"EntryPoint","urlTemplate":"https:\/\/www.notibras.com\/site\/?s={search_term_string}"},"query-input":{"@type":"PropertyValueSpecification","valueRequired":true,"valueName":"search_term_string"}}],"inLanguage":"pt-BR"},{"@type":"Organization","@id":"https:\/\/www.notibras.com\/site\/#organization","name":"Grupo Notibras de Comunica\u00e7\u00e3o","url":"https:\/\/www.notibras.com\/site\/","logo":{"@type":"ImageObject","inLanguage":"pt-BR","@id":"https:\/\/www.notibras.com\/site\/#\/schema\/logo\/image\/","url":"https:\/\/www.notibras.com\/site\/wp-content\/uploads\/2023\/01\/notibras23.png","contentUrl":"https:\/\/www.notibras.com\/site\/wp-content\/uploads\/2023\/01\/notibras23.png","width":350,"height":87,"caption":"Grupo Notibras de Comunica\u00e7\u00e3o"},"image":{"@id":"https:\/\/www.notibras.com\/site\/#\/schema\/logo\/image\/"},"sameAs":["https:\/\/www.facebook.com\/notibras\/","https:\/\/x.com\/Notibras","https:\/\/www.instagram.com\/notibras\/"]},{"@type":"Person","@id":"https:\/\/www.notibras.com\/site\/#\/schema\/person\/5b7fabf2aedc3ada2105f03b22b4d3dd","name":"Eduardo Mart\u00ednez","image":{"@type":"ImageObject","inLanguage":"pt-BR","@id":"https:\/\/secure.gravatar.com\/avatar\/7902f906289926289cbcda644b5197c796b893c6ffd7b9a536a42d290f7704a0?s=96&d=mm&r=g","url":"https:\/\/secure.gravatar.com\/avatar\/7902f906289926289cbcda644b5197c796b893c6ffd7b9a536a42d290f7704a0?s=96&d=mm&r=g","contentUrl":"https:\/\/secure.gravatar.com\/avatar\/7902f906289926289cbcda644b5197c796b893c6ffd7b9a536a42d290f7704a0?s=96&d=mm&r=g","caption":"Eduardo Mart\u00ednez"}}]}},"amp_enabled":true,"_links":{"self":[{"href":"https:\/\/www.notibras.com\/site\/wp-json\/wp\/v2\/posts\/376535","targetHints":{"allow":["GET"]}}],"collection":[{"href":"https:\/\/www.notibras.com\/site\/wp-json\/wp\/v2\/posts"}],"about":[{"href":"https:\/\/www.notibras.com\/site\/wp-json\/wp\/v2\/types\/post"}],"author":[{"embeddable":true,"href":"https:\/\/www.notibras.com\/site\/wp-json\/wp\/v2\/users\/21"}],"replies":[{"embeddable":true,"href":"https:\/\/www.notibras.com\/site\/wp-json\/wp\/v2\/comments?post=376535"}],"version-history":[{"count":1,"href":"https:\/\/www.notibras.com\/site\/wp-json\/wp\/v2\/posts\/376535\/revisions"}],"predecessor-version":[{"id":376537,"href":"https:\/\/www.notibras.com\/site\/wp-json\/wp\/v2\/posts\/376535\/revisions\/376537"}],"wp:featuredmedia":[{"embeddable":true,"href":"https:\/\/www.notibras.com\/site\/wp-json\/wp\/v2\/media\/376536"}],"wp:attachment":[{"href":"https:\/\/www.notibras.com\/site\/wp-json\/wp\/v2\/media?parent=376535"}],"wp:term":[{"taxonomy":"category","embeddable":true,"href":"https:\/\/www.notibras.com\/site\/wp-json\/wp\/v2\/categories?post=376535"},{"taxonomy":"post_tag","embeddable":true,"href":"https:\/\/www.notibras.com\/site\/wp-json\/wp\/v2\/tags?post=376535"}],"curies":[{"name":"wp","href":"https:\/\/api.w.org\/{rel}","templated":true}]}}