{"id":376539,"date":"2025-12-27T05:33:04","date_gmt":"2025-12-27T08:33:04","guid":{"rendered":"https:\/\/www.notibras.com\/site\/?p=376539"},"modified":"2025-12-27T05:38:27","modified_gmt":"2025-12-27T08:38:27","slug":"inalante-de-ouro-evapora-e-leva-junto-faro-de-andre-esteves","status":"publish","type":"post","link":"https:\/\/www.notibras.com\/site\/inalante-de-ouro-evapora-e-leva-junto-faro-de-andre-esteves\/","title":{"rendered":"Inalante de ouro evapora e leva junto faro de Andr\u00e9 Esteves"},"content":{"rendered":"<p>Dizem na pomposa Faria Lima, territ\u00f3rio onde o ar \u00e9 rarefeito e a realidade anda sempre um passo atr\u00e1s do lucro, que Andr\u00e9 Esteves tem faro. N\u00e3o um olfato qualquer, desses de farejar caf\u00e9 fresco ou dinheiro novo, mas um faro m\u00edtico, quase canino, capaz de detectar oportunidades antes mesmo de elas existirem. Um sentido treinado para distinguir ouro de lat\u00e3o a quil\u00f4metros de dist\u00e2ncia. Ainda assim, h\u00e1 dias em que at\u00e9 os melhores narizes precisam de um inalante nasal. Porque nem tudo que reluz cheira bem.<\/p>\n<p>Esteves \u00e9, antes de tudo, uma hist\u00f3ria de reconstru\u00e7\u00e3o. Come\u00e7ou estagi\u00e1rio, virou s\u00f3cio jovem, vendeu o Pactual para o UBS e, num movimento que misturou aud\u00e1cia e teimosia, recomprou o pr\u00f3prio destino em 2009, fundando o BTG Pactual. Um banco que cresceu como cresce o bambu: r\u00e1pido, silencioso e dif\u00edcil de quebrar. Quando a Lava Jato o levou algemado para Bangu, em 2015, muitos apostaram que o bambu havia rachado. Erraram. Ele vergou, mas n\u00e3o quebrou.<\/p>\n<p>A pris\u00e3o foi simb\u00f3lica. N\u00e3o por malas de dinheiro ou desvios cont\u00e1beis, mas por algo mais grave no imagin\u00e1rio nacional. \u00c9 que recaiu sobre ele a suspeita de tentar interferir na engrenagem da Justi\u00e7a. Comprar sil\u00eancio, dobrar o destino, ajustar o curso da hist\u00f3ria. A absolvi\u00e7\u00e3o veio anos depois, por falta de provas, como costumam vir as absolvi\u00e7\u00f5es de gente grande, do tipo discretas, t\u00e9cnicas, quase burocr\u00e1ticas. J\u00e1 a imagem algemada rodou o mundo. E imagens, como sabemos, n\u00e3o prescrevem.<\/p>\n<p>Reerguido, mais rico e ainda mais influente, Esteves voltou ao centro do tabuleiro. At\u00e9 que surgiu o Banco Master. Um banco que cresceu r\u00e1pido demais, como bolo em forno desregulado. Capta\u00e7\u00e3o cara, ativos il\u00edquidos, risco empilhado sobre risco, tudo embalado pela rede de prote\u00e7\u00e3o do FGC. Um castelo constru\u00eddo sobre pap\u00e9is, precat\u00f3rios e promessas.<\/p>\n<p>Quando o Master come\u00e7ou a balan\u00e7ar, o mercado cochichou. Falou-se em interfer\u00eancia pol\u00edtica, em telefonemas cruzados, em ministros e presidentes de bancos centrais. Alexandre de Moraes negou qualquer inger\u00eancia. O Banco Central endureceu o tom. O castelo come\u00e7ou a ranger.<\/p>\n<p>Foi a\u00ed que o faro entrou em cena. Andr\u00e9 Esteves apareceu n\u00e3o como salvador, mas como cirurgi\u00e3o. N\u00e3o comprou o banco. Comprou peda\u00e7os. Ativos selecionados. Participa\u00e7\u00f5es em empresas feridas, im\u00f3veis, receb\u00edveis. Uma inje\u00e7\u00e3o de liquidez indireta, calculada, supervisionada. Um curativo, n\u00e3o um transplante.<\/p>\n<p>O mercado, que se diz racional mas vive de instinto, entendeu o recado de que n\u00e3o haveria resgate sentimental. Sustentar o Master indefinidamente seria ensinar maus h\u00e1bitos ao sistema. Risco moral demais, disciplina de menos. Melhor deixar cair. Melhor mostrar que alguns erros n\u00e3o s\u00e3o socializ\u00e1veis.<\/p>\n<p>Quando o Banco Central vetou a fus\u00e3o com o BRB e, meses depois, interveio no Master, o desfecho j\u00e1 estava escrito no rodap\u00e9 das planilhas. Veio a liquida\u00e7\u00e3o. Vieram as investiga\u00e7\u00f5es. Veio a conta bilion\u00e1ria do FGC, a maior da hist\u00f3ria. Um rombo que atingiu milh\u00f5es de credores e deixou no ar aquele cheiro conhecido de desastre anunciado.<\/p>\n<p>No fim das contas, o caso Master n\u00e3o revela um banqueiro onipotente, puxando cordas invis\u00edveis, mas algo mais sofisticado e, consequentemente, mais inquietante. Revela um poder que n\u00e3o grita, n\u00e3o ordena, n\u00e3o aparece no Di\u00e1rio Oficial. Um poder que se exerce pela presen\u00e7a, pela influ\u00eancia no debate, pela capacidade de definir o que \u00e9 solu\u00e7\u00e3o aceit\u00e1vel e o que \u00e9 heresia econ\u00f4mica.<\/p>\n<p>Andr\u00e9 Esteves n\u00e3o precisou mandar em ningu\u00e9m. N\u00e3o precisou salvar o banco, nem derrub\u00e1-lo publicamente. Bastou estar ali, no ponto exato onde o mercado encontra o Estado, onde decis\u00f5es t\u00e9cnicas ganham consequ\u00eancias pol\u00edticas e onde o consenso se constr\u00f3i antes de virar manchete.<\/p>\n<p>Talvez o faro n\u00e3o tenha falhado. Talvez tenha apenas identificado, tarde demais, que o cheiro n\u00e3o era de ouro, mas de enxofre disfar\u00e7ado de perfume caro. E nesses casos, at\u00e9 o melhor dos narizes aprende que, entre uma crise e outra, prud\u00eancia tamb\u00e9m \u00e9 saber quando recuar, abrir a janela e deixar o ar circular.<\/p>\n<p>Ouvindo, na condi\u00e7\u00e3o de manter o nome no anonimato, um influente banqueiro que costuma viajar a Bras\u00edlia em per\u00edodos esparsos, concluo que no capitalismo brasileiro, como na vida, h\u00e1 aromas que enganam. E inalante nenhum resolve quando o problema n\u00e3o est\u00e1 no nariz, mas naquilo que insistimos em chamar de oportunidade. At\u00e9 mesmo quando o cavalo passa sem a sela. No caso de Andr\u00e9 Esteves, o dorso ficou escorregadio. E ele, sem o controle das r\u00e9deas, est\u00e1 caindo.<\/p>\n<p>&#8230;&#8230;&#8230;&#8230;&#8230;&#8230;&#8230;..<\/p>\n<p><strong>Dora Andrade \u00e9 Editora de Economia de Notibras<\/strong><\/p>\n","protected":false},"excerpt":{"rendered":"<p>Dizem na pomposa Faria Lima, territ\u00f3rio onde o ar \u00e9 rarefeito e a realidade anda sempre um passo atr\u00e1s do lucro, que Andr\u00e9 Esteves tem faro. N\u00e3o um olfato qualquer, desses de farejar caf\u00e9 fresco ou dinheiro novo, mas um faro m\u00edtico, quase canino, capaz de detectar oportunidades antes mesmo de elas existirem. Um sentido [&hellip;]<\/p>\n","protected":false},"author":2,"featured_media":376540,"comment_status":"closed","ping_status":"closed","sticky":false,"template":"","format":"standard","meta":{"_acf_changed":false,"footnotes":""},"categories":[16],"tags":[95],"class_list":["post-376539","post","type-post","status-publish","format-standard","has-post-thumbnail","hentry","category-brasil","tag-capa"],"acf":[],"yoast_head":"<!-- This site is optimized with the Yoast SEO plugin v27.2 - https:\/\/yoast.com\/product\/yoast-seo-wordpress\/ -->\n<title>Inalante de ouro evapora e leva junto faro de Andr\u00e9 Esteves - Notibras<\/title>\n<meta name=\"robots\" content=\"index, follow, max-snippet:-1, max-image-preview:large, max-video-preview:-1\" \/>\n<link rel=\"canonical\" href=\"https:\/\/www.notibras.com\/site\/inalante-de-ouro-evapora-e-leva-junto-faro-de-andre-esteves\/\" \/>\n<meta property=\"og:locale\" content=\"pt_BR\" \/>\n<meta property=\"og:type\" content=\"article\" \/>\n<meta property=\"og:title\" content=\"Inalante de ouro evapora e leva junto faro de Andr\u00e9 Esteves - Notibras\" \/>\n<meta property=\"og:description\" content=\"Dizem na pomposa Faria Lima, territ\u00f3rio onde o ar \u00e9 rarefeito e a realidade anda sempre um passo atr\u00e1s do lucro, que Andr\u00e9 Esteves tem faro. N\u00e3o um olfato qualquer, desses de farejar caf\u00e9 fresco ou dinheiro novo, mas um faro m\u00edtico, quase canino, capaz de detectar oportunidades antes mesmo de elas existirem. Um sentido [&hellip;]\" \/>\n<meta property=\"og:url\" content=\"https:\/\/www.notibras.com\/site\/inalante-de-ouro-evapora-e-leva-junto-faro-de-andre-esteves\/\" \/>\n<meta property=\"og:site_name\" content=\"Notibras\" \/>\n<meta property=\"article:publisher\" content=\"https:\/\/www.facebook.com\/notibras\/\" \/>\n<meta property=\"article:published_time\" content=\"2025-12-27T08:33:04+00:00\" \/>\n<meta property=\"article:modified_time\" content=\"2025-12-27T08:38:27+00:00\" \/>\n<meta property=\"og:image\" content=\"https:\/\/www.notibras.com\/site\/wp-content\/uploads\/2025\/12\/andre-esteves.webp\" \/>\n\t<meta property=\"og:image:width\" content=\"620\" \/>\n\t<meta property=\"og:image:height\" content=\"465\" \/>\n\t<meta property=\"og:image:type\" content=\"image\/webp\" \/>\n<meta name=\"author\" content=\"Reda\u00e7\u00e3o\" \/>\n<meta name=\"twitter:card\" content=\"summary_large_image\" \/>\n<meta name=\"twitter:creator\" content=\"@Notibras\" \/>\n<meta name=\"twitter:site\" content=\"@Notibras\" \/>\n<meta name=\"twitter:label1\" content=\"Escrito por\" \/>\n\t<meta name=\"twitter:data1\" content=\"Reda\u00e7\u00e3o\" \/>\n\t<meta name=\"twitter:label2\" content=\"Est. tempo de leitura\" \/>\n\t<meta name=\"twitter:data2\" content=\"5 minutos\" \/>\n<script type=\"application\/ld+json\" class=\"yoast-schema-graph\">{\"@context\":\"https:\/\/schema.org\",\"@graph\":[{\"@type\":\"Article\",\"@id\":\"https:\/\/www.notibras.com\/site\/inalante-de-ouro-evapora-e-leva-junto-faro-de-andre-esteves\/#article\",\"isPartOf\":{\"@id\":\"https:\/\/www.notibras.com\/site\/inalante-de-ouro-evapora-e-leva-junto-faro-de-andre-esteves\/\"},\"author\":{\"name\":\"Reda\u00e7\u00e3o\",\"@id\":\"https:\/\/www.notibras.com\/site\/#\/schema\/person\/36ab0979449956132d3e5b517ea76ac8\"},\"headline\":\"Inalante de ouro evapora e leva junto faro de Andr\u00e9 Esteves\",\"datePublished\":\"2025-12-27T08:33:04+00:00\",\"dateModified\":\"2025-12-27T08:38:27+00:00\",\"mainEntityOfPage\":{\"@id\":\"https:\/\/www.notibras.com\/site\/inalante-de-ouro-evapora-e-leva-junto-faro-de-andre-esteves\/\"},\"wordCount\":825,\"publisher\":{\"@id\":\"https:\/\/www.notibras.com\/site\/#organization\"},\"image\":{\"@id\":\"https:\/\/www.notibras.com\/site\/inalante-de-ouro-evapora-e-leva-junto-faro-de-andre-esteves\/#primaryimage\"},\"thumbnailUrl\":\"https:\/\/www.notibras.com\/site\/wp-content\/uploads\/2025\/12\/andre-esteves.webp\",\"keywords\":[\"capa\"],\"articleSection\":[\"Brasil\"],\"inLanguage\":\"pt-BR\"},{\"@type\":\"WebPage\",\"@id\":\"https:\/\/www.notibras.com\/site\/inalante-de-ouro-evapora-e-leva-junto-faro-de-andre-esteves\/\",\"url\":\"https:\/\/www.notibras.com\/site\/inalante-de-ouro-evapora-e-leva-junto-faro-de-andre-esteves\/\",\"name\":\"Inalante de ouro evapora e leva junto faro de Andr\u00e9 Esteves - Notibras\",\"isPartOf\":{\"@id\":\"https:\/\/www.notibras.com\/site\/#website\"},\"primaryImageOfPage\":{\"@id\":\"https:\/\/www.notibras.com\/site\/inalante-de-ouro-evapora-e-leva-junto-faro-de-andre-esteves\/#primaryimage\"},\"image\":{\"@id\":\"https:\/\/www.notibras.com\/site\/inalante-de-ouro-evapora-e-leva-junto-faro-de-andre-esteves\/#primaryimage\"},\"thumbnailUrl\":\"https:\/\/www.notibras.com\/site\/wp-content\/uploads\/2025\/12\/andre-esteves.webp\",\"datePublished\":\"2025-12-27T08:33:04+00:00\",\"dateModified\":\"2025-12-27T08:38:27+00:00\",\"breadcrumb\":{\"@id\":\"https:\/\/www.notibras.com\/site\/inalante-de-ouro-evapora-e-leva-junto-faro-de-andre-esteves\/#breadcrumb\"},\"inLanguage\":\"pt-BR\",\"potentialAction\":[{\"@type\":\"ReadAction\",\"target\":[\"https:\/\/www.notibras.com\/site\/inalante-de-ouro-evapora-e-leva-junto-faro-de-andre-esteves\/\"]}]},{\"@type\":\"ImageObject\",\"inLanguage\":\"pt-BR\",\"@id\":\"https:\/\/www.notibras.com\/site\/inalante-de-ouro-evapora-e-leva-junto-faro-de-andre-esteves\/#primaryimage\",\"url\":\"https:\/\/www.notibras.com\/site\/wp-content\/uploads\/2025\/12\/andre-esteves.webp\",\"contentUrl\":\"https:\/\/www.notibras.com\/site\/wp-content\/uploads\/2025\/12\/andre-esteves.webp\",\"width\":620,\"height\":465},{\"@type\":\"BreadcrumbList\",\"@id\":\"https:\/\/www.notibras.com\/site\/inalante-de-ouro-evapora-e-leva-junto-faro-de-andre-esteves\/#breadcrumb\",\"itemListElement\":[{\"@type\":\"ListItem\",\"position\":1,\"name\":\"In\u00edcio\",\"item\":\"https:\/\/www.notibras.com\/site\/\"},{\"@type\":\"ListItem\",\"position\":2,\"name\":\"Inalante de ouro evapora e leva junto faro de Andr\u00e9 Esteves\"}]},{\"@type\":\"WebSite\",\"@id\":\"https:\/\/www.notibras.com\/site\/#website\",\"url\":\"https:\/\/www.notibras.com\/site\/\",\"name\":\"Notibras\",\"description\":\"Not\u00edcias de Bras\u00edlia, do Brasil e do Mundo\",\"publisher\":{\"@id\":\"https:\/\/www.notibras.com\/site\/#organization\"},\"potentialAction\":[{\"@type\":\"SearchAction\",\"target\":{\"@type\":\"EntryPoint\",\"urlTemplate\":\"https:\/\/www.notibras.com\/site\/?s={search_term_string}\"},\"query-input\":{\"@type\":\"PropertyValueSpecification\",\"valueRequired\":true,\"valueName\":\"search_term_string\"}}],\"inLanguage\":\"pt-BR\"},{\"@type\":\"Organization\",\"@id\":\"https:\/\/www.notibras.com\/site\/#organization\",\"name\":\"Grupo Notibras de Comunica\u00e7\u00e3o\",\"url\":\"https:\/\/www.notibras.com\/site\/\",\"logo\":{\"@type\":\"ImageObject\",\"inLanguage\":\"pt-BR\",\"@id\":\"https:\/\/www.notibras.com\/site\/#\/schema\/logo\/image\/\",\"url\":\"https:\/\/www.notibras.com\/site\/wp-content\/uploads\/2023\/01\/notibras23.png\",\"contentUrl\":\"https:\/\/www.notibras.com\/site\/wp-content\/uploads\/2023\/01\/notibras23.png\",\"width\":350,\"height\":87,\"caption\":\"Grupo Notibras de Comunica\u00e7\u00e3o\"},\"image\":{\"@id\":\"https:\/\/www.notibras.com\/site\/#\/schema\/logo\/image\/\"},\"sameAs\":[\"https:\/\/www.facebook.com\/notibras\/\",\"https:\/\/x.com\/Notibras\",\"https:\/\/www.instagram.com\/notibras\/\"]},{\"@type\":\"Person\",\"@id\":\"https:\/\/www.notibras.com\/site\/#\/schema\/person\/36ab0979449956132d3e5b517ea76ac8\",\"name\":\"Reda\u00e7\u00e3o\",\"image\":{\"@type\":\"ImageObject\",\"inLanguage\":\"pt-BR\",\"@id\":\"https:\/\/secure.gravatar.com\/avatar\/e0a867bdedb85fd243eadf09663511f96fc81e0720a4a42581f334ad4303aa6b?s=96&d=mm&r=g\",\"url\":\"https:\/\/secure.gravatar.com\/avatar\/e0a867bdedb85fd243eadf09663511f96fc81e0720a4a42581f334ad4303aa6b?s=96&d=mm&r=g\",\"contentUrl\":\"https:\/\/secure.gravatar.com\/avatar\/e0a867bdedb85fd243eadf09663511f96fc81e0720a4a42581f334ad4303aa6b?s=96&d=mm&r=g\",\"caption\":\"Reda\u00e7\u00e3o\"}}]}<\/script>\n<!-- \/ Yoast SEO plugin. -->","yoast_head_json":{"title":"Inalante de ouro evapora e leva junto faro de Andr\u00e9 Esteves - Notibras","robots":{"index":"index","follow":"follow","max-snippet":"max-snippet:-1","max-image-preview":"max-image-preview:large","max-video-preview":"max-video-preview:-1"},"canonical":"https:\/\/www.notibras.com\/site\/inalante-de-ouro-evapora-e-leva-junto-faro-de-andre-esteves\/","og_locale":"pt_BR","og_type":"article","og_title":"Inalante de ouro evapora e leva junto faro de Andr\u00e9 Esteves - Notibras","og_description":"Dizem na pomposa Faria Lima, territ\u00f3rio onde o ar \u00e9 rarefeito e a realidade anda sempre um passo atr\u00e1s do lucro, que Andr\u00e9 Esteves tem faro. N\u00e3o um olfato qualquer, desses de farejar caf\u00e9 fresco ou dinheiro novo, mas um faro m\u00edtico, quase canino, capaz de detectar oportunidades antes mesmo de elas existirem. Um sentido [&hellip;]","og_url":"https:\/\/www.notibras.com\/site\/inalante-de-ouro-evapora-e-leva-junto-faro-de-andre-esteves\/","og_site_name":"Notibras","article_publisher":"https:\/\/www.facebook.com\/notibras\/","article_published_time":"2025-12-27T08:33:04+00:00","article_modified_time":"2025-12-27T08:38:27+00:00","og_image":[{"width":620,"height":465,"url":"https:\/\/www.notibras.com\/site\/wp-content\/uploads\/2025\/12\/andre-esteves.webp","type":"image\/webp"}],"author":"Reda\u00e7\u00e3o","twitter_card":"summary_large_image","twitter_creator":"@Notibras","twitter_site":"@Notibras","twitter_misc":{"Escrito por":"Reda\u00e7\u00e3o","Est. tempo de leitura":"5 minutos"},"schema":{"@context":"https:\/\/schema.org","@graph":[{"@type":"Article","@id":"https:\/\/www.notibras.com\/site\/inalante-de-ouro-evapora-e-leva-junto-faro-de-andre-esteves\/#article","isPartOf":{"@id":"https:\/\/www.notibras.com\/site\/inalante-de-ouro-evapora-e-leva-junto-faro-de-andre-esteves\/"},"author":{"name":"Reda\u00e7\u00e3o","@id":"https:\/\/www.notibras.com\/site\/#\/schema\/person\/36ab0979449956132d3e5b517ea76ac8"},"headline":"Inalante de ouro evapora e leva junto faro de Andr\u00e9 Esteves","datePublished":"2025-12-27T08:33:04+00:00","dateModified":"2025-12-27T08:38:27+00:00","mainEntityOfPage":{"@id":"https:\/\/www.notibras.com\/site\/inalante-de-ouro-evapora-e-leva-junto-faro-de-andre-esteves\/"},"wordCount":825,"publisher":{"@id":"https:\/\/www.notibras.com\/site\/#organization"},"image":{"@id":"https:\/\/www.notibras.com\/site\/inalante-de-ouro-evapora-e-leva-junto-faro-de-andre-esteves\/#primaryimage"},"thumbnailUrl":"https:\/\/www.notibras.com\/site\/wp-content\/uploads\/2025\/12\/andre-esteves.webp","keywords":["capa"],"articleSection":["Brasil"],"inLanguage":"pt-BR"},{"@type":"WebPage","@id":"https:\/\/www.notibras.com\/site\/inalante-de-ouro-evapora-e-leva-junto-faro-de-andre-esteves\/","url":"https:\/\/www.notibras.com\/site\/inalante-de-ouro-evapora-e-leva-junto-faro-de-andre-esteves\/","name":"Inalante de ouro evapora e leva junto faro de Andr\u00e9 Esteves - Notibras","isPartOf":{"@id":"https:\/\/www.notibras.com\/site\/#website"},"primaryImageOfPage":{"@id":"https:\/\/www.notibras.com\/site\/inalante-de-ouro-evapora-e-leva-junto-faro-de-andre-esteves\/#primaryimage"},"image":{"@id":"https:\/\/www.notibras.com\/site\/inalante-de-ouro-evapora-e-leva-junto-faro-de-andre-esteves\/#primaryimage"},"thumbnailUrl":"https:\/\/www.notibras.com\/site\/wp-content\/uploads\/2025\/12\/andre-esteves.webp","datePublished":"2025-12-27T08:33:04+00:00","dateModified":"2025-12-27T08:38:27+00:00","breadcrumb":{"@id":"https:\/\/www.notibras.com\/site\/inalante-de-ouro-evapora-e-leva-junto-faro-de-andre-esteves\/#breadcrumb"},"inLanguage":"pt-BR","potentialAction":[{"@type":"ReadAction","target":["https:\/\/www.notibras.com\/site\/inalante-de-ouro-evapora-e-leva-junto-faro-de-andre-esteves\/"]}]},{"@type":"ImageObject","inLanguage":"pt-BR","@id":"https:\/\/www.notibras.com\/site\/inalante-de-ouro-evapora-e-leva-junto-faro-de-andre-esteves\/#primaryimage","url":"https:\/\/www.notibras.com\/site\/wp-content\/uploads\/2025\/12\/andre-esteves.webp","contentUrl":"https:\/\/www.notibras.com\/site\/wp-content\/uploads\/2025\/12\/andre-esteves.webp","width":620,"height":465},{"@type":"BreadcrumbList","@id":"https:\/\/www.notibras.com\/site\/inalante-de-ouro-evapora-e-leva-junto-faro-de-andre-esteves\/#breadcrumb","itemListElement":[{"@type":"ListItem","position":1,"name":"In\u00edcio","item":"https:\/\/www.notibras.com\/site\/"},{"@type":"ListItem","position":2,"name":"Inalante de ouro evapora e leva junto faro de Andr\u00e9 Esteves"}]},{"@type":"WebSite","@id":"https:\/\/www.notibras.com\/site\/#website","url":"https:\/\/www.notibras.com\/site\/","name":"Notibras","description":"Not\u00edcias de Bras\u00edlia, do Brasil e do Mundo","publisher":{"@id":"https:\/\/www.notibras.com\/site\/#organization"},"potentialAction":[{"@type":"SearchAction","target":{"@type":"EntryPoint","urlTemplate":"https:\/\/www.notibras.com\/site\/?s={search_term_string}"},"query-input":{"@type":"PropertyValueSpecification","valueRequired":true,"valueName":"search_term_string"}}],"inLanguage":"pt-BR"},{"@type":"Organization","@id":"https:\/\/www.notibras.com\/site\/#organization","name":"Grupo Notibras de Comunica\u00e7\u00e3o","url":"https:\/\/www.notibras.com\/site\/","logo":{"@type":"ImageObject","inLanguage":"pt-BR","@id":"https:\/\/www.notibras.com\/site\/#\/schema\/logo\/image\/","url":"https:\/\/www.notibras.com\/site\/wp-content\/uploads\/2023\/01\/notibras23.png","contentUrl":"https:\/\/www.notibras.com\/site\/wp-content\/uploads\/2023\/01\/notibras23.png","width":350,"height":87,"caption":"Grupo Notibras de Comunica\u00e7\u00e3o"},"image":{"@id":"https:\/\/www.notibras.com\/site\/#\/schema\/logo\/image\/"},"sameAs":["https:\/\/www.facebook.com\/notibras\/","https:\/\/x.com\/Notibras","https:\/\/www.instagram.com\/notibras\/"]},{"@type":"Person","@id":"https:\/\/www.notibras.com\/site\/#\/schema\/person\/36ab0979449956132d3e5b517ea76ac8","name":"Reda\u00e7\u00e3o","image":{"@type":"ImageObject","inLanguage":"pt-BR","@id":"https:\/\/secure.gravatar.com\/avatar\/e0a867bdedb85fd243eadf09663511f96fc81e0720a4a42581f334ad4303aa6b?s=96&d=mm&r=g","url":"https:\/\/secure.gravatar.com\/avatar\/e0a867bdedb85fd243eadf09663511f96fc81e0720a4a42581f334ad4303aa6b?s=96&d=mm&r=g","contentUrl":"https:\/\/secure.gravatar.com\/avatar\/e0a867bdedb85fd243eadf09663511f96fc81e0720a4a42581f334ad4303aa6b?s=96&d=mm&r=g","caption":"Reda\u00e7\u00e3o"}}]}},"amp_enabled":true,"_links":{"self":[{"href":"https:\/\/www.notibras.com\/site\/wp-json\/wp\/v2\/posts\/376539","targetHints":{"allow":["GET"]}}],"collection":[{"href":"https:\/\/www.notibras.com\/site\/wp-json\/wp\/v2\/posts"}],"about":[{"href":"https:\/\/www.notibras.com\/site\/wp-json\/wp\/v2\/types\/post"}],"author":[{"embeddable":true,"href":"https:\/\/www.notibras.com\/site\/wp-json\/wp\/v2\/users\/2"}],"replies":[{"embeddable":true,"href":"https:\/\/www.notibras.com\/site\/wp-json\/wp\/v2\/comments?post=376539"}],"version-history":[{"count":3,"href":"https:\/\/www.notibras.com\/site\/wp-json\/wp\/v2\/posts\/376539\/revisions"}],"predecessor-version":[{"id":376543,"href":"https:\/\/www.notibras.com\/site\/wp-json\/wp\/v2\/posts\/376539\/revisions\/376543"}],"wp:featuredmedia":[{"embeddable":true,"href":"https:\/\/www.notibras.com\/site\/wp-json\/wp\/v2\/media\/376540"}],"wp:attachment":[{"href":"https:\/\/www.notibras.com\/site\/wp-json\/wp\/v2\/media?parent=376539"}],"wp:term":[{"taxonomy":"category","embeddable":true,"href":"https:\/\/www.notibras.com\/site\/wp-json\/wp\/v2\/categories?post=376539"},{"taxonomy":"post_tag","embeddable":true,"href":"https:\/\/www.notibras.com\/site\/wp-json\/wp\/v2\/tags?post=376539"}],"curies":[{"name":"wp","href":"https:\/\/api.w.org\/{rel}","templated":true}]}}