{"id":376554,"date":"2025-12-27T07:54:31","date_gmt":"2025-12-27T10:54:31","guid":{"rendered":"https:\/\/www.notibras.com\/site\/?p=376554"},"modified":"2025-12-27T07:56:56","modified_gmt":"2025-12-27T10:56:56","slug":"quarto-no-nikkey-e-o-futuro-como-oportunidade-no-centro-do-poder-de-brasilia","status":"publish","type":"post","link":"https:\/\/www.notibras.com\/site\/quarto-no-nikkey-e-o-futuro-como-oportunidade-no-centro-do-poder-de-brasilia\/","title":{"rendered":"Quarto no Nikkey e o futuro como oportunidade no centro do poder de Bras\u00edlia"},"content":{"rendered":"<p>Partidas e chegadas s\u00e3o momentos decisivos de uma viagem chamada viver. Em cada despedida, apenas o \u00e1cido sabor de presen\u00e7as que suavemente se esvaem. Em cada encontro, milh\u00f5es de doces expectativas. Idas e vindas, uma espiral sem fim. Assim \u00e9 a vida. Ela \u00e9 um fluxo cont\u00ednuo a nos ensinar sobre desapego, a import\u00e2ncia das conex\u00f5es e, principalmente, a beleza de viver o presente, pois nada \u00e9 permanente, mas cada fase molda quem somos. N\u00e3o h\u00e1 transi\u00e7\u00e3o que n\u00e3o implique um ponto de partida, um processo e um ponto de chegada. Em minha travessia para o centro do poder, minha \u00fanica certeza era que, entre os que partem e os que chegam, as hist\u00f3rias s\u00f3 se completam com quem faz parada. Eu fiz. E faz hoje (27\/12) 40 anos.<\/p>\n<p>Montado na garupa de um dos antigos transportadores de sonhos da Itapemirim, com a cara e pouca coragem, cheguei, vi e fiquei. Foi um dos mais longos roteiros de minha jornada. Recepcionado por um estranho que, em tempo recorde, se transformou no amigo, irm\u00e3o, padrinho, diretor e parceiro de todas as horas, ouvi de Jos\u00e9 Seabra Neto, o pioneiro da amizade candanga, que seria uma viagem sem volta. Dando de ombros, afirmei que estava em Bras\u00edlia apenas para uma r\u00e1pida chuva. Da Rodoferrovi\u00e1ria at\u00e9 o ent\u00e3o Hotel Nikkey, hoje Garvey, imaginei uma eternidade. Seis meses ap\u00f3s arrumar diariamente as malas, aportei na Cidade Maravilhosa para visitar a fam\u00edlia. De repente, me vi no meio de uma multid\u00e3o enlouquecida.<\/p>\n<p>De imediato, me lembrei da calmaria da Capital e, silenciosamente, disse: &#8211; &#8220;N\u00e3o quero isso para mim&#8221;. Nunca mais pensei em voltar ao Rio para morar. O Rio de Janeiro, especialmente Realengo e Campo Grande, continuam presos \u00e0 alma e guardadinho no cora\u00e7\u00e3o. N\u00e3o volto, mas n\u00e3o os deixo. A fam\u00edlia, os amigos de sempre, as esquinas, o mar, a montanha, o trem da Central do Brasil, Madureira, Cascadura, o sub\u00farbio inteiro, as converg\u00eancias das avenidas Suburbana, 24 de Maio e Presidente Vargas, Maracan\u00e3, Flamengo, Petr\u00f3polis, Regi\u00e3o dos Lagos, conjuntos habitacionais, Sa\u00fade, S\u00e3o Crist\u00f3v\u00e3o e Quinta da Boa Vista. Enfim, tudo est\u00e1 vivo na pr\u00f3diga lembran\u00e7a.<\/p>\n<p>Em 1986, o Distrito Federal, com pouco mais de 500 mil habitantes, ainda parecia uma prov\u00edncia. Sucumbi \u00e0s tesourinhas, \u00e0 beleza das \u00e1rvores, aos chamados bal\u00f5es e aos olhos verdes de dona K\u00e1tia Regina do Nascimento, hoje Cardoso, m\u00e3e de minhas filhas, av\u00f3 de meus netos e mulher de todos os meus dias. Embora moment\u00e2neo, o susto ficou por conta da nomenclatura das quadras, avenidas e eixos do Plano Piloto. Ainda que dispensasse o aconchego do ombro e os embargos auriculares sussurrantes, me acalentava a presen\u00e7a dos amigos que impus a meu contratante, intermediado pelo eterno Os\u00e9as de Carvalho. Da chamada Legi\u00e3o Estrangeira, restam apenas dois: eu e meu nobre e querido Ricardo\u00a0<i>Olho Vivo<\/i>, o rep\u00f3rter que abriu m\u00e3o de ser prefeito de Niter\u00f3i para comigo se aventurar na Capital da Rep\u00fablica.<\/p>\n<p>Ad\u00e3o Nascimento, Roberto, M\u00e1rcio, Amado Ribeiro e Wanderley ficaram pelo caminho. Amado deve estar produzindo t\u00edtulos brilhantes para S\u00e3o Pedro. Dos demais, nada sei. Por motivos que desconhe\u00e7o, talvez n\u00e3o tenham tido o mesmo arrojo e a bravura que eu e Ricardo Nobre tivemos. Considerando o tempo j\u00e1 vivido, sou mais brasiliense do que carioca. Por aqui, cultivei amizades, enfrentei e venci desafios e atingi posi\u00e7\u00f5es pessoais e profissionais jamais imaginadas. Entender que a vida \u00e9 feita de ciclos me garantiu a paz diante de tudo que chega e de tudo que se vai, inclusive o sucesso ef\u00eamero. Pisando firme na terra vermelha da Capital, descobri rapidamente que, para alcan\u00e7ar o imposs\u00edvel, \u00e9 preciso desbravar o desconhecido. Foi o que fiz no jornalismo, no Governo Central e nos tr\u00eas tribunais superiores pelos quais passei. Buscando as verdades do romancista franc\u00eas Victor Hugo, lembrei que o futuro tem muitos nomes. Chamei o meu de oportunidade.<\/p>\n<p>Sabedor de que a vida \u00e9 feita de escolhas, eu escolhi vencer. N\u00e3o com o prop\u00f3sito de fazer dinheiro, mas de fazer hist\u00f3ria, de me estabelecer como cidad\u00e3o, de criar uma fam\u00edlia e de enfileirar amigos. Mais uma vez, foi o que decidi fazer ao longo desses 40 anos. Os muitos amigos que aqui fiz n\u00e3o existem somente em meu cora\u00e7\u00e3o. Eles fazem parte de minha vida. Afinal, o que seriam das partidas se n\u00e3o fossem as chegadas. A minha me apresentou, al\u00e9m dos j\u00e1 citados, meus irm\u00e3os e compadres Gerson Gon\u00e7alves, Valdir de Camargo e Paulo Roberto Gon\u00e7alves, meus parceiros Paulo Cotta, St\u00eanio Ribeiro, Luiz Ant\u00f4nio, Maur\u00edcio Cardoso, Valdemiro Schneider e Deus, o maior deles e com o qual me habituei a conversar e aprendi a mudar meu jeito de falar com as pessoas.\u00a0 Resta muito pouco do romantismo e do provincialismo da Bras\u00edlia que encontrei no dia 27 de dezembro de 1985.<\/p>\n<p>Por culpa de um governante populista que resolveu doar terrenos em troca de votos, Bras\u00edlia perdeu parte de seus encantos. Junto da Bi Ba B\u00f4, da Fofi, do Pont\u00e3o, do Xadrezinho, do Pedalinho, da Piscina de Ondas e do Pelez\u00e3o, tamb\u00e9m desapareceram Renato Russo, C\u00e1ssia Eller, Gerv\u00e1sio Baptista, Roberto Aguiar, Sep\u00falveda Pertence, Andrade Junior, Lulu Landwehr, a \u00faltima sobrevivente do Holocausto, e Newton Cruz, o general que me p\u00f4s diante de minha prova de fogo em Bras\u00edlia. Prestes a completar um ano na cidade, participei do dia em que a Esplanada dos Minist\u00e9rios se tornou palco do &#8220;Baderna\u00e7o&#8221;, o maior descontrole popular e um dos confrontos mais emblem\u00e1ticos de Bras\u00edlia e do pa\u00eds. Assim como tivemos o ano que n\u00e3o acabou, semanticamente aquele foi o dia que n\u00e3o acabou. Viv\u00edamos o governo de Jos\u00e9 Sarney. H\u00e1 escolhas que s\u00e3o como portas que s\u00f3 abrimos uma vez. Bras\u00edlia me escolheu. Me perdoem a pressa, mas, depois de Luiz In\u00e1cio, de quem mais posso falar? As elei\u00e7\u00f5es de 2026 me responder\u00e3o.<\/p>\n<p>&#8230;&#8230;&#8230;&#8230;&#8230;<\/p>\n<p><strong>Armando Cardoso \u00e9 presidente do Conselho Editorial de Notibras<\/strong><\/p>\n","protected":false},"excerpt":{"rendered":"<p>Partidas e chegadas s\u00e3o momentos decisivos de uma viagem chamada viver. Em cada despedida, apenas o \u00e1cido sabor de presen\u00e7as que suavemente se esvaem. Em cada encontro, milh\u00f5es de doces expectativas. Idas e vindas, uma espiral sem fim. Assim \u00e9 a vida. Ela \u00e9 um fluxo cont\u00ednuo a nos ensinar sobre desapego, a import\u00e2ncia das [&hellip;]<\/p>\n","protected":false},"author":2,"featured_media":376555,"comment_status":"closed","ping_status":"closed","sticky":false,"template":"","format":"standard","meta":{"_acf_changed":false,"footnotes":""},"categories":[161],"tags":[],"class_list":["post-376554","post","type-post","status-publish","format-standard","has-post-thumbnail","hentry","category-quadradinho-em-foco"],"acf":[],"yoast_head":"<!-- This site is optimized with the Yoast SEO plugin v27.5 - https:\/\/yoast.com\/product\/yoast-seo-wordpress\/ -->\n<title>Quarto no Nikkey e o futuro como oportunidade no centro do poder de Bras\u00edlia - Notibras<\/title>\n<meta name=\"robots\" content=\"index, follow, max-snippet:-1, max-image-preview:large, max-video-preview:-1\" \/>\n<link rel=\"canonical\" href=\"https:\/\/www.notibras.com\/site\/quarto-no-nikkey-e-o-futuro-como-oportunidade-no-centro-do-poder-de-brasilia\/\" \/>\n<meta property=\"og:locale\" content=\"pt_BR\" \/>\n<meta property=\"og:type\" content=\"article\" \/>\n<meta property=\"og:title\" content=\"Quarto no Nikkey e o futuro como oportunidade no centro do poder de Bras\u00edlia - Notibras\" \/>\n<meta property=\"og:description\" content=\"Partidas e chegadas s\u00e3o momentos decisivos de uma viagem chamada viver. Em cada despedida, apenas o \u00e1cido sabor de presen\u00e7as que suavemente se esvaem. Em cada encontro, milh\u00f5es de doces expectativas. Idas e vindas, uma espiral sem fim. Assim \u00e9 a vida. Ela \u00e9 um fluxo cont\u00ednuo a nos ensinar sobre desapego, a import\u00e2ncia das [&hellip;]\" \/>\n<meta property=\"og:url\" content=\"https:\/\/www.notibras.com\/site\/quarto-no-nikkey-e-o-futuro-como-oportunidade-no-centro-do-poder-de-brasilia\/\" \/>\n<meta property=\"og:site_name\" content=\"Notibras\" \/>\n<meta property=\"article:publisher\" content=\"https:\/\/www.facebook.com\/notibras\/\" \/>\n<meta property=\"article:published_time\" content=\"2025-12-27T10:54:31+00:00\" \/>\n<meta property=\"article:modified_time\" content=\"2025-12-27T10:56:56+00:00\" \/>\n<meta property=\"og:image\" content=\"https:\/\/www.notibras.com\/site\/wp-content\/uploads\/2025\/12\/abc-apart-hotel.jpg\" \/>\n\t<meta property=\"og:image:width\" content=\"700\" \/>\n\t<meta property=\"og:image:height\" content=\"525\" \/>\n\t<meta property=\"og:image:type\" content=\"image\/jpeg\" \/>\n<meta name=\"author\" content=\"Reda\u00e7\u00e3o\" \/>\n<meta name=\"twitter:card\" content=\"summary_large_image\" \/>\n<meta name=\"twitter:creator\" content=\"@Notibras\" \/>\n<meta name=\"twitter:site\" content=\"@Notibras\" \/>\n<meta name=\"twitter:label1\" content=\"Escrito por\" \/>\n\t<meta name=\"twitter:data1\" content=\"Reda\u00e7\u00e3o\" \/>\n\t<meta name=\"twitter:label2\" content=\"Est. tempo de leitura\" \/>\n\t<meta name=\"twitter:data2\" content=\"6 minutos\" \/>\n<script type=\"application\/ld+json\" class=\"yoast-schema-graph\">{\"@context\":\"https:\\\/\\\/schema.org\",\"@graph\":[{\"@type\":\"Article\",\"@id\":\"https:\\\/\\\/www.notibras.com\\\/site\\\/quarto-no-nikkey-e-o-futuro-como-oportunidade-no-centro-do-poder-de-brasilia\\\/#article\",\"isPartOf\":{\"@id\":\"https:\\\/\\\/www.notibras.com\\\/site\\\/quarto-no-nikkey-e-o-futuro-como-oportunidade-no-centro-do-poder-de-brasilia\\\/\"},\"author\":{\"name\":\"Reda\u00e7\u00e3o\",\"@id\":\"https:\\\/\\\/www.notibras.com\\\/site\\\/#\\\/schema\\\/person\\\/36ab0979449956132d3e5b517ea76ac8\"},\"headline\":\"Quarto no Nikkey e o futuro como oportunidade no centro do poder de Bras\u00edlia\",\"datePublished\":\"2025-12-27T10:54:31+00:00\",\"dateModified\":\"2025-12-27T10:56:56+00:00\",\"mainEntityOfPage\":{\"@id\":\"https:\\\/\\\/www.notibras.com\\\/site\\\/quarto-no-nikkey-e-o-futuro-como-oportunidade-no-centro-do-poder-de-brasilia\\\/\"},\"wordCount\":1064,\"publisher\":{\"@id\":\"https:\\\/\\\/www.notibras.com\\\/site\\\/#organization\"},\"image\":{\"@id\":\"https:\\\/\\\/www.notibras.com\\\/site\\\/quarto-no-nikkey-e-o-futuro-como-oportunidade-no-centro-do-poder-de-brasilia\\\/#primaryimage\"},\"thumbnailUrl\":\"https:\\\/\\\/www.notibras.com\\\/site\\\/wp-content\\\/uploads\\\/2025\\\/12\\\/abc-apart-hotel.jpg\",\"articleSection\":[\"Quadradinho em Foco\"],\"inLanguage\":\"pt-BR\"},{\"@type\":\"WebPage\",\"@id\":\"https:\\\/\\\/www.notibras.com\\\/site\\\/quarto-no-nikkey-e-o-futuro-como-oportunidade-no-centro-do-poder-de-brasilia\\\/\",\"url\":\"https:\\\/\\\/www.notibras.com\\\/site\\\/quarto-no-nikkey-e-o-futuro-como-oportunidade-no-centro-do-poder-de-brasilia\\\/\",\"name\":\"Quarto no Nikkey e o futuro como oportunidade no centro do poder de Bras\u00edlia - Notibras\",\"isPartOf\":{\"@id\":\"https:\\\/\\\/www.notibras.com\\\/site\\\/#website\"},\"primaryImageOfPage\":{\"@id\":\"https:\\\/\\\/www.notibras.com\\\/site\\\/quarto-no-nikkey-e-o-futuro-como-oportunidade-no-centro-do-poder-de-brasilia\\\/#primaryimage\"},\"image\":{\"@id\":\"https:\\\/\\\/www.notibras.com\\\/site\\\/quarto-no-nikkey-e-o-futuro-como-oportunidade-no-centro-do-poder-de-brasilia\\\/#primaryimage\"},\"thumbnailUrl\":\"https:\\\/\\\/www.notibras.com\\\/site\\\/wp-content\\\/uploads\\\/2025\\\/12\\\/abc-apart-hotel.jpg\",\"datePublished\":\"2025-12-27T10:54:31+00:00\",\"dateModified\":\"2025-12-27T10:56:56+00:00\",\"breadcrumb\":{\"@id\":\"https:\\\/\\\/www.notibras.com\\\/site\\\/quarto-no-nikkey-e-o-futuro-como-oportunidade-no-centro-do-poder-de-brasilia\\\/#breadcrumb\"},\"inLanguage\":\"pt-BR\",\"potentialAction\":[{\"@type\":\"ReadAction\",\"target\":[\"https:\\\/\\\/www.notibras.com\\\/site\\\/quarto-no-nikkey-e-o-futuro-como-oportunidade-no-centro-do-poder-de-brasilia\\\/\"]}]},{\"@type\":\"ImageObject\",\"inLanguage\":\"pt-BR\",\"@id\":\"https:\\\/\\\/www.notibras.com\\\/site\\\/quarto-no-nikkey-e-o-futuro-como-oportunidade-no-centro-do-poder-de-brasilia\\\/#primaryimage\",\"url\":\"https:\\\/\\\/www.notibras.com\\\/site\\\/wp-content\\\/uploads\\\/2025\\\/12\\\/abc-apart-hotel.jpg\",\"contentUrl\":\"https:\\\/\\\/www.notibras.com\\\/site\\\/wp-content\\\/uploads\\\/2025\\\/12\\\/abc-apart-hotel.jpg\",\"width\":700,\"height\":525},{\"@type\":\"BreadcrumbList\",\"@id\":\"https:\\\/\\\/www.notibras.com\\\/site\\\/quarto-no-nikkey-e-o-futuro-como-oportunidade-no-centro-do-poder-de-brasilia\\\/#breadcrumb\",\"itemListElement\":[{\"@type\":\"ListItem\",\"position\":1,\"name\":\"In\u00edcio\",\"item\":\"https:\\\/\\\/www.notibras.com\\\/site\\\/\"},{\"@type\":\"ListItem\",\"position\":2,\"name\":\"Quarto no Nikkey e o futuro como oportunidade no centro do poder de Bras\u00edlia\"}]},{\"@type\":\"WebSite\",\"@id\":\"https:\\\/\\\/www.notibras.com\\\/site\\\/#website\",\"url\":\"https:\\\/\\\/www.notibras.com\\\/site\\\/\",\"name\":\"Notibras\",\"description\":\"Not\u00edcias de Bras\u00edlia, do Brasil e do Mundo\",\"publisher\":{\"@id\":\"https:\\\/\\\/www.notibras.com\\\/site\\\/#organization\"},\"potentialAction\":[{\"@type\":\"SearchAction\",\"target\":{\"@type\":\"EntryPoint\",\"urlTemplate\":\"https:\\\/\\\/www.notibras.com\\\/site\\\/?s={search_term_string}\"},\"query-input\":{\"@type\":\"PropertyValueSpecification\",\"valueRequired\":true,\"valueName\":\"search_term_string\"}}],\"inLanguage\":\"pt-BR\"},{\"@type\":\"Organization\",\"@id\":\"https:\\\/\\\/www.notibras.com\\\/site\\\/#organization\",\"name\":\"Grupo Notibras de Comunica\u00e7\u00e3o\",\"url\":\"https:\\\/\\\/www.notibras.com\\\/site\\\/\",\"logo\":{\"@type\":\"ImageObject\",\"inLanguage\":\"pt-BR\",\"@id\":\"https:\\\/\\\/www.notibras.com\\\/site\\\/#\\\/schema\\\/logo\\\/image\\\/\",\"url\":\"https:\\\/\\\/www.notibras.com\\\/site\\\/wp-content\\\/uploads\\\/2023\\\/01\\\/notibras23.png\",\"contentUrl\":\"https:\\\/\\\/www.notibras.com\\\/site\\\/wp-content\\\/uploads\\\/2023\\\/01\\\/notibras23.png\",\"width\":350,\"height\":87,\"caption\":\"Grupo Notibras de Comunica\u00e7\u00e3o\"},\"image\":{\"@id\":\"https:\\\/\\\/www.notibras.com\\\/site\\\/#\\\/schema\\\/logo\\\/image\\\/\"},\"sameAs\":[\"https:\\\/\\\/www.facebook.com\\\/notibras\\\/\",\"https:\\\/\\\/x.com\\\/Notibras\",\"https:\\\/\\\/www.instagram.com\\\/notibras\\\/\"]},{\"@type\":\"Person\",\"@id\":\"https:\\\/\\\/www.notibras.com\\\/site\\\/#\\\/schema\\\/person\\\/36ab0979449956132d3e5b517ea76ac8\",\"name\":\"Reda\u00e7\u00e3o\",\"image\":{\"@type\":\"ImageObject\",\"inLanguage\":\"pt-BR\",\"@id\":\"https:\\\/\\\/secure.gravatar.com\\\/avatar\\\/e0a867bdedb85fd243eadf09663511f96fc81e0720a4a42581f334ad4303aa6b?s=96&d=mm&r=g\",\"url\":\"https:\\\/\\\/secure.gravatar.com\\\/avatar\\\/e0a867bdedb85fd243eadf09663511f96fc81e0720a4a42581f334ad4303aa6b?s=96&d=mm&r=g\",\"contentUrl\":\"https:\\\/\\\/secure.gravatar.com\\\/avatar\\\/e0a867bdedb85fd243eadf09663511f96fc81e0720a4a42581f334ad4303aa6b?s=96&d=mm&r=g\",\"caption\":\"Reda\u00e7\u00e3o\"}}]}<\/script>\n<!-- \/ Yoast SEO plugin. -->","yoast_head_json":{"title":"Quarto no Nikkey e o futuro como oportunidade no centro do poder de Bras\u00edlia - Notibras","robots":{"index":"index","follow":"follow","max-snippet":"max-snippet:-1","max-image-preview":"max-image-preview:large","max-video-preview":"max-video-preview:-1"},"canonical":"https:\/\/www.notibras.com\/site\/quarto-no-nikkey-e-o-futuro-como-oportunidade-no-centro-do-poder-de-brasilia\/","og_locale":"pt_BR","og_type":"article","og_title":"Quarto no Nikkey e o futuro como oportunidade no centro do poder de Bras\u00edlia - Notibras","og_description":"Partidas e chegadas s\u00e3o momentos decisivos de uma viagem chamada viver. Em cada despedida, apenas o \u00e1cido sabor de presen\u00e7as que suavemente se esvaem. Em cada encontro, milh\u00f5es de doces expectativas. Idas e vindas, uma espiral sem fim. Assim \u00e9 a vida. Ela \u00e9 um fluxo cont\u00ednuo a nos ensinar sobre desapego, a import\u00e2ncia das [&hellip;]","og_url":"https:\/\/www.notibras.com\/site\/quarto-no-nikkey-e-o-futuro-como-oportunidade-no-centro-do-poder-de-brasilia\/","og_site_name":"Notibras","article_publisher":"https:\/\/www.facebook.com\/notibras\/","article_published_time":"2025-12-27T10:54:31+00:00","article_modified_time":"2025-12-27T10:56:56+00:00","og_image":[{"width":700,"height":525,"url":"https:\/\/www.notibras.com\/site\/wp-content\/uploads\/2025\/12\/abc-apart-hotel.jpg","type":"image\/jpeg"}],"author":"Reda\u00e7\u00e3o","twitter_card":"summary_large_image","twitter_creator":"@Notibras","twitter_site":"@Notibras","twitter_misc":{"Escrito por":"Reda\u00e7\u00e3o","Est. tempo de leitura":"6 minutos"},"schema":{"@context":"https:\/\/schema.org","@graph":[{"@type":"Article","@id":"https:\/\/www.notibras.com\/site\/quarto-no-nikkey-e-o-futuro-como-oportunidade-no-centro-do-poder-de-brasilia\/#article","isPartOf":{"@id":"https:\/\/www.notibras.com\/site\/quarto-no-nikkey-e-o-futuro-como-oportunidade-no-centro-do-poder-de-brasilia\/"},"author":{"name":"Reda\u00e7\u00e3o","@id":"https:\/\/www.notibras.com\/site\/#\/schema\/person\/36ab0979449956132d3e5b517ea76ac8"},"headline":"Quarto no Nikkey e o futuro como oportunidade no centro do poder de Bras\u00edlia","datePublished":"2025-12-27T10:54:31+00:00","dateModified":"2025-12-27T10:56:56+00:00","mainEntityOfPage":{"@id":"https:\/\/www.notibras.com\/site\/quarto-no-nikkey-e-o-futuro-como-oportunidade-no-centro-do-poder-de-brasilia\/"},"wordCount":1064,"publisher":{"@id":"https:\/\/www.notibras.com\/site\/#organization"},"image":{"@id":"https:\/\/www.notibras.com\/site\/quarto-no-nikkey-e-o-futuro-como-oportunidade-no-centro-do-poder-de-brasilia\/#primaryimage"},"thumbnailUrl":"https:\/\/www.notibras.com\/site\/wp-content\/uploads\/2025\/12\/abc-apart-hotel.jpg","articleSection":["Quadradinho em Foco"],"inLanguage":"pt-BR"},{"@type":"WebPage","@id":"https:\/\/www.notibras.com\/site\/quarto-no-nikkey-e-o-futuro-como-oportunidade-no-centro-do-poder-de-brasilia\/","url":"https:\/\/www.notibras.com\/site\/quarto-no-nikkey-e-o-futuro-como-oportunidade-no-centro-do-poder-de-brasilia\/","name":"Quarto no Nikkey e o futuro como oportunidade no centro do poder de Bras\u00edlia - Notibras","isPartOf":{"@id":"https:\/\/www.notibras.com\/site\/#website"},"primaryImageOfPage":{"@id":"https:\/\/www.notibras.com\/site\/quarto-no-nikkey-e-o-futuro-como-oportunidade-no-centro-do-poder-de-brasilia\/#primaryimage"},"image":{"@id":"https:\/\/www.notibras.com\/site\/quarto-no-nikkey-e-o-futuro-como-oportunidade-no-centro-do-poder-de-brasilia\/#primaryimage"},"thumbnailUrl":"https:\/\/www.notibras.com\/site\/wp-content\/uploads\/2025\/12\/abc-apart-hotel.jpg","datePublished":"2025-12-27T10:54:31+00:00","dateModified":"2025-12-27T10:56:56+00:00","breadcrumb":{"@id":"https:\/\/www.notibras.com\/site\/quarto-no-nikkey-e-o-futuro-como-oportunidade-no-centro-do-poder-de-brasilia\/#breadcrumb"},"inLanguage":"pt-BR","potentialAction":[{"@type":"ReadAction","target":["https:\/\/www.notibras.com\/site\/quarto-no-nikkey-e-o-futuro-como-oportunidade-no-centro-do-poder-de-brasilia\/"]}]},{"@type":"ImageObject","inLanguage":"pt-BR","@id":"https:\/\/www.notibras.com\/site\/quarto-no-nikkey-e-o-futuro-como-oportunidade-no-centro-do-poder-de-brasilia\/#primaryimage","url":"https:\/\/www.notibras.com\/site\/wp-content\/uploads\/2025\/12\/abc-apart-hotel.jpg","contentUrl":"https:\/\/www.notibras.com\/site\/wp-content\/uploads\/2025\/12\/abc-apart-hotel.jpg","width":700,"height":525},{"@type":"BreadcrumbList","@id":"https:\/\/www.notibras.com\/site\/quarto-no-nikkey-e-o-futuro-como-oportunidade-no-centro-do-poder-de-brasilia\/#breadcrumb","itemListElement":[{"@type":"ListItem","position":1,"name":"In\u00edcio","item":"https:\/\/www.notibras.com\/site\/"},{"@type":"ListItem","position":2,"name":"Quarto no Nikkey e o futuro como oportunidade no centro do poder de Bras\u00edlia"}]},{"@type":"WebSite","@id":"https:\/\/www.notibras.com\/site\/#website","url":"https:\/\/www.notibras.com\/site\/","name":"Notibras","description":"Not\u00edcias de Bras\u00edlia, do Brasil e do Mundo","publisher":{"@id":"https:\/\/www.notibras.com\/site\/#organization"},"potentialAction":[{"@type":"SearchAction","target":{"@type":"EntryPoint","urlTemplate":"https:\/\/www.notibras.com\/site\/?s={search_term_string}"},"query-input":{"@type":"PropertyValueSpecification","valueRequired":true,"valueName":"search_term_string"}}],"inLanguage":"pt-BR"},{"@type":"Organization","@id":"https:\/\/www.notibras.com\/site\/#organization","name":"Grupo Notibras de Comunica\u00e7\u00e3o","url":"https:\/\/www.notibras.com\/site\/","logo":{"@type":"ImageObject","inLanguage":"pt-BR","@id":"https:\/\/www.notibras.com\/site\/#\/schema\/logo\/image\/","url":"https:\/\/www.notibras.com\/site\/wp-content\/uploads\/2023\/01\/notibras23.png","contentUrl":"https:\/\/www.notibras.com\/site\/wp-content\/uploads\/2023\/01\/notibras23.png","width":350,"height":87,"caption":"Grupo Notibras de Comunica\u00e7\u00e3o"},"image":{"@id":"https:\/\/www.notibras.com\/site\/#\/schema\/logo\/image\/"},"sameAs":["https:\/\/www.facebook.com\/notibras\/","https:\/\/x.com\/Notibras","https:\/\/www.instagram.com\/notibras\/"]},{"@type":"Person","@id":"https:\/\/www.notibras.com\/site\/#\/schema\/person\/36ab0979449956132d3e5b517ea76ac8","name":"Reda\u00e7\u00e3o","image":{"@type":"ImageObject","inLanguage":"pt-BR","@id":"https:\/\/secure.gravatar.com\/avatar\/e0a867bdedb85fd243eadf09663511f96fc81e0720a4a42581f334ad4303aa6b?s=96&d=mm&r=g","url":"https:\/\/secure.gravatar.com\/avatar\/e0a867bdedb85fd243eadf09663511f96fc81e0720a4a42581f334ad4303aa6b?s=96&d=mm&r=g","contentUrl":"https:\/\/secure.gravatar.com\/avatar\/e0a867bdedb85fd243eadf09663511f96fc81e0720a4a42581f334ad4303aa6b?s=96&d=mm&r=g","caption":"Reda\u00e7\u00e3o"}}]}},"amp_enabled":true,"_links":{"self":[{"href":"https:\/\/www.notibras.com\/site\/wp-json\/wp\/v2\/posts\/376554","targetHints":{"allow":["GET"]}}],"collection":[{"href":"https:\/\/www.notibras.com\/site\/wp-json\/wp\/v2\/posts"}],"about":[{"href":"https:\/\/www.notibras.com\/site\/wp-json\/wp\/v2\/types\/post"}],"author":[{"embeddable":true,"href":"https:\/\/www.notibras.com\/site\/wp-json\/wp\/v2\/users\/2"}],"replies":[{"embeddable":true,"href":"https:\/\/www.notibras.com\/site\/wp-json\/wp\/v2\/comments?post=376554"}],"version-history":[{"count":3,"href":"https:\/\/www.notibras.com\/site\/wp-json\/wp\/v2\/posts\/376554\/revisions"}],"predecessor-version":[{"id":376558,"href":"https:\/\/www.notibras.com\/site\/wp-json\/wp\/v2\/posts\/376554\/revisions\/376558"}],"wp:featuredmedia":[{"embeddable":true,"href":"https:\/\/www.notibras.com\/site\/wp-json\/wp\/v2\/media\/376555"}],"wp:attachment":[{"href":"https:\/\/www.notibras.com\/site\/wp-json\/wp\/v2\/media?parent=376554"}],"wp:term":[{"taxonomy":"category","embeddable":true,"href":"https:\/\/www.notibras.com\/site\/wp-json\/wp\/v2\/categories?post=376554"},{"taxonomy":"post_tag","embeddable":true,"href":"https:\/\/www.notibras.com\/site\/wp-json\/wp\/v2\/tags?post=376554"}],"curies":[{"name":"wp","href":"https:\/\/api.w.org\/{rel}","templated":true}]}}