{"id":376559,"date":"2025-12-27T08:03:53","date_gmt":"2025-12-27T11:03:53","guid":{"rendered":"https:\/\/www.notibras.com\/site\/?p=376559"},"modified":"2025-12-27T08:05:02","modified_gmt":"2025-12-27T11:05:02","slug":"a-cidade-mistica-esquecida-no-fundo-do-mar","status":"publish","type":"post","link":"https:\/\/www.notibras.com\/site\/a-cidade-mistica-esquecida-no-fundo-do-mar\/","title":{"rendered":"A cidade m\u00edstica esquecida no fundo do mar"},"content":{"rendered":"<p data-start=\"322\" data-end=\"648\">H\u00e1 nomes que resistem ao tempo n\u00e3o porque foram encontrados, mas porque jamais se deixaram capturar. Atl\u00e2ntida \u00e9 um deles. A cidade submersa, engolida pelas \u00e1guas e pela pr\u00f3pria soberba, permanece como uma miragem intelectual: quanto mais se tenta alcan\u00e7\u00e1-la, mais ela se dissolve em mito, filosofia e desejo humano de origem.<\/p>\n<p data-start=\"650\" data-end=\"1245\">A primeira e \u00fanica fonte cl\u00e1ssica sobre Atl\u00e2ntida vem de Plat\u00e3o, nos di\u00e1logos <em data-start=\"732\" data-end=\"739\">Timeu<\/em> e <em data-start=\"742\" data-end=\"751\">Cr\u00edtias<\/em>, escritos por volta de 360 a.C. Ali, o fil\u00f3sofo descreve uma civiliza\u00e7\u00e3o avan\u00e7ada, rica, poderosa, situada \u201cal\u00e9m das Colunas de H\u00e9rcules\u201d \u2014 o que hoje chamamos de Estreito de Gibraltar. Atl\u00e2ntida teria sido uma pot\u00eancia mar\u00edtima, dona de arquitetura monumental, tecnologia sofisticada e uma organiza\u00e7\u00e3o pol\u00edtica exemplar. Mas tamb\u00e9m teria sucumbido \u00e0 pr\u00f3pria decad\u00eancia moral, sendo punida pelos deuses com terremotos e inunda\u00e7\u00f5es que a fizeram desaparecer \u201cem um \u00fanico dia e uma \u00fanica noite\u201d.<\/p>\n<p data-start=\"1247\" data-end=\"1611\">Desde ent\u00e3o, Atl\u00e2ntida se transformou em mais do que um lugar: virou s\u00edmbolo. Para Plat\u00e3o, n\u00e3o se tratava apenas de uma narrativa geogr\u00e1fica, mas de uma alegoria sobre o destino das sociedades que confundem progresso com virtude. A queda de Atl\u00e2ntida funcionava como advert\u00eancia \u2014 uma civiliza\u00e7\u00e3o pode dominar o mundo e, ainda assim, n\u00e3o sobreviver a si mesma.<\/p>\n<p data-start=\"1613\" data-end=\"2091\">Ao longo dos s\u00e9culos, a lenda foi sendo reciclada conforme as obsess\u00f5es de cada \u00e9poca. Na Idade M\u00e9dia, foi absorvida como relato moral. No Renascimento, reacendeu a imagina\u00e7\u00e3o geogr\u00e1fica. No s\u00e9culo XIX, virou quase ci\u00eancia alternativa, alimentada por teorias que a localizavam no Atl\u00e2ntico, no Caribe, na Ant\u00e1rtida ou at\u00e9 sob o deserto do Saara. No s\u00e9culo XX, passou a dialogar com o esoterismo, a ufologia e a ideia de civiliza\u00e7\u00f5es tecnologicamente avan\u00e7adas perdidas no tempo.<\/p>\n<p data-start=\"2093\" data-end=\"2466\">Curiosamente, nenhuma escava\u00e7\u00e3o s\u00e9ria jamais comprovou sua exist\u00eancia. E talvez a\u00ed resida sua for\u00e7a. Atl\u00e2ntida sobrevive justamente porque n\u00e3o foi encontrada. Ela habita o espa\u00e7o f\u00e9rtil entre o que foi e o que poderia ter sido. Um espelho no qual projetamos nossas utopias e nossos medos: o medo da destrui\u00e7\u00e3o ambiental, da arrog\u00e2ncia tecnol\u00f3gica, do colapso civilizat\u00f3rio.<\/p>\n<p data-start=\"2468\" data-end=\"2819\">Em tempos de aquecimento global, cidades costeiras amea\u00e7adas e oceanos em f\u00faria silenciosa, Atl\u00e2ntida soa menos como lenda antiga e mais como press\u00e1gio. N\u00e3o porque exista sob as \u00e1guas, mas porque talvez estejamos, n\u00f3s mesmos, repetindo seu roteiro \u2014 acreditando que o dom\u00ednio da t\u00e9cnica nos isenta das consequ\u00eancias morais e ambientais de nossos atos.<\/p>\n<p data-start=\"2821\" data-end=\"3143\">Atl\u00e2ntida, no fim, pode n\u00e3o estar no fundo do mar. Pode estar no futuro que evitamos encarar. A cidade perdida n\u00e3o pede escava\u00e7\u00f5es; pede reflex\u00e3o. E enquanto houver humanidade tentando se lembrar de quem \u00e9 \u2014 e de quem n\u00e3o deve se tornar \u2014, o nome Atl\u00e2ntida continuar\u00e1 emergindo, n\u00e3o das \u00e1guas, mas da consci\u00eancia coletiva.<\/p>\n","protected":false},"excerpt":{"rendered":"<p>H\u00e1 nomes que resistem ao tempo n\u00e3o porque foram encontrados, mas porque jamais se deixaram capturar. Atl\u00e2ntida \u00e9 um deles. A cidade submersa, engolida pelas \u00e1guas e pela pr\u00f3pria soberba, permanece como uma miragem intelectual: quanto mais se tenta alcan\u00e7\u00e1-la, mais ela se dissolve em mito, filosofia e desejo humano de origem. A primeira e [&hellip;]<\/p>\n","protected":false},"author":2,"featured_media":376560,"comment_status":"closed","ping_status":"closed","sticky":false,"template":"","format":"standard","meta":{"_acf_changed":false,"footnotes":""},"categories":[237],"tags":[],"class_list":["post-376559","post","type-post","status-publish","format-standard","has-post-thumbnail","hentry","category-oraculos"],"acf":[],"yoast_head":"<!-- This site is optimized with the Yoast SEO plugin v27.2 - https:\/\/yoast.com\/product\/yoast-seo-wordpress\/ -->\n<title>A cidade m\u00edstica esquecida no fundo do mar - Notibras<\/title>\n<meta name=\"robots\" content=\"index, follow, max-snippet:-1, max-image-preview:large, max-video-preview:-1\" \/>\n<link rel=\"canonical\" href=\"https:\/\/www.notibras.com\/site\/a-cidade-mistica-esquecida-no-fundo-do-mar\/\" \/>\n<meta property=\"og:locale\" content=\"pt_BR\" \/>\n<meta property=\"og:type\" content=\"article\" \/>\n<meta property=\"og:title\" content=\"A cidade m\u00edstica esquecida no fundo do mar - Notibras\" \/>\n<meta property=\"og:description\" content=\"H\u00e1 nomes que resistem ao tempo n\u00e3o porque foram encontrados, mas porque jamais se deixaram capturar. Atl\u00e2ntida \u00e9 um deles. A cidade submersa, engolida pelas \u00e1guas e pela pr\u00f3pria soberba, permanece como uma miragem intelectual: quanto mais se tenta alcan\u00e7\u00e1-la, mais ela se dissolve em mito, filosofia e desejo humano de origem. A primeira e [&hellip;]\" \/>\n<meta property=\"og:url\" content=\"https:\/\/www.notibras.com\/site\/a-cidade-mistica-esquecida-no-fundo-do-mar\/\" \/>\n<meta property=\"og:site_name\" content=\"Notibras\" \/>\n<meta property=\"article:publisher\" content=\"https:\/\/www.facebook.com\/notibras\/\" \/>\n<meta property=\"article:published_time\" content=\"2025-12-27T11:03:53+00:00\" \/>\n<meta property=\"article:modified_time\" content=\"2025-12-27T11:05:02+00:00\" \/>\n<meta property=\"og:image\" content=\"https:\/\/www.notibras.com\/site\/wp-content\/uploads\/2025\/12\/b3d6086b-e9d8-4eef-9dfd-b73a9ce2e97f.jpg\" \/>\n\t<meta property=\"og:image:width\" content=\"810\" \/>\n\t<meta property=\"og:image:height\" content=\"1440\" \/>\n\t<meta property=\"og:image:type\" content=\"image\/jpeg\" \/>\n<meta name=\"author\" content=\"Reda\u00e7\u00e3o\" \/>\n<meta name=\"twitter:card\" content=\"summary_large_image\" \/>\n<meta name=\"twitter:creator\" content=\"@Notibras\" \/>\n<meta name=\"twitter:site\" content=\"@Notibras\" \/>\n<meta name=\"twitter:label1\" content=\"Escrito por\" \/>\n\t<meta name=\"twitter:data1\" content=\"Reda\u00e7\u00e3o\" \/>\n\t<meta name=\"twitter:label2\" content=\"Est. tempo de leitura\" \/>\n\t<meta name=\"twitter:data2\" content=\"3 minutos\" \/>\n<script type=\"application\/ld+json\" class=\"yoast-schema-graph\">{\"@context\":\"https:\/\/schema.org\",\"@graph\":[{\"@type\":\"Article\",\"@id\":\"https:\/\/www.notibras.com\/site\/a-cidade-mistica-esquecida-no-fundo-do-mar\/#article\",\"isPartOf\":{\"@id\":\"https:\/\/www.notibras.com\/site\/a-cidade-mistica-esquecida-no-fundo-do-mar\/\"},\"author\":{\"name\":\"Reda\u00e7\u00e3o\",\"@id\":\"https:\/\/www.notibras.com\/site\/#\/schema\/person\/36ab0979449956132d3e5b517ea76ac8\"},\"headline\":\"A cidade m\u00edstica esquecida no fundo do mar\",\"datePublished\":\"2025-12-27T11:03:53+00:00\",\"dateModified\":\"2025-12-27T11:05:02+00:00\",\"mainEntityOfPage\":{\"@id\":\"https:\/\/www.notibras.com\/site\/a-cidade-mistica-esquecida-no-fundo-do-mar\/\"},\"wordCount\":522,\"publisher\":{\"@id\":\"https:\/\/www.notibras.com\/site\/#organization\"},\"image\":{\"@id\":\"https:\/\/www.notibras.com\/site\/a-cidade-mistica-esquecida-no-fundo-do-mar\/#primaryimage\"},\"thumbnailUrl\":\"https:\/\/www.notibras.com\/site\/wp-content\/uploads\/2025\/12\/b3d6086b-e9d8-4eef-9dfd-b73a9ce2e97f.jpg\",\"articleSection\":[\"Or\u00e1culos\"],\"inLanguage\":\"pt-BR\"},{\"@type\":\"WebPage\",\"@id\":\"https:\/\/www.notibras.com\/site\/a-cidade-mistica-esquecida-no-fundo-do-mar\/\",\"url\":\"https:\/\/www.notibras.com\/site\/a-cidade-mistica-esquecida-no-fundo-do-mar\/\",\"name\":\"A cidade m\u00edstica esquecida no fundo do mar - Notibras\",\"isPartOf\":{\"@id\":\"https:\/\/www.notibras.com\/site\/#website\"},\"primaryImageOfPage\":{\"@id\":\"https:\/\/www.notibras.com\/site\/a-cidade-mistica-esquecida-no-fundo-do-mar\/#primaryimage\"},\"image\":{\"@id\":\"https:\/\/www.notibras.com\/site\/a-cidade-mistica-esquecida-no-fundo-do-mar\/#primaryimage\"},\"thumbnailUrl\":\"https:\/\/www.notibras.com\/site\/wp-content\/uploads\/2025\/12\/b3d6086b-e9d8-4eef-9dfd-b73a9ce2e97f.jpg\",\"datePublished\":\"2025-12-27T11:03:53+00:00\",\"dateModified\":\"2025-12-27T11:05:02+00:00\",\"breadcrumb\":{\"@id\":\"https:\/\/www.notibras.com\/site\/a-cidade-mistica-esquecida-no-fundo-do-mar\/#breadcrumb\"},\"inLanguage\":\"pt-BR\",\"potentialAction\":[{\"@type\":\"ReadAction\",\"target\":[\"https:\/\/www.notibras.com\/site\/a-cidade-mistica-esquecida-no-fundo-do-mar\/\"]}]},{\"@type\":\"ImageObject\",\"inLanguage\":\"pt-BR\",\"@id\":\"https:\/\/www.notibras.com\/site\/a-cidade-mistica-esquecida-no-fundo-do-mar\/#primaryimage\",\"url\":\"https:\/\/www.notibras.com\/site\/wp-content\/uploads\/2025\/12\/b3d6086b-e9d8-4eef-9dfd-b73a9ce2e97f.jpg\",\"contentUrl\":\"https:\/\/www.notibras.com\/site\/wp-content\/uploads\/2025\/12\/b3d6086b-e9d8-4eef-9dfd-b73a9ce2e97f.jpg\",\"width\":810,\"height\":1440},{\"@type\":\"BreadcrumbList\",\"@id\":\"https:\/\/www.notibras.com\/site\/a-cidade-mistica-esquecida-no-fundo-do-mar\/#breadcrumb\",\"itemListElement\":[{\"@type\":\"ListItem\",\"position\":1,\"name\":\"In\u00edcio\",\"item\":\"https:\/\/www.notibras.com\/site\/\"},{\"@type\":\"ListItem\",\"position\":2,\"name\":\"A cidade m\u00edstica esquecida no fundo do mar\"}]},{\"@type\":\"WebSite\",\"@id\":\"https:\/\/www.notibras.com\/site\/#website\",\"url\":\"https:\/\/www.notibras.com\/site\/\",\"name\":\"Notibras\",\"description\":\"Not\u00edcias de Bras\u00edlia, do Brasil e do Mundo\",\"publisher\":{\"@id\":\"https:\/\/www.notibras.com\/site\/#organization\"},\"potentialAction\":[{\"@type\":\"SearchAction\",\"target\":{\"@type\":\"EntryPoint\",\"urlTemplate\":\"https:\/\/www.notibras.com\/site\/?s={search_term_string}\"},\"query-input\":{\"@type\":\"PropertyValueSpecification\",\"valueRequired\":true,\"valueName\":\"search_term_string\"}}],\"inLanguage\":\"pt-BR\"},{\"@type\":\"Organization\",\"@id\":\"https:\/\/www.notibras.com\/site\/#organization\",\"name\":\"Grupo Notibras de Comunica\u00e7\u00e3o\",\"url\":\"https:\/\/www.notibras.com\/site\/\",\"logo\":{\"@type\":\"ImageObject\",\"inLanguage\":\"pt-BR\",\"@id\":\"https:\/\/www.notibras.com\/site\/#\/schema\/logo\/image\/\",\"url\":\"https:\/\/www.notibras.com\/site\/wp-content\/uploads\/2023\/01\/notibras23.png\",\"contentUrl\":\"https:\/\/www.notibras.com\/site\/wp-content\/uploads\/2023\/01\/notibras23.png\",\"width\":350,\"height\":87,\"caption\":\"Grupo Notibras de Comunica\u00e7\u00e3o\"},\"image\":{\"@id\":\"https:\/\/www.notibras.com\/site\/#\/schema\/logo\/image\/\"},\"sameAs\":[\"https:\/\/www.facebook.com\/notibras\/\",\"https:\/\/x.com\/Notibras\",\"https:\/\/www.instagram.com\/notibras\/\"]},{\"@type\":\"Person\",\"@id\":\"https:\/\/www.notibras.com\/site\/#\/schema\/person\/36ab0979449956132d3e5b517ea76ac8\",\"name\":\"Reda\u00e7\u00e3o\",\"image\":{\"@type\":\"ImageObject\",\"inLanguage\":\"pt-BR\",\"@id\":\"https:\/\/secure.gravatar.com\/avatar\/e0a867bdedb85fd243eadf09663511f96fc81e0720a4a42581f334ad4303aa6b?s=96&d=mm&r=g\",\"url\":\"https:\/\/secure.gravatar.com\/avatar\/e0a867bdedb85fd243eadf09663511f96fc81e0720a4a42581f334ad4303aa6b?s=96&d=mm&r=g\",\"contentUrl\":\"https:\/\/secure.gravatar.com\/avatar\/e0a867bdedb85fd243eadf09663511f96fc81e0720a4a42581f334ad4303aa6b?s=96&d=mm&r=g\",\"caption\":\"Reda\u00e7\u00e3o\"}}]}<\/script>\n<!-- \/ Yoast SEO plugin. -->","yoast_head_json":{"title":"A cidade m\u00edstica esquecida no fundo do mar - Notibras","robots":{"index":"index","follow":"follow","max-snippet":"max-snippet:-1","max-image-preview":"max-image-preview:large","max-video-preview":"max-video-preview:-1"},"canonical":"https:\/\/www.notibras.com\/site\/a-cidade-mistica-esquecida-no-fundo-do-mar\/","og_locale":"pt_BR","og_type":"article","og_title":"A cidade m\u00edstica esquecida no fundo do mar - Notibras","og_description":"H\u00e1 nomes que resistem ao tempo n\u00e3o porque foram encontrados, mas porque jamais se deixaram capturar. Atl\u00e2ntida \u00e9 um deles. A cidade submersa, engolida pelas \u00e1guas e pela pr\u00f3pria soberba, permanece como uma miragem intelectual: quanto mais se tenta alcan\u00e7\u00e1-la, mais ela se dissolve em mito, filosofia e desejo humano de origem. A primeira e [&hellip;]","og_url":"https:\/\/www.notibras.com\/site\/a-cidade-mistica-esquecida-no-fundo-do-mar\/","og_site_name":"Notibras","article_publisher":"https:\/\/www.facebook.com\/notibras\/","article_published_time":"2025-12-27T11:03:53+00:00","article_modified_time":"2025-12-27T11:05:02+00:00","og_image":[{"width":810,"height":1440,"url":"https:\/\/www.notibras.com\/site\/wp-content\/uploads\/2025\/12\/b3d6086b-e9d8-4eef-9dfd-b73a9ce2e97f.jpg","type":"image\/jpeg"}],"author":"Reda\u00e7\u00e3o","twitter_card":"summary_large_image","twitter_creator":"@Notibras","twitter_site":"@Notibras","twitter_misc":{"Escrito por":"Reda\u00e7\u00e3o","Est. tempo de leitura":"3 minutos"},"schema":{"@context":"https:\/\/schema.org","@graph":[{"@type":"Article","@id":"https:\/\/www.notibras.com\/site\/a-cidade-mistica-esquecida-no-fundo-do-mar\/#article","isPartOf":{"@id":"https:\/\/www.notibras.com\/site\/a-cidade-mistica-esquecida-no-fundo-do-mar\/"},"author":{"name":"Reda\u00e7\u00e3o","@id":"https:\/\/www.notibras.com\/site\/#\/schema\/person\/36ab0979449956132d3e5b517ea76ac8"},"headline":"A cidade m\u00edstica esquecida no fundo do mar","datePublished":"2025-12-27T11:03:53+00:00","dateModified":"2025-12-27T11:05:02+00:00","mainEntityOfPage":{"@id":"https:\/\/www.notibras.com\/site\/a-cidade-mistica-esquecida-no-fundo-do-mar\/"},"wordCount":522,"publisher":{"@id":"https:\/\/www.notibras.com\/site\/#organization"},"image":{"@id":"https:\/\/www.notibras.com\/site\/a-cidade-mistica-esquecida-no-fundo-do-mar\/#primaryimage"},"thumbnailUrl":"https:\/\/www.notibras.com\/site\/wp-content\/uploads\/2025\/12\/b3d6086b-e9d8-4eef-9dfd-b73a9ce2e97f.jpg","articleSection":["Or\u00e1culos"],"inLanguage":"pt-BR"},{"@type":"WebPage","@id":"https:\/\/www.notibras.com\/site\/a-cidade-mistica-esquecida-no-fundo-do-mar\/","url":"https:\/\/www.notibras.com\/site\/a-cidade-mistica-esquecida-no-fundo-do-mar\/","name":"A cidade m\u00edstica esquecida no fundo do mar - Notibras","isPartOf":{"@id":"https:\/\/www.notibras.com\/site\/#website"},"primaryImageOfPage":{"@id":"https:\/\/www.notibras.com\/site\/a-cidade-mistica-esquecida-no-fundo-do-mar\/#primaryimage"},"image":{"@id":"https:\/\/www.notibras.com\/site\/a-cidade-mistica-esquecida-no-fundo-do-mar\/#primaryimage"},"thumbnailUrl":"https:\/\/www.notibras.com\/site\/wp-content\/uploads\/2025\/12\/b3d6086b-e9d8-4eef-9dfd-b73a9ce2e97f.jpg","datePublished":"2025-12-27T11:03:53+00:00","dateModified":"2025-12-27T11:05:02+00:00","breadcrumb":{"@id":"https:\/\/www.notibras.com\/site\/a-cidade-mistica-esquecida-no-fundo-do-mar\/#breadcrumb"},"inLanguage":"pt-BR","potentialAction":[{"@type":"ReadAction","target":["https:\/\/www.notibras.com\/site\/a-cidade-mistica-esquecida-no-fundo-do-mar\/"]}]},{"@type":"ImageObject","inLanguage":"pt-BR","@id":"https:\/\/www.notibras.com\/site\/a-cidade-mistica-esquecida-no-fundo-do-mar\/#primaryimage","url":"https:\/\/www.notibras.com\/site\/wp-content\/uploads\/2025\/12\/b3d6086b-e9d8-4eef-9dfd-b73a9ce2e97f.jpg","contentUrl":"https:\/\/www.notibras.com\/site\/wp-content\/uploads\/2025\/12\/b3d6086b-e9d8-4eef-9dfd-b73a9ce2e97f.jpg","width":810,"height":1440},{"@type":"BreadcrumbList","@id":"https:\/\/www.notibras.com\/site\/a-cidade-mistica-esquecida-no-fundo-do-mar\/#breadcrumb","itemListElement":[{"@type":"ListItem","position":1,"name":"In\u00edcio","item":"https:\/\/www.notibras.com\/site\/"},{"@type":"ListItem","position":2,"name":"A cidade m\u00edstica esquecida no fundo do mar"}]},{"@type":"WebSite","@id":"https:\/\/www.notibras.com\/site\/#website","url":"https:\/\/www.notibras.com\/site\/","name":"Notibras","description":"Not\u00edcias de Bras\u00edlia, do Brasil e do Mundo","publisher":{"@id":"https:\/\/www.notibras.com\/site\/#organization"},"potentialAction":[{"@type":"SearchAction","target":{"@type":"EntryPoint","urlTemplate":"https:\/\/www.notibras.com\/site\/?s={search_term_string}"},"query-input":{"@type":"PropertyValueSpecification","valueRequired":true,"valueName":"search_term_string"}}],"inLanguage":"pt-BR"},{"@type":"Organization","@id":"https:\/\/www.notibras.com\/site\/#organization","name":"Grupo Notibras de Comunica\u00e7\u00e3o","url":"https:\/\/www.notibras.com\/site\/","logo":{"@type":"ImageObject","inLanguage":"pt-BR","@id":"https:\/\/www.notibras.com\/site\/#\/schema\/logo\/image\/","url":"https:\/\/www.notibras.com\/site\/wp-content\/uploads\/2023\/01\/notibras23.png","contentUrl":"https:\/\/www.notibras.com\/site\/wp-content\/uploads\/2023\/01\/notibras23.png","width":350,"height":87,"caption":"Grupo Notibras de Comunica\u00e7\u00e3o"},"image":{"@id":"https:\/\/www.notibras.com\/site\/#\/schema\/logo\/image\/"},"sameAs":["https:\/\/www.facebook.com\/notibras\/","https:\/\/x.com\/Notibras","https:\/\/www.instagram.com\/notibras\/"]},{"@type":"Person","@id":"https:\/\/www.notibras.com\/site\/#\/schema\/person\/36ab0979449956132d3e5b517ea76ac8","name":"Reda\u00e7\u00e3o","image":{"@type":"ImageObject","inLanguage":"pt-BR","@id":"https:\/\/secure.gravatar.com\/avatar\/e0a867bdedb85fd243eadf09663511f96fc81e0720a4a42581f334ad4303aa6b?s=96&d=mm&r=g","url":"https:\/\/secure.gravatar.com\/avatar\/e0a867bdedb85fd243eadf09663511f96fc81e0720a4a42581f334ad4303aa6b?s=96&d=mm&r=g","contentUrl":"https:\/\/secure.gravatar.com\/avatar\/e0a867bdedb85fd243eadf09663511f96fc81e0720a4a42581f334ad4303aa6b?s=96&d=mm&r=g","caption":"Reda\u00e7\u00e3o"}}]}},"amp_enabled":true,"_links":{"self":[{"href":"https:\/\/www.notibras.com\/site\/wp-json\/wp\/v2\/posts\/376559","targetHints":{"allow":["GET"]}}],"collection":[{"href":"https:\/\/www.notibras.com\/site\/wp-json\/wp\/v2\/posts"}],"about":[{"href":"https:\/\/www.notibras.com\/site\/wp-json\/wp\/v2\/types\/post"}],"author":[{"embeddable":true,"href":"https:\/\/www.notibras.com\/site\/wp-json\/wp\/v2\/users\/2"}],"replies":[{"embeddable":true,"href":"https:\/\/www.notibras.com\/site\/wp-json\/wp\/v2\/comments?post=376559"}],"version-history":[{"count":3,"href":"https:\/\/www.notibras.com\/site\/wp-json\/wp\/v2\/posts\/376559\/revisions"}],"predecessor-version":[{"id":376563,"href":"https:\/\/www.notibras.com\/site\/wp-json\/wp\/v2\/posts\/376559\/revisions\/376563"}],"wp:featuredmedia":[{"embeddable":true,"href":"https:\/\/www.notibras.com\/site\/wp-json\/wp\/v2\/media\/376560"}],"wp:attachment":[{"href":"https:\/\/www.notibras.com\/site\/wp-json\/wp\/v2\/media?parent=376559"}],"wp:term":[{"taxonomy":"category","embeddable":true,"href":"https:\/\/www.notibras.com\/site\/wp-json\/wp\/v2\/categories?post=376559"},{"taxonomy":"post_tag","embeddable":true,"href":"https:\/\/www.notibras.com\/site\/wp-json\/wp\/v2\/tags?post=376559"}],"curies":[{"name":"wp","href":"https:\/\/api.w.org\/{rel}","templated":true}]}}