{"id":376564,"date":"2025-12-27T08:23:58","date_gmt":"2025-12-27T11:23:58","guid":{"rendered":"https:\/\/www.notibras.com\/site\/?p=376564"},"modified":"2025-12-27T08:25:21","modified_gmt":"2025-12-27T11:25:21","slug":"tragico-fim-da-ditadura-na-paradisiaca-banania","status":"publish","type":"post","link":"https:\/\/www.notibras.com\/site\/tragico-fim-da-ditadura-na-paradisiaca-banania\/","title":{"rendered":"O tr\u00e1gico fim da ditadura na paradis\u00edaca Ban\u00e2nia"},"content":{"rendered":"<p>Da Pra\u00e7a do Bode, R seguiu para o Mir\u00f3, onde almo\u00e7ou, e de l\u00e1 foi ao Caf\u00e9 Picasso, seguindo ap\u00f3s para a reda\u00e7\u00e3o do Observador da Ban\u00e2nia, que ficava tamb\u00e9m no Bananas 21, complexo de tr\u00eas hot\u00e9is, um centro de conven\u00e7\u00f5es, teatro, restaurantes, caf\u00e9s e tr\u00eas torres de escrit\u00f3rios. Ali, situava-se o cora\u00e7\u00e3o da Ban\u00e2nia, a capital da Rep\u00fablica das Bananas, e era tamb\u00e9m o maior ponto de encontro da Ibero-Am\u00e9rica, e o mais conhecido do planeta das mais bonitas putas do mundo. Miss\u00f5es diplom\u00e1ticas disputavam eventos no Ban\u00e2nia 21, pois podiam se banquetear de ninfetas ruivas, negras e \u00edndias, ainda imp\u00faberes.<\/p>\n<p>Aquela quarta-feira ficaria na hist\u00f3ria da Rep\u00fablica das Bananas. Quando R entrou na sua sala encontrou a equipe editorial da capa do jornal em grande efervesc\u00eancia. As For\u00e7as Armadas, comandadas pelo general C\u00e1gado, depuseram naquela manh\u00e3, cedo, e engaiolaram, o ditador Luiz Castro Ch\u00e1vez da Silva, o Bode; a esposa do tirano, uma loira desbotada e com o rosto todo esticado e imobilizado por botox, ministra da Casa Civil, Vilma Winchester; e o presidente do Congresso Nacional, Z\u00e9 Ribamar, mais conhecido, entre seus detratores, como Jeca. S\u00f3 que as coisas tiveram um desenrolar inesperado.<\/p>\n<p>Luiz Silva, o Bode, chegara ao poder h\u00e1 precisamente uma d\u00fazia de anos, e pelo caminho natural: as urnas. Via leg\u00edtima. N\u00e3o demorou para que convocasse milh\u00f5es de sindicalistas, seus apoiadores, para um baderna\u00e7o hist\u00f3rico nas ruas, e logo depois, com apoio de um Congresso Nacional atolado at\u00e9 a alma em corrup\u00e7\u00e3o, instalou estado de s\u00edtio, que nunca mais acabou, e passou a governar por decreto, ou por bilhete. Ao fim daqueles doze anos, o Bode j\u00e1 tinha transferido para in\u00fameros para\u00edsos fiscais pelo menos metade do PIB da Rep\u00fablica das Bananas, quando um acontecimento brutal levou o povo para as ruas, e com apoio da maioria dos oficiais mais graduados das For\u00e7as Armadas, sob o comando do C\u00e1gado, um brilhante general quatro estrelas, derrubou o Bode.<\/p>\n<p>Naquele dia, ao sol escaldante do in\u00edcio da tarde, o trio foi levada para a Pra\u00e7a do Bode, onde tomou no lombo nu dez chibatadas; de l\u00e1, os lar\u00e1pios foram atendidos no ambulat\u00f3rio da pris\u00e3o conhecida por Papo, nos arredores da Ban\u00e2nia, para cumprir pris\u00e3o perp\u00e9tua.<\/p>\n<p>O primeiro a ser encaminhado para o pat\u00edbulo foi Jeca. Tinha esse apelido porque, al\u00e9m de cultivar um sotaque caipira de doer nos ouvidos, usava uns palet\u00f3s t\u00e3o mal cortados que lembravam paraquedas. Tinha 80 anos; come\u00e7ara a roubar para valer h\u00e1 seis d\u00e9cadas, quando apoiou um dos in\u00fameros golpes perpetrados naquele antro de corrup\u00e7\u00e3o. Antes disso, batia carteira. Com 40 anos, j\u00e1 era o maior patrimonialista do pa\u00eds, atr\u00e1s apenas, e recentemente, do Bode.<\/p>\n<p>Jeca foi praticamente arrastado at\u00e9 o palanque, onde o amarraram e come\u00e7aram a lhe cortar a roupa. Estava bem barbeado e com os bigodes bem feitos, reluzentes de t\u00e3o negros. Algu\u00e9m apareceu com uma tesoura e come\u00e7aram a cortar sua camisa. Sem a camisa, viu-se que Jeca estava gordo demais; a banha brilhava ao sol, suarenta e pegajosa. Depois come\u00e7aram a cortar suas cal\u00e7as e, enfim, a cueca samba-can\u00e7\u00e3o, e tiraram-lhe as meias e os sapatos. O homem estava nu. \u201cHomem, n\u00e3o! Verme!\u201d \u2013 pensou R, no meio da multid\u00e3o. Os colh\u00f5es de Jeca, o todo poderoso presidente do Congresso Nacional, ladr\u00e3o de merenda escolar, de material hospitalar, da aposentadoria de velhinhos, parecia daqueles touros velhos. Z\u00e9 Ribamar n\u00e3o op\u00f4s mais resist\u00eancia. Estava completamente humilhado. A primeira lambada, com um chicote de bater em doido, pegou-o no pesco\u00e7o. Ele praticamente relinchou. E a\u00ed o diabo comeu o lombo dele durante a eternidade de um minuto. Levaram-no dali para uma das duas ambul\u00e2ncias e arrastaram o Bode para o cepo. Vilma Winchester, a ladra mais corrupta que j\u00e1 aparecera por aquelas bandas, chorava. Seu apelido era Winchester porque assaltava banco sempre armada de uma Winchester. Ela desmaiou.<\/p>\n<p>Luiz Castro Ch\u00e1vez da Silva, o Bode, castrista-bolivariano, era 10 anos mais novo do que Jeca. Era apelidado de Bode porque usou uma barba igual a do seu \u00eddolo, Fidel Castro, durante muito tempo, e fedia a 51, uma cacha\u00e7a importada do vizinho Brasil. Os carrascos estavam impacientes naquela manh\u00e3 de 7 de setembro, quente como o inferno, e cortaram rapidamente a roupa do ex-ditador. \u201cOlha, ele n\u00e3o tem o ded\u00e3o do p\u00e9 direito\u201d \u2013 uma crian\u00e7a gritou. De fato, o Bode perdera aquele ded\u00e3o com um tiro que dera no pr\u00f3prio p\u00e9. Gordo, a banha despencava dele todo, e quando a pauleira terminou foi carregado, como um porco grande e j\u00e1 pelado, da mesma forma que Jeca, para a ambul\u00e2ncia.<\/p>\n<p>R sentiu-se mal. Fora perseguido e torturado e n\u00e3o esperava durar muito tempo mais. Conseguira enviar seus dois filhos e sua esposa para os Estados Unidos, n\u00e3o sem antes que a estuprassem. Quanto a ele, n\u00e3o conseguira fugir. Sua vida vinha sendo um pesadelo 24 horas por dia. Uma semana antes, guarda-costas do Bode estupraram e mataram a esposa de um jornalista desafeto do regime, gr\u00e1vida de g\u00eameos, e a coisa explodiu na internet. O Minist\u00e9rio das Comunica\u00e7\u00f5es do Bode n\u00e3o conseguiu frear a onda e as multid\u00f5es come\u00e7aram a crescer em todo o pa\u00eds, assim, rapidamente. Ent\u00e3o o Bode ordenou que as For\u00e7as Armadas reprimisse o povar\u00e9u e foi a\u00ed que ele perdeu o ded\u00e3o do p\u00e9.<\/p>\n<p>Assim que aquele espet\u00e1culo deprimente acabou a multid\u00e3o foi se dispersando aos poucos e os pombos come\u00e7aram a voltar, catando restos de pipoca, milho cozido e assado, e migalhas de todo tipo de salgadinhos comercializados na feira improvisada.<\/p>\n<p>RF permaneceu no Observador da Ban\u00e2nia durante cerca de seis horas. Quando deixou o Ban\u00e2nia 21 dirigiu-se para o estacionamento p\u00fablico, defronte ao complexo arquitet\u00f4nico. Observou a presen\u00e7a de militares, aqui e ali, e a maior concentra\u00e7\u00e3o de putas que pudesse imaginar, lindas, sensuais, como mariposas em torno de uma grande lumin\u00e1ria em um dia de can\u00edcula. Entrou no seu pequeno Fiat e foi para casa.<\/p>\n","protected":false},"excerpt":{"rendered":"<p>Da Pra\u00e7a do Bode, R seguiu para o Mir\u00f3, onde almo\u00e7ou, e de l\u00e1 foi ao Caf\u00e9 Picasso, seguindo ap\u00f3s para a reda\u00e7\u00e3o do Observador da Ban\u00e2nia, que ficava tamb\u00e9m no Bananas 21, complexo de tr\u00eas hot\u00e9is, um centro de conven\u00e7\u00f5es, teatro, restaurantes, caf\u00e9s e tr\u00eas torres de escrit\u00f3rios. Ali, situava-se o cora\u00e7\u00e3o da Ban\u00e2nia, [&hellip;]<\/p>\n","protected":false},"author":2,"featured_media":376565,"comment_status":"closed","ping_status":"closed","sticky":false,"template":"","format":"standard","meta":{"_acf_changed":false,"footnotes":""},"categories":[155],"tags":[],"class_list":["post-376564","post","type-post","status-publish","format-standard","has-post-thumbnail","hentry","category-leitura-vip"],"acf":[],"yoast_head":"<!-- This site is optimized with the Yoast SEO plugin v27.5 - https:\/\/yoast.com\/product\/yoast-seo-wordpress\/ -->\n<title>O tr\u00e1gico fim da ditadura na paradis\u00edaca Ban\u00e2nia - Notibras<\/title>\n<meta name=\"robots\" content=\"index, follow, max-snippet:-1, max-image-preview:large, max-video-preview:-1\" \/>\n<link rel=\"canonical\" href=\"https:\/\/www.notibras.com\/site\/tragico-fim-da-ditadura-na-paradisiaca-banania\/\" \/>\n<meta property=\"og:locale\" content=\"pt_BR\" \/>\n<meta property=\"og:type\" content=\"article\" \/>\n<meta property=\"og:title\" content=\"O tr\u00e1gico fim da ditadura na paradis\u00edaca Ban\u00e2nia - Notibras\" \/>\n<meta property=\"og:description\" content=\"Da Pra\u00e7a do Bode, R seguiu para o Mir\u00f3, onde almo\u00e7ou, e de l\u00e1 foi ao Caf\u00e9 Picasso, seguindo ap\u00f3s para a reda\u00e7\u00e3o do Observador da Ban\u00e2nia, que ficava tamb\u00e9m no Bananas 21, complexo de tr\u00eas hot\u00e9is, um centro de conven\u00e7\u00f5es, teatro, restaurantes, caf\u00e9s e tr\u00eas torres de escrit\u00f3rios. Ali, situava-se o cora\u00e7\u00e3o da Ban\u00e2nia, [&hellip;]\" \/>\n<meta property=\"og:url\" content=\"https:\/\/www.notibras.com\/site\/tragico-fim-da-ditadura-na-paradisiaca-banania\/\" \/>\n<meta property=\"og:site_name\" content=\"Notibras\" \/>\n<meta property=\"article:publisher\" content=\"https:\/\/www.facebook.com\/notibras\/\" \/>\n<meta property=\"article:published_time\" content=\"2025-12-27T11:23:58+00:00\" \/>\n<meta property=\"article:modified_time\" content=\"2025-12-27T11:25:21+00:00\" \/>\n<meta property=\"og:image\" content=\"https:\/\/www.notibras.com\/site\/wp-content\/uploads\/2025\/12\/5f862ae0-0002-4c4c-924c-fd379c8d937d.jpg\" \/>\n\t<meta property=\"og:image:width\" content=\"810\" \/>\n\t<meta property=\"og:image:height\" content=\"1440\" \/>\n\t<meta property=\"og:image:type\" content=\"image\/jpeg\" \/>\n<meta name=\"author\" content=\"Reda\u00e7\u00e3o\" \/>\n<meta name=\"twitter:card\" content=\"summary_large_image\" \/>\n<meta name=\"twitter:creator\" content=\"@Notibras\" \/>\n<meta name=\"twitter:site\" content=\"@Notibras\" \/>\n<meta name=\"twitter:label1\" content=\"Escrito por\" \/>\n\t<meta name=\"twitter:data1\" content=\"Reda\u00e7\u00e3o\" \/>\n\t<meta name=\"twitter:label2\" content=\"Est. tempo de leitura\" \/>\n\t<meta name=\"twitter:data2\" content=\"6 minutos\" \/>\n<script type=\"application\/ld+json\" class=\"yoast-schema-graph\">{\"@context\":\"https:\\\/\\\/schema.org\",\"@graph\":[{\"@type\":\"Article\",\"@id\":\"https:\\\/\\\/www.notibras.com\\\/site\\\/tragico-fim-da-ditadura-na-paradisiaca-banania\\\/#article\",\"isPartOf\":{\"@id\":\"https:\\\/\\\/www.notibras.com\\\/site\\\/tragico-fim-da-ditadura-na-paradisiaca-banania\\\/\"},\"author\":{\"name\":\"Reda\u00e7\u00e3o\",\"@id\":\"https:\\\/\\\/www.notibras.com\\\/site\\\/#\\\/schema\\\/person\\\/36ab0979449956132d3e5b517ea76ac8\"},\"headline\":\"O tr\u00e1gico fim da ditadura na paradis\u00edaca Ban\u00e2nia\",\"datePublished\":\"2025-12-27T11:23:58+00:00\",\"dateModified\":\"2025-12-27T11:25:21+00:00\",\"mainEntityOfPage\":{\"@id\":\"https:\\\/\\\/www.notibras.com\\\/site\\\/tragico-fim-da-ditadura-na-paradisiaca-banania\\\/\"},\"wordCount\":1091,\"publisher\":{\"@id\":\"https:\\\/\\\/www.notibras.com\\\/site\\\/#organization\"},\"image\":{\"@id\":\"https:\\\/\\\/www.notibras.com\\\/site\\\/tragico-fim-da-ditadura-na-paradisiaca-banania\\\/#primaryimage\"},\"thumbnailUrl\":\"https:\\\/\\\/www.notibras.com\\\/site\\\/wp-content\\\/uploads\\\/2025\\\/12\\\/5f862ae0-0002-4c4c-924c-fd379c8d937d.jpg\",\"articleSection\":[\"Leitura Vip\"],\"inLanguage\":\"pt-BR\"},{\"@type\":\"WebPage\",\"@id\":\"https:\\\/\\\/www.notibras.com\\\/site\\\/tragico-fim-da-ditadura-na-paradisiaca-banania\\\/\",\"url\":\"https:\\\/\\\/www.notibras.com\\\/site\\\/tragico-fim-da-ditadura-na-paradisiaca-banania\\\/\",\"name\":\"O tr\u00e1gico fim da ditadura na paradis\u00edaca Ban\u00e2nia - Notibras\",\"isPartOf\":{\"@id\":\"https:\\\/\\\/www.notibras.com\\\/site\\\/#website\"},\"primaryImageOfPage\":{\"@id\":\"https:\\\/\\\/www.notibras.com\\\/site\\\/tragico-fim-da-ditadura-na-paradisiaca-banania\\\/#primaryimage\"},\"image\":{\"@id\":\"https:\\\/\\\/www.notibras.com\\\/site\\\/tragico-fim-da-ditadura-na-paradisiaca-banania\\\/#primaryimage\"},\"thumbnailUrl\":\"https:\\\/\\\/www.notibras.com\\\/site\\\/wp-content\\\/uploads\\\/2025\\\/12\\\/5f862ae0-0002-4c4c-924c-fd379c8d937d.jpg\",\"datePublished\":\"2025-12-27T11:23:58+00:00\",\"dateModified\":\"2025-12-27T11:25:21+00:00\",\"breadcrumb\":{\"@id\":\"https:\\\/\\\/www.notibras.com\\\/site\\\/tragico-fim-da-ditadura-na-paradisiaca-banania\\\/#breadcrumb\"},\"inLanguage\":\"pt-BR\",\"potentialAction\":[{\"@type\":\"ReadAction\",\"target\":[\"https:\\\/\\\/www.notibras.com\\\/site\\\/tragico-fim-da-ditadura-na-paradisiaca-banania\\\/\"]}]},{\"@type\":\"ImageObject\",\"inLanguage\":\"pt-BR\",\"@id\":\"https:\\\/\\\/www.notibras.com\\\/site\\\/tragico-fim-da-ditadura-na-paradisiaca-banania\\\/#primaryimage\",\"url\":\"https:\\\/\\\/www.notibras.com\\\/site\\\/wp-content\\\/uploads\\\/2025\\\/12\\\/5f862ae0-0002-4c4c-924c-fd379c8d937d.jpg\",\"contentUrl\":\"https:\\\/\\\/www.notibras.com\\\/site\\\/wp-content\\\/uploads\\\/2025\\\/12\\\/5f862ae0-0002-4c4c-924c-fd379c8d937d.jpg\",\"width\":810,\"height\":1440},{\"@type\":\"BreadcrumbList\",\"@id\":\"https:\\\/\\\/www.notibras.com\\\/site\\\/tragico-fim-da-ditadura-na-paradisiaca-banania\\\/#breadcrumb\",\"itemListElement\":[{\"@type\":\"ListItem\",\"position\":1,\"name\":\"In\u00edcio\",\"item\":\"https:\\\/\\\/www.notibras.com\\\/site\\\/\"},{\"@type\":\"ListItem\",\"position\":2,\"name\":\"O tr\u00e1gico fim da ditadura na paradis\u00edaca Ban\u00e2nia\"}]},{\"@type\":\"WebSite\",\"@id\":\"https:\\\/\\\/www.notibras.com\\\/site\\\/#website\",\"url\":\"https:\\\/\\\/www.notibras.com\\\/site\\\/\",\"name\":\"Notibras\",\"description\":\"Not\u00edcias de Bras\u00edlia, do Brasil e do Mundo\",\"publisher\":{\"@id\":\"https:\\\/\\\/www.notibras.com\\\/site\\\/#organization\"},\"potentialAction\":[{\"@type\":\"SearchAction\",\"target\":{\"@type\":\"EntryPoint\",\"urlTemplate\":\"https:\\\/\\\/www.notibras.com\\\/site\\\/?s={search_term_string}\"},\"query-input\":{\"@type\":\"PropertyValueSpecification\",\"valueRequired\":true,\"valueName\":\"search_term_string\"}}],\"inLanguage\":\"pt-BR\"},{\"@type\":\"Organization\",\"@id\":\"https:\\\/\\\/www.notibras.com\\\/site\\\/#organization\",\"name\":\"Grupo Notibras de Comunica\u00e7\u00e3o\",\"url\":\"https:\\\/\\\/www.notibras.com\\\/site\\\/\",\"logo\":{\"@type\":\"ImageObject\",\"inLanguage\":\"pt-BR\",\"@id\":\"https:\\\/\\\/www.notibras.com\\\/site\\\/#\\\/schema\\\/logo\\\/image\\\/\",\"url\":\"https:\\\/\\\/www.notibras.com\\\/site\\\/wp-content\\\/uploads\\\/2023\\\/01\\\/notibras23.png\",\"contentUrl\":\"https:\\\/\\\/www.notibras.com\\\/site\\\/wp-content\\\/uploads\\\/2023\\\/01\\\/notibras23.png\",\"width\":350,\"height\":87,\"caption\":\"Grupo Notibras de Comunica\u00e7\u00e3o\"},\"image\":{\"@id\":\"https:\\\/\\\/www.notibras.com\\\/site\\\/#\\\/schema\\\/logo\\\/image\\\/\"},\"sameAs\":[\"https:\\\/\\\/www.facebook.com\\\/notibras\\\/\",\"https:\\\/\\\/x.com\\\/Notibras\",\"https:\\\/\\\/www.instagram.com\\\/notibras\\\/\"]},{\"@type\":\"Person\",\"@id\":\"https:\\\/\\\/www.notibras.com\\\/site\\\/#\\\/schema\\\/person\\\/36ab0979449956132d3e5b517ea76ac8\",\"name\":\"Reda\u00e7\u00e3o\",\"image\":{\"@type\":\"ImageObject\",\"inLanguage\":\"pt-BR\",\"@id\":\"https:\\\/\\\/secure.gravatar.com\\\/avatar\\\/e0a867bdedb85fd243eadf09663511f96fc81e0720a4a42581f334ad4303aa6b?s=96&d=mm&r=g\",\"url\":\"https:\\\/\\\/secure.gravatar.com\\\/avatar\\\/e0a867bdedb85fd243eadf09663511f96fc81e0720a4a42581f334ad4303aa6b?s=96&d=mm&r=g\",\"contentUrl\":\"https:\\\/\\\/secure.gravatar.com\\\/avatar\\\/e0a867bdedb85fd243eadf09663511f96fc81e0720a4a42581f334ad4303aa6b?s=96&d=mm&r=g\",\"caption\":\"Reda\u00e7\u00e3o\"}}]}<\/script>\n<!-- \/ Yoast SEO plugin. -->","yoast_head_json":{"title":"O tr\u00e1gico fim da ditadura na paradis\u00edaca Ban\u00e2nia - Notibras","robots":{"index":"index","follow":"follow","max-snippet":"max-snippet:-1","max-image-preview":"max-image-preview:large","max-video-preview":"max-video-preview:-1"},"canonical":"https:\/\/www.notibras.com\/site\/tragico-fim-da-ditadura-na-paradisiaca-banania\/","og_locale":"pt_BR","og_type":"article","og_title":"O tr\u00e1gico fim da ditadura na paradis\u00edaca Ban\u00e2nia - Notibras","og_description":"Da Pra\u00e7a do Bode, R seguiu para o Mir\u00f3, onde almo\u00e7ou, e de l\u00e1 foi ao Caf\u00e9 Picasso, seguindo ap\u00f3s para a reda\u00e7\u00e3o do Observador da Ban\u00e2nia, que ficava tamb\u00e9m no Bananas 21, complexo de tr\u00eas hot\u00e9is, um centro de conven\u00e7\u00f5es, teatro, restaurantes, caf\u00e9s e tr\u00eas torres de escrit\u00f3rios. Ali, situava-se o cora\u00e7\u00e3o da Ban\u00e2nia, [&hellip;]","og_url":"https:\/\/www.notibras.com\/site\/tragico-fim-da-ditadura-na-paradisiaca-banania\/","og_site_name":"Notibras","article_publisher":"https:\/\/www.facebook.com\/notibras\/","article_published_time":"2025-12-27T11:23:58+00:00","article_modified_time":"2025-12-27T11:25:21+00:00","og_image":[{"width":810,"height":1440,"url":"https:\/\/www.notibras.com\/site\/wp-content\/uploads\/2025\/12\/5f862ae0-0002-4c4c-924c-fd379c8d937d.jpg","type":"image\/jpeg"}],"author":"Reda\u00e7\u00e3o","twitter_card":"summary_large_image","twitter_creator":"@Notibras","twitter_site":"@Notibras","twitter_misc":{"Escrito por":"Reda\u00e7\u00e3o","Est. tempo de leitura":"6 minutos"},"schema":{"@context":"https:\/\/schema.org","@graph":[{"@type":"Article","@id":"https:\/\/www.notibras.com\/site\/tragico-fim-da-ditadura-na-paradisiaca-banania\/#article","isPartOf":{"@id":"https:\/\/www.notibras.com\/site\/tragico-fim-da-ditadura-na-paradisiaca-banania\/"},"author":{"name":"Reda\u00e7\u00e3o","@id":"https:\/\/www.notibras.com\/site\/#\/schema\/person\/36ab0979449956132d3e5b517ea76ac8"},"headline":"O tr\u00e1gico fim da ditadura na paradis\u00edaca Ban\u00e2nia","datePublished":"2025-12-27T11:23:58+00:00","dateModified":"2025-12-27T11:25:21+00:00","mainEntityOfPage":{"@id":"https:\/\/www.notibras.com\/site\/tragico-fim-da-ditadura-na-paradisiaca-banania\/"},"wordCount":1091,"publisher":{"@id":"https:\/\/www.notibras.com\/site\/#organization"},"image":{"@id":"https:\/\/www.notibras.com\/site\/tragico-fim-da-ditadura-na-paradisiaca-banania\/#primaryimage"},"thumbnailUrl":"https:\/\/www.notibras.com\/site\/wp-content\/uploads\/2025\/12\/5f862ae0-0002-4c4c-924c-fd379c8d937d.jpg","articleSection":["Leitura Vip"],"inLanguage":"pt-BR"},{"@type":"WebPage","@id":"https:\/\/www.notibras.com\/site\/tragico-fim-da-ditadura-na-paradisiaca-banania\/","url":"https:\/\/www.notibras.com\/site\/tragico-fim-da-ditadura-na-paradisiaca-banania\/","name":"O tr\u00e1gico fim da ditadura na paradis\u00edaca Ban\u00e2nia - Notibras","isPartOf":{"@id":"https:\/\/www.notibras.com\/site\/#website"},"primaryImageOfPage":{"@id":"https:\/\/www.notibras.com\/site\/tragico-fim-da-ditadura-na-paradisiaca-banania\/#primaryimage"},"image":{"@id":"https:\/\/www.notibras.com\/site\/tragico-fim-da-ditadura-na-paradisiaca-banania\/#primaryimage"},"thumbnailUrl":"https:\/\/www.notibras.com\/site\/wp-content\/uploads\/2025\/12\/5f862ae0-0002-4c4c-924c-fd379c8d937d.jpg","datePublished":"2025-12-27T11:23:58+00:00","dateModified":"2025-12-27T11:25:21+00:00","breadcrumb":{"@id":"https:\/\/www.notibras.com\/site\/tragico-fim-da-ditadura-na-paradisiaca-banania\/#breadcrumb"},"inLanguage":"pt-BR","potentialAction":[{"@type":"ReadAction","target":["https:\/\/www.notibras.com\/site\/tragico-fim-da-ditadura-na-paradisiaca-banania\/"]}]},{"@type":"ImageObject","inLanguage":"pt-BR","@id":"https:\/\/www.notibras.com\/site\/tragico-fim-da-ditadura-na-paradisiaca-banania\/#primaryimage","url":"https:\/\/www.notibras.com\/site\/wp-content\/uploads\/2025\/12\/5f862ae0-0002-4c4c-924c-fd379c8d937d.jpg","contentUrl":"https:\/\/www.notibras.com\/site\/wp-content\/uploads\/2025\/12\/5f862ae0-0002-4c4c-924c-fd379c8d937d.jpg","width":810,"height":1440},{"@type":"BreadcrumbList","@id":"https:\/\/www.notibras.com\/site\/tragico-fim-da-ditadura-na-paradisiaca-banania\/#breadcrumb","itemListElement":[{"@type":"ListItem","position":1,"name":"In\u00edcio","item":"https:\/\/www.notibras.com\/site\/"},{"@type":"ListItem","position":2,"name":"O tr\u00e1gico fim da ditadura na paradis\u00edaca Ban\u00e2nia"}]},{"@type":"WebSite","@id":"https:\/\/www.notibras.com\/site\/#website","url":"https:\/\/www.notibras.com\/site\/","name":"Notibras","description":"Not\u00edcias de Bras\u00edlia, do Brasil e do Mundo","publisher":{"@id":"https:\/\/www.notibras.com\/site\/#organization"},"potentialAction":[{"@type":"SearchAction","target":{"@type":"EntryPoint","urlTemplate":"https:\/\/www.notibras.com\/site\/?s={search_term_string}"},"query-input":{"@type":"PropertyValueSpecification","valueRequired":true,"valueName":"search_term_string"}}],"inLanguage":"pt-BR"},{"@type":"Organization","@id":"https:\/\/www.notibras.com\/site\/#organization","name":"Grupo Notibras de Comunica\u00e7\u00e3o","url":"https:\/\/www.notibras.com\/site\/","logo":{"@type":"ImageObject","inLanguage":"pt-BR","@id":"https:\/\/www.notibras.com\/site\/#\/schema\/logo\/image\/","url":"https:\/\/www.notibras.com\/site\/wp-content\/uploads\/2023\/01\/notibras23.png","contentUrl":"https:\/\/www.notibras.com\/site\/wp-content\/uploads\/2023\/01\/notibras23.png","width":350,"height":87,"caption":"Grupo Notibras de Comunica\u00e7\u00e3o"},"image":{"@id":"https:\/\/www.notibras.com\/site\/#\/schema\/logo\/image\/"},"sameAs":["https:\/\/www.facebook.com\/notibras\/","https:\/\/x.com\/Notibras","https:\/\/www.instagram.com\/notibras\/"]},{"@type":"Person","@id":"https:\/\/www.notibras.com\/site\/#\/schema\/person\/36ab0979449956132d3e5b517ea76ac8","name":"Reda\u00e7\u00e3o","image":{"@type":"ImageObject","inLanguage":"pt-BR","@id":"https:\/\/secure.gravatar.com\/avatar\/e0a867bdedb85fd243eadf09663511f96fc81e0720a4a42581f334ad4303aa6b?s=96&d=mm&r=g","url":"https:\/\/secure.gravatar.com\/avatar\/e0a867bdedb85fd243eadf09663511f96fc81e0720a4a42581f334ad4303aa6b?s=96&d=mm&r=g","contentUrl":"https:\/\/secure.gravatar.com\/avatar\/e0a867bdedb85fd243eadf09663511f96fc81e0720a4a42581f334ad4303aa6b?s=96&d=mm&r=g","caption":"Reda\u00e7\u00e3o"}}]}},"amp_enabled":true,"_links":{"self":[{"href":"https:\/\/www.notibras.com\/site\/wp-json\/wp\/v2\/posts\/376564","targetHints":{"allow":["GET"]}}],"collection":[{"href":"https:\/\/www.notibras.com\/site\/wp-json\/wp\/v2\/posts"}],"about":[{"href":"https:\/\/www.notibras.com\/site\/wp-json\/wp\/v2\/types\/post"}],"author":[{"embeddable":true,"href":"https:\/\/www.notibras.com\/site\/wp-json\/wp\/v2\/users\/2"}],"replies":[{"embeddable":true,"href":"https:\/\/www.notibras.com\/site\/wp-json\/wp\/v2\/comments?post=376564"}],"version-history":[{"count":2,"href":"https:\/\/www.notibras.com\/site\/wp-json\/wp\/v2\/posts\/376564\/revisions"}],"predecessor-version":[{"id":376567,"href":"https:\/\/www.notibras.com\/site\/wp-json\/wp\/v2\/posts\/376564\/revisions\/376567"}],"wp:featuredmedia":[{"embeddable":true,"href":"https:\/\/www.notibras.com\/site\/wp-json\/wp\/v2\/media\/376565"}],"wp:attachment":[{"href":"https:\/\/www.notibras.com\/site\/wp-json\/wp\/v2\/media?parent=376564"}],"wp:term":[{"taxonomy":"category","embeddable":true,"href":"https:\/\/www.notibras.com\/site\/wp-json\/wp\/v2\/categories?post=376564"},{"taxonomy":"post_tag","embeddable":true,"href":"https:\/\/www.notibras.com\/site\/wp-json\/wp\/v2\/tags?post=376564"}],"curies":[{"name":"wp","href":"https:\/\/api.w.org\/{rel}","templated":true}]}}