{"id":376568,"date":"2025-12-27T00:30:29","date_gmt":"2025-12-27T03:30:29","guid":{"rendered":"https:\/\/www.notibras.com\/site\/?p=376568"},"modified":"2025-12-27T08:32:18","modified_gmt":"2025-12-27T11:32:18","slug":"mp-mantem-interdicao-de-postos-ligados-ao-pcc","status":"publish","type":"post","link":"https:\/\/www.notibras.com\/site\/mp-mantem-interdicao-de-postos-ligados-ao-pcc\/","title":{"rendered":"MP mant\u00e9m interdi\u00e7\u00e3o de postos ligados ao PCC"},"content":{"rendered":"<p>O Minist\u00e9rio P\u00fablico do Estado do Piau\u00ed (MPPI) manifestou-se favoravelmente \u00e0 manuten\u00e7\u00e3o da interdi\u00e7\u00e3o de postos de combust\u00edveis investigados por suspeita de envolvimento com organiza\u00e7\u00e3o criminosa, supostamente ligada ao Primeiro Comando da Capital (PCC), no estado. O parecer foi apresentado no \u00e2mbito de a\u00e7\u00f5es judiciais que apuram crimes como lavagem de dinheiro e uso de empresas para oculta\u00e7\u00e3o de recursos il\u00edcitos.<\/p>\n<p>De acordo com o Minist\u00e9rio P\u00fablico, a continuidade da interdi\u00e7\u00e3o \u00e9 necess\u00e1ria para resguardar a ordem p\u00fablica, evitar a reitera\u00e7\u00e3o de pr\u00e1ticas il\u00edcitas e garantir a efic\u00e1cia das investiga\u00e7\u00f5es em curso. O \u00f3rg\u00e3o sustenta que h\u00e1 ind\u00edcios suficientes de que os estabelecimentos teriam sido utilizados como instrumentos para movimenta\u00e7\u00e3o financeira irregular, o que justifica a ado\u00e7\u00e3o de medidas cautelares mais rigorosas.<\/p>\n<p>No parecer encaminhado ao Judici\u00e1rio, o MPPI destacou que a libera\u00e7\u00e3o das atividades econ\u00f4micas antes da conclus\u00e3o das investiga\u00e7\u00f5es poderia comprometer a produ\u00e7\u00e3o de provas, al\u00e9m de possibilitar a continuidade de eventuais crimes. A manifesta\u00e7\u00e3o tamb\u00e9m ressalta que a medida tem car\u00e1ter preventivo e n\u00e3o representa antecipa\u00e7\u00e3o de pena, respeitando o princ\u00edpio constitucional da presun\u00e7\u00e3o de inoc\u00eancia.<\/p>\n<p>As investiga\u00e7\u00f5es fazem parte de opera\u00e7\u00f5es integradas envolvendo o Minist\u00e9rio P\u00fablico, for\u00e7as de seguran\u00e7a e outros \u00f3rg\u00e3os de controle, com o objetivo de desarticular esquemas criminosos e enfraquecer a atua\u00e7\u00e3o de organiza\u00e7\u00f5es criminosas no Piau\u00ed. Segundo o MPPI, os trabalhos seguem em andamento e novas dilig\u00eancias n\u00e3o est\u00e3o descartadas.<\/p>\n<p>O Minist\u00e9rio P\u00fablico refor\u00e7ou ainda que atua dentro de suas atribui\u00e7\u00f5es constitucionais, buscando a defesa da ordem jur\u00eddica, do regime democr\u00e1tico e dos interesses da sociedade. O \u00f3rg\u00e3o informou que continuar\u00e1 acompanhando o caso e adotando as medidas legais cab\u00edveis, conforme o avan\u00e7o das apura\u00e7\u00f5es e as decis\u00f5es judiciais proferidas.<\/p>\n<p>A decis\u00e3o final sobre a manuten\u00e7\u00e3o ou n\u00e3o da interdi\u00e7\u00e3o cabe ao Poder Judici\u00e1rio, que analisar\u00e1 o parecer do Minist\u00e9rio P\u00fablico e os demais elementos constantes nos autos.<\/p>\n","protected":false},"excerpt":{"rendered":"<p>O Minist\u00e9rio P\u00fablico do Estado do Piau\u00ed (MPPI) manifestou-se favoravelmente \u00e0 manuten\u00e7\u00e3o da interdi\u00e7\u00e3o de postos de combust\u00edveis investigados por suspeita de envolvimento com organiza\u00e7\u00e3o criminosa, supostamente ligada ao Primeiro Comando da Capital (PCC), no estado. O parecer foi apresentado no \u00e2mbito de a\u00e7\u00f5es judiciais que apuram crimes como lavagem de dinheiro e uso de [&hellip;]<\/p>\n","protected":false},"author":2,"featured_media":376569,"comment_status":"closed","ping_status":"closed","sticky":false,"template":"","format":"standard","meta":{"_acf_changed":false,"footnotes":""},"categories":[165],"tags":[],"class_list":["post-376568","post","type-post","status-publish","format-standard","has-post-thumbnail","hentry","category-nordeste"],"acf":[],"yoast_head":"<!-- This site is optimized with the Yoast SEO plugin v27.5 - https:\/\/yoast.com\/product\/yoast-seo-wordpress\/ -->\n<title>MP mant\u00e9m interdi\u00e7\u00e3o de postos ligados ao PCC - Notibras<\/title>\n<meta name=\"robots\" content=\"index, follow, max-snippet:-1, max-image-preview:large, max-video-preview:-1\" \/>\n<link rel=\"canonical\" href=\"https:\/\/www.notibras.com\/site\/mp-mantem-interdicao-de-postos-ligados-ao-pcc\/\" \/>\n<meta property=\"og:locale\" content=\"pt_BR\" \/>\n<meta property=\"og:type\" content=\"article\" \/>\n<meta property=\"og:title\" content=\"MP mant\u00e9m interdi\u00e7\u00e3o de postos ligados ao PCC - Notibras\" \/>\n<meta property=\"og:description\" content=\"O Minist\u00e9rio P\u00fablico do Estado do Piau\u00ed (MPPI) manifestou-se favoravelmente \u00e0 manuten\u00e7\u00e3o da interdi\u00e7\u00e3o de postos de combust\u00edveis investigados por suspeita de envolvimento com organiza\u00e7\u00e3o criminosa, supostamente ligada ao Primeiro Comando da Capital (PCC), no estado. O parecer foi apresentado no \u00e2mbito de a\u00e7\u00f5es judiciais que apuram crimes como lavagem de dinheiro e uso de [&hellip;]\" \/>\n<meta property=\"og:url\" content=\"https:\/\/www.notibras.com\/site\/mp-mantem-interdicao-de-postos-ligados-ao-pcc\/\" \/>\n<meta property=\"og:site_name\" content=\"Notibras\" \/>\n<meta property=\"article:publisher\" content=\"https:\/\/www.facebook.com\/notibras\/\" \/>\n<meta property=\"article:published_time\" content=\"2025-12-27T03:30:29+00:00\" \/>\n<meta property=\"article:modified_time\" content=\"2025-12-27T11:32:18+00:00\" \/>\n<meta property=\"og:image\" content=\"https:\/\/www.notibras.com\/site\/wp-content\/uploads\/2025\/12\/287ca1ed-0262-4e9d-a587-925b01b6bda1.jpg\" \/>\n\t<meta property=\"og:image:width\" content=\"984\" \/>\n\t<meta property=\"og:image:height\" content=\"554\" \/>\n\t<meta property=\"og:image:type\" content=\"image\/jpeg\" \/>\n<meta name=\"author\" content=\"Reda\u00e7\u00e3o\" \/>\n<meta name=\"twitter:card\" content=\"summary_large_image\" \/>\n<meta name=\"twitter:creator\" content=\"@Notibras\" \/>\n<meta name=\"twitter:site\" content=\"@Notibras\" \/>\n<meta name=\"twitter:label1\" content=\"Escrito por\" \/>\n\t<meta name=\"twitter:data1\" content=\"Reda\u00e7\u00e3o\" \/>\n\t<meta name=\"twitter:label2\" content=\"Est. tempo de leitura\" \/>\n\t<meta name=\"twitter:data2\" content=\"2 minutos\" \/>\n<script type=\"application\/ld+json\" class=\"yoast-schema-graph\">{\"@context\":\"https:\\\/\\\/schema.org\",\"@graph\":[{\"@type\":\"Article\",\"@id\":\"https:\\\/\\\/www.notibras.com\\\/site\\\/mp-mantem-interdicao-de-postos-ligados-ao-pcc\\\/#article\",\"isPartOf\":{\"@id\":\"https:\\\/\\\/www.notibras.com\\\/site\\\/mp-mantem-interdicao-de-postos-ligados-ao-pcc\\\/\"},\"author\":{\"name\":\"Reda\u00e7\u00e3o\",\"@id\":\"https:\\\/\\\/www.notibras.com\\\/site\\\/#\\\/schema\\\/person\\\/36ab0979449956132d3e5b517ea76ac8\"},\"headline\":\"MP mant\u00e9m interdi\u00e7\u00e3o de postos ligados ao PCC\",\"datePublished\":\"2025-12-27T03:30:29+00:00\",\"dateModified\":\"2025-12-27T11:32:18+00:00\",\"mainEntityOfPage\":{\"@id\":\"https:\\\/\\\/www.notibras.com\\\/site\\\/mp-mantem-interdicao-de-postos-ligados-ao-pcc\\\/\"},\"wordCount\":382,\"publisher\":{\"@id\":\"https:\\\/\\\/www.notibras.com\\\/site\\\/#organization\"},\"image\":{\"@id\":\"https:\\\/\\\/www.notibras.com\\\/site\\\/mp-mantem-interdicao-de-postos-ligados-ao-pcc\\\/#primaryimage\"},\"thumbnailUrl\":\"https:\\\/\\\/www.notibras.com\\\/site\\\/wp-content\\\/uploads\\\/2025\\\/12\\\/287ca1ed-0262-4e9d-a587-925b01b6bda1.jpg\",\"articleSection\":[\"Nordeste\"],\"inLanguage\":\"pt-BR\"},{\"@type\":\"WebPage\",\"@id\":\"https:\\\/\\\/www.notibras.com\\\/site\\\/mp-mantem-interdicao-de-postos-ligados-ao-pcc\\\/\",\"url\":\"https:\\\/\\\/www.notibras.com\\\/site\\\/mp-mantem-interdicao-de-postos-ligados-ao-pcc\\\/\",\"name\":\"MP mant\u00e9m interdi\u00e7\u00e3o de postos ligados ao PCC - Notibras\",\"isPartOf\":{\"@id\":\"https:\\\/\\\/www.notibras.com\\\/site\\\/#website\"},\"primaryImageOfPage\":{\"@id\":\"https:\\\/\\\/www.notibras.com\\\/site\\\/mp-mantem-interdicao-de-postos-ligados-ao-pcc\\\/#primaryimage\"},\"image\":{\"@id\":\"https:\\\/\\\/www.notibras.com\\\/site\\\/mp-mantem-interdicao-de-postos-ligados-ao-pcc\\\/#primaryimage\"},\"thumbnailUrl\":\"https:\\\/\\\/www.notibras.com\\\/site\\\/wp-content\\\/uploads\\\/2025\\\/12\\\/287ca1ed-0262-4e9d-a587-925b01b6bda1.jpg\",\"datePublished\":\"2025-12-27T03:30:29+00:00\",\"dateModified\":\"2025-12-27T11:32:18+00:00\",\"breadcrumb\":{\"@id\":\"https:\\\/\\\/www.notibras.com\\\/site\\\/mp-mantem-interdicao-de-postos-ligados-ao-pcc\\\/#breadcrumb\"},\"inLanguage\":\"pt-BR\",\"potentialAction\":[{\"@type\":\"ReadAction\",\"target\":[\"https:\\\/\\\/www.notibras.com\\\/site\\\/mp-mantem-interdicao-de-postos-ligados-ao-pcc\\\/\"]}]},{\"@type\":\"ImageObject\",\"inLanguage\":\"pt-BR\",\"@id\":\"https:\\\/\\\/www.notibras.com\\\/site\\\/mp-mantem-interdicao-de-postos-ligados-ao-pcc\\\/#primaryimage\",\"url\":\"https:\\\/\\\/www.notibras.com\\\/site\\\/wp-content\\\/uploads\\\/2025\\\/12\\\/287ca1ed-0262-4e9d-a587-925b01b6bda1.jpg\",\"contentUrl\":\"https:\\\/\\\/www.notibras.com\\\/site\\\/wp-content\\\/uploads\\\/2025\\\/12\\\/287ca1ed-0262-4e9d-a587-925b01b6bda1.jpg\",\"width\":984,\"height\":554},{\"@type\":\"BreadcrumbList\",\"@id\":\"https:\\\/\\\/www.notibras.com\\\/site\\\/mp-mantem-interdicao-de-postos-ligados-ao-pcc\\\/#breadcrumb\",\"itemListElement\":[{\"@type\":\"ListItem\",\"position\":1,\"name\":\"In\u00edcio\",\"item\":\"https:\\\/\\\/www.notibras.com\\\/site\\\/\"},{\"@type\":\"ListItem\",\"position\":2,\"name\":\"MP mant\u00e9m interdi\u00e7\u00e3o de postos ligados ao PCC\"}]},{\"@type\":\"WebSite\",\"@id\":\"https:\\\/\\\/www.notibras.com\\\/site\\\/#website\",\"url\":\"https:\\\/\\\/www.notibras.com\\\/site\\\/\",\"name\":\"Notibras\",\"description\":\"Not\u00edcias de Bras\u00edlia, do Brasil e do Mundo\",\"publisher\":{\"@id\":\"https:\\\/\\\/www.notibras.com\\\/site\\\/#organization\"},\"potentialAction\":[{\"@type\":\"SearchAction\",\"target\":{\"@type\":\"EntryPoint\",\"urlTemplate\":\"https:\\\/\\\/www.notibras.com\\\/site\\\/?s={search_term_string}\"},\"query-input\":{\"@type\":\"PropertyValueSpecification\",\"valueRequired\":true,\"valueName\":\"search_term_string\"}}],\"inLanguage\":\"pt-BR\"},{\"@type\":\"Organization\",\"@id\":\"https:\\\/\\\/www.notibras.com\\\/site\\\/#organization\",\"name\":\"Grupo Notibras de Comunica\u00e7\u00e3o\",\"url\":\"https:\\\/\\\/www.notibras.com\\\/site\\\/\",\"logo\":{\"@type\":\"ImageObject\",\"inLanguage\":\"pt-BR\",\"@id\":\"https:\\\/\\\/www.notibras.com\\\/site\\\/#\\\/schema\\\/logo\\\/image\\\/\",\"url\":\"https:\\\/\\\/www.notibras.com\\\/site\\\/wp-content\\\/uploads\\\/2023\\\/01\\\/notibras23.png\",\"contentUrl\":\"https:\\\/\\\/www.notibras.com\\\/site\\\/wp-content\\\/uploads\\\/2023\\\/01\\\/notibras23.png\",\"width\":350,\"height\":87,\"caption\":\"Grupo Notibras de Comunica\u00e7\u00e3o\"},\"image\":{\"@id\":\"https:\\\/\\\/www.notibras.com\\\/site\\\/#\\\/schema\\\/logo\\\/image\\\/\"},\"sameAs\":[\"https:\\\/\\\/www.facebook.com\\\/notibras\\\/\",\"https:\\\/\\\/x.com\\\/Notibras\",\"https:\\\/\\\/www.instagram.com\\\/notibras\\\/\"]},{\"@type\":\"Person\",\"@id\":\"https:\\\/\\\/www.notibras.com\\\/site\\\/#\\\/schema\\\/person\\\/36ab0979449956132d3e5b517ea76ac8\",\"name\":\"Reda\u00e7\u00e3o\",\"image\":{\"@type\":\"ImageObject\",\"inLanguage\":\"pt-BR\",\"@id\":\"https:\\\/\\\/secure.gravatar.com\\\/avatar\\\/e0a867bdedb85fd243eadf09663511f96fc81e0720a4a42581f334ad4303aa6b?s=96&d=mm&r=g\",\"url\":\"https:\\\/\\\/secure.gravatar.com\\\/avatar\\\/e0a867bdedb85fd243eadf09663511f96fc81e0720a4a42581f334ad4303aa6b?s=96&d=mm&r=g\",\"contentUrl\":\"https:\\\/\\\/secure.gravatar.com\\\/avatar\\\/e0a867bdedb85fd243eadf09663511f96fc81e0720a4a42581f334ad4303aa6b?s=96&d=mm&r=g\",\"caption\":\"Reda\u00e7\u00e3o\"}}]}<\/script>\n<!-- \/ Yoast SEO plugin. -->","yoast_head_json":{"title":"MP mant\u00e9m interdi\u00e7\u00e3o de postos ligados ao PCC - Notibras","robots":{"index":"index","follow":"follow","max-snippet":"max-snippet:-1","max-image-preview":"max-image-preview:large","max-video-preview":"max-video-preview:-1"},"canonical":"https:\/\/www.notibras.com\/site\/mp-mantem-interdicao-de-postos-ligados-ao-pcc\/","og_locale":"pt_BR","og_type":"article","og_title":"MP mant\u00e9m interdi\u00e7\u00e3o de postos ligados ao PCC - Notibras","og_description":"O Minist\u00e9rio P\u00fablico do Estado do Piau\u00ed (MPPI) manifestou-se favoravelmente \u00e0 manuten\u00e7\u00e3o da interdi\u00e7\u00e3o de postos de combust\u00edveis investigados por suspeita de envolvimento com organiza\u00e7\u00e3o criminosa, supostamente ligada ao Primeiro Comando da Capital (PCC), no estado. O parecer foi apresentado no \u00e2mbito de a\u00e7\u00f5es judiciais que apuram crimes como lavagem de dinheiro e uso de [&hellip;]","og_url":"https:\/\/www.notibras.com\/site\/mp-mantem-interdicao-de-postos-ligados-ao-pcc\/","og_site_name":"Notibras","article_publisher":"https:\/\/www.facebook.com\/notibras\/","article_published_time":"2025-12-27T03:30:29+00:00","article_modified_time":"2025-12-27T11:32:18+00:00","og_image":[{"width":984,"height":554,"url":"https:\/\/www.notibras.com\/site\/wp-content\/uploads\/2025\/12\/287ca1ed-0262-4e9d-a587-925b01b6bda1.jpg","type":"image\/jpeg"}],"author":"Reda\u00e7\u00e3o","twitter_card":"summary_large_image","twitter_creator":"@Notibras","twitter_site":"@Notibras","twitter_misc":{"Escrito por":"Reda\u00e7\u00e3o","Est. tempo de leitura":"2 minutos"},"schema":{"@context":"https:\/\/schema.org","@graph":[{"@type":"Article","@id":"https:\/\/www.notibras.com\/site\/mp-mantem-interdicao-de-postos-ligados-ao-pcc\/#article","isPartOf":{"@id":"https:\/\/www.notibras.com\/site\/mp-mantem-interdicao-de-postos-ligados-ao-pcc\/"},"author":{"name":"Reda\u00e7\u00e3o","@id":"https:\/\/www.notibras.com\/site\/#\/schema\/person\/36ab0979449956132d3e5b517ea76ac8"},"headline":"MP mant\u00e9m interdi\u00e7\u00e3o de postos ligados ao PCC","datePublished":"2025-12-27T03:30:29+00:00","dateModified":"2025-12-27T11:32:18+00:00","mainEntityOfPage":{"@id":"https:\/\/www.notibras.com\/site\/mp-mantem-interdicao-de-postos-ligados-ao-pcc\/"},"wordCount":382,"publisher":{"@id":"https:\/\/www.notibras.com\/site\/#organization"},"image":{"@id":"https:\/\/www.notibras.com\/site\/mp-mantem-interdicao-de-postos-ligados-ao-pcc\/#primaryimage"},"thumbnailUrl":"https:\/\/www.notibras.com\/site\/wp-content\/uploads\/2025\/12\/287ca1ed-0262-4e9d-a587-925b01b6bda1.jpg","articleSection":["Nordeste"],"inLanguage":"pt-BR"},{"@type":"WebPage","@id":"https:\/\/www.notibras.com\/site\/mp-mantem-interdicao-de-postos-ligados-ao-pcc\/","url":"https:\/\/www.notibras.com\/site\/mp-mantem-interdicao-de-postos-ligados-ao-pcc\/","name":"MP mant\u00e9m interdi\u00e7\u00e3o de postos ligados ao PCC - Notibras","isPartOf":{"@id":"https:\/\/www.notibras.com\/site\/#website"},"primaryImageOfPage":{"@id":"https:\/\/www.notibras.com\/site\/mp-mantem-interdicao-de-postos-ligados-ao-pcc\/#primaryimage"},"image":{"@id":"https:\/\/www.notibras.com\/site\/mp-mantem-interdicao-de-postos-ligados-ao-pcc\/#primaryimage"},"thumbnailUrl":"https:\/\/www.notibras.com\/site\/wp-content\/uploads\/2025\/12\/287ca1ed-0262-4e9d-a587-925b01b6bda1.jpg","datePublished":"2025-12-27T03:30:29+00:00","dateModified":"2025-12-27T11:32:18+00:00","breadcrumb":{"@id":"https:\/\/www.notibras.com\/site\/mp-mantem-interdicao-de-postos-ligados-ao-pcc\/#breadcrumb"},"inLanguage":"pt-BR","potentialAction":[{"@type":"ReadAction","target":["https:\/\/www.notibras.com\/site\/mp-mantem-interdicao-de-postos-ligados-ao-pcc\/"]}]},{"@type":"ImageObject","inLanguage":"pt-BR","@id":"https:\/\/www.notibras.com\/site\/mp-mantem-interdicao-de-postos-ligados-ao-pcc\/#primaryimage","url":"https:\/\/www.notibras.com\/site\/wp-content\/uploads\/2025\/12\/287ca1ed-0262-4e9d-a587-925b01b6bda1.jpg","contentUrl":"https:\/\/www.notibras.com\/site\/wp-content\/uploads\/2025\/12\/287ca1ed-0262-4e9d-a587-925b01b6bda1.jpg","width":984,"height":554},{"@type":"BreadcrumbList","@id":"https:\/\/www.notibras.com\/site\/mp-mantem-interdicao-de-postos-ligados-ao-pcc\/#breadcrumb","itemListElement":[{"@type":"ListItem","position":1,"name":"In\u00edcio","item":"https:\/\/www.notibras.com\/site\/"},{"@type":"ListItem","position":2,"name":"MP mant\u00e9m interdi\u00e7\u00e3o de postos ligados ao PCC"}]},{"@type":"WebSite","@id":"https:\/\/www.notibras.com\/site\/#website","url":"https:\/\/www.notibras.com\/site\/","name":"Notibras","description":"Not\u00edcias de Bras\u00edlia, do Brasil e do Mundo","publisher":{"@id":"https:\/\/www.notibras.com\/site\/#organization"},"potentialAction":[{"@type":"SearchAction","target":{"@type":"EntryPoint","urlTemplate":"https:\/\/www.notibras.com\/site\/?s={search_term_string}"},"query-input":{"@type":"PropertyValueSpecification","valueRequired":true,"valueName":"search_term_string"}}],"inLanguage":"pt-BR"},{"@type":"Organization","@id":"https:\/\/www.notibras.com\/site\/#organization","name":"Grupo Notibras de Comunica\u00e7\u00e3o","url":"https:\/\/www.notibras.com\/site\/","logo":{"@type":"ImageObject","inLanguage":"pt-BR","@id":"https:\/\/www.notibras.com\/site\/#\/schema\/logo\/image\/","url":"https:\/\/www.notibras.com\/site\/wp-content\/uploads\/2023\/01\/notibras23.png","contentUrl":"https:\/\/www.notibras.com\/site\/wp-content\/uploads\/2023\/01\/notibras23.png","width":350,"height":87,"caption":"Grupo Notibras de Comunica\u00e7\u00e3o"},"image":{"@id":"https:\/\/www.notibras.com\/site\/#\/schema\/logo\/image\/"},"sameAs":["https:\/\/www.facebook.com\/notibras\/","https:\/\/x.com\/Notibras","https:\/\/www.instagram.com\/notibras\/"]},{"@type":"Person","@id":"https:\/\/www.notibras.com\/site\/#\/schema\/person\/36ab0979449956132d3e5b517ea76ac8","name":"Reda\u00e7\u00e3o","image":{"@type":"ImageObject","inLanguage":"pt-BR","@id":"https:\/\/secure.gravatar.com\/avatar\/e0a867bdedb85fd243eadf09663511f96fc81e0720a4a42581f334ad4303aa6b?s=96&d=mm&r=g","url":"https:\/\/secure.gravatar.com\/avatar\/e0a867bdedb85fd243eadf09663511f96fc81e0720a4a42581f334ad4303aa6b?s=96&d=mm&r=g","contentUrl":"https:\/\/secure.gravatar.com\/avatar\/e0a867bdedb85fd243eadf09663511f96fc81e0720a4a42581f334ad4303aa6b?s=96&d=mm&r=g","caption":"Reda\u00e7\u00e3o"}}]}},"amp_enabled":true,"_links":{"self":[{"href":"https:\/\/www.notibras.com\/site\/wp-json\/wp\/v2\/posts\/376568","targetHints":{"allow":["GET"]}}],"collection":[{"href":"https:\/\/www.notibras.com\/site\/wp-json\/wp\/v2\/posts"}],"about":[{"href":"https:\/\/www.notibras.com\/site\/wp-json\/wp\/v2\/types\/post"}],"author":[{"embeddable":true,"href":"https:\/\/www.notibras.com\/site\/wp-json\/wp\/v2\/users\/2"}],"replies":[{"embeddable":true,"href":"https:\/\/www.notibras.com\/site\/wp-json\/wp\/v2\/comments?post=376568"}],"version-history":[{"count":1,"href":"https:\/\/www.notibras.com\/site\/wp-json\/wp\/v2\/posts\/376568\/revisions"}],"predecessor-version":[{"id":376570,"href":"https:\/\/www.notibras.com\/site\/wp-json\/wp\/v2\/posts\/376568\/revisions\/376570"}],"wp:featuredmedia":[{"embeddable":true,"href":"https:\/\/www.notibras.com\/site\/wp-json\/wp\/v2\/media\/376569"}],"wp:attachment":[{"href":"https:\/\/www.notibras.com\/site\/wp-json\/wp\/v2\/media?parent=376568"}],"wp:term":[{"taxonomy":"category","embeddable":true,"href":"https:\/\/www.notibras.com\/site\/wp-json\/wp\/v2\/categories?post=376568"},{"taxonomy":"post_tag","embeddable":true,"href":"https:\/\/www.notibras.com\/site\/wp-json\/wp\/v2\/tags?post=376568"}],"curies":[{"name":"wp","href":"https:\/\/api.w.org\/{rel}","templated":true}]}}