{"id":376575,"date":"2025-12-27T00:22:53","date_gmt":"2025-12-27T03:22:53","guid":{"rendered":"https:\/\/www.notibras.com\/site\/?p=376575"},"modified":"2025-12-27T08:43:40","modified_gmt":"2025-12-27T11:43:40","slug":"se-problema-do-nordeste-fosse-seca-bastava-uma-chuva-mas","status":"publish","type":"post","link":"https:\/\/www.notibras.com\/site\/se-problema-do-nordeste-fosse-seca-bastava-uma-chuva-mas\/","title":{"rendered":"Se problema do Nordeste fosse seca, bastava uma chuva. Mas&#8230;"},"content":{"rendered":"<p>O Nordeste do Brasil n\u00e3o cabe em r\u00f3tulos. \u00c9 vasto como o horizonte do sert\u00e3o, profundo como o mar que beija o litoral e diverso como as vozes que ecoam nas feiras, nos terreiros, nas pra\u00e7as e nos becos das cidades grandes e pequenas. Falar do povo nordestino \u00e9 falar de desafios antigos, mas tamb\u00e9m de riquezas que resistem ao tempo e \u00e0s adversidades.<\/p>\n<p>H\u00e1 desafios que insistem em permanecer. A seca, quando chega, n\u00e3o pede licen\u00e7a. Castiga a terra, testa a paci\u00eancia e exige criatividade para sobreviver. A desigualdade social, herdada de um passado de concentra\u00e7\u00e3o de renda e abandono hist\u00f3rico, ainda limita sonhos e oportunidades. Em muitas comunidades, o acesso a servi\u00e7os p\u00fablicos de qualidade continua sendo uma luta di\u00e1ria. Mas o nordestino aprendeu cedo que desistir n\u00e3o \u00e9 op\u00e7\u00e3o.<\/p>\n<p>E \u00e9 justamente a\u00ed que mora uma de suas maiores riquezas: a capacidade de transformar dificuldade em for\u00e7a. Onde falta \u00e1gua, sobra engenho. Onde o dinheiro \u00e9 curto, a solidariedade se alonga. O pouco vira muito quando repartido, e o sofrimento encontra al\u00edvio na conversa \u00e0 sombra, no caf\u00e9 coado, na risada que teima em nascer mesmo nos dias duros.<\/p>\n<p>A riqueza do Nordeste n\u00e3o est\u00e1 apenas no solo f\u00e9rtil de algumas regi\u00f5es, nem no turismo que encanta o mundo. Est\u00e1 na cultura viva, pulsante, que se renova sem perder as ra\u00edzes. No forr\u00f3 que embala hist\u00f3rias de amor e saudade, no repente que denuncia injusti\u00e7as com poesia afiada, no artesanato que carrega identidade em cada tra\u00e7o. Est\u00e1 na culin\u00e1ria que transforma ingredientes simples em sabores inesquec\u00edveis, cheios de mem\u00f3ria e afeto.<\/p>\n<p>O povo nordestino carrega f\u00e9 no peito \u2014 seja ela rezada em igrejas, celebrada em terreiros ou silenciosamente guardada no cora\u00e7\u00e3o. F\u00e9 que sustenta, que levanta cedo, que ensina a esperar sem parar de lutar. F\u00e9 que n\u00e3o anula a dor, mas ajuda a atravess\u00e1-la.<\/p>\n<p>Entre desafios e riquezas, o Nordeste segue em movimento. Cresce, se reinventa, afirma sua import\u00e2ncia econ\u00f4mica, cultural e humana no Brasil. E seu povo, tantas vezes injustamente reduzido a estere\u00f3tipos, segue mostrando que \u00e9 feito de coragem, intelig\u00eancia, sensibilidade e orgulho.<\/p>\n<p>Porque ser nordestino \u00e9, acima de tudo, resistir sem perder a ternura, lutar sem esquecer a alegria e seguir em frente carregando no peito a certeza de que, apesar dos muitos desafios, as riquezas do Nordeste moram, sobretudo, em seu povo.<\/p>\n","protected":false},"excerpt":{"rendered":"<p>O Nordeste do Brasil n\u00e3o cabe em r\u00f3tulos. \u00c9 vasto como o horizonte do sert\u00e3o, profundo como o mar que beija o litoral e diverso como as vozes que ecoam nas feiras, nos terreiros, nas pra\u00e7as e nos becos das cidades grandes e pequenas. Falar do povo nordestino \u00e9 falar de desafios antigos, mas tamb\u00e9m [&hellip;]<\/p>\n","protected":false},"author":2,"featured_media":376576,"comment_status":"closed","ping_status":"closed","sticky":false,"template":"","format":"standard","meta":{"_acf_changed":false,"footnotes":""},"categories":[165],"tags":[],"class_list":["post-376575","post","type-post","status-publish","format-standard","has-post-thumbnail","hentry","category-nordeste"],"acf":[],"yoast_head":"<!-- This site is optimized with the Yoast SEO plugin v27.5 - https:\/\/yoast.com\/product\/yoast-seo-wordpress\/ -->\n<title>Se problema do Nordeste fosse seca, bastava uma chuva. Mas... - Notibras<\/title>\n<meta name=\"robots\" content=\"index, follow, max-snippet:-1, max-image-preview:large, max-video-preview:-1\" \/>\n<link rel=\"canonical\" href=\"https:\/\/www.notibras.com\/site\/se-problema-do-nordeste-fosse-seca-bastava-uma-chuva-mas\/\" \/>\n<meta property=\"og:locale\" content=\"pt_BR\" \/>\n<meta property=\"og:type\" content=\"article\" \/>\n<meta property=\"og:title\" content=\"Se problema do Nordeste fosse seca, bastava uma chuva. Mas... - Notibras\" \/>\n<meta property=\"og:description\" content=\"O Nordeste do Brasil n\u00e3o cabe em r\u00f3tulos. \u00c9 vasto como o horizonte do sert\u00e3o, profundo como o mar que beija o litoral e diverso como as vozes que ecoam nas feiras, nos terreiros, nas pra\u00e7as e nos becos das cidades grandes e pequenas. Falar do povo nordestino \u00e9 falar de desafios antigos, mas tamb\u00e9m [&hellip;]\" \/>\n<meta property=\"og:url\" content=\"https:\/\/www.notibras.com\/site\/se-problema-do-nordeste-fosse-seca-bastava-uma-chuva-mas\/\" \/>\n<meta property=\"og:site_name\" content=\"Notibras\" \/>\n<meta property=\"article:publisher\" content=\"https:\/\/www.facebook.com\/notibras\/\" \/>\n<meta property=\"article:published_time\" content=\"2025-12-27T03:22:53+00:00\" \/>\n<meta property=\"article:modified_time\" content=\"2025-12-27T11:43:40+00:00\" \/>\n<meta property=\"og:image\" content=\"https:\/\/www.notibras.com\/site\/wp-content\/uploads\/2025\/12\/9d5ae4da-9f16-47f2-a38f-e8d9cf4005e5.jpg\" \/>\n\t<meta property=\"og:image:width\" content=\"1200\" \/>\n\t<meta property=\"og:image:height\" content=\"512\" \/>\n\t<meta property=\"og:image:type\" content=\"image\/jpeg\" \/>\n<meta name=\"author\" content=\"Reda\u00e7\u00e3o\" \/>\n<meta name=\"twitter:card\" content=\"summary_large_image\" \/>\n<meta name=\"twitter:creator\" content=\"@Notibras\" \/>\n<meta name=\"twitter:site\" content=\"@Notibras\" \/>\n<meta name=\"twitter:label1\" content=\"Escrito por\" \/>\n\t<meta name=\"twitter:data1\" content=\"Reda\u00e7\u00e3o\" \/>\n\t<meta name=\"twitter:label2\" content=\"Est. tempo de leitura\" \/>\n\t<meta name=\"twitter:data2\" content=\"3 minutos\" \/>\n<script type=\"application\/ld+json\" class=\"yoast-schema-graph\">{\"@context\":\"https:\\\/\\\/schema.org\",\"@graph\":[{\"@type\":\"Article\",\"@id\":\"https:\\\/\\\/www.notibras.com\\\/site\\\/se-problema-do-nordeste-fosse-seca-bastava-uma-chuva-mas\\\/#article\",\"isPartOf\":{\"@id\":\"https:\\\/\\\/www.notibras.com\\\/site\\\/se-problema-do-nordeste-fosse-seca-bastava-uma-chuva-mas\\\/\"},\"author\":{\"name\":\"Reda\u00e7\u00e3o\",\"@id\":\"https:\\\/\\\/www.notibras.com\\\/site\\\/#\\\/schema\\\/person\\\/36ab0979449956132d3e5b517ea76ac8\"},\"headline\":\"Se problema do Nordeste fosse seca, bastava uma chuva. Mas&#8230;\",\"datePublished\":\"2025-12-27T03:22:53+00:00\",\"dateModified\":\"2025-12-27T11:43:40+00:00\",\"mainEntityOfPage\":{\"@id\":\"https:\\\/\\\/www.notibras.com\\\/site\\\/se-problema-do-nordeste-fosse-seca-bastava-uma-chuva-mas\\\/\"},\"wordCount\":426,\"publisher\":{\"@id\":\"https:\\\/\\\/www.notibras.com\\\/site\\\/#organization\"},\"image\":{\"@id\":\"https:\\\/\\\/www.notibras.com\\\/site\\\/se-problema-do-nordeste-fosse-seca-bastava-uma-chuva-mas\\\/#primaryimage\"},\"thumbnailUrl\":\"https:\\\/\\\/www.notibras.com\\\/site\\\/wp-content\\\/uploads\\\/2025\\\/12\\\/9d5ae4da-9f16-47f2-a38f-e8d9cf4005e5.jpg\",\"articleSection\":[\"Nordeste\"],\"inLanguage\":\"pt-BR\"},{\"@type\":\"WebPage\",\"@id\":\"https:\\\/\\\/www.notibras.com\\\/site\\\/se-problema-do-nordeste-fosse-seca-bastava-uma-chuva-mas\\\/\",\"url\":\"https:\\\/\\\/www.notibras.com\\\/site\\\/se-problema-do-nordeste-fosse-seca-bastava-uma-chuva-mas\\\/\",\"name\":\"Se problema do Nordeste fosse seca, bastava uma chuva. Mas... - Notibras\",\"isPartOf\":{\"@id\":\"https:\\\/\\\/www.notibras.com\\\/site\\\/#website\"},\"primaryImageOfPage\":{\"@id\":\"https:\\\/\\\/www.notibras.com\\\/site\\\/se-problema-do-nordeste-fosse-seca-bastava-uma-chuva-mas\\\/#primaryimage\"},\"image\":{\"@id\":\"https:\\\/\\\/www.notibras.com\\\/site\\\/se-problema-do-nordeste-fosse-seca-bastava-uma-chuva-mas\\\/#primaryimage\"},\"thumbnailUrl\":\"https:\\\/\\\/www.notibras.com\\\/site\\\/wp-content\\\/uploads\\\/2025\\\/12\\\/9d5ae4da-9f16-47f2-a38f-e8d9cf4005e5.jpg\",\"datePublished\":\"2025-12-27T03:22:53+00:00\",\"dateModified\":\"2025-12-27T11:43:40+00:00\",\"breadcrumb\":{\"@id\":\"https:\\\/\\\/www.notibras.com\\\/site\\\/se-problema-do-nordeste-fosse-seca-bastava-uma-chuva-mas\\\/#breadcrumb\"},\"inLanguage\":\"pt-BR\",\"potentialAction\":[{\"@type\":\"ReadAction\",\"target\":[\"https:\\\/\\\/www.notibras.com\\\/site\\\/se-problema-do-nordeste-fosse-seca-bastava-uma-chuva-mas\\\/\"]}]},{\"@type\":\"ImageObject\",\"inLanguage\":\"pt-BR\",\"@id\":\"https:\\\/\\\/www.notibras.com\\\/site\\\/se-problema-do-nordeste-fosse-seca-bastava-uma-chuva-mas\\\/#primaryimage\",\"url\":\"https:\\\/\\\/www.notibras.com\\\/site\\\/wp-content\\\/uploads\\\/2025\\\/12\\\/9d5ae4da-9f16-47f2-a38f-e8d9cf4005e5.jpg\",\"contentUrl\":\"https:\\\/\\\/www.notibras.com\\\/site\\\/wp-content\\\/uploads\\\/2025\\\/12\\\/9d5ae4da-9f16-47f2-a38f-e8d9cf4005e5.jpg\",\"width\":1200,\"height\":512},{\"@type\":\"BreadcrumbList\",\"@id\":\"https:\\\/\\\/www.notibras.com\\\/site\\\/se-problema-do-nordeste-fosse-seca-bastava-uma-chuva-mas\\\/#breadcrumb\",\"itemListElement\":[{\"@type\":\"ListItem\",\"position\":1,\"name\":\"In\u00edcio\",\"item\":\"https:\\\/\\\/www.notibras.com\\\/site\\\/\"},{\"@type\":\"ListItem\",\"position\":2,\"name\":\"Se problema do Nordeste fosse seca, bastava uma chuva. Mas&#8230;\"}]},{\"@type\":\"WebSite\",\"@id\":\"https:\\\/\\\/www.notibras.com\\\/site\\\/#website\",\"url\":\"https:\\\/\\\/www.notibras.com\\\/site\\\/\",\"name\":\"Notibras\",\"description\":\"Not\u00edcias de Bras\u00edlia, do Brasil e do Mundo\",\"publisher\":{\"@id\":\"https:\\\/\\\/www.notibras.com\\\/site\\\/#organization\"},\"potentialAction\":[{\"@type\":\"SearchAction\",\"target\":{\"@type\":\"EntryPoint\",\"urlTemplate\":\"https:\\\/\\\/www.notibras.com\\\/site\\\/?s={search_term_string}\"},\"query-input\":{\"@type\":\"PropertyValueSpecification\",\"valueRequired\":true,\"valueName\":\"search_term_string\"}}],\"inLanguage\":\"pt-BR\"},{\"@type\":\"Organization\",\"@id\":\"https:\\\/\\\/www.notibras.com\\\/site\\\/#organization\",\"name\":\"Grupo Notibras de Comunica\u00e7\u00e3o\",\"url\":\"https:\\\/\\\/www.notibras.com\\\/site\\\/\",\"logo\":{\"@type\":\"ImageObject\",\"inLanguage\":\"pt-BR\",\"@id\":\"https:\\\/\\\/www.notibras.com\\\/site\\\/#\\\/schema\\\/logo\\\/image\\\/\",\"url\":\"https:\\\/\\\/www.notibras.com\\\/site\\\/wp-content\\\/uploads\\\/2023\\\/01\\\/notibras23.png\",\"contentUrl\":\"https:\\\/\\\/www.notibras.com\\\/site\\\/wp-content\\\/uploads\\\/2023\\\/01\\\/notibras23.png\",\"width\":350,\"height\":87,\"caption\":\"Grupo Notibras de Comunica\u00e7\u00e3o\"},\"image\":{\"@id\":\"https:\\\/\\\/www.notibras.com\\\/site\\\/#\\\/schema\\\/logo\\\/image\\\/\"},\"sameAs\":[\"https:\\\/\\\/www.facebook.com\\\/notibras\\\/\",\"https:\\\/\\\/x.com\\\/Notibras\",\"https:\\\/\\\/www.instagram.com\\\/notibras\\\/\"]},{\"@type\":\"Person\",\"@id\":\"https:\\\/\\\/www.notibras.com\\\/site\\\/#\\\/schema\\\/person\\\/36ab0979449956132d3e5b517ea76ac8\",\"name\":\"Reda\u00e7\u00e3o\",\"image\":{\"@type\":\"ImageObject\",\"inLanguage\":\"pt-BR\",\"@id\":\"https:\\\/\\\/secure.gravatar.com\\\/avatar\\\/e0a867bdedb85fd243eadf09663511f96fc81e0720a4a42581f334ad4303aa6b?s=96&d=mm&r=g\",\"url\":\"https:\\\/\\\/secure.gravatar.com\\\/avatar\\\/e0a867bdedb85fd243eadf09663511f96fc81e0720a4a42581f334ad4303aa6b?s=96&d=mm&r=g\",\"contentUrl\":\"https:\\\/\\\/secure.gravatar.com\\\/avatar\\\/e0a867bdedb85fd243eadf09663511f96fc81e0720a4a42581f334ad4303aa6b?s=96&d=mm&r=g\",\"caption\":\"Reda\u00e7\u00e3o\"}}]}<\/script>\n<!-- \/ Yoast SEO plugin. -->","yoast_head_json":{"title":"Se problema do Nordeste fosse seca, bastava uma chuva. Mas... - Notibras","robots":{"index":"index","follow":"follow","max-snippet":"max-snippet:-1","max-image-preview":"max-image-preview:large","max-video-preview":"max-video-preview:-1"},"canonical":"https:\/\/www.notibras.com\/site\/se-problema-do-nordeste-fosse-seca-bastava-uma-chuva-mas\/","og_locale":"pt_BR","og_type":"article","og_title":"Se problema do Nordeste fosse seca, bastava uma chuva. Mas... - Notibras","og_description":"O Nordeste do Brasil n\u00e3o cabe em r\u00f3tulos. \u00c9 vasto como o horizonte do sert\u00e3o, profundo como o mar que beija o litoral e diverso como as vozes que ecoam nas feiras, nos terreiros, nas pra\u00e7as e nos becos das cidades grandes e pequenas. Falar do povo nordestino \u00e9 falar de desafios antigos, mas tamb\u00e9m [&hellip;]","og_url":"https:\/\/www.notibras.com\/site\/se-problema-do-nordeste-fosse-seca-bastava-uma-chuva-mas\/","og_site_name":"Notibras","article_publisher":"https:\/\/www.facebook.com\/notibras\/","article_published_time":"2025-12-27T03:22:53+00:00","article_modified_time":"2025-12-27T11:43:40+00:00","og_image":[{"width":1200,"height":512,"url":"https:\/\/www.notibras.com\/site\/wp-content\/uploads\/2025\/12\/9d5ae4da-9f16-47f2-a38f-e8d9cf4005e5.jpg","type":"image\/jpeg"}],"author":"Reda\u00e7\u00e3o","twitter_card":"summary_large_image","twitter_creator":"@Notibras","twitter_site":"@Notibras","twitter_misc":{"Escrito por":"Reda\u00e7\u00e3o","Est. tempo de leitura":"3 minutos"},"schema":{"@context":"https:\/\/schema.org","@graph":[{"@type":"Article","@id":"https:\/\/www.notibras.com\/site\/se-problema-do-nordeste-fosse-seca-bastava-uma-chuva-mas\/#article","isPartOf":{"@id":"https:\/\/www.notibras.com\/site\/se-problema-do-nordeste-fosse-seca-bastava-uma-chuva-mas\/"},"author":{"name":"Reda\u00e7\u00e3o","@id":"https:\/\/www.notibras.com\/site\/#\/schema\/person\/36ab0979449956132d3e5b517ea76ac8"},"headline":"Se problema do Nordeste fosse seca, bastava uma chuva. Mas&#8230;","datePublished":"2025-12-27T03:22:53+00:00","dateModified":"2025-12-27T11:43:40+00:00","mainEntityOfPage":{"@id":"https:\/\/www.notibras.com\/site\/se-problema-do-nordeste-fosse-seca-bastava-uma-chuva-mas\/"},"wordCount":426,"publisher":{"@id":"https:\/\/www.notibras.com\/site\/#organization"},"image":{"@id":"https:\/\/www.notibras.com\/site\/se-problema-do-nordeste-fosse-seca-bastava-uma-chuva-mas\/#primaryimage"},"thumbnailUrl":"https:\/\/www.notibras.com\/site\/wp-content\/uploads\/2025\/12\/9d5ae4da-9f16-47f2-a38f-e8d9cf4005e5.jpg","articleSection":["Nordeste"],"inLanguage":"pt-BR"},{"@type":"WebPage","@id":"https:\/\/www.notibras.com\/site\/se-problema-do-nordeste-fosse-seca-bastava-uma-chuva-mas\/","url":"https:\/\/www.notibras.com\/site\/se-problema-do-nordeste-fosse-seca-bastava-uma-chuva-mas\/","name":"Se problema do Nordeste fosse seca, bastava uma chuva. Mas... - Notibras","isPartOf":{"@id":"https:\/\/www.notibras.com\/site\/#website"},"primaryImageOfPage":{"@id":"https:\/\/www.notibras.com\/site\/se-problema-do-nordeste-fosse-seca-bastava-uma-chuva-mas\/#primaryimage"},"image":{"@id":"https:\/\/www.notibras.com\/site\/se-problema-do-nordeste-fosse-seca-bastava-uma-chuva-mas\/#primaryimage"},"thumbnailUrl":"https:\/\/www.notibras.com\/site\/wp-content\/uploads\/2025\/12\/9d5ae4da-9f16-47f2-a38f-e8d9cf4005e5.jpg","datePublished":"2025-12-27T03:22:53+00:00","dateModified":"2025-12-27T11:43:40+00:00","breadcrumb":{"@id":"https:\/\/www.notibras.com\/site\/se-problema-do-nordeste-fosse-seca-bastava-uma-chuva-mas\/#breadcrumb"},"inLanguage":"pt-BR","potentialAction":[{"@type":"ReadAction","target":["https:\/\/www.notibras.com\/site\/se-problema-do-nordeste-fosse-seca-bastava-uma-chuva-mas\/"]}]},{"@type":"ImageObject","inLanguage":"pt-BR","@id":"https:\/\/www.notibras.com\/site\/se-problema-do-nordeste-fosse-seca-bastava-uma-chuva-mas\/#primaryimage","url":"https:\/\/www.notibras.com\/site\/wp-content\/uploads\/2025\/12\/9d5ae4da-9f16-47f2-a38f-e8d9cf4005e5.jpg","contentUrl":"https:\/\/www.notibras.com\/site\/wp-content\/uploads\/2025\/12\/9d5ae4da-9f16-47f2-a38f-e8d9cf4005e5.jpg","width":1200,"height":512},{"@type":"BreadcrumbList","@id":"https:\/\/www.notibras.com\/site\/se-problema-do-nordeste-fosse-seca-bastava-uma-chuva-mas\/#breadcrumb","itemListElement":[{"@type":"ListItem","position":1,"name":"In\u00edcio","item":"https:\/\/www.notibras.com\/site\/"},{"@type":"ListItem","position":2,"name":"Se problema do Nordeste fosse seca, bastava uma chuva. Mas&#8230;"}]},{"@type":"WebSite","@id":"https:\/\/www.notibras.com\/site\/#website","url":"https:\/\/www.notibras.com\/site\/","name":"Notibras","description":"Not\u00edcias de Bras\u00edlia, do Brasil e do Mundo","publisher":{"@id":"https:\/\/www.notibras.com\/site\/#organization"},"potentialAction":[{"@type":"SearchAction","target":{"@type":"EntryPoint","urlTemplate":"https:\/\/www.notibras.com\/site\/?s={search_term_string}"},"query-input":{"@type":"PropertyValueSpecification","valueRequired":true,"valueName":"search_term_string"}}],"inLanguage":"pt-BR"},{"@type":"Organization","@id":"https:\/\/www.notibras.com\/site\/#organization","name":"Grupo Notibras de Comunica\u00e7\u00e3o","url":"https:\/\/www.notibras.com\/site\/","logo":{"@type":"ImageObject","inLanguage":"pt-BR","@id":"https:\/\/www.notibras.com\/site\/#\/schema\/logo\/image\/","url":"https:\/\/www.notibras.com\/site\/wp-content\/uploads\/2023\/01\/notibras23.png","contentUrl":"https:\/\/www.notibras.com\/site\/wp-content\/uploads\/2023\/01\/notibras23.png","width":350,"height":87,"caption":"Grupo Notibras de Comunica\u00e7\u00e3o"},"image":{"@id":"https:\/\/www.notibras.com\/site\/#\/schema\/logo\/image\/"},"sameAs":["https:\/\/www.facebook.com\/notibras\/","https:\/\/x.com\/Notibras","https:\/\/www.instagram.com\/notibras\/"]},{"@type":"Person","@id":"https:\/\/www.notibras.com\/site\/#\/schema\/person\/36ab0979449956132d3e5b517ea76ac8","name":"Reda\u00e7\u00e3o","image":{"@type":"ImageObject","inLanguage":"pt-BR","@id":"https:\/\/secure.gravatar.com\/avatar\/e0a867bdedb85fd243eadf09663511f96fc81e0720a4a42581f334ad4303aa6b?s=96&d=mm&r=g","url":"https:\/\/secure.gravatar.com\/avatar\/e0a867bdedb85fd243eadf09663511f96fc81e0720a4a42581f334ad4303aa6b?s=96&d=mm&r=g","contentUrl":"https:\/\/secure.gravatar.com\/avatar\/e0a867bdedb85fd243eadf09663511f96fc81e0720a4a42581f334ad4303aa6b?s=96&d=mm&r=g","caption":"Reda\u00e7\u00e3o"}}]}},"amp_enabled":true,"_links":{"self":[{"href":"https:\/\/www.notibras.com\/site\/wp-json\/wp\/v2\/posts\/376575","targetHints":{"allow":["GET"]}}],"collection":[{"href":"https:\/\/www.notibras.com\/site\/wp-json\/wp\/v2\/posts"}],"about":[{"href":"https:\/\/www.notibras.com\/site\/wp-json\/wp\/v2\/types\/post"}],"author":[{"embeddable":true,"href":"https:\/\/www.notibras.com\/site\/wp-json\/wp\/v2\/users\/2"}],"replies":[{"embeddable":true,"href":"https:\/\/www.notibras.com\/site\/wp-json\/wp\/v2\/comments?post=376575"}],"version-history":[{"count":1,"href":"https:\/\/www.notibras.com\/site\/wp-json\/wp\/v2\/posts\/376575\/revisions"}],"predecessor-version":[{"id":376577,"href":"https:\/\/www.notibras.com\/site\/wp-json\/wp\/v2\/posts\/376575\/revisions\/376577"}],"wp:featuredmedia":[{"embeddable":true,"href":"https:\/\/www.notibras.com\/site\/wp-json\/wp\/v2\/media\/376576"}],"wp:attachment":[{"href":"https:\/\/www.notibras.com\/site\/wp-json\/wp\/v2\/media?parent=376575"}],"wp:term":[{"taxonomy":"category","embeddable":true,"href":"https:\/\/www.notibras.com\/site\/wp-json\/wp\/v2\/categories?post=376575"},{"taxonomy":"post_tag","embeddable":true,"href":"https:\/\/www.notibras.com\/site\/wp-json\/wp\/v2\/tags?post=376575"}],"curies":[{"name":"wp","href":"https:\/\/api.w.org\/{rel}","templated":true}]}}