{"id":376578,"date":"2025-12-27T00:00:40","date_gmt":"2025-12-27T03:00:40","guid":{"rendered":"https:\/\/www.notibras.com\/site\/?p=376578"},"modified":"2025-12-27T08:53:44","modified_gmt":"2025-12-27T11:53:44","slug":"prefeito-e-vereadores-de-turilandia-presos-por-desvio-de-recursos","status":"publish","type":"post","link":"https:\/\/www.notibras.com\/site\/prefeito-e-vereadores-de-turilandia-presos-por-desvio-de-recursos\/","title":{"rendered":"Prefeito e vereadores de Turil\u00e2ndia presos por desvio de recursos"},"content":{"rendered":"<p>O prefeito de Turil\u00e2ndia (MA), Paulo Curi\u00f3, est\u00e1 preso preventivamente no Complexo Penitenci\u00e1rio de Pedrinhas, em S\u00e3o Lu\u00eds. Tamb\u00e9m foram presos a primeira-dama da cidade, Eva Curi\u00f3, a ex-vice-prefeita Janaina Soares Lima, o marido dela, Marlon de Jesus Arouche Serr\u00e3o e o contador da prefeitura, Wandson Jhonathan Barros.<\/p>\n<p>Ap\u00f3s audi\u00eancia de cust\u00f3dia, realizada na \u00faltima quarta-feira (24), o Plant\u00e3o Judici\u00e1rio Criminal da Comarca da Ilha de S\u00e3o Lu\u00eds disse que as pris\u00f5es preventivas dos investigados s\u00e3o regulares. Al\u00e9m deles, cinco vereadores que estavam com mandados de pris\u00e3o em aberto se apresentaram na Unidade Prisional de Pinheiro (UPPHO) para instala\u00e7\u00e3o de tornozeleiras eletr\u00f4nicas.<\/p>\n<p>O grupo \u00e9 investigado juntamente com 20 vereadores e um ex-vereador por integrar um esquema milion\u00e1rio de desvio de recursos p\u00fablicos. Investiga\u00e7\u00e3o do Minist\u00e9rio P\u00fablico do Maranh\u00e3o (MPMA) aponta que eles integram uma organiza\u00e7\u00e3o criminosa respons\u00e1vel por desviar mais de R$ 56 milh\u00f5es do munic\u00edpio, situado na Baixada Maranhense.<\/p>\n<p>Na segunda-feira (22), o Grupo de Atua\u00e7\u00e3o Especial de Combate \u00e0s Organiza\u00e7\u00f5es Criminosas (Gaeco), do MPMA, deflagrou a Opera\u00e7\u00e3o T\u00e2ntalo II, com o cumprimento de 51 mandados de busca e apreens\u00e3o e 21 mandados de pris\u00e3o. Em um \u00fanico alvo, em S\u00e3o Lu\u00eds, foram apreendidos quase R$ 2 milh\u00f5es.<\/p>\n<p>De acordo com a investiga\u00e7\u00e3o, durante a gest\u00e3o de Paulo Curi\u00f3, a organiza\u00e7\u00e3o criminosa praticou os crimes de fraude em licita\u00e7\u00e3o, corrup\u00e7\u00e3o ativa e passiva, peculato e lavagem de capitais. O esquema gerou um dano ao er\u00e1rio de mais de R$ 56 milh\u00f5es.<\/p>\n<p>As investiga\u00e7\u00f5es envolvem ainda as empresas Posto Turi, SP Freitas J\u00fanior LTDA, Luminer e Servi\u00e7os LTDA, MR Costa LTDA, AB Ferreira LTDA, Climatech Refrigera\u00e7\u00e3o e Servi\u00e7os Ltda, JEC Empreendimentos, Potencial Empreendimentos e Cia Ltda, WJ Barros Consultoria Cont\u00e1bil e Agromais Pecu\u00e1ria e Piscicultura LTDA, al\u00e9m de outras pessoas f\u00edsicas e jur\u00eddicas, servidores p\u00fablicos, particulares e agentes pol\u00edticos.<\/p>\n","protected":false},"excerpt":{"rendered":"<p>O prefeito de Turil\u00e2ndia (MA), Paulo Curi\u00f3, est\u00e1 preso preventivamente no Complexo Penitenci\u00e1rio de Pedrinhas, em S\u00e3o Lu\u00eds. Tamb\u00e9m foram presos a primeira-dama da cidade, Eva Curi\u00f3, a ex-vice-prefeita Janaina Soares Lima, o marido dela, Marlon de Jesus Arouche Serr\u00e3o e o contador da prefeitura, Wandson Jhonathan Barros. Ap\u00f3s audi\u00eancia de cust\u00f3dia, realizada na \u00faltima [&hellip;]<\/p>\n","protected":false},"author":2,"featured_media":376579,"comment_status":"closed","ping_status":"closed","sticky":false,"template":"","format":"standard","meta":{"_acf_changed":false,"footnotes":""},"categories":[165],"tags":[],"class_list":["post-376578","post","type-post","status-publish","format-standard","has-post-thumbnail","hentry","category-nordeste"],"acf":[],"yoast_head":"<!-- This site is optimized with the Yoast SEO plugin v27.5 - https:\/\/yoast.com\/product\/yoast-seo-wordpress\/ -->\n<title>Prefeito e vereadores de Turil\u00e2ndia presos por desvio de recursos - Notibras<\/title>\n<meta name=\"robots\" content=\"index, follow, max-snippet:-1, max-image-preview:large, max-video-preview:-1\" \/>\n<link rel=\"canonical\" href=\"https:\/\/www.notibras.com\/site\/prefeito-e-vereadores-de-turilandia-presos-por-desvio-de-recursos\/\" \/>\n<meta property=\"og:locale\" content=\"pt_BR\" \/>\n<meta property=\"og:type\" content=\"article\" \/>\n<meta property=\"og:title\" content=\"Prefeito e vereadores de Turil\u00e2ndia presos por desvio de recursos - Notibras\" \/>\n<meta property=\"og:description\" content=\"O prefeito de Turil\u00e2ndia (MA), Paulo Curi\u00f3, est\u00e1 preso preventivamente no Complexo Penitenci\u00e1rio de Pedrinhas, em S\u00e3o Lu\u00eds. Tamb\u00e9m foram presos a primeira-dama da cidade, Eva Curi\u00f3, a ex-vice-prefeita Janaina Soares Lima, o marido dela, Marlon de Jesus Arouche Serr\u00e3o e o contador da prefeitura, Wandson Jhonathan Barros. Ap\u00f3s audi\u00eancia de cust\u00f3dia, realizada na \u00faltima [&hellip;]\" \/>\n<meta property=\"og:url\" content=\"https:\/\/www.notibras.com\/site\/prefeito-e-vereadores-de-turilandia-presos-por-desvio-de-recursos\/\" \/>\n<meta property=\"og:site_name\" content=\"Notibras\" \/>\n<meta property=\"article:publisher\" content=\"https:\/\/www.facebook.com\/notibras\/\" \/>\n<meta property=\"article:published_time\" content=\"2025-12-27T03:00:40+00:00\" \/>\n<meta property=\"article:modified_time\" content=\"2025-12-27T11:53:44+00:00\" \/>\n<meta property=\"og:image\" content=\"https:\/\/www.notibras.com\/site\/wp-content\/uploads\/2025\/12\/paulo_curio.webp\" \/>\n\t<meta property=\"og:image:width\" content=\"1170\" \/>\n\t<meta property=\"og:image:height\" content=\"700\" \/>\n\t<meta property=\"og:image:type\" content=\"image\/webp\" \/>\n<meta name=\"author\" content=\"Reda\u00e7\u00e3o\" \/>\n<meta name=\"twitter:card\" content=\"summary_large_image\" \/>\n<meta name=\"twitter:creator\" content=\"@Notibras\" \/>\n<meta name=\"twitter:site\" content=\"@Notibras\" \/>\n<meta name=\"twitter:label1\" content=\"Escrito por\" \/>\n\t<meta name=\"twitter:data1\" content=\"Reda\u00e7\u00e3o\" \/>\n\t<meta name=\"twitter:label2\" content=\"Est. tempo de leitura\" \/>\n\t<meta name=\"twitter:data2\" content=\"2 minutos\" \/>\n<script type=\"application\/ld+json\" class=\"yoast-schema-graph\">{\"@context\":\"https:\\\/\\\/schema.org\",\"@graph\":[{\"@type\":\"Article\",\"@id\":\"https:\\\/\\\/www.notibras.com\\\/site\\\/prefeito-e-vereadores-de-turilandia-presos-por-desvio-de-recursos\\\/#article\",\"isPartOf\":{\"@id\":\"https:\\\/\\\/www.notibras.com\\\/site\\\/prefeito-e-vereadores-de-turilandia-presos-por-desvio-de-recursos\\\/\"},\"author\":{\"name\":\"Reda\u00e7\u00e3o\",\"@id\":\"https:\\\/\\\/www.notibras.com\\\/site\\\/#\\\/schema\\\/person\\\/36ab0979449956132d3e5b517ea76ac8\"},\"headline\":\"Prefeito e vereadores de Turil\u00e2ndia presos por desvio de recursos\",\"datePublished\":\"2025-12-27T03:00:40+00:00\",\"dateModified\":\"2025-12-27T11:53:44+00:00\",\"mainEntityOfPage\":{\"@id\":\"https:\\\/\\\/www.notibras.com\\\/site\\\/prefeito-e-vereadores-de-turilandia-presos-por-desvio-de-recursos\\\/\"},\"wordCount\":359,\"publisher\":{\"@id\":\"https:\\\/\\\/www.notibras.com\\\/site\\\/#organization\"},\"image\":{\"@id\":\"https:\\\/\\\/www.notibras.com\\\/site\\\/prefeito-e-vereadores-de-turilandia-presos-por-desvio-de-recursos\\\/#primaryimage\"},\"thumbnailUrl\":\"https:\\\/\\\/www.notibras.com\\\/site\\\/wp-content\\\/uploads\\\/2025\\\/12\\\/paulo_curio.webp\",\"articleSection\":[\"Nordeste\"],\"inLanguage\":\"pt-BR\"},{\"@type\":\"WebPage\",\"@id\":\"https:\\\/\\\/www.notibras.com\\\/site\\\/prefeito-e-vereadores-de-turilandia-presos-por-desvio-de-recursos\\\/\",\"url\":\"https:\\\/\\\/www.notibras.com\\\/site\\\/prefeito-e-vereadores-de-turilandia-presos-por-desvio-de-recursos\\\/\",\"name\":\"Prefeito e vereadores de Turil\u00e2ndia presos por desvio de recursos - Notibras\",\"isPartOf\":{\"@id\":\"https:\\\/\\\/www.notibras.com\\\/site\\\/#website\"},\"primaryImageOfPage\":{\"@id\":\"https:\\\/\\\/www.notibras.com\\\/site\\\/prefeito-e-vereadores-de-turilandia-presos-por-desvio-de-recursos\\\/#primaryimage\"},\"image\":{\"@id\":\"https:\\\/\\\/www.notibras.com\\\/site\\\/prefeito-e-vereadores-de-turilandia-presos-por-desvio-de-recursos\\\/#primaryimage\"},\"thumbnailUrl\":\"https:\\\/\\\/www.notibras.com\\\/site\\\/wp-content\\\/uploads\\\/2025\\\/12\\\/paulo_curio.webp\",\"datePublished\":\"2025-12-27T03:00:40+00:00\",\"dateModified\":\"2025-12-27T11:53:44+00:00\",\"breadcrumb\":{\"@id\":\"https:\\\/\\\/www.notibras.com\\\/site\\\/prefeito-e-vereadores-de-turilandia-presos-por-desvio-de-recursos\\\/#breadcrumb\"},\"inLanguage\":\"pt-BR\",\"potentialAction\":[{\"@type\":\"ReadAction\",\"target\":[\"https:\\\/\\\/www.notibras.com\\\/site\\\/prefeito-e-vereadores-de-turilandia-presos-por-desvio-de-recursos\\\/\"]}]},{\"@type\":\"ImageObject\",\"inLanguage\":\"pt-BR\",\"@id\":\"https:\\\/\\\/www.notibras.com\\\/site\\\/prefeito-e-vereadores-de-turilandia-presos-por-desvio-de-recursos\\\/#primaryimage\",\"url\":\"https:\\\/\\\/www.notibras.com\\\/site\\\/wp-content\\\/uploads\\\/2025\\\/12\\\/paulo_curio.webp\",\"contentUrl\":\"https:\\\/\\\/www.notibras.com\\\/site\\\/wp-content\\\/uploads\\\/2025\\\/12\\\/paulo_curio.webp\",\"width\":1170,\"height\":700},{\"@type\":\"BreadcrumbList\",\"@id\":\"https:\\\/\\\/www.notibras.com\\\/site\\\/prefeito-e-vereadores-de-turilandia-presos-por-desvio-de-recursos\\\/#breadcrumb\",\"itemListElement\":[{\"@type\":\"ListItem\",\"position\":1,\"name\":\"In\u00edcio\",\"item\":\"https:\\\/\\\/www.notibras.com\\\/site\\\/\"},{\"@type\":\"ListItem\",\"position\":2,\"name\":\"Prefeito e vereadores de Turil\u00e2ndia presos por desvio de recursos\"}]},{\"@type\":\"WebSite\",\"@id\":\"https:\\\/\\\/www.notibras.com\\\/site\\\/#website\",\"url\":\"https:\\\/\\\/www.notibras.com\\\/site\\\/\",\"name\":\"Notibras\",\"description\":\"Not\u00edcias de Bras\u00edlia, do Brasil e do Mundo\",\"publisher\":{\"@id\":\"https:\\\/\\\/www.notibras.com\\\/site\\\/#organization\"},\"potentialAction\":[{\"@type\":\"SearchAction\",\"target\":{\"@type\":\"EntryPoint\",\"urlTemplate\":\"https:\\\/\\\/www.notibras.com\\\/site\\\/?s={search_term_string}\"},\"query-input\":{\"@type\":\"PropertyValueSpecification\",\"valueRequired\":true,\"valueName\":\"search_term_string\"}}],\"inLanguage\":\"pt-BR\"},{\"@type\":\"Organization\",\"@id\":\"https:\\\/\\\/www.notibras.com\\\/site\\\/#organization\",\"name\":\"Grupo Notibras de Comunica\u00e7\u00e3o\",\"url\":\"https:\\\/\\\/www.notibras.com\\\/site\\\/\",\"logo\":{\"@type\":\"ImageObject\",\"inLanguage\":\"pt-BR\",\"@id\":\"https:\\\/\\\/www.notibras.com\\\/site\\\/#\\\/schema\\\/logo\\\/image\\\/\",\"url\":\"https:\\\/\\\/www.notibras.com\\\/site\\\/wp-content\\\/uploads\\\/2023\\\/01\\\/notibras23.png\",\"contentUrl\":\"https:\\\/\\\/www.notibras.com\\\/site\\\/wp-content\\\/uploads\\\/2023\\\/01\\\/notibras23.png\",\"width\":350,\"height\":87,\"caption\":\"Grupo Notibras de Comunica\u00e7\u00e3o\"},\"image\":{\"@id\":\"https:\\\/\\\/www.notibras.com\\\/site\\\/#\\\/schema\\\/logo\\\/image\\\/\"},\"sameAs\":[\"https:\\\/\\\/www.facebook.com\\\/notibras\\\/\",\"https:\\\/\\\/x.com\\\/Notibras\",\"https:\\\/\\\/www.instagram.com\\\/notibras\\\/\"]},{\"@type\":\"Person\",\"@id\":\"https:\\\/\\\/www.notibras.com\\\/site\\\/#\\\/schema\\\/person\\\/36ab0979449956132d3e5b517ea76ac8\",\"name\":\"Reda\u00e7\u00e3o\",\"image\":{\"@type\":\"ImageObject\",\"inLanguage\":\"pt-BR\",\"@id\":\"https:\\\/\\\/secure.gravatar.com\\\/avatar\\\/e0a867bdedb85fd243eadf09663511f96fc81e0720a4a42581f334ad4303aa6b?s=96&d=mm&r=g\",\"url\":\"https:\\\/\\\/secure.gravatar.com\\\/avatar\\\/e0a867bdedb85fd243eadf09663511f96fc81e0720a4a42581f334ad4303aa6b?s=96&d=mm&r=g\",\"contentUrl\":\"https:\\\/\\\/secure.gravatar.com\\\/avatar\\\/e0a867bdedb85fd243eadf09663511f96fc81e0720a4a42581f334ad4303aa6b?s=96&d=mm&r=g\",\"caption\":\"Reda\u00e7\u00e3o\"}}]}<\/script>\n<!-- \/ Yoast SEO plugin. -->","yoast_head_json":{"title":"Prefeito e vereadores de Turil\u00e2ndia presos por desvio de recursos - Notibras","robots":{"index":"index","follow":"follow","max-snippet":"max-snippet:-1","max-image-preview":"max-image-preview:large","max-video-preview":"max-video-preview:-1"},"canonical":"https:\/\/www.notibras.com\/site\/prefeito-e-vereadores-de-turilandia-presos-por-desvio-de-recursos\/","og_locale":"pt_BR","og_type":"article","og_title":"Prefeito e vereadores de Turil\u00e2ndia presos por desvio de recursos - Notibras","og_description":"O prefeito de Turil\u00e2ndia (MA), Paulo Curi\u00f3, est\u00e1 preso preventivamente no Complexo Penitenci\u00e1rio de Pedrinhas, em S\u00e3o Lu\u00eds. Tamb\u00e9m foram presos a primeira-dama da cidade, Eva Curi\u00f3, a ex-vice-prefeita Janaina Soares Lima, o marido dela, Marlon de Jesus Arouche Serr\u00e3o e o contador da prefeitura, Wandson Jhonathan Barros. Ap\u00f3s audi\u00eancia de cust\u00f3dia, realizada na \u00faltima [&hellip;]","og_url":"https:\/\/www.notibras.com\/site\/prefeito-e-vereadores-de-turilandia-presos-por-desvio-de-recursos\/","og_site_name":"Notibras","article_publisher":"https:\/\/www.facebook.com\/notibras\/","article_published_time":"2025-12-27T03:00:40+00:00","article_modified_time":"2025-12-27T11:53:44+00:00","og_image":[{"width":1170,"height":700,"url":"https:\/\/www.notibras.com\/site\/wp-content\/uploads\/2025\/12\/paulo_curio.webp","type":"image\/webp"}],"author":"Reda\u00e7\u00e3o","twitter_card":"summary_large_image","twitter_creator":"@Notibras","twitter_site":"@Notibras","twitter_misc":{"Escrito por":"Reda\u00e7\u00e3o","Est. tempo de leitura":"2 minutos"},"schema":{"@context":"https:\/\/schema.org","@graph":[{"@type":"Article","@id":"https:\/\/www.notibras.com\/site\/prefeito-e-vereadores-de-turilandia-presos-por-desvio-de-recursos\/#article","isPartOf":{"@id":"https:\/\/www.notibras.com\/site\/prefeito-e-vereadores-de-turilandia-presos-por-desvio-de-recursos\/"},"author":{"name":"Reda\u00e7\u00e3o","@id":"https:\/\/www.notibras.com\/site\/#\/schema\/person\/36ab0979449956132d3e5b517ea76ac8"},"headline":"Prefeito e vereadores de Turil\u00e2ndia presos por desvio de recursos","datePublished":"2025-12-27T03:00:40+00:00","dateModified":"2025-12-27T11:53:44+00:00","mainEntityOfPage":{"@id":"https:\/\/www.notibras.com\/site\/prefeito-e-vereadores-de-turilandia-presos-por-desvio-de-recursos\/"},"wordCount":359,"publisher":{"@id":"https:\/\/www.notibras.com\/site\/#organization"},"image":{"@id":"https:\/\/www.notibras.com\/site\/prefeito-e-vereadores-de-turilandia-presos-por-desvio-de-recursos\/#primaryimage"},"thumbnailUrl":"https:\/\/www.notibras.com\/site\/wp-content\/uploads\/2025\/12\/paulo_curio.webp","articleSection":["Nordeste"],"inLanguage":"pt-BR"},{"@type":"WebPage","@id":"https:\/\/www.notibras.com\/site\/prefeito-e-vereadores-de-turilandia-presos-por-desvio-de-recursos\/","url":"https:\/\/www.notibras.com\/site\/prefeito-e-vereadores-de-turilandia-presos-por-desvio-de-recursos\/","name":"Prefeito e vereadores de Turil\u00e2ndia presos por desvio de recursos - Notibras","isPartOf":{"@id":"https:\/\/www.notibras.com\/site\/#website"},"primaryImageOfPage":{"@id":"https:\/\/www.notibras.com\/site\/prefeito-e-vereadores-de-turilandia-presos-por-desvio-de-recursos\/#primaryimage"},"image":{"@id":"https:\/\/www.notibras.com\/site\/prefeito-e-vereadores-de-turilandia-presos-por-desvio-de-recursos\/#primaryimage"},"thumbnailUrl":"https:\/\/www.notibras.com\/site\/wp-content\/uploads\/2025\/12\/paulo_curio.webp","datePublished":"2025-12-27T03:00:40+00:00","dateModified":"2025-12-27T11:53:44+00:00","breadcrumb":{"@id":"https:\/\/www.notibras.com\/site\/prefeito-e-vereadores-de-turilandia-presos-por-desvio-de-recursos\/#breadcrumb"},"inLanguage":"pt-BR","potentialAction":[{"@type":"ReadAction","target":["https:\/\/www.notibras.com\/site\/prefeito-e-vereadores-de-turilandia-presos-por-desvio-de-recursos\/"]}]},{"@type":"ImageObject","inLanguage":"pt-BR","@id":"https:\/\/www.notibras.com\/site\/prefeito-e-vereadores-de-turilandia-presos-por-desvio-de-recursos\/#primaryimage","url":"https:\/\/www.notibras.com\/site\/wp-content\/uploads\/2025\/12\/paulo_curio.webp","contentUrl":"https:\/\/www.notibras.com\/site\/wp-content\/uploads\/2025\/12\/paulo_curio.webp","width":1170,"height":700},{"@type":"BreadcrumbList","@id":"https:\/\/www.notibras.com\/site\/prefeito-e-vereadores-de-turilandia-presos-por-desvio-de-recursos\/#breadcrumb","itemListElement":[{"@type":"ListItem","position":1,"name":"In\u00edcio","item":"https:\/\/www.notibras.com\/site\/"},{"@type":"ListItem","position":2,"name":"Prefeito e vereadores de Turil\u00e2ndia presos por desvio de recursos"}]},{"@type":"WebSite","@id":"https:\/\/www.notibras.com\/site\/#website","url":"https:\/\/www.notibras.com\/site\/","name":"Notibras","description":"Not\u00edcias de Bras\u00edlia, do Brasil e do Mundo","publisher":{"@id":"https:\/\/www.notibras.com\/site\/#organization"},"potentialAction":[{"@type":"SearchAction","target":{"@type":"EntryPoint","urlTemplate":"https:\/\/www.notibras.com\/site\/?s={search_term_string}"},"query-input":{"@type":"PropertyValueSpecification","valueRequired":true,"valueName":"search_term_string"}}],"inLanguage":"pt-BR"},{"@type":"Organization","@id":"https:\/\/www.notibras.com\/site\/#organization","name":"Grupo Notibras de Comunica\u00e7\u00e3o","url":"https:\/\/www.notibras.com\/site\/","logo":{"@type":"ImageObject","inLanguage":"pt-BR","@id":"https:\/\/www.notibras.com\/site\/#\/schema\/logo\/image\/","url":"https:\/\/www.notibras.com\/site\/wp-content\/uploads\/2023\/01\/notibras23.png","contentUrl":"https:\/\/www.notibras.com\/site\/wp-content\/uploads\/2023\/01\/notibras23.png","width":350,"height":87,"caption":"Grupo Notibras de Comunica\u00e7\u00e3o"},"image":{"@id":"https:\/\/www.notibras.com\/site\/#\/schema\/logo\/image\/"},"sameAs":["https:\/\/www.facebook.com\/notibras\/","https:\/\/x.com\/Notibras","https:\/\/www.instagram.com\/notibras\/"]},{"@type":"Person","@id":"https:\/\/www.notibras.com\/site\/#\/schema\/person\/36ab0979449956132d3e5b517ea76ac8","name":"Reda\u00e7\u00e3o","image":{"@type":"ImageObject","inLanguage":"pt-BR","@id":"https:\/\/secure.gravatar.com\/avatar\/e0a867bdedb85fd243eadf09663511f96fc81e0720a4a42581f334ad4303aa6b?s=96&d=mm&r=g","url":"https:\/\/secure.gravatar.com\/avatar\/e0a867bdedb85fd243eadf09663511f96fc81e0720a4a42581f334ad4303aa6b?s=96&d=mm&r=g","contentUrl":"https:\/\/secure.gravatar.com\/avatar\/e0a867bdedb85fd243eadf09663511f96fc81e0720a4a42581f334ad4303aa6b?s=96&d=mm&r=g","caption":"Reda\u00e7\u00e3o"}}]}},"amp_enabled":true,"_links":{"self":[{"href":"https:\/\/www.notibras.com\/site\/wp-json\/wp\/v2\/posts\/376578","targetHints":{"allow":["GET"]}}],"collection":[{"href":"https:\/\/www.notibras.com\/site\/wp-json\/wp\/v2\/posts"}],"about":[{"href":"https:\/\/www.notibras.com\/site\/wp-json\/wp\/v2\/types\/post"}],"author":[{"embeddable":true,"href":"https:\/\/www.notibras.com\/site\/wp-json\/wp\/v2\/users\/2"}],"replies":[{"embeddable":true,"href":"https:\/\/www.notibras.com\/site\/wp-json\/wp\/v2\/comments?post=376578"}],"version-history":[{"count":1,"href":"https:\/\/www.notibras.com\/site\/wp-json\/wp\/v2\/posts\/376578\/revisions"}],"predecessor-version":[{"id":376580,"href":"https:\/\/www.notibras.com\/site\/wp-json\/wp\/v2\/posts\/376578\/revisions\/376580"}],"wp:featuredmedia":[{"embeddable":true,"href":"https:\/\/www.notibras.com\/site\/wp-json\/wp\/v2\/media\/376579"}],"wp:attachment":[{"href":"https:\/\/www.notibras.com\/site\/wp-json\/wp\/v2\/media?parent=376578"}],"wp:term":[{"taxonomy":"category","embeddable":true,"href":"https:\/\/www.notibras.com\/site\/wp-json\/wp\/v2\/categories?post=376578"},{"taxonomy":"post_tag","embeddable":true,"href":"https:\/\/www.notibras.com\/site\/wp-json\/wp\/v2\/tags?post=376578"}],"curies":[{"name":"wp","href":"https:\/\/api.w.org\/{rel}","templated":true}]}}