{"id":376586,"date":"2025-12-28T00:15:05","date_gmt":"2025-12-28T03:15:05","guid":{"rendered":"https:\/\/www.notibras.com\/site\/?p=376586"},"modified":"2025-12-27T22:07:52","modified_gmt":"2025-12-28T01:07:52","slug":"distribuicao-e-pagamento-dos-cartoes-racao-e-castracao","status":"publish","type":"post","link":"https:\/\/www.notibras.com\/site\/distribuicao-e-pagamento-dos-cartoes-racao-e-castracao\/","title":{"rendered":"Distribui\u00e7\u00e3o e pagamento dos cart\u00f5es Ra\u00e7\u00e3o e Castra\u00e7\u00e3o"},"content":{"rendered":"<p>O Banco BRB iniciou na \u00faltima sexta-feira (26) a operacionaliza\u00e7\u00e3o dos cart\u00f5es Ra\u00e7\u00e3o e Castra\u00e7\u00e3o, dois novos programas sociais desenvolvidos em parceria com o Governo do Distrito Federal, voltados ao fortalecimento da causa animal. Os primeiros cart\u00f5es foram distribu\u00eddos na Ag\u00eancia Conjunto Nacional do BRB. As entregas seguem na pr\u00f3xima segunda-feira (29), no mesmo local.<\/p>\n<p>A centraliza\u00e7\u00e3o inicial na unidade do Conjunto Nacional teve como objetivo facilitar a log\u00edstica e agilizar o in\u00edcio dos pagamentos. Ap\u00f3s essas datas, os cart\u00f5es continuar\u00e3o dispon\u00edveis para retirada na ag\u00eancia. J\u00e1 os pr\u00f3ximos lotes ser\u00e3o distribu\u00eddos gradualmente na rede de ag\u00eancias do BRB, de acordo com o endere\u00e7o cadastrado dos benefici\u00e1rios. Os protetores e respons\u00e1veis por abrigos podem consultar a data e o local de retirada do cart\u00e3o por meio da plataforma GDF Social.<\/p>\n<p>Para o presidente do BRB, Nelson Ant\u00f4nio de Souza, a iniciativa fortalece pol\u00edticas p\u00fablicas voltadas \u00e0 prote\u00e7\u00e3o animal no DF e amplia o alcance social das a\u00e7\u00f5es do banco em parceria com o GDF. \u201cEstes s\u00e3o programas que, para al\u00e9m do repasse financeiro, representam um reconhecimento do trabalho social desempenhado pelos apoiadores da causa animal. \u00c9 uma alegria para o BRB atuar nesta parceria\u201d, destaca o presidente.<\/p>\n<p><strong>Cr\u00e9ditos<\/strong><\/p>\n<p>Para ambos os benef\u00edcios, o pagamento \u00e9 mensal. A utiliza\u00e7\u00e3o dos cart\u00f5es deve ocorrer exclusivamente nos estabelecimentos cadastrados pela Secretaria Extraordin\u00e1ria de Prote\u00e7\u00e3o Animal (Sepan-DF), cuja lista est\u00e1 dispon\u00edvel no site do \u00f3rg\u00e3o. A inscri\u00e7\u00e3o no programa, tanto para protetores quanto para lojistas, \u00e9 realizada diretamente pela pasta.<\/p>\n<p>Com valor fixo de R$ 600 mensais, o Cart\u00e3o Castra\u00e7\u00e3o \u00e9 destinado exclusivamente a servi\u00e7os de castra\u00e7\u00e3o e microchipagem em cl\u00ednicas credenciadas pelo GDF. O aux\u00edlio pode ser concedido a protetores independentes e abrigos.<\/p>\n<p>J\u00e1 o Cart\u00e3o Ra\u00e7\u00e3o possui valores vari\u00e1veis, de R$ 1,5 mil a R$ 6 mil mensais, definidos conforme o n\u00famero de animais sob responsabilidade do abrigo. O benef\u00edcio deve ser utilizado exclusivamente para a compra de ra\u00e7\u00e3o e insumos veterin\u00e1rios em institui\u00e7\u00f5es cadastradas.<\/p>\n<p>Para este primeiro pagamento, iniciado nessa sexta, foi concedido cr\u00e9dito de R$ 254,1 mil para 155 benefici\u00e1rios cadastrados at\u00e9 o momento.<\/p>\n<p>A iniciativa integra o Programa de Apoio \u00e0 Prote\u00e7\u00e3o dos Animais, criado pela Lei n\u00ba 7.765, sancionada pelo GDF em novembro deste ano e regulamentada pelo Decreto n\u00ba 47.970, que instituiu os cart\u00f5es Ra\u00e7\u00e3o e Castra\u00e7\u00e3o. Trata-se da primeira pol\u00edtica p\u00fablica do DF voltada especificamente ao reconhecimento e ao fortalecimento do trabalho de protetores independentes, abrigos e organiza\u00e7\u00f5es que cuidam de c\u00e3es e gatos abandonados na capital. Um mesmo benefici\u00e1rio pode receber os dois aux\u00edlios, desde que atenda aos crit\u00e9rios estabelecidos.<\/p>\n<p><strong>Parceria em programas sociais<\/strong><\/p>\n<p>Com a operacionaliza\u00e7\u00e3o dos cart\u00f5es Ra\u00e7\u00e3o e Castra\u00e7\u00e3o, o BRB refor\u00e7a seu papel estrat\u00e9gico como principal agente financeiro do GDF na execu\u00e7\u00e3o de pol\u00edticas p\u00fablicas. Desde 2019, o banco j\u00e1 operacionalizou 34 programas sociais em parceria com o Governo do Distrito Federal, beneficiou quase 430 mil fam\u00edlias e movimentou aproximadamente R$ 3 bilh\u00f5es em pagamentos.<\/p>\n<p>Somente em 2025, o BRB foi respons\u00e1vel pela operacionaliza\u00e7\u00e3o de 25 programas sociais no DF, com mais de R$ 722 milh\u00f5es repassados diretamente aos benefici\u00e1rios, 2,89 milh\u00f5es de pagamentos realizados e mais de 250 mil benefici\u00e1rios \u00fanicos atendidos. Os n\u00fameros consolidam o banco como refer\u00eancia nacional na gest\u00e3o eficiente, transparente e em larga escala de benef\u00edcios sociais.<\/p>\n","protected":false},"excerpt":{"rendered":"<p>O Banco BRB iniciou na \u00faltima sexta-feira (26) a operacionaliza\u00e7\u00e3o dos cart\u00f5es Ra\u00e7\u00e3o e Castra\u00e7\u00e3o, dois novos programas sociais desenvolvidos em parceria com o Governo do Distrito Federal, voltados ao fortalecimento da causa animal. Os primeiros cart\u00f5es foram distribu\u00eddos na Ag\u00eancia Conjunto Nacional do BRB. As entregas seguem na pr\u00f3xima segunda-feira (29), no mesmo local. [&hellip;]<\/p>\n","protected":false},"author":21,"featured_media":376588,"comment_status":"closed","ping_status":"closed","sticky":false,"template":"","format":"standard","meta":{"_acf_changed":false,"footnotes":""},"categories":[161],"tags":[],"class_list":["post-376586","post","type-post","status-publish","format-standard","has-post-thumbnail","hentry","category-quadradinho-em-foco"],"acf":[],"yoast_head":"<!-- This site is optimized with the Yoast SEO plugin v27.5 - https:\/\/yoast.com\/product\/yoast-seo-wordpress\/ -->\n<title>Distribui\u00e7\u00e3o e pagamento dos cart\u00f5es Ra\u00e7\u00e3o e Castra\u00e7\u00e3o - Notibras<\/title>\n<meta name=\"robots\" content=\"index, follow, max-snippet:-1, max-image-preview:large, max-video-preview:-1\" \/>\n<link rel=\"canonical\" href=\"https:\/\/www.notibras.com\/site\/distribuicao-e-pagamento-dos-cartoes-racao-e-castracao\/\" \/>\n<meta property=\"og:locale\" content=\"pt_BR\" \/>\n<meta property=\"og:type\" content=\"article\" \/>\n<meta property=\"og:title\" content=\"Distribui\u00e7\u00e3o e pagamento dos cart\u00f5es Ra\u00e7\u00e3o e Castra\u00e7\u00e3o - Notibras\" \/>\n<meta property=\"og:description\" content=\"O Banco BRB iniciou na \u00faltima sexta-feira (26) a operacionaliza\u00e7\u00e3o dos cart\u00f5es Ra\u00e7\u00e3o e Castra\u00e7\u00e3o, dois novos programas sociais desenvolvidos em parceria com o Governo do Distrito Federal, voltados ao fortalecimento da causa animal. Os primeiros cart\u00f5es foram distribu\u00eddos na Ag\u00eancia Conjunto Nacional do BRB. As entregas seguem na pr\u00f3xima segunda-feira (29), no mesmo local. [&hellip;]\" \/>\n<meta property=\"og:url\" content=\"https:\/\/www.notibras.com\/site\/distribuicao-e-pagamento-dos-cartoes-racao-e-castracao\/\" \/>\n<meta property=\"og:site_name\" content=\"Notibras\" \/>\n<meta property=\"article:publisher\" content=\"https:\/\/www.facebook.com\/notibras\/\" \/>\n<meta property=\"article:published_time\" content=\"2025-12-28T03:15:05+00:00\" \/>\n<meta property=\"og:image\" content=\"https:\/\/www.notibras.com\/site\/wp-content\/uploads\/2025\/12\/WhatsApp-Image-2025-12-27-at-10.04.27-1.jpeg\" \/>\n\t<meta property=\"og:image:width\" content=\"799\" \/>\n\t<meta property=\"og:image:height\" content=\"523\" \/>\n\t<meta property=\"og:image:type\" content=\"image\/jpeg\" \/>\n<meta name=\"author\" content=\"Eduardo Mart\u00ednez\" \/>\n<meta name=\"twitter:card\" content=\"summary_large_image\" \/>\n<meta name=\"twitter:creator\" content=\"@Notibras\" \/>\n<meta name=\"twitter:site\" content=\"@Notibras\" \/>\n<meta name=\"twitter:label1\" content=\"Escrito por\" \/>\n\t<meta name=\"twitter:data1\" content=\"Eduardo Mart\u00ednez\" \/>\n\t<meta name=\"twitter:label2\" content=\"Est. tempo de leitura\" \/>\n\t<meta name=\"twitter:data2\" content=\"4 minutos\" \/>\n<script type=\"application\/ld+json\" class=\"yoast-schema-graph\">{\"@context\":\"https:\\\/\\\/schema.org\",\"@graph\":[{\"@type\":\"Article\",\"@id\":\"https:\\\/\\\/www.notibras.com\\\/site\\\/distribuicao-e-pagamento-dos-cartoes-racao-e-castracao\\\/#article\",\"isPartOf\":{\"@id\":\"https:\\\/\\\/www.notibras.com\\\/site\\\/distribuicao-e-pagamento-dos-cartoes-racao-e-castracao\\\/\"},\"author\":{\"name\":\"Eduardo Mart\u00ednez\",\"@id\":\"https:\\\/\\\/www.notibras.com\\\/site\\\/#\\\/schema\\\/person\\\/5b7fabf2aedc3ada2105f03b22b4d3dd\"},\"headline\":\"Distribui\u00e7\u00e3o e pagamento dos cart\u00f5es Ra\u00e7\u00e3o e Castra\u00e7\u00e3o\",\"datePublished\":\"2025-12-28T03:15:05+00:00\",\"mainEntityOfPage\":{\"@id\":\"https:\\\/\\\/www.notibras.com\\\/site\\\/distribuicao-e-pagamento-dos-cartoes-racao-e-castracao\\\/\"},\"wordCount\":617,\"publisher\":{\"@id\":\"https:\\\/\\\/www.notibras.com\\\/site\\\/#organization\"},\"image\":{\"@id\":\"https:\\\/\\\/www.notibras.com\\\/site\\\/distribuicao-e-pagamento-dos-cartoes-racao-e-castracao\\\/#primaryimage\"},\"thumbnailUrl\":\"https:\\\/\\\/www.notibras.com\\\/site\\\/wp-content\\\/uploads\\\/2025\\\/12\\\/WhatsApp-Image-2025-12-27-at-10.04.27-1.jpeg\",\"articleSection\":[\"Quadradinho em Foco\"],\"inLanguage\":\"pt-BR\"},{\"@type\":\"WebPage\",\"@id\":\"https:\\\/\\\/www.notibras.com\\\/site\\\/distribuicao-e-pagamento-dos-cartoes-racao-e-castracao\\\/\",\"url\":\"https:\\\/\\\/www.notibras.com\\\/site\\\/distribuicao-e-pagamento-dos-cartoes-racao-e-castracao\\\/\",\"name\":\"Distribui\u00e7\u00e3o e pagamento dos cart\u00f5es Ra\u00e7\u00e3o e Castra\u00e7\u00e3o - Notibras\",\"isPartOf\":{\"@id\":\"https:\\\/\\\/www.notibras.com\\\/site\\\/#website\"},\"primaryImageOfPage\":{\"@id\":\"https:\\\/\\\/www.notibras.com\\\/site\\\/distribuicao-e-pagamento-dos-cartoes-racao-e-castracao\\\/#primaryimage\"},\"image\":{\"@id\":\"https:\\\/\\\/www.notibras.com\\\/site\\\/distribuicao-e-pagamento-dos-cartoes-racao-e-castracao\\\/#primaryimage\"},\"thumbnailUrl\":\"https:\\\/\\\/www.notibras.com\\\/site\\\/wp-content\\\/uploads\\\/2025\\\/12\\\/WhatsApp-Image-2025-12-27-at-10.04.27-1.jpeg\",\"datePublished\":\"2025-12-28T03:15:05+00:00\",\"breadcrumb\":{\"@id\":\"https:\\\/\\\/www.notibras.com\\\/site\\\/distribuicao-e-pagamento-dos-cartoes-racao-e-castracao\\\/#breadcrumb\"},\"inLanguage\":\"pt-BR\",\"potentialAction\":[{\"@type\":\"ReadAction\",\"target\":[\"https:\\\/\\\/www.notibras.com\\\/site\\\/distribuicao-e-pagamento-dos-cartoes-racao-e-castracao\\\/\"]}]},{\"@type\":\"ImageObject\",\"inLanguage\":\"pt-BR\",\"@id\":\"https:\\\/\\\/www.notibras.com\\\/site\\\/distribuicao-e-pagamento-dos-cartoes-racao-e-castracao\\\/#primaryimage\",\"url\":\"https:\\\/\\\/www.notibras.com\\\/site\\\/wp-content\\\/uploads\\\/2025\\\/12\\\/WhatsApp-Image-2025-12-27-at-10.04.27-1.jpeg\",\"contentUrl\":\"https:\\\/\\\/www.notibras.com\\\/site\\\/wp-content\\\/uploads\\\/2025\\\/12\\\/WhatsApp-Image-2025-12-27-at-10.04.27-1.jpeg\",\"width\":799,\"height\":523},{\"@type\":\"BreadcrumbList\",\"@id\":\"https:\\\/\\\/www.notibras.com\\\/site\\\/distribuicao-e-pagamento-dos-cartoes-racao-e-castracao\\\/#breadcrumb\",\"itemListElement\":[{\"@type\":\"ListItem\",\"position\":1,\"name\":\"In\u00edcio\",\"item\":\"https:\\\/\\\/www.notibras.com\\\/site\\\/\"},{\"@type\":\"ListItem\",\"position\":2,\"name\":\"Distribui\u00e7\u00e3o e pagamento dos cart\u00f5es Ra\u00e7\u00e3o e Castra\u00e7\u00e3o\"}]},{\"@type\":\"WebSite\",\"@id\":\"https:\\\/\\\/www.notibras.com\\\/site\\\/#website\",\"url\":\"https:\\\/\\\/www.notibras.com\\\/site\\\/\",\"name\":\"Notibras\",\"description\":\"Not\u00edcias de Bras\u00edlia, do Brasil e do Mundo\",\"publisher\":{\"@id\":\"https:\\\/\\\/www.notibras.com\\\/site\\\/#organization\"},\"potentialAction\":[{\"@type\":\"SearchAction\",\"target\":{\"@type\":\"EntryPoint\",\"urlTemplate\":\"https:\\\/\\\/www.notibras.com\\\/site\\\/?s={search_term_string}\"},\"query-input\":{\"@type\":\"PropertyValueSpecification\",\"valueRequired\":true,\"valueName\":\"search_term_string\"}}],\"inLanguage\":\"pt-BR\"},{\"@type\":\"Organization\",\"@id\":\"https:\\\/\\\/www.notibras.com\\\/site\\\/#organization\",\"name\":\"Grupo Notibras de Comunica\u00e7\u00e3o\",\"url\":\"https:\\\/\\\/www.notibras.com\\\/site\\\/\",\"logo\":{\"@type\":\"ImageObject\",\"inLanguage\":\"pt-BR\",\"@id\":\"https:\\\/\\\/www.notibras.com\\\/site\\\/#\\\/schema\\\/logo\\\/image\\\/\",\"url\":\"https:\\\/\\\/www.notibras.com\\\/site\\\/wp-content\\\/uploads\\\/2023\\\/01\\\/notibras23.png\",\"contentUrl\":\"https:\\\/\\\/www.notibras.com\\\/site\\\/wp-content\\\/uploads\\\/2023\\\/01\\\/notibras23.png\",\"width\":350,\"height\":87,\"caption\":\"Grupo Notibras de Comunica\u00e7\u00e3o\"},\"image\":{\"@id\":\"https:\\\/\\\/www.notibras.com\\\/site\\\/#\\\/schema\\\/logo\\\/image\\\/\"},\"sameAs\":[\"https:\\\/\\\/www.facebook.com\\\/notibras\\\/\",\"https:\\\/\\\/x.com\\\/Notibras\",\"https:\\\/\\\/www.instagram.com\\\/notibras\\\/\"]},{\"@type\":\"Person\",\"@id\":\"https:\\\/\\\/www.notibras.com\\\/site\\\/#\\\/schema\\\/person\\\/5b7fabf2aedc3ada2105f03b22b4d3dd\",\"name\":\"Eduardo Mart\u00ednez\",\"image\":{\"@type\":\"ImageObject\",\"inLanguage\":\"pt-BR\",\"@id\":\"https:\\\/\\\/secure.gravatar.com\\\/avatar\\\/7902f906289926289cbcda644b5197c796b893c6ffd7b9a536a42d290f7704a0?s=96&d=mm&r=g\",\"url\":\"https:\\\/\\\/secure.gravatar.com\\\/avatar\\\/7902f906289926289cbcda644b5197c796b893c6ffd7b9a536a42d290f7704a0?s=96&d=mm&r=g\",\"contentUrl\":\"https:\\\/\\\/secure.gravatar.com\\\/avatar\\\/7902f906289926289cbcda644b5197c796b893c6ffd7b9a536a42d290f7704a0?s=96&d=mm&r=g\",\"caption\":\"Eduardo Mart\u00ednez\"}}]}<\/script>\n<!-- \/ Yoast SEO plugin. -->","yoast_head_json":{"title":"Distribui\u00e7\u00e3o e pagamento dos cart\u00f5es Ra\u00e7\u00e3o e Castra\u00e7\u00e3o - Notibras","robots":{"index":"index","follow":"follow","max-snippet":"max-snippet:-1","max-image-preview":"max-image-preview:large","max-video-preview":"max-video-preview:-1"},"canonical":"https:\/\/www.notibras.com\/site\/distribuicao-e-pagamento-dos-cartoes-racao-e-castracao\/","og_locale":"pt_BR","og_type":"article","og_title":"Distribui\u00e7\u00e3o e pagamento dos cart\u00f5es Ra\u00e7\u00e3o e Castra\u00e7\u00e3o - Notibras","og_description":"O Banco BRB iniciou na \u00faltima sexta-feira (26) a operacionaliza\u00e7\u00e3o dos cart\u00f5es Ra\u00e7\u00e3o e Castra\u00e7\u00e3o, dois novos programas sociais desenvolvidos em parceria com o Governo do Distrito Federal, voltados ao fortalecimento da causa animal. Os primeiros cart\u00f5es foram distribu\u00eddos na Ag\u00eancia Conjunto Nacional do BRB. As entregas seguem na pr\u00f3xima segunda-feira (29), no mesmo local. [&hellip;]","og_url":"https:\/\/www.notibras.com\/site\/distribuicao-e-pagamento-dos-cartoes-racao-e-castracao\/","og_site_name":"Notibras","article_publisher":"https:\/\/www.facebook.com\/notibras\/","article_published_time":"2025-12-28T03:15:05+00:00","og_image":[{"width":799,"height":523,"url":"https:\/\/www.notibras.com\/site\/wp-content\/uploads\/2025\/12\/WhatsApp-Image-2025-12-27-at-10.04.27-1.jpeg","type":"image\/jpeg"}],"author":"Eduardo Mart\u00ednez","twitter_card":"summary_large_image","twitter_creator":"@Notibras","twitter_site":"@Notibras","twitter_misc":{"Escrito por":"Eduardo Mart\u00ednez","Est. tempo de leitura":"4 minutos"},"schema":{"@context":"https:\/\/schema.org","@graph":[{"@type":"Article","@id":"https:\/\/www.notibras.com\/site\/distribuicao-e-pagamento-dos-cartoes-racao-e-castracao\/#article","isPartOf":{"@id":"https:\/\/www.notibras.com\/site\/distribuicao-e-pagamento-dos-cartoes-racao-e-castracao\/"},"author":{"name":"Eduardo Mart\u00ednez","@id":"https:\/\/www.notibras.com\/site\/#\/schema\/person\/5b7fabf2aedc3ada2105f03b22b4d3dd"},"headline":"Distribui\u00e7\u00e3o e pagamento dos cart\u00f5es Ra\u00e7\u00e3o e Castra\u00e7\u00e3o","datePublished":"2025-12-28T03:15:05+00:00","mainEntityOfPage":{"@id":"https:\/\/www.notibras.com\/site\/distribuicao-e-pagamento-dos-cartoes-racao-e-castracao\/"},"wordCount":617,"publisher":{"@id":"https:\/\/www.notibras.com\/site\/#organization"},"image":{"@id":"https:\/\/www.notibras.com\/site\/distribuicao-e-pagamento-dos-cartoes-racao-e-castracao\/#primaryimage"},"thumbnailUrl":"https:\/\/www.notibras.com\/site\/wp-content\/uploads\/2025\/12\/WhatsApp-Image-2025-12-27-at-10.04.27-1.jpeg","articleSection":["Quadradinho em Foco"],"inLanguage":"pt-BR"},{"@type":"WebPage","@id":"https:\/\/www.notibras.com\/site\/distribuicao-e-pagamento-dos-cartoes-racao-e-castracao\/","url":"https:\/\/www.notibras.com\/site\/distribuicao-e-pagamento-dos-cartoes-racao-e-castracao\/","name":"Distribui\u00e7\u00e3o e pagamento dos cart\u00f5es Ra\u00e7\u00e3o e Castra\u00e7\u00e3o - Notibras","isPartOf":{"@id":"https:\/\/www.notibras.com\/site\/#website"},"primaryImageOfPage":{"@id":"https:\/\/www.notibras.com\/site\/distribuicao-e-pagamento-dos-cartoes-racao-e-castracao\/#primaryimage"},"image":{"@id":"https:\/\/www.notibras.com\/site\/distribuicao-e-pagamento-dos-cartoes-racao-e-castracao\/#primaryimage"},"thumbnailUrl":"https:\/\/www.notibras.com\/site\/wp-content\/uploads\/2025\/12\/WhatsApp-Image-2025-12-27-at-10.04.27-1.jpeg","datePublished":"2025-12-28T03:15:05+00:00","breadcrumb":{"@id":"https:\/\/www.notibras.com\/site\/distribuicao-e-pagamento-dos-cartoes-racao-e-castracao\/#breadcrumb"},"inLanguage":"pt-BR","potentialAction":[{"@type":"ReadAction","target":["https:\/\/www.notibras.com\/site\/distribuicao-e-pagamento-dos-cartoes-racao-e-castracao\/"]}]},{"@type":"ImageObject","inLanguage":"pt-BR","@id":"https:\/\/www.notibras.com\/site\/distribuicao-e-pagamento-dos-cartoes-racao-e-castracao\/#primaryimage","url":"https:\/\/www.notibras.com\/site\/wp-content\/uploads\/2025\/12\/WhatsApp-Image-2025-12-27-at-10.04.27-1.jpeg","contentUrl":"https:\/\/www.notibras.com\/site\/wp-content\/uploads\/2025\/12\/WhatsApp-Image-2025-12-27-at-10.04.27-1.jpeg","width":799,"height":523},{"@type":"BreadcrumbList","@id":"https:\/\/www.notibras.com\/site\/distribuicao-e-pagamento-dos-cartoes-racao-e-castracao\/#breadcrumb","itemListElement":[{"@type":"ListItem","position":1,"name":"In\u00edcio","item":"https:\/\/www.notibras.com\/site\/"},{"@type":"ListItem","position":2,"name":"Distribui\u00e7\u00e3o e pagamento dos cart\u00f5es Ra\u00e7\u00e3o e Castra\u00e7\u00e3o"}]},{"@type":"WebSite","@id":"https:\/\/www.notibras.com\/site\/#website","url":"https:\/\/www.notibras.com\/site\/","name":"Notibras","description":"Not\u00edcias de Bras\u00edlia, do Brasil e do Mundo","publisher":{"@id":"https:\/\/www.notibras.com\/site\/#organization"},"potentialAction":[{"@type":"SearchAction","target":{"@type":"EntryPoint","urlTemplate":"https:\/\/www.notibras.com\/site\/?s={search_term_string}"},"query-input":{"@type":"PropertyValueSpecification","valueRequired":true,"valueName":"search_term_string"}}],"inLanguage":"pt-BR"},{"@type":"Organization","@id":"https:\/\/www.notibras.com\/site\/#organization","name":"Grupo Notibras de Comunica\u00e7\u00e3o","url":"https:\/\/www.notibras.com\/site\/","logo":{"@type":"ImageObject","inLanguage":"pt-BR","@id":"https:\/\/www.notibras.com\/site\/#\/schema\/logo\/image\/","url":"https:\/\/www.notibras.com\/site\/wp-content\/uploads\/2023\/01\/notibras23.png","contentUrl":"https:\/\/www.notibras.com\/site\/wp-content\/uploads\/2023\/01\/notibras23.png","width":350,"height":87,"caption":"Grupo Notibras de Comunica\u00e7\u00e3o"},"image":{"@id":"https:\/\/www.notibras.com\/site\/#\/schema\/logo\/image\/"},"sameAs":["https:\/\/www.facebook.com\/notibras\/","https:\/\/x.com\/Notibras","https:\/\/www.instagram.com\/notibras\/"]},{"@type":"Person","@id":"https:\/\/www.notibras.com\/site\/#\/schema\/person\/5b7fabf2aedc3ada2105f03b22b4d3dd","name":"Eduardo Mart\u00ednez","image":{"@type":"ImageObject","inLanguage":"pt-BR","@id":"https:\/\/secure.gravatar.com\/avatar\/7902f906289926289cbcda644b5197c796b893c6ffd7b9a536a42d290f7704a0?s=96&d=mm&r=g","url":"https:\/\/secure.gravatar.com\/avatar\/7902f906289926289cbcda644b5197c796b893c6ffd7b9a536a42d290f7704a0?s=96&d=mm&r=g","contentUrl":"https:\/\/secure.gravatar.com\/avatar\/7902f906289926289cbcda644b5197c796b893c6ffd7b9a536a42d290f7704a0?s=96&d=mm&r=g","caption":"Eduardo Mart\u00ednez"}}]}},"amp_enabled":true,"_links":{"self":[{"href":"https:\/\/www.notibras.com\/site\/wp-json\/wp\/v2\/posts\/376586","targetHints":{"allow":["GET"]}}],"collection":[{"href":"https:\/\/www.notibras.com\/site\/wp-json\/wp\/v2\/posts"}],"about":[{"href":"https:\/\/www.notibras.com\/site\/wp-json\/wp\/v2\/types\/post"}],"author":[{"embeddable":true,"href":"https:\/\/www.notibras.com\/site\/wp-json\/wp\/v2\/users\/21"}],"replies":[{"embeddable":true,"href":"https:\/\/www.notibras.com\/site\/wp-json\/wp\/v2\/comments?post=376586"}],"version-history":[{"count":3,"href":"https:\/\/www.notibras.com\/site\/wp-json\/wp\/v2\/posts\/376586\/revisions"}],"predecessor-version":[{"id":376590,"href":"https:\/\/www.notibras.com\/site\/wp-json\/wp\/v2\/posts\/376586\/revisions\/376590"}],"wp:featuredmedia":[{"embeddable":true,"href":"https:\/\/www.notibras.com\/site\/wp-json\/wp\/v2\/media\/376588"}],"wp:attachment":[{"href":"https:\/\/www.notibras.com\/site\/wp-json\/wp\/v2\/media?parent=376586"}],"wp:term":[{"taxonomy":"category","embeddable":true,"href":"https:\/\/www.notibras.com\/site\/wp-json\/wp\/v2\/categories?post=376586"},{"taxonomy":"post_tag","embeddable":true,"href":"https:\/\/www.notibras.com\/site\/wp-json\/wp\/v2\/tags?post=376586"}],"curies":[{"name":"wp","href":"https:\/\/api.w.org\/{rel}","templated":true}]}}