{"id":376595,"date":"2025-12-28T02:00:08","date_gmt":"2025-12-28T05:00:08","guid":{"rendered":"https:\/\/www.notibras.com\/site\/?p=376595"},"modified":"2025-12-27T22:33:56","modified_gmt":"2025-12-28T01:33:56","slug":"mandato-de-deputado-federal-nao-e-licenca-para-cometer-crimes","status":"publish","type":"post","link":"https:\/\/www.notibras.com\/site\/mandato-de-deputado-federal-nao-e-licenca-para-cometer-crimes\/","title":{"rendered":"Mandato de deputado federal n\u00e3o \u00e9 licen\u00e7a para cometer crimes"},"content":{"rendered":"<p>O deputado federal Paulo Bilynskyj (PL-SP) est\u00e1 em seu primeiro mandato pol\u00edtico, mas sua trajet\u00f3ria fora da vida parlamentar j\u00e1 era marcada por epis\u00f3dios no m\u00ednimo perturbadores, mas que ajudam a entender o personagem que hoje ocupa uma cadeira na C\u00e2mara.<\/p>\n<p>Em 2020, Bilynskyj ganhou as manchetes por um caso tr\u00e1gico e cheio de controv\u00e9rsias: a morte de sua ent\u00e3o namorada, Priscila Barrios. A vers\u00e3o oficial aponta para uma tentativa de homic\u00eddio contra ele seguida de suic\u00eddio. Essa narrativa, por\u00e9m, foi contestada pela fam\u00edlia de Priscila e tamb\u00e9m por uma <a href=\"https:\/\/www.intercept.com.br\/2020\/06\/16\/11-furos-caso-bilynskyj-priscila-bairros\/\">apura\u00e7\u00e3o jornal\u00edstica do The Intercept Brasil<\/a>, em reportagem assinada por Cec\u00edlia Oliveira, leitura que recomendo justamente porque lan\u00e7a luz sobre pontos que a vers\u00e3o oficial n\u00e3o esclareceu de forma satisfat\u00f3ria.<\/p>\n<p>Antes de ingressar na pol\u00edtica, Bilynskyj atuou como delegado da Pol\u00edcia Civil de S\u00e3o Paulo. Segundo registros administrativos amplamente noticiados, ao longo de cerca de dez anos, respondeu a 12 processos administrativos disciplinares. O desfecho desses procedimentos levou \u00e0 recomenda\u00e7\u00e3o de demiss\u00e3o, com base no entendimento de que ele endossou pr\u00e1ticas associadas \u00e0 cultura do estupro e ao racismo. N\u00e3o se trata de opini\u00e3o pessoal minha, mas de conclus\u00f5es constantes em procedimentos internos da pr\u00f3pria institui\u00e7\u00e3o.<\/p>\n<p>E h\u00e1 ainda outros epis\u00f3dios dignos de men\u00e7\u00e3o. Bilynskyj j\u00e1 foi s\u00f3cio de um clube de tiro que promovia cursos com presen\u00e7a de crian\u00e7as; j\u00e1 se vangloriou de antepassados nazistas; e protagonizou uma agress\u00e3o contra o jornalista Guga Noblat, quando o agarrou pelo pesco\u00e7o e o empurrou, fato registrado e amplamente divulgado \u00e0 \u00e9poca.<\/p>\n<p>Como se esse hist\u00f3rico n\u00e3o fosse suficiente, h\u00e1 poucos dias, o deputado voltou a ultrapassar todos os limites ao atacar o estado do Maranh\u00e3o, afirmando que \u201co Maranh\u00e3o \u00e9 uma bosta\u201d e que o estado, \u201cfalido e corrupto\u201d, seria \u201cdesnecess\u00e1rio\u201d. N\u00e3o foi um deslize ret\u00f3rico nem uma cr\u00edtica pol\u00edtica: foi uma agress\u00e3o direta aos maranhenses. Uma fala racista, xenof\u00f3bica e profundamente desrespeitosa, incompat\u00edvel com o cargo que ocupa e que, a meu ver, configura quebra de decoro parlamentar.<\/p>\n<p>Felizmente, houve rea\u00e7\u00e3o institucional. O vice-governador do Maranh\u00e3o, Felipe Camar\u00e3o, anunciou que far\u00e1 representa\u00e7\u00e3o junto ao Minist\u00e9rio P\u00fablico Federal e tamb\u00e9m acionar\u00e1 o Conselho de \u00c9tica da C\u00e2mara dos Deputados. Porque \u00e9 preciso deixar claro: o mandato de deputado n\u00e3o concede licen\u00e7a para cometer crimes, atacar popula\u00e7\u00f5es inteiras ou disseminar \u00f3dio.<\/p>\n<p>A pol\u00edtica brasileira j\u00e1 convive com excessos demais. Normalizar esse tipo de comportamento seria aceitar que o Parlamento se transforme, de vez, em um espa\u00e7o de viol\u00eancia simb\u00f3lica, preconceito e impunidade. Eu, definitivamente, n\u00e3o aceito. Ningu\u00e9m deveria aceitar.<\/p>\n","protected":false},"excerpt":{"rendered":"<p>O deputado federal Paulo Bilynskyj (PL-SP) est\u00e1 em seu primeiro mandato pol\u00edtico, mas sua trajet\u00f3ria fora da vida parlamentar j\u00e1 era marcada por epis\u00f3dios no m\u00ednimo perturbadores, mas que ajudam a entender o personagem que hoje ocupa uma cadeira na C\u00e2mara. Em 2020, Bilynskyj ganhou as manchetes por um caso tr\u00e1gico e cheio de controv\u00e9rsias: [&hellip;]<\/p>\n","protected":false},"author":21,"featured_media":376596,"comment_status":"closed","ping_status":"closed","sticky":false,"template":"","format":"standard","meta":{"_acf_changed":false,"footnotes":""},"categories":[235],"tags":[],"class_list":["post-376595","post","type-post","status-publish","format-standard","has-post-thumbnail","hentry","category-dona-irene"],"acf":[],"yoast_head":"<!-- This site is optimized with the Yoast SEO plugin v27.5 - https:\/\/yoast.com\/product\/yoast-seo-wordpress\/ -->\n<title>Mandato de deputado federal n\u00e3o \u00e9 licen\u00e7a para cometer crimes - Notibras<\/title>\n<meta name=\"robots\" content=\"index, follow, max-snippet:-1, max-image-preview:large, max-video-preview:-1\" \/>\n<link rel=\"canonical\" href=\"https:\/\/www.notibras.com\/site\/mandato-de-deputado-federal-nao-e-licenca-para-cometer-crimes\/\" \/>\n<meta property=\"og:locale\" content=\"pt_BR\" \/>\n<meta property=\"og:type\" content=\"article\" \/>\n<meta property=\"og:title\" content=\"Mandato de deputado federal n\u00e3o \u00e9 licen\u00e7a para cometer crimes - Notibras\" \/>\n<meta property=\"og:description\" content=\"O deputado federal Paulo Bilynskyj (PL-SP) est\u00e1 em seu primeiro mandato pol\u00edtico, mas sua trajet\u00f3ria fora da vida parlamentar j\u00e1 era marcada por epis\u00f3dios no m\u00ednimo perturbadores, mas que ajudam a entender o personagem que hoje ocupa uma cadeira na C\u00e2mara. Em 2020, Bilynskyj ganhou as manchetes por um caso tr\u00e1gico e cheio de controv\u00e9rsias: [&hellip;]\" \/>\n<meta property=\"og:url\" content=\"https:\/\/www.notibras.com\/site\/mandato-de-deputado-federal-nao-e-licenca-para-cometer-crimes\/\" \/>\n<meta property=\"og:site_name\" content=\"Notibras\" \/>\n<meta property=\"article:publisher\" content=\"https:\/\/www.facebook.com\/notibras\/\" \/>\n<meta property=\"article:published_time\" content=\"2025-12-28T05:00:08+00:00\" \/>\n<meta property=\"og:image\" content=\"https:\/\/www.notibras.com\/site\/wp-content\/uploads\/2025\/12\/o-delegado-da-policia-civil-de-sao-paulo-paulo-bilynskyj-e-a-modelo-priscila-delgado-de-barros-1589992097102_v2_900x506-1.jpg\" \/>\n\t<meta property=\"og:image:width\" content=\"900\" \/>\n\t<meta property=\"og:image:height\" content=\"506\" \/>\n\t<meta property=\"og:image:type\" content=\"image\/jpeg\" \/>\n<meta name=\"author\" content=\"Eduardo Mart\u00ednez\" \/>\n<meta name=\"twitter:card\" content=\"summary_large_image\" \/>\n<meta name=\"twitter:creator\" content=\"@Notibras\" \/>\n<meta name=\"twitter:site\" content=\"@Notibras\" \/>\n<meta name=\"twitter:label1\" content=\"Escrito por\" \/>\n\t<meta name=\"twitter:data1\" content=\"Eduardo Mart\u00ednez\" \/>\n\t<meta name=\"twitter:label2\" content=\"Est. tempo de leitura\" \/>\n\t<meta name=\"twitter:data2\" content=\"3 minutos\" \/>\n<script type=\"application\/ld+json\" class=\"yoast-schema-graph\">{\"@context\":\"https:\\\/\\\/schema.org\",\"@graph\":[{\"@type\":\"Article\",\"@id\":\"https:\\\/\\\/www.notibras.com\\\/site\\\/mandato-de-deputado-federal-nao-e-licenca-para-cometer-crimes\\\/#article\",\"isPartOf\":{\"@id\":\"https:\\\/\\\/www.notibras.com\\\/site\\\/mandato-de-deputado-federal-nao-e-licenca-para-cometer-crimes\\\/\"},\"author\":{\"name\":\"Eduardo Mart\u00ednez\",\"@id\":\"https:\\\/\\\/www.notibras.com\\\/site\\\/#\\\/schema\\\/person\\\/5b7fabf2aedc3ada2105f03b22b4d3dd\"},\"headline\":\"Mandato de deputado federal n\u00e3o \u00e9 licen\u00e7a para cometer crimes\",\"datePublished\":\"2025-12-28T05:00:08+00:00\",\"mainEntityOfPage\":{\"@id\":\"https:\\\/\\\/www.notibras.com\\\/site\\\/mandato-de-deputado-federal-nao-e-licenca-para-cometer-crimes\\\/\"},\"wordCount\":489,\"publisher\":{\"@id\":\"https:\\\/\\\/www.notibras.com\\\/site\\\/#organization\"},\"image\":{\"@id\":\"https:\\\/\\\/www.notibras.com\\\/site\\\/mandato-de-deputado-federal-nao-e-licenca-para-cometer-crimes\\\/#primaryimage\"},\"thumbnailUrl\":\"https:\\\/\\\/www.notibras.com\\\/site\\\/wp-content\\\/uploads\\\/2025\\\/12\\\/o-delegado-da-policia-civil-de-sao-paulo-paulo-bilynskyj-e-a-modelo-priscila-delgado-de-barros-1589992097102_v2_900x506-1.jpg\",\"articleSection\":[\"Dona Irene\"],\"inLanguage\":\"pt-BR\"},{\"@type\":\"WebPage\",\"@id\":\"https:\\\/\\\/www.notibras.com\\\/site\\\/mandato-de-deputado-federal-nao-e-licenca-para-cometer-crimes\\\/\",\"url\":\"https:\\\/\\\/www.notibras.com\\\/site\\\/mandato-de-deputado-federal-nao-e-licenca-para-cometer-crimes\\\/\",\"name\":\"Mandato de deputado federal n\u00e3o \u00e9 licen\u00e7a para cometer crimes - Notibras\",\"isPartOf\":{\"@id\":\"https:\\\/\\\/www.notibras.com\\\/site\\\/#website\"},\"primaryImageOfPage\":{\"@id\":\"https:\\\/\\\/www.notibras.com\\\/site\\\/mandato-de-deputado-federal-nao-e-licenca-para-cometer-crimes\\\/#primaryimage\"},\"image\":{\"@id\":\"https:\\\/\\\/www.notibras.com\\\/site\\\/mandato-de-deputado-federal-nao-e-licenca-para-cometer-crimes\\\/#primaryimage\"},\"thumbnailUrl\":\"https:\\\/\\\/www.notibras.com\\\/site\\\/wp-content\\\/uploads\\\/2025\\\/12\\\/o-delegado-da-policia-civil-de-sao-paulo-paulo-bilynskyj-e-a-modelo-priscila-delgado-de-barros-1589992097102_v2_900x506-1.jpg\",\"datePublished\":\"2025-12-28T05:00:08+00:00\",\"breadcrumb\":{\"@id\":\"https:\\\/\\\/www.notibras.com\\\/site\\\/mandato-de-deputado-federal-nao-e-licenca-para-cometer-crimes\\\/#breadcrumb\"},\"inLanguage\":\"pt-BR\",\"potentialAction\":[{\"@type\":\"ReadAction\",\"target\":[\"https:\\\/\\\/www.notibras.com\\\/site\\\/mandato-de-deputado-federal-nao-e-licenca-para-cometer-crimes\\\/\"]}]},{\"@type\":\"ImageObject\",\"inLanguage\":\"pt-BR\",\"@id\":\"https:\\\/\\\/www.notibras.com\\\/site\\\/mandato-de-deputado-federal-nao-e-licenca-para-cometer-crimes\\\/#primaryimage\",\"url\":\"https:\\\/\\\/www.notibras.com\\\/site\\\/wp-content\\\/uploads\\\/2025\\\/12\\\/o-delegado-da-policia-civil-de-sao-paulo-paulo-bilynskyj-e-a-modelo-priscila-delgado-de-barros-1589992097102_v2_900x506-1.jpg\",\"contentUrl\":\"https:\\\/\\\/www.notibras.com\\\/site\\\/wp-content\\\/uploads\\\/2025\\\/12\\\/o-delegado-da-policia-civil-de-sao-paulo-paulo-bilynskyj-e-a-modelo-priscila-delgado-de-barros-1589992097102_v2_900x506-1.jpg\",\"width\":900,\"height\":506},{\"@type\":\"BreadcrumbList\",\"@id\":\"https:\\\/\\\/www.notibras.com\\\/site\\\/mandato-de-deputado-federal-nao-e-licenca-para-cometer-crimes\\\/#breadcrumb\",\"itemListElement\":[{\"@type\":\"ListItem\",\"position\":1,\"name\":\"In\u00edcio\",\"item\":\"https:\\\/\\\/www.notibras.com\\\/site\\\/\"},{\"@type\":\"ListItem\",\"position\":2,\"name\":\"Mandato de deputado federal n\u00e3o \u00e9 licen\u00e7a para cometer crimes\"}]},{\"@type\":\"WebSite\",\"@id\":\"https:\\\/\\\/www.notibras.com\\\/site\\\/#website\",\"url\":\"https:\\\/\\\/www.notibras.com\\\/site\\\/\",\"name\":\"Notibras\",\"description\":\"Not\u00edcias de Bras\u00edlia, do Brasil e do Mundo\",\"publisher\":{\"@id\":\"https:\\\/\\\/www.notibras.com\\\/site\\\/#organization\"},\"potentialAction\":[{\"@type\":\"SearchAction\",\"target\":{\"@type\":\"EntryPoint\",\"urlTemplate\":\"https:\\\/\\\/www.notibras.com\\\/site\\\/?s={search_term_string}\"},\"query-input\":{\"@type\":\"PropertyValueSpecification\",\"valueRequired\":true,\"valueName\":\"search_term_string\"}}],\"inLanguage\":\"pt-BR\"},{\"@type\":\"Organization\",\"@id\":\"https:\\\/\\\/www.notibras.com\\\/site\\\/#organization\",\"name\":\"Grupo Notibras de Comunica\u00e7\u00e3o\",\"url\":\"https:\\\/\\\/www.notibras.com\\\/site\\\/\",\"logo\":{\"@type\":\"ImageObject\",\"inLanguage\":\"pt-BR\",\"@id\":\"https:\\\/\\\/www.notibras.com\\\/site\\\/#\\\/schema\\\/logo\\\/image\\\/\",\"url\":\"https:\\\/\\\/www.notibras.com\\\/site\\\/wp-content\\\/uploads\\\/2023\\\/01\\\/notibras23.png\",\"contentUrl\":\"https:\\\/\\\/www.notibras.com\\\/site\\\/wp-content\\\/uploads\\\/2023\\\/01\\\/notibras23.png\",\"width\":350,\"height\":87,\"caption\":\"Grupo Notibras de Comunica\u00e7\u00e3o\"},\"image\":{\"@id\":\"https:\\\/\\\/www.notibras.com\\\/site\\\/#\\\/schema\\\/logo\\\/image\\\/\"},\"sameAs\":[\"https:\\\/\\\/www.facebook.com\\\/notibras\\\/\",\"https:\\\/\\\/x.com\\\/Notibras\",\"https:\\\/\\\/www.instagram.com\\\/notibras\\\/\"]},{\"@type\":\"Person\",\"@id\":\"https:\\\/\\\/www.notibras.com\\\/site\\\/#\\\/schema\\\/person\\\/5b7fabf2aedc3ada2105f03b22b4d3dd\",\"name\":\"Eduardo Mart\u00ednez\",\"image\":{\"@type\":\"ImageObject\",\"inLanguage\":\"pt-BR\",\"@id\":\"https:\\\/\\\/secure.gravatar.com\\\/avatar\\\/7902f906289926289cbcda644b5197c796b893c6ffd7b9a536a42d290f7704a0?s=96&d=mm&r=g\",\"url\":\"https:\\\/\\\/secure.gravatar.com\\\/avatar\\\/7902f906289926289cbcda644b5197c796b893c6ffd7b9a536a42d290f7704a0?s=96&d=mm&r=g\",\"contentUrl\":\"https:\\\/\\\/secure.gravatar.com\\\/avatar\\\/7902f906289926289cbcda644b5197c796b893c6ffd7b9a536a42d290f7704a0?s=96&d=mm&r=g\",\"caption\":\"Eduardo Mart\u00ednez\"}}]}<\/script>\n<!-- \/ Yoast SEO plugin. -->","yoast_head_json":{"title":"Mandato de deputado federal n\u00e3o \u00e9 licen\u00e7a para cometer crimes - Notibras","robots":{"index":"index","follow":"follow","max-snippet":"max-snippet:-1","max-image-preview":"max-image-preview:large","max-video-preview":"max-video-preview:-1"},"canonical":"https:\/\/www.notibras.com\/site\/mandato-de-deputado-federal-nao-e-licenca-para-cometer-crimes\/","og_locale":"pt_BR","og_type":"article","og_title":"Mandato de deputado federal n\u00e3o \u00e9 licen\u00e7a para cometer crimes - Notibras","og_description":"O deputado federal Paulo Bilynskyj (PL-SP) est\u00e1 em seu primeiro mandato pol\u00edtico, mas sua trajet\u00f3ria fora da vida parlamentar j\u00e1 era marcada por epis\u00f3dios no m\u00ednimo perturbadores, mas que ajudam a entender o personagem que hoje ocupa uma cadeira na C\u00e2mara. Em 2020, Bilynskyj ganhou as manchetes por um caso tr\u00e1gico e cheio de controv\u00e9rsias: [&hellip;]","og_url":"https:\/\/www.notibras.com\/site\/mandato-de-deputado-federal-nao-e-licenca-para-cometer-crimes\/","og_site_name":"Notibras","article_publisher":"https:\/\/www.facebook.com\/notibras\/","article_published_time":"2025-12-28T05:00:08+00:00","og_image":[{"width":900,"height":506,"url":"https:\/\/www.notibras.com\/site\/wp-content\/uploads\/2025\/12\/o-delegado-da-policia-civil-de-sao-paulo-paulo-bilynskyj-e-a-modelo-priscila-delgado-de-barros-1589992097102_v2_900x506-1.jpg","type":"image\/jpeg"}],"author":"Eduardo Mart\u00ednez","twitter_card":"summary_large_image","twitter_creator":"@Notibras","twitter_site":"@Notibras","twitter_misc":{"Escrito por":"Eduardo Mart\u00ednez","Est. tempo de leitura":"3 minutos"},"schema":{"@context":"https:\/\/schema.org","@graph":[{"@type":"Article","@id":"https:\/\/www.notibras.com\/site\/mandato-de-deputado-federal-nao-e-licenca-para-cometer-crimes\/#article","isPartOf":{"@id":"https:\/\/www.notibras.com\/site\/mandato-de-deputado-federal-nao-e-licenca-para-cometer-crimes\/"},"author":{"name":"Eduardo Mart\u00ednez","@id":"https:\/\/www.notibras.com\/site\/#\/schema\/person\/5b7fabf2aedc3ada2105f03b22b4d3dd"},"headline":"Mandato de deputado federal n\u00e3o \u00e9 licen\u00e7a para cometer crimes","datePublished":"2025-12-28T05:00:08+00:00","mainEntityOfPage":{"@id":"https:\/\/www.notibras.com\/site\/mandato-de-deputado-federal-nao-e-licenca-para-cometer-crimes\/"},"wordCount":489,"publisher":{"@id":"https:\/\/www.notibras.com\/site\/#organization"},"image":{"@id":"https:\/\/www.notibras.com\/site\/mandato-de-deputado-federal-nao-e-licenca-para-cometer-crimes\/#primaryimage"},"thumbnailUrl":"https:\/\/www.notibras.com\/site\/wp-content\/uploads\/2025\/12\/o-delegado-da-policia-civil-de-sao-paulo-paulo-bilynskyj-e-a-modelo-priscila-delgado-de-barros-1589992097102_v2_900x506-1.jpg","articleSection":["Dona Irene"],"inLanguage":"pt-BR"},{"@type":"WebPage","@id":"https:\/\/www.notibras.com\/site\/mandato-de-deputado-federal-nao-e-licenca-para-cometer-crimes\/","url":"https:\/\/www.notibras.com\/site\/mandato-de-deputado-federal-nao-e-licenca-para-cometer-crimes\/","name":"Mandato de deputado federal n\u00e3o \u00e9 licen\u00e7a para cometer crimes - Notibras","isPartOf":{"@id":"https:\/\/www.notibras.com\/site\/#website"},"primaryImageOfPage":{"@id":"https:\/\/www.notibras.com\/site\/mandato-de-deputado-federal-nao-e-licenca-para-cometer-crimes\/#primaryimage"},"image":{"@id":"https:\/\/www.notibras.com\/site\/mandato-de-deputado-federal-nao-e-licenca-para-cometer-crimes\/#primaryimage"},"thumbnailUrl":"https:\/\/www.notibras.com\/site\/wp-content\/uploads\/2025\/12\/o-delegado-da-policia-civil-de-sao-paulo-paulo-bilynskyj-e-a-modelo-priscila-delgado-de-barros-1589992097102_v2_900x506-1.jpg","datePublished":"2025-12-28T05:00:08+00:00","breadcrumb":{"@id":"https:\/\/www.notibras.com\/site\/mandato-de-deputado-federal-nao-e-licenca-para-cometer-crimes\/#breadcrumb"},"inLanguage":"pt-BR","potentialAction":[{"@type":"ReadAction","target":["https:\/\/www.notibras.com\/site\/mandato-de-deputado-federal-nao-e-licenca-para-cometer-crimes\/"]}]},{"@type":"ImageObject","inLanguage":"pt-BR","@id":"https:\/\/www.notibras.com\/site\/mandato-de-deputado-federal-nao-e-licenca-para-cometer-crimes\/#primaryimage","url":"https:\/\/www.notibras.com\/site\/wp-content\/uploads\/2025\/12\/o-delegado-da-policia-civil-de-sao-paulo-paulo-bilynskyj-e-a-modelo-priscila-delgado-de-barros-1589992097102_v2_900x506-1.jpg","contentUrl":"https:\/\/www.notibras.com\/site\/wp-content\/uploads\/2025\/12\/o-delegado-da-policia-civil-de-sao-paulo-paulo-bilynskyj-e-a-modelo-priscila-delgado-de-barros-1589992097102_v2_900x506-1.jpg","width":900,"height":506},{"@type":"BreadcrumbList","@id":"https:\/\/www.notibras.com\/site\/mandato-de-deputado-federal-nao-e-licenca-para-cometer-crimes\/#breadcrumb","itemListElement":[{"@type":"ListItem","position":1,"name":"In\u00edcio","item":"https:\/\/www.notibras.com\/site\/"},{"@type":"ListItem","position":2,"name":"Mandato de deputado federal n\u00e3o \u00e9 licen\u00e7a para cometer crimes"}]},{"@type":"WebSite","@id":"https:\/\/www.notibras.com\/site\/#website","url":"https:\/\/www.notibras.com\/site\/","name":"Notibras","description":"Not\u00edcias de Bras\u00edlia, do Brasil e do Mundo","publisher":{"@id":"https:\/\/www.notibras.com\/site\/#organization"},"potentialAction":[{"@type":"SearchAction","target":{"@type":"EntryPoint","urlTemplate":"https:\/\/www.notibras.com\/site\/?s={search_term_string}"},"query-input":{"@type":"PropertyValueSpecification","valueRequired":true,"valueName":"search_term_string"}}],"inLanguage":"pt-BR"},{"@type":"Organization","@id":"https:\/\/www.notibras.com\/site\/#organization","name":"Grupo Notibras de Comunica\u00e7\u00e3o","url":"https:\/\/www.notibras.com\/site\/","logo":{"@type":"ImageObject","inLanguage":"pt-BR","@id":"https:\/\/www.notibras.com\/site\/#\/schema\/logo\/image\/","url":"https:\/\/www.notibras.com\/site\/wp-content\/uploads\/2023\/01\/notibras23.png","contentUrl":"https:\/\/www.notibras.com\/site\/wp-content\/uploads\/2023\/01\/notibras23.png","width":350,"height":87,"caption":"Grupo Notibras de Comunica\u00e7\u00e3o"},"image":{"@id":"https:\/\/www.notibras.com\/site\/#\/schema\/logo\/image\/"},"sameAs":["https:\/\/www.facebook.com\/notibras\/","https:\/\/x.com\/Notibras","https:\/\/www.instagram.com\/notibras\/"]},{"@type":"Person","@id":"https:\/\/www.notibras.com\/site\/#\/schema\/person\/5b7fabf2aedc3ada2105f03b22b4d3dd","name":"Eduardo Mart\u00ednez","image":{"@type":"ImageObject","inLanguage":"pt-BR","@id":"https:\/\/secure.gravatar.com\/avatar\/7902f906289926289cbcda644b5197c796b893c6ffd7b9a536a42d290f7704a0?s=96&d=mm&r=g","url":"https:\/\/secure.gravatar.com\/avatar\/7902f906289926289cbcda644b5197c796b893c6ffd7b9a536a42d290f7704a0?s=96&d=mm&r=g","contentUrl":"https:\/\/secure.gravatar.com\/avatar\/7902f906289926289cbcda644b5197c796b893c6ffd7b9a536a42d290f7704a0?s=96&d=mm&r=g","caption":"Eduardo Mart\u00ednez"}}]}},"amp_enabled":true,"_links":{"self":[{"href":"https:\/\/www.notibras.com\/site\/wp-json\/wp\/v2\/posts\/376595","targetHints":{"allow":["GET"]}}],"collection":[{"href":"https:\/\/www.notibras.com\/site\/wp-json\/wp\/v2\/posts"}],"about":[{"href":"https:\/\/www.notibras.com\/site\/wp-json\/wp\/v2\/types\/post"}],"author":[{"embeddable":true,"href":"https:\/\/www.notibras.com\/site\/wp-json\/wp\/v2\/users\/21"}],"replies":[{"embeddable":true,"href":"https:\/\/www.notibras.com\/site\/wp-json\/wp\/v2\/comments?post=376595"}],"version-history":[{"count":2,"href":"https:\/\/www.notibras.com\/site\/wp-json\/wp\/v2\/posts\/376595\/revisions"}],"predecessor-version":[{"id":376598,"href":"https:\/\/www.notibras.com\/site\/wp-json\/wp\/v2\/posts\/376595\/revisions\/376598"}],"wp:featuredmedia":[{"embeddable":true,"href":"https:\/\/www.notibras.com\/site\/wp-json\/wp\/v2\/media\/376596"}],"wp:attachment":[{"href":"https:\/\/www.notibras.com\/site\/wp-json\/wp\/v2\/media?parent=376595"}],"wp:term":[{"taxonomy":"category","embeddable":true,"href":"https:\/\/www.notibras.com\/site\/wp-json\/wp\/v2\/categories?post=376595"},{"taxonomy":"post_tag","embeddable":true,"href":"https:\/\/www.notibras.com\/site\/wp-json\/wp\/v2\/tags?post=376595"}],"curies":[{"name":"wp","href":"https:\/\/api.w.org\/{rel}","templated":true}]}}