{"id":376599,"date":"2025-12-28T02:15:41","date_gmt":"2025-12-28T05:15:41","guid":{"rendered":"https:\/\/www.notibras.com\/site\/?p=376599"},"modified":"2025-12-27T22:49:13","modified_gmt":"2025-12-28T01:49:13","slug":"ninguem-trabalha-mais-do-que-o-roteirista-do-brasil","status":"publish","type":"post","link":"https:\/\/www.notibras.com\/site\/ninguem-trabalha-mais-do-que-o-roteirista-do-brasil\/","title":{"rendered":"Ningu\u00e9m trabalha mais do que o roteirista do Brasil"},"content":{"rendered":"<p>Estamos no fim do ano. Muita gente em recesso, agenda esvaziada, promessas de uma semana morna. Mas quem pensou que ter\u00edamos dias tranquilos se enganou. A semana que passou entregou com\u00e9dia, drama, aventura, suspense, a\u00e7\u00e3o e todos os g\u00eaneros que o brasileiro j\u00e1 se acostumou a consumir contra a pr\u00f3pria vontade. Afinal, a essa altura do campeonato, j\u00e1 sabemos: o roteirista do Brasil n\u00e3o tira f\u00e9rias, n\u00e3o entra em recesso nem respeita feriado.<\/p>\n<p>A semana come\u00e7ou com parte do pa\u00eds enraivecida por causa de um comercial de chinelo, enquanto a maioria ficou gargalhando sem culpa. A direita prometeu boicote, fez barulho, amea\u00e7ou cancelar tudo. N\u00e3o deu certo. Mas, sejamos justos, pelo menos rendeu boas risadas com v\u00eddeos de gente imitando o saci-perer\u00ea na frente das lojas, num espet\u00e1culo involunt\u00e1rio de humor pastel\u00e3o.<\/p>\n<p>Tamb\u00e9m nos primeiros dias da semana, como se diz popularmente, Augusto Heleno meteu um atestado e foi pra casa. Xand\u00e3o autorizou a pris\u00e3o domiciliar de um idoso com Alzheimer, como manda a lei. Nada al\u00e9m do b\u00e1sico do Estado Democr\u00e1tico de Direito.<\/p>\n<p>No meio disso tudo, o Datafolha tentou nos convencer mais uma vez da famosa tese da \u201cpolariza\u00e7\u00e3o\u201d. Eu j\u00e1 disse, e repito, que polariza\u00e7\u00e3o n\u00e3o \u00e9 esse conceito m\u00e1gico que usam pra explicar tudo.<\/p>\n<p>Como se n\u00e3o bastasse, a semana tamb\u00e9m foi marcada por ataques frontais aos trabalhadores brasileiros vindos dos sempre terr\u00edveis editorialistas da grande imprensa. A Folha de S.Paulo resolveu se posicionar contra o fim da escala 6&#215;1. J\u00e1 o Estad\u00e3o achou por bem criticar o aumento real do sal\u00e1rio m\u00ednimo. Ou seja, al\u00e9m de precisar estar em alerta permanente contra um Congresso que trabalha, de forma cada vez mais expl\u00edcita, contra o povo, agora o brasileiro tamb\u00e9m precisa se proteger da m\u00eddia que deveria, ao menos em tese, cumprir um papel civilizat\u00f3rio. Lament\u00e1vel, mas n\u00e3o surpreendente.<\/p>\n<p>No campo internacional, a Organiza\u00e7\u00e3o dos Estados Americanos divulgou relat\u00f3rio reconhecendo que houve, sim, tentativa de golpe de Estado no Brasil. As institui\u00e7\u00f5es resistiram, a democracia sobreviveu, e isso n\u00e3o \u00e9 pouca coisa num pa\u00eds com a nossa hist\u00f3ria. Ainda assim, o fato de precisarmos reafirmar o \u00f3bvio j\u00e1 diz muito sobre o grau de degrada\u00e7\u00e3o pol\u00edtica que enfrentamos.<\/p>\n<p>E ent\u00e3o veio o gran finale: Silvinei Vasques foi preso. Uma pris\u00e3o humilhante, pat\u00e9tica, quase caricatural. Detido no Paraguai, usando documento falso, tentando seguir para El Salvador. Que fim de carreira vergonhoso. Que cena constrangedora v\u00ea-lo algemado, com aquela cara de cachorro que caiu do caminh\u00e3o de mudan\u00e7a. Um espet\u00e1culo que beira o rid\u00edculo, mas que teve seu lado pedag\u00f3gico: ajudou a motivar a pris\u00e3o domiciliar e o uso de tornozeleira eletr\u00f4nica por parte de outros tantos golpistas que achavam que tudo acabaria em pizza.<\/p>\n<p>Sobrevivemos a essa semana. Inteiros, atentos e, de certa forma, calejados. Que venha a \u00faltima semana de 2025. O Brasil pode tentar nos surpreender, mas n\u00f3s j\u00e1 estamos preparados.<\/p>\n","protected":false},"excerpt":{"rendered":"<p>Estamos no fim do ano. Muita gente em recesso, agenda esvaziada, promessas de uma semana morna. Mas quem pensou que ter\u00edamos dias tranquilos se enganou. A semana que passou entregou com\u00e9dia, drama, aventura, suspense, a\u00e7\u00e3o e todos os g\u00eaneros que o brasileiro j\u00e1 se acostumou a consumir contra a pr\u00f3pria vontade. Afinal, a essa altura [&hellip;]<\/p>\n","protected":false},"author":21,"featured_media":376600,"comment_status":"closed","ping_status":"closed","sticky":false,"template":"","format":"standard","meta":{"_acf_changed":false,"footnotes":""},"categories":[235],"tags":[],"class_list":["post-376599","post","type-post","status-publish","format-standard","has-post-thumbnail","hentry","category-dona-irene"],"acf":[],"yoast_head":"<!-- This site is optimized with the Yoast SEO plugin v27.5 - https:\/\/yoast.com\/product\/yoast-seo-wordpress\/ -->\n<title>Ningu\u00e9m trabalha mais do que o roteirista do Brasil - Notibras<\/title>\n<meta name=\"robots\" content=\"index, follow, max-snippet:-1, max-image-preview:large, max-video-preview:-1\" \/>\n<link rel=\"canonical\" href=\"https:\/\/www.notibras.com\/site\/ninguem-trabalha-mais-do-que-o-roteirista-do-brasil\/\" \/>\n<meta property=\"og:locale\" content=\"pt_BR\" \/>\n<meta property=\"og:type\" content=\"article\" \/>\n<meta property=\"og:title\" content=\"Ningu\u00e9m trabalha mais do que o roteirista do Brasil - Notibras\" \/>\n<meta property=\"og:description\" content=\"Estamos no fim do ano. Muita gente em recesso, agenda esvaziada, promessas de uma semana morna. Mas quem pensou que ter\u00edamos dias tranquilos se enganou. A semana que passou entregou com\u00e9dia, drama, aventura, suspense, a\u00e7\u00e3o e todos os g\u00eaneros que o brasileiro j\u00e1 se acostumou a consumir contra a pr\u00f3pria vontade. Afinal, a essa altura [&hellip;]\" \/>\n<meta property=\"og:url\" content=\"https:\/\/www.notibras.com\/site\/ninguem-trabalha-mais-do-que-o-roteirista-do-brasil\/\" \/>\n<meta property=\"og:site_name\" content=\"Notibras\" \/>\n<meta property=\"article:publisher\" content=\"https:\/\/www.facebook.com\/notibras\/\" \/>\n<meta property=\"article:published_time\" content=\"2025-12-28T05:15:41+00:00\" \/>\n<meta property=\"og:image\" content=\"https:\/\/www.notibras.com\/site\/wp-content\/uploads\/2025\/12\/WhatsApp-Image-2025-12-27-at-22.46.57.jpeg\" \/>\n\t<meta property=\"og:image:width\" content=\"1200\" \/>\n\t<meta property=\"og:image:height\" content=\"1072\" \/>\n\t<meta property=\"og:image:type\" content=\"image\/jpeg\" \/>\n<meta name=\"author\" content=\"Eduardo Mart\u00ednez\" \/>\n<meta name=\"twitter:card\" content=\"summary_large_image\" \/>\n<meta name=\"twitter:creator\" content=\"@Notibras\" \/>\n<meta name=\"twitter:site\" content=\"@Notibras\" \/>\n<meta name=\"twitter:label1\" content=\"Escrito por\" \/>\n\t<meta name=\"twitter:data1\" content=\"Eduardo Mart\u00ednez\" \/>\n\t<meta name=\"twitter:label2\" content=\"Est. tempo de leitura\" \/>\n\t<meta name=\"twitter:data2\" content=\"3 minutos\" \/>\n<script type=\"application\/ld+json\" class=\"yoast-schema-graph\">{\"@context\":\"https:\\\/\\\/schema.org\",\"@graph\":[{\"@type\":\"Article\",\"@id\":\"https:\\\/\\\/www.notibras.com\\\/site\\\/ninguem-trabalha-mais-do-que-o-roteirista-do-brasil\\\/#article\",\"isPartOf\":{\"@id\":\"https:\\\/\\\/www.notibras.com\\\/site\\\/ninguem-trabalha-mais-do-que-o-roteirista-do-brasil\\\/\"},\"author\":{\"name\":\"Eduardo Mart\u00ednez\",\"@id\":\"https:\\\/\\\/www.notibras.com\\\/site\\\/#\\\/schema\\\/person\\\/5b7fabf2aedc3ada2105f03b22b4d3dd\"},\"headline\":\"Ningu\u00e9m trabalha mais do que o roteirista do Brasil\",\"datePublished\":\"2025-12-28T05:15:41+00:00\",\"mainEntityOfPage\":{\"@id\":\"https:\\\/\\\/www.notibras.com\\\/site\\\/ninguem-trabalha-mais-do-que-o-roteirista-do-brasil\\\/\"},\"wordCount\":543,\"publisher\":{\"@id\":\"https:\\\/\\\/www.notibras.com\\\/site\\\/#organization\"},\"image\":{\"@id\":\"https:\\\/\\\/www.notibras.com\\\/site\\\/ninguem-trabalha-mais-do-que-o-roteirista-do-brasil\\\/#primaryimage\"},\"thumbnailUrl\":\"https:\\\/\\\/www.notibras.com\\\/site\\\/wp-content\\\/uploads\\\/2025\\\/12\\\/WhatsApp-Image-2025-12-27-at-22.46.57.jpeg\",\"articleSection\":[\"Dona Irene\"],\"inLanguage\":\"pt-BR\"},{\"@type\":\"WebPage\",\"@id\":\"https:\\\/\\\/www.notibras.com\\\/site\\\/ninguem-trabalha-mais-do-que-o-roteirista-do-brasil\\\/\",\"url\":\"https:\\\/\\\/www.notibras.com\\\/site\\\/ninguem-trabalha-mais-do-que-o-roteirista-do-brasil\\\/\",\"name\":\"Ningu\u00e9m trabalha mais do que o roteirista do Brasil - Notibras\",\"isPartOf\":{\"@id\":\"https:\\\/\\\/www.notibras.com\\\/site\\\/#website\"},\"primaryImageOfPage\":{\"@id\":\"https:\\\/\\\/www.notibras.com\\\/site\\\/ninguem-trabalha-mais-do-que-o-roteirista-do-brasil\\\/#primaryimage\"},\"image\":{\"@id\":\"https:\\\/\\\/www.notibras.com\\\/site\\\/ninguem-trabalha-mais-do-que-o-roteirista-do-brasil\\\/#primaryimage\"},\"thumbnailUrl\":\"https:\\\/\\\/www.notibras.com\\\/site\\\/wp-content\\\/uploads\\\/2025\\\/12\\\/WhatsApp-Image-2025-12-27-at-22.46.57.jpeg\",\"datePublished\":\"2025-12-28T05:15:41+00:00\",\"breadcrumb\":{\"@id\":\"https:\\\/\\\/www.notibras.com\\\/site\\\/ninguem-trabalha-mais-do-que-o-roteirista-do-brasil\\\/#breadcrumb\"},\"inLanguage\":\"pt-BR\",\"potentialAction\":[{\"@type\":\"ReadAction\",\"target\":[\"https:\\\/\\\/www.notibras.com\\\/site\\\/ninguem-trabalha-mais-do-que-o-roteirista-do-brasil\\\/\"]}]},{\"@type\":\"ImageObject\",\"inLanguage\":\"pt-BR\",\"@id\":\"https:\\\/\\\/www.notibras.com\\\/site\\\/ninguem-trabalha-mais-do-que-o-roteirista-do-brasil\\\/#primaryimage\",\"url\":\"https:\\\/\\\/www.notibras.com\\\/site\\\/wp-content\\\/uploads\\\/2025\\\/12\\\/WhatsApp-Image-2025-12-27-at-22.46.57.jpeg\",\"contentUrl\":\"https:\\\/\\\/www.notibras.com\\\/site\\\/wp-content\\\/uploads\\\/2025\\\/12\\\/WhatsApp-Image-2025-12-27-at-22.46.57.jpeg\",\"width\":1200,\"height\":1072},{\"@type\":\"BreadcrumbList\",\"@id\":\"https:\\\/\\\/www.notibras.com\\\/site\\\/ninguem-trabalha-mais-do-que-o-roteirista-do-brasil\\\/#breadcrumb\",\"itemListElement\":[{\"@type\":\"ListItem\",\"position\":1,\"name\":\"In\u00edcio\",\"item\":\"https:\\\/\\\/www.notibras.com\\\/site\\\/\"},{\"@type\":\"ListItem\",\"position\":2,\"name\":\"Ningu\u00e9m trabalha mais do que o roteirista do Brasil\"}]},{\"@type\":\"WebSite\",\"@id\":\"https:\\\/\\\/www.notibras.com\\\/site\\\/#website\",\"url\":\"https:\\\/\\\/www.notibras.com\\\/site\\\/\",\"name\":\"Notibras\",\"description\":\"Not\u00edcias de Bras\u00edlia, do Brasil e do Mundo\",\"publisher\":{\"@id\":\"https:\\\/\\\/www.notibras.com\\\/site\\\/#organization\"},\"potentialAction\":[{\"@type\":\"SearchAction\",\"target\":{\"@type\":\"EntryPoint\",\"urlTemplate\":\"https:\\\/\\\/www.notibras.com\\\/site\\\/?s={search_term_string}\"},\"query-input\":{\"@type\":\"PropertyValueSpecification\",\"valueRequired\":true,\"valueName\":\"search_term_string\"}}],\"inLanguage\":\"pt-BR\"},{\"@type\":\"Organization\",\"@id\":\"https:\\\/\\\/www.notibras.com\\\/site\\\/#organization\",\"name\":\"Grupo Notibras de Comunica\u00e7\u00e3o\",\"url\":\"https:\\\/\\\/www.notibras.com\\\/site\\\/\",\"logo\":{\"@type\":\"ImageObject\",\"inLanguage\":\"pt-BR\",\"@id\":\"https:\\\/\\\/www.notibras.com\\\/site\\\/#\\\/schema\\\/logo\\\/image\\\/\",\"url\":\"https:\\\/\\\/www.notibras.com\\\/site\\\/wp-content\\\/uploads\\\/2023\\\/01\\\/notibras23.png\",\"contentUrl\":\"https:\\\/\\\/www.notibras.com\\\/site\\\/wp-content\\\/uploads\\\/2023\\\/01\\\/notibras23.png\",\"width\":350,\"height\":87,\"caption\":\"Grupo Notibras de Comunica\u00e7\u00e3o\"},\"image\":{\"@id\":\"https:\\\/\\\/www.notibras.com\\\/site\\\/#\\\/schema\\\/logo\\\/image\\\/\"},\"sameAs\":[\"https:\\\/\\\/www.facebook.com\\\/notibras\\\/\",\"https:\\\/\\\/x.com\\\/Notibras\",\"https:\\\/\\\/www.instagram.com\\\/notibras\\\/\"]},{\"@type\":\"Person\",\"@id\":\"https:\\\/\\\/www.notibras.com\\\/site\\\/#\\\/schema\\\/person\\\/5b7fabf2aedc3ada2105f03b22b4d3dd\",\"name\":\"Eduardo Mart\u00ednez\",\"image\":{\"@type\":\"ImageObject\",\"inLanguage\":\"pt-BR\",\"@id\":\"https:\\\/\\\/secure.gravatar.com\\\/avatar\\\/7902f906289926289cbcda644b5197c796b893c6ffd7b9a536a42d290f7704a0?s=96&d=mm&r=g\",\"url\":\"https:\\\/\\\/secure.gravatar.com\\\/avatar\\\/7902f906289926289cbcda644b5197c796b893c6ffd7b9a536a42d290f7704a0?s=96&d=mm&r=g\",\"contentUrl\":\"https:\\\/\\\/secure.gravatar.com\\\/avatar\\\/7902f906289926289cbcda644b5197c796b893c6ffd7b9a536a42d290f7704a0?s=96&d=mm&r=g\",\"caption\":\"Eduardo Mart\u00ednez\"}}]}<\/script>\n<!-- \/ Yoast SEO plugin. -->","yoast_head_json":{"title":"Ningu\u00e9m trabalha mais do que o roteirista do Brasil - Notibras","robots":{"index":"index","follow":"follow","max-snippet":"max-snippet:-1","max-image-preview":"max-image-preview:large","max-video-preview":"max-video-preview:-1"},"canonical":"https:\/\/www.notibras.com\/site\/ninguem-trabalha-mais-do-que-o-roteirista-do-brasil\/","og_locale":"pt_BR","og_type":"article","og_title":"Ningu\u00e9m trabalha mais do que o roteirista do Brasil - Notibras","og_description":"Estamos no fim do ano. Muita gente em recesso, agenda esvaziada, promessas de uma semana morna. Mas quem pensou que ter\u00edamos dias tranquilos se enganou. A semana que passou entregou com\u00e9dia, drama, aventura, suspense, a\u00e7\u00e3o e todos os g\u00eaneros que o brasileiro j\u00e1 se acostumou a consumir contra a pr\u00f3pria vontade. Afinal, a essa altura [&hellip;]","og_url":"https:\/\/www.notibras.com\/site\/ninguem-trabalha-mais-do-que-o-roteirista-do-brasil\/","og_site_name":"Notibras","article_publisher":"https:\/\/www.facebook.com\/notibras\/","article_published_time":"2025-12-28T05:15:41+00:00","og_image":[{"width":1200,"height":1072,"url":"https:\/\/www.notibras.com\/site\/wp-content\/uploads\/2025\/12\/WhatsApp-Image-2025-12-27-at-22.46.57.jpeg","type":"image\/jpeg"}],"author":"Eduardo Mart\u00ednez","twitter_card":"summary_large_image","twitter_creator":"@Notibras","twitter_site":"@Notibras","twitter_misc":{"Escrito por":"Eduardo Mart\u00ednez","Est. tempo de leitura":"3 minutos"},"schema":{"@context":"https:\/\/schema.org","@graph":[{"@type":"Article","@id":"https:\/\/www.notibras.com\/site\/ninguem-trabalha-mais-do-que-o-roteirista-do-brasil\/#article","isPartOf":{"@id":"https:\/\/www.notibras.com\/site\/ninguem-trabalha-mais-do-que-o-roteirista-do-brasil\/"},"author":{"name":"Eduardo Mart\u00ednez","@id":"https:\/\/www.notibras.com\/site\/#\/schema\/person\/5b7fabf2aedc3ada2105f03b22b4d3dd"},"headline":"Ningu\u00e9m trabalha mais do que o roteirista do Brasil","datePublished":"2025-12-28T05:15:41+00:00","mainEntityOfPage":{"@id":"https:\/\/www.notibras.com\/site\/ninguem-trabalha-mais-do-que-o-roteirista-do-brasil\/"},"wordCount":543,"publisher":{"@id":"https:\/\/www.notibras.com\/site\/#organization"},"image":{"@id":"https:\/\/www.notibras.com\/site\/ninguem-trabalha-mais-do-que-o-roteirista-do-brasil\/#primaryimage"},"thumbnailUrl":"https:\/\/www.notibras.com\/site\/wp-content\/uploads\/2025\/12\/WhatsApp-Image-2025-12-27-at-22.46.57.jpeg","articleSection":["Dona Irene"],"inLanguage":"pt-BR"},{"@type":"WebPage","@id":"https:\/\/www.notibras.com\/site\/ninguem-trabalha-mais-do-que-o-roteirista-do-brasil\/","url":"https:\/\/www.notibras.com\/site\/ninguem-trabalha-mais-do-que-o-roteirista-do-brasil\/","name":"Ningu\u00e9m trabalha mais do que o roteirista do Brasil - Notibras","isPartOf":{"@id":"https:\/\/www.notibras.com\/site\/#website"},"primaryImageOfPage":{"@id":"https:\/\/www.notibras.com\/site\/ninguem-trabalha-mais-do-que-o-roteirista-do-brasil\/#primaryimage"},"image":{"@id":"https:\/\/www.notibras.com\/site\/ninguem-trabalha-mais-do-que-o-roteirista-do-brasil\/#primaryimage"},"thumbnailUrl":"https:\/\/www.notibras.com\/site\/wp-content\/uploads\/2025\/12\/WhatsApp-Image-2025-12-27-at-22.46.57.jpeg","datePublished":"2025-12-28T05:15:41+00:00","breadcrumb":{"@id":"https:\/\/www.notibras.com\/site\/ninguem-trabalha-mais-do-que-o-roteirista-do-brasil\/#breadcrumb"},"inLanguage":"pt-BR","potentialAction":[{"@type":"ReadAction","target":["https:\/\/www.notibras.com\/site\/ninguem-trabalha-mais-do-que-o-roteirista-do-brasil\/"]}]},{"@type":"ImageObject","inLanguage":"pt-BR","@id":"https:\/\/www.notibras.com\/site\/ninguem-trabalha-mais-do-que-o-roteirista-do-brasil\/#primaryimage","url":"https:\/\/www.notibras.com\/site\/wp-content\/uploads\/2025\/12\/WhatsApp-Image-2025-12-27-at-22.46.57.jpeg","contentUrl":"https:\/\/www.notibras.com\/site\/wp-content\/uploads\/2025\/12\/WhatsApp-Image-2025-12-27-at-22.46.57.jpeg","width":1200,"height":1072},{"@type":"BreadcrumbList","@id":"https:\/\/www.notibras.com\/site\/ninguem-trabalha-mais-do-que-o-roteirista-do-brasil\/#breadcrumb","itemListElement":[{"@type":"ListItem","position":1,"name":"In\u00edcio","item":"https:\/\/www.notibras.com\/site\/"},{"@type":"ListItem","position":2,"name":"Ningu\u00e9m trabalha mais do que o roteirista do Brasil"}]},{"@type":"WebSite","@id":"https:\/\/www.notibras.com\/site\/#website","url":"https:\/\/www.notibras.com\/site\/","name":"Notibras","description":"Not\u00edcias de Bras\u00edlia, do Brasil e do Mundo","publisher":{"@id":"https:\/\/www.notibras.com\/site\/#organization"},"potentialAction":[{"@type":"SearchAction","target":{"@type":"EntryPoint","urlTemplate":"https:\/\/www.notibras.com\/site\/?s={search_term_string}"},"query-input":{"@type":"PropertyValueSpecification","valueRequired":true,"valueName":"search_term_string"}}],"inLanguage":"pt-BR"},{"@type":"Organization","@id":"https:\/\/www.notibras.com\/site\/#organization","name":"Grupo Notibras de Comunica\u00e7\u00e3o","url":"https:\/\/www.notibras.com\/site\/","logo":{"@type":"ImageObject","inLanguage":"pt-BR","@id":"https:\/\/www.notibras.com\/site\/#\/schema\/logo\/image\/","url":"https:\/\/www.notibras.com\/site\/wp-content\/uploads\/2023\/01\/notibras23.png","contentUrl":"https:\/\/www.notibras.com\/site\/wp-content\/uploads\/2023\/01\/notibras23.png","width":350,"height":87,"caption":"Grupo Notibras de Comunica\u00e7\u00e3o"},"image":{"@id":"https:\/\/www.notibras.com\/site\/#\/schema\/logo\/image\/"},"sameAs":["https:\/\/www.facebook.com\/notibras\/","https:\/\/x.com\/Notibras","https:\/\/www.instagram.com\/notibras\/"]},{"@type":"Person","@id":"https:\/\/www.notibras.com\/site\/#\/schema\/person\/5b7fabf2aedc3ada2105f03b22b4d3dd","name":"Eduardo Mart\u00ednez","image":{"@type":"ImageObject","inLanguage":"pt-BR","@id":"https:\/\/secure.gravatar.com\/avatar\/7902f906289926289cbcda644b5197c796b893c6ffd7b9a536a42d290f7704a0?s=96&d=mm&r=g","url":"https:\/\/secure.gravatar.com\/avatar\/7902f906289926289cbcda644b5197c796b893c6ffd7b9a536a42d290f7704a0?s=96&d=mm&r=g","contentUrl":"https:\/\/secure.gravatar.com\/avatar\/7902f906289926289cbcda644b5197c796b893c6ffd7b9a536a42d290f7704a0?s=96&d=mm&r=g","caption":"Eduardo Mart\u00ednez"}}]}},"amp_enabled":true,"_links":{"self":[{"href":"https:\/\/www.notibras.com\/site\/wp-json\/wp\/v2\/posts\/376599","targetHints":{"allow":["GET"]}}],"collection":[{"href":"https:\/\/www.notibras.com\/site\/wp-json\/wp\/v2\/posts"}],"about":[{"href":"https:\/\/www.notibras.com\/site\/wp-json\/wp\/v2\/types\/post"}],"author":[{"embeddable":true,"href":"https:\/\/www.notibras.com\/site\/wp-json\/wp\/v2\/users\/21"}],"replies":[{"embeddable":true,"href":"https:\/\/www.notibras.com\/site\/wp-json\/wp\/v2\/comments?post=376599"}],"version-history":[{"count":2,"href":"https:\/\/www.notibras.com\/site\/wp-json\/wp\/v2\/posts\/376599\/revisions"}],"predecessor-version":[{"id":376602,"href":"https:\/\/www.notibras.com\/site\/wp-json\/wp\/v2\/posts\/376599\/revisions\/376602"}],"wp:featuredmedia":[{"embeddable":true,"href":"https:\/\/www.notibras.com\/site\/wp-json\/wp\/v2\/media\/376600"}],"wp:attachment":[{"href":"https:\/\/www.notibras.com\/site\/wp-json\/wp\/v2\/media?parent=376599"}],"wp:term":[{"taxonomy":"category","embeddable":true,"href":"https:\/\/www.notibras.com\/site\/wp-json\/wp\/v2\/categories?post=376599"},{"taxonomy":"post_tag","embeddable":true,"href":"https:\/\/www.notibras.com\/site\/wp-json\/wp\/v2\/tags?post=376599"}],"curies":[{"name":"wp","href":"https:\/\/api.w.org\/{rel}","templated":true}]}}