{"id":376603,"date":"2025-12-28T02:00:11","date_gmt":"2025-12-28T05:00:11","guid":{"rendered":"https:\/\/www.notibras.com\/site\/?p=376603"},"modified":"2025-12-28T20:14:19","modified_gmt":"2025-12-28T23:14:19","slug":"o-pai-a-filha-e-a-gravidade","status":"publish","type":"post","link":"https:\/\/www.notibras.com\/site\/o-pai-a-filha-e-a-gravidade\/","title":{"rendered":"O pai, a filha e a gravidade"},"content":{"rendered":"<p>Manuel largou o aparelho celular por um instante, quando percebeu que a filha, Ol\u00edvia, de dois anos, estava no alto do escorrega, pronta para comprovar que a gravidade, mesmo invis\u00edvel, existe. O homem pensou na coragem que a garota possu\u00eda. Coragem ou completa falta de no\u00e7\u00e3o do perigo? Sentiu um frio na barriga, enquanto ela descia, bra\u00e7os erguidos e sorriso desprendido. Pensou: &#8220;E ainda \u00e9 uma exibida!&#8221;<\/p>\n<p>O sujeito tentou buscar na mem\u00f3ria quando \u00e9 que ele havia perdido esse modo livre de encarar a vida. O que teria mudado nesses anos todos? Teria sido algo substancial ou, ent\u00e3o, somos meras c\u00f3pias separadas por gera\u00e7\u00f5es? Se isso fosse verdade, quando \u00e9 que Ol\u00edvia se transformaria numa covarde? N\u00e3o, n\u00e3o e n\u00e3o! Era dif\u00edcil para Manuel aceitar que sua cria, que se divertia com aquela atra\u00e7\u00e3o irresist\u00edvel da Terra sobre os corpos, n\u00e3o tardaria, seria igual a ele.<\/p>\n<p>Assustou-se com uma borboleta, que, atrevida, pousou em seu ombro. Por sorte, conteve o grito, o que certamente geraria rea\u00e7\u00f5es nos presentes na pra\u00e7a. Como \u00e9 que podia algo daquele tipo? Medo de borboleta? Se ao menos fosse uma abelha ou marimbondo. N\u00e3o! Apenas uma simples borboleta.<\/p>\n<p>Enquanto anotava mentalmente os feitos de Ol\u00edvia, Manuel procurava eterniz\u00e1-los para, quando ela estivesse maior, contar-lhe. Ser\u00e1 que ela se lembraria do qu\u00e3o fora t\u00e3o destemida um dia? Melhor seria filmar do que confiar na mem\u00f3ria.<\/p>\n<p>Manuel pegou o telefone e abriu a c\u00e2mera. J\u00e1 estava pronto para registrar todos os momentos imp\u00e1vidos da herdeira, quando foi interrompido por uma voz irresist\u00edvel.<\/p>\n<p>\u2014 Papai, vem aqui.<\/p>\n<p>Sem alternativa diante daquele pedido, Manuel guardou o aparelho no bolso e foi brincar com a filha, antes que o tempo, ligeiro que nem pre\u00e1 fugindo de lobo-guar\u00e1, transformasse toda aquela valentia em gente adulta.<\/p>\n<p><strong>\u2026\u2026\u2026\u2026\u2026\u2026\u2026\u2026<\/strong><\/p>\n<p><strong>Eduardo Mart\u00ednez \u00e9 autor do livro \u201957 Contos e Cr\u00f4nicas por um Autor Muito Velho\u2019 (Vencedor do Pr\u00eamio Liter\u00e1rio Clarice Lispector \u2013 2025 na categoria livro de contos).<\/strong><\/p>\n<p><strong>Compre aqui<\/strong><\/p>\n<p><a href=\"https:\/\/www.joanineditora.com.br\/57-contos-e-cronicas-por-um-autor-muito-velho\"><strong>https:\/\/www.joanineditora.com.br\/57-contos-e-cronicas-por-um-autor-muito-velho<\/strong><\/a><\/p>\n","protected":false},"excerpt":{"rendered":"<p>Manuel largou o aparelho celular por um instante, quando percebeu que a filha, Ol\u00edvia, de dois anos, estava no alto do escorrega, pronta para comprovar que a gravidade, mesmo invis\u00edvel, existe. O homem pensou na coragem que a garota possu\u00eda. Coragem ou completa falta de no\u00e7\u00e3o do perigo? Sentiu um frio na barriga, enquanto ela [&hellip;]<\/p>\n","protected":false},"author":21,"featured_media":376605,"comment_status":"closed","ping_status":"closed","sticky":false,"template":"","format":"standard","meta":{"_acf_changed":false,"footnotes":""},"categories":[161],"tags":[],"class_list":["post-376603","post","type-post","status-publish","format-standard","has-post-thumbnail","hentry","category-quadradinho-em-foco"],"acf":[],"yoast_head":"<!-- This site is optimized with the Yoast SEO plugin v27.5 - https:\/\/yoast.com\/product\/yoast-seo-wordpress\/ -->\n<title>O pai, a filha e a gravidade - Notibras<\/title>\n<meta name=\"robots\" content=\"index, follow, max-snippet:-1, max-image-preview:large, max-video-preview:-1\" \/>\n<link rel=\"canonical\" href=\"https:\/\/www.notibras.com\/site\/o-pai-a-filha-e-a-gravidade\/\" \/>\n<meta property=\"og:locale\" content=\"pt_BR\" \/>\n<meta property=\"og:type\" content=\"article\" \/>\n<meta property=\"og:title\" content=\"O pai, a filha e a gravidade - Notibras\" \/>\n<meta property=\"og:description\" content=\"Manuel largou o aparelho celular por um instante, quando percebeu que a filha, Ol\u00edvia, de dois anos, estava no alto do escorrega, pronta para comprovar que a gravidade, mesmo invis\u00edvel, existe. O homem pensou na coragem que a garota possu\u00eda. Coragem ou completa falta de no\u00e7\u00e3o do perigo? Sentiu um frio na barriga, enquanto ela [&hellip;]\" \/>\n<meta property=\"og:url\" content=\"https:\/\/www.notibras.com\/site\/o-pai-a-filha-e-a-gravidade\/\" \/>\n<meta property=\"og:site_name\" content=\"Notibras\" \/>\n<meta property=\"article:publisher\" content=\"https:\/\/www.facebook.com\/notibras\/\" \/>\n<meta property=\"article:published_time\" content=\"2025-12-28T05:00:11+00:00\" \/>\n<meta property=\"article:modified_time\" content=\"2025-12-28T23:14:19+00:00\" \/>\n<meta property=\"og:image\" content=\"https:\/\/www.notibras.com\/site\/wp-content\/uploads\/2025\/12\/IMG_9859-1.jpg\" \/>\n\t<meta property=\"og:image:width\" content=\"1022\" \/>\n\t<meta property=\"og:image:height\" content=\"927\" \/>\n\t<meta property=\"og:image:type\" content=\"image\/jpeg\" \/>\n<meta name=\"author\" content=\"Eduardo Mart\u00ednez\" \/>\n<meta name=\"twitter:card\" content=\"summary_large_image\" \/>\n<meta name=\"twitter:creator\" content=\"@Notibras\" \/>\n<meta name=\"twitter:site\" content=\"@Notibras\" \/>\n<meta name=\"twitter:label1\" content=\"Escrito por\" \/>\n\t<meta name=\"twitter:data1\" content=\"Eduardo Mart\u00ednez\" \/>\n\t<meta name=\"twitter:label2\" content=\"Est. tempo de leitura\" \/>\n\t<meta name=\"twitter:data2\" content=\"3 minutos\" \/>\n<script type=\"application\/ld+json\" class=\"yoast-schema-graph\">{\"@context\":\"https:\\\/\\\/schema.org\",\"@graph\":[{\"@type\":\"Article\",\"@id\":\"https:\\\/\\\/www.notibras.com\\\/site\\\/o-pai-a-filha-e-a-gravidade\\\/#article\",\"isPartOf\":{\"@id\":\"https:\\\/\\\/www.notibras.com\\\/site\\\/o-pai-a-filha-e-a-gravidade\\\/\"},\"author\":{\"name\":\"Eduardo Mart\u00ednez\",\"@id\":\"https:\\\/\\\/www.notibras.com\\\/site\\\/#\\\/schema\\\/person\\\/5b7fabf2aedc3ada2105f03b22b4d3dd\"},\"headline\":\"O pai, a filha e a gravidade\",\"datePublished\":\"2025-12-28T05:00:11+00:00\",\"dateModified\":\"2025-12-28T23:14:19+00:00\",\"mainEntityOfPage\":{\"@id\":\"https:\\\/\\\/www.notibras.com\\\/site\\\/o-pai-a-filha-e-a-gravidade\\\/\"},\"wordCount\":361,\"publisher\":{\"@id\":\"https:\\\/\\\/www.notibras.com\\\/site\\\/#organization\"},\"image\":{\"@id\":\"https:\\\/\\\/www.notibras.com\\\/site\\\/o-pai-a-filha-e-a-gravidade\\\/#primaryimage\"},\"thumbnailUrl\":\"https:\\\/\\\/www.notibras.com\\\/site\\\/wp-content\\\/uploads\\\/2025\\\/12\\\/IMG_9859-1.jpg\",\"articleSection\":[\"Quadradinho em Foco\"],\"inLanguage\":\"pt-BR\"},{\"@type\":\"WebPage\",\"@id\":\"https:\\\/\\\/www.notibras.com\\\/site\\\/o-pai-a-filha-e-a-gravidade\\\/\",\"url\":\"https:\\\/\\\/www.notibras.com\\\/site\\\/o-pai-a-filha-e-a-gravidade\\\/\",\"name\":\"O pai, a filha e a gravidade - Notibras\",\"isPartOf\":{\"@id\":\"https:\\\/\\\/www.notibras.com\\\/site\\\/#website\"},\"primaryImageOfPage\":{\"@id\":\"https:\\\/\\\/www.notibras.com\\\/site\\\/o-pai-a-filha-e-a-gravidade\\\/#primaryimage\"},\"image\":{\"@id\":\"https:\\\/\\\/www.notibras.com\\\/site\\\/o-pai-a-filha-e-a-gravidade\\\/#primaryimage\"},\"thumbnailUrl\":\"https:\\\/\\\/www.notibras.com\\\/site\\\/wp-content\\\/uploads\\\/2025\\\/12\\\/IMG_9859-1.jpg\",\"datePublished\":\"2025-12-28T05:00:11+00:00\",\"dateModified\":\"2025-12-28T23:14:19+00:00\",\"breadcrumb\":{\"@id\":\"https:\\\/\\\/www.notibras.com\\\/site\\\/o-pai-a-filha-e-a-gravidade\\\/#breadcrumb\"},\"inLanguage\":\"pt-BR\",\"potentialAction\":[{\"@type\":\"ReadAction\",\"target\":[\"https:\\\/\\\/www.notibras.com\\\/site\\\/o-pai-a-filha-e-a-gravidade\\\/\"]}]},{\"@type\":\"ImageObject\",\"inLanguage\":\"pt-BR\",\"@id\":\"https:\\\/\\\/www.notibras.com\\\/site\\\/o-pai-a-filha-e-a-gravidade\\\/#primaryimage\",\"url\":\"https:\\\/\\\/www.notibras.com\\\/site\\\/wp-content\\\/uploads\\\/2025\\\/12\\\/IMG_9859-1.jpg\",\"contentUrl\":\"https:\\\/\\\/www.notibras.com\\\/site\\\/wp-content\\\/uploads\\\/2025\\\/12\\\/IMG_9859-1.jpg\",\"width\":1022,\"height\":927},{\"@type\":\"BreadcrumbList\",\"@id\":\"https:\\\/\\\/www.notibras.com\\\/site\\\/o-pai-a-filha-e-a-gravidade\\\/#breadcrumb\",\"itemListElement\":[{\"@type\":\"ListItem\",\"position\":1,\"name\":\"In\u00edcio\",\"item\":\"https:\\\/\\\/www.notibras.com\\\/site\\\/\"},{\"@type\":\"ListItem\",\"position\":2,\"name\":\"O pai, a filha e a gravidade\"}]},{\"@type\":\"WebSite\",\"@id\":\"https:\\\/\\\/www.notibras.com\\\/site\\\/#website\",\"url\":\"https:\\\/\\\/www.notibras.com\\\/site\\\/\",\"name\":\"Notibras\",\"description\":\"Not\u00edcias de Bras\u00edlia, do Brasil e do Mundo\",\"publisher\":{\"@id\":\"https:\\\/\\\/www.notibras.com\\\/site\\\/#organization\"},\"potentialAction\":[{\"@type\":\"SearchAction\",\"target\":{\"@type\":\"EntryPoint\",\"urlTemplate\":\"https:\\\/\\\/www.notibras.com\\\/site\\\/?s={search_term_string}\"},\"query-input\":{\"@type\":\"PropertyValueSpecification\",\"valueRequired\":true,\"valueName\":\"search_term_string\"}}],\"inLanguage\":\"pt-BR\"},{\"@type\":\"Organization\",\"@id\":\"https:\\\/\\\/www.notibras.com\\\/site\\\/#organization\",\"name\":\"Grupo Notibras de Comunica\u00e7\u00e3o\",\"url\":\"https:\\\/\\\/www.notibras.com\\\/site\\\/\",\"logo\":{\"@type\":\"ImageObject\",\"inLanguage\":\"pt-BR\",\"@id\":\"https:\\\/\\\/www.notibras.com\\\/site\\\/#\\\/schema\\\/logo\\\/image\\\/\",\"url\":\"https:\\\/\\\/www.notibras.com\\\/site\\\/wp-content\\\/uploads\\\/2023\\\/01\\\/notibras23.png\",\"contentUrl\":\"https:\\\/\\\/www.notibras.com\\\/site\\\/wp-content\\\/uploads\\\/2023\\\/01\\\/notibras23.png\",\"width\":350,\"height\":87,\"caption\":\"Grupo Notibras de Comunica\u00e7\u00e3o\"},\"image\":{\"@id\":\"https:\\\/\\\/www.notibras.com\\\/site\\\/#\\\/schema\\\/logo\\\/image\\\/\"},\"sameAs\":[\"https:\\\/\\\/www.facebook.com\\\/notibras\\\/\",\"https:\\\/\\\/x.com\\\/Notibras\",\"https:\\\/\\\/www.instagram.com\\\/notibras\\\/\"]},{\"@type\":\"Person\",\"@id\":\"https:\\\/\\\/www.notibras.com\\\/site\\\/#\\\/schema\\\/person\\\/5b7fabf2aedc3ada2105f03b22b4d3dd\",\"name\":\"Eduardo Mart\u00ednez\",\"image\":{\"@type\":\"ImageObject\",\"inLanguage\":\"pt-BR\",\"@id\":\"https:\\\/\\\/secure.gravatar.com\\\/avatar\\\/7902f906289926289cbcda644b5197c796b893c6ffd7b9a536a42d290f7704a0?s=96&d=mm&r=g\",\"url\":\"https:\\\/\\\/secure.gravatar.com\\\/avatar\\\/7902f906289926289cbcda644b5197c796b893c6ffd7b9a536a42d290f7704a0?s=96&d=mm&r=g\",\"contentUrl\":\"https:\\\/\\\/secure.gravatar.com\\\/avatar\\\/7902f906289926289cbcda644b5197c796b893c6ffd7b9a536a42d290f7704a0?s=96&d=mm&r=g\",\"caption\":\"Eduardo Mart\u00ednez\"}}]}<\/script>\n<!-- \/ Yoast SEO plugin. -->","yoast_head_json":{"title":"O pai, a filha e a gravidade - Notibras","robots":{"index":"index","follow":"follow","max-snippet":"max-snippet:-1","max-image-preview":"max-image-preview:large","max-video-preview":"max-video-preview:-1"},"canonical":"https:\/\/www.notibras.com\/site\/o-pai-a-filha-e-a-gravidade\/","og_locale":"pt_BR","og_type":"article","og_title":"O pai, a filha e a gravidade - Notibras","og_description":"Manuel largou o aparelho celular por um instante, quando percebeu que a filha, Ol\u00edvia, de dois anos, estava no alto do escorrega, pronta para comprovar que a gravidade, mesmo invis\u00edvel, existe. O homem pensou na coragem que a garota possu\u00eda. Coragem ou completa falta de no\u00e7\u00e3o do perigo? Sentiu um frio na barriga, enquanto ela [&hellip;]","og_url":"https:\/\/www.notibras.com\/site\/o-pai-a-filha-e-a-gravidade\/","og_site_name":"Notibras","article_publisher":"https:\/\/www.facebook.com\/notibras\/","article_published_time":"2025-12-28T05:00:11+00:00","article_modified_time":"2025-12-28T23:14:19+00:00","og_image":[{"width":1022,"height":927,"url":"https:\/\/www.notibras.com\/site\/wp-content\/uploads\/2025\/12\/IMG_9859-1.jpg","type":"image\/jpeg"}],"author":"Eduardo Mart\u00ednez","twitter_card":"summary_large_image","twitter_creator":"@Notibras","twitter_site":"@Notibras","twitter_misc":{"Escrito por":"Eduardo Mart\u00ednez","Est. tempo de leitura":"3 minutos"},"schema":{"@context":"https:\/\/schema.org","@graph":[{"@type":"Article","@id":"https:\/\/www.notibras.com\/site\/o-pai-a-filha-e-a-gravidade\/#article","isPartOf":{"@id":"https:\/\/www.notibras.com\/site\/o-pai-a-filha-e-a-gravidade\/"},"author":{"name":"Eduardo Mart\u00ednez","@id":"https:\/\/www.notibras.com\/site\/#\/schema\/person\/5b7fabf2aedc3ada2105f03b22b4d3dd"},"headline":"O pai, a filha e a gravidade","datePublished":"2025-12-28T05:00:11+00:00","dateModified":"2025-12-28T23:14:19+00:00","mainEntityOfPage":{"@id":"https:\/\/www.notibras.com\/site\/o-pai-a-filha-e-a-gravidade\/"},"wordCount":361,"publisher":{"@id":"https:\/\/www.notibras.com\/site\/#organization"},"image":{"@id":"https:\/\/www.notibras.com\/site\/o-pai-a-filha-e-a-gravidade\/#primaryimage"},"thumbnailUrl":"https:\/\/www.notibras.com\/site\/wp-content\/uploads\/2025\/12\/IMG_9859-1.jpg","articleSection":["Quadradinho em Foco"],"inLanguage":"pt-BR"},{"@type":"WebPage","@id":"https:\/\/www.notibras.com\/site\/o-pai-a-filha-e-a-gravidade\/","url":"https:\/\/www.notibras.com\/site\/o-pai-a-filha-e-a-gravidade\/","name":"O pai, a filha e a gravidade - Notibras","isPartOf":{"@id":"https:\/\/www.notibras.com\/site\/#website"},"primaryImageOfPage":{"@id":"https:\/\/www.notibras.com\/site\/o-pai-a-filha-e-a-gravidade\/#primaryimage"},"image":{"@id":"https:\/\/www.notibras.com\/site\/o-pai-a-filha-e-a-gravidade\/#primaryimage"},"thumbnailUrl":"https:\/\/www.notibras.com\/site\/wp-content\/uploads\/2025\/12\/IMG_9859-1.jpg","datePublished":"2025-12-28T05:00:11+00:00","dateModified":"2025-12-28T23:14:19+00:00","breadcrumb":{"@id":"https:\/\/www.notibras.com\/site\/o-pai-a-filha-e-a-gravidade\/#breadcrumb"},"inLanguage":"pt-BR","potentialAction":[{"@type":"ReadAction","target":["https:\/\/www.notibras.com\/site\/o-pai-a-filha-e-a-gravidade\/"]}]},{"@type":"ImageObject","inLanguage":"pt-BR","@id":"https:\/\/www.notibras.com\/site\/o-pai-a-filha-e-a-gravidade\/#primaryimage","url":"https:\/\/www.notibras.com\/site\/wp-content\/uploads\/2025\/12\/IMG_9859-1.jpg","contentUrl":"https:\/\/www.notibras.com\/site\/wp-content\/uploads\/2025\/12\/IMG_9859-1.jpg","width":1022,"height":927},{"@type":"BreadcrumbList","@id":"https:\/\/www.notibras.com\/site\/o-pai-a-filha-e-a-gravidade\/#breadcrumb","itemListElement":[{"@type":"ListItem","position":1,"name":"In\u00edcio","item":"https:\/\/www.notibras.com\/site\/"},{"@type":"ListItem","position":2,"name":"O pai, a filha e a gravidade"}]},{"@type":"WebSite","@id":"https:\/\/www.notibras.com\/site\/#website","url":"https:\/\/www.notibras.com\/site\/","name":"Notibras","description":"Not\u00edcias de Bras\u00edlia, do Brasil e do Mundo","publisher":{"@id":"https:\/\/www.notibras.com\/site\/#organization"},"potentialAction":[{"@type":"SearchAction","target":{"@type":"EntryPoint","urlTemplate":"https:\/\/www.notibras.com\/site\/?s={search_term_string}"},"query-input":{"@type":"PropertyValueSpecification","valueRequired":true,"valueName":"search_term_string"}}],"inLanguage":"pt-BR"},{"@type":"Organization","@id":"https:\/\/www.notibras.com\/site\/#organization","name":"Grupo Notibras de Comunica\u00e7\u00e3o","url":"https:\/\/www.notibras.com\/site\/","logo":{"@type":"ImageObject","inLanguage":"pt-BR","@id":"https:\/\/www.notibras.com\/site\/#\/schema\/logo\/image\/","url":"https:\/\/www.notibras.com\/site\/wp-content\/uploads\/2023\/01\/notibras23.png","contentUrl":"https:\/\/www.notibras.com\/site\/wp-content\/uploads\/2023\/01\/notibras23.png","width":350,"height":87,"caption":"Grupo Notibras de Comunica\u00e7\u00e3o"},"image":{"@id":"https:\/\/www.notibras.com\/site\/#\/schema\/logo\/image\/"},"sameAs":["https:\/\/www.facebook.com\/notibras\/","https:\/\/x.com\/Notibras","https:\/\/www.instagram.com\/notibras\/"]},{"@type":"Person","@id":"https:\/\/www.notibras.com\/site\/#\/schema\/person\/5b7fabf2aedc3ada2105f03b22b4d3dd","name":"Eduardo Mart\u00ednez","image":{"@type":"ImageObject","inLanguage":"pt-BR","@id":"https:\/\/secure.gravatar.com\/avatar\/7902f906289926289cbcda644b5197c796b893c6ffd7b9a536a42d290f7704a0?s=96&d=mm&r=g","url":"https:\/\/secure.gravatar.com\/avatar\/7902f906289926289cbcda644b5197c796b893c6ffd7b9a536a42d290f7704a0?s=96&d=mm&r=g","contentUrl":"https:\/\/secure.gravatar.com\/avatar\/7902f906289926289cbcda644b5197c796b893c6ffd7b9a536a42d290f7704a0?s=96&d=mm&r=g","caption":"Eduardo Mart\u00ednez"}}]}},"amp_enabled":true,"_links":{"self":[{"href":"https:\/\/www.notibras.com\/site\/wp-json\/wp\/v2\/posts\/376603","targetHints":{"allow":["GET"]}}],"collection":[{"href":"https:\/\/www.notibras.com\/site\/wp-json\/wp\/v2\/posts"}],"about":[{"href":"https:\/\/www.notibras.com\/site\/wp-json\/wp\/v2\/types\/post"}],"author":[{"embeddable":true,"href":"https:\/\/www.notibras.com\/site\/wp-json\/wp\/v2\/users\/21"}],"replies":[{"embeddable":true,"href":"https:\/\/www.notibras.com\/site\/wp-json\/wp\/v2\/comments?post=376603"}],"version-history":[{"count":4,"href":"https:\/\/www.notibras.com\/site\/wp-json\/wp\/v2\/posts\/376603\/revisions"}],"predecessor-version":[{"id":376607,"href":"https:\/\/www.notibras.com\/site\/wp-json\/wp\/v2\/posts\/376603\/revisions\/376607"}],"wp:featuredmedia":[{"embeddable":true,"href":"https:\/\/www.notibras.com\/site\/wp-json\/wp\/v2\/media\/376605"}],"wp:attachment":[{"href":"https:\/\/www.notibras.com\/site\/wp-json\/wp\/v2\/media?parent=376603"}],"wp:term":[{"taxonomy":"category","embeddable":true,"href":"https:\/\/www.notibras.com\/site\/wp-json\/wp\/v2\/categories?post=376603"},{"taxonomy":"post_tag","embeddable":true,"href":"https:\/\/www.notibras.com\/site\/wp-json\/wp\/v2\/tags?post=376603"}],"curies":[{"name":"wp","href":"https:\/\/api.w.org\/{rel}","templated":true}]}}