{"id":376608,"date":"2025-12-28T00:30:42","date_gmt":"2025-12-28T03:30:42","guid":{"rendered":"https:\/\/www.notibras.com\/site\/?p=376608"},"modified":"2025-12-27T23:12:26","modified_gmt":"2025-12-28T02:12:26","slug":"mobilidade-com-tecnologia-novos-onibus-expansao-de-zebrinhas-e-patinetes","status":"publish","type":"post","link":"https:\/\/www.notibras.com\/site\/mobilidade-com-tecnologia-novos-onibus-expansao-de-zebrinhas-e-patinetes\/","title":{"rendered":"Mobilidade com tecnologia, novos \u00f4nibus, expans\u00e3o de zebrinhas e patinetes"},"content":{"rendered":"<p>A mobilidade urbana do Distrito Federal avan\u00e7ou, em 2025, com a expans\u00e3o dos zebrinhas e dos patinetes para diferentes regi\u00f5es administrativas e a amplia\u00e7\u00e3o da frota de \u00f4nibus. Al\u00e9m disso, o GDF instituiu o programa Vai de Gra\u00e7a, que garante gratuidade no transporte p\u00fablico aos domingos e feriados.<\/p>\n<p>\u201cO Vai de Gra\u00e7a \u00e9 mais um programa de transfer\u00eancia de renda para a popula\u00e7\u00e3o que precisa utilizar \u00f4nibus e metr\u00f4\u201d, afirmou o secret\u00e1rio de Transporte e Mobilidade do DF, Zeno Gon\u00e7alves. Segundo o gestor, a iniciativa deve encerrar o ano com mais de 30 milh\u00f5es de viagens gratuitas.<\/p>\n<p>A tecnologia tamb\u00e9m facilitou a vida dos usu\u00e1rios do transporte coletivo, que passaram a contar com o aplicativo DF no Ponto e com um sistema acess\u00edvel por meio de QR Codes fixados nas paradas de \u00f4nibus. Com os recursos, o cidad\u00e3o acompanha os coletivos em tempo real e planeja rotas e hor\u00e1rios, reduzindo o tempo de espera.<\/p>\n<p><strong>Rodovi\u00e1rias<\/strong><\/p>\n<p>A concess\u00e3o da Rodovi\u00e1ria do Plano Piloto representa um marco na mobilidade urbana do DF, com previs\u00e3o de investimento de R$ 120 milh\u00f5es para a moderniza\u00e7\u00e3o do espa\u00e7o. Nos primeiros meses, o espa\u00e7o recebeu certifica\u00e7\u00e3o internacional, teve escadas e elevadores recuperados e passou a contar com frald\u00e1rio, al\u00e9m de salas de amamenta\u00e7\u00e3o e de monitoramento.<\/p>\n<p>A Rodovi\u00e1ria do Gama, que recebe cerca de 30 mil pessoas por dia, foi modernizada, com cobertura ventilada e acessibilidade universal. A obra custou R$ 9,1 milh\u00f5es. J\u00e1 o Terminal da Asa Sul, que atende 90 linhas de \u00f4nibus e o metr\u00f4, foi reformado com a recupera\u00e7\u00e3o de pavimentos e coberturas, al\u00e9m da substitui\u00e7\u00e3o de bloquetes por concreto r\u00edgido nas vias de acesso.<\/p>\n<p>O GDF iniciou ainda a constru\u00e7\u00e3o da Rodovi\u00e1ria da Estrutural, com investimento de R$ 3,9 milh\u00f5es, que vai beneficiar mais de 38 mil moradores da regi\u00e3o. Al\u00e9m disso, foi aberta licita\u00e7\u00e3o para a esta\u00e7\u00e3o do Jardim Bot\u00e2nico, no valor de R$ 6,1 milh\u00f5es.<\/p>\n<p><strong>Mais \u00f4nibus<\/strong><\/p>\n<p>O DF recebeu 343 novos \u00f4nibus em 2025, sendo 254 para renova\u00e7\u00e3o da frota, 87 para amplia\u00e7\u00e3o e dois para substitui\u00e7\u00e3o, chegando a um total de 3.063 ve\u00edculos em circula\u00e7\u00e3o. Trata-se da maior frota do pa\u00eds com tecnologia Euro 6, menos poluente, com idade m\u00e9dia de 3,6 anos. No mesmo per\u00edodo, foram criadas 37 novas linhas.<\/p>\n<p>A Secretaria de Transporte e Mobilidade (Semob-DF) tamb\u00e9m ampliou a oferta de zebrinhas, alcan\u00e7ando 27 linhas em 15 regi\u00f5es administrativas. Ao todo, s\u00e3o 65 ve\u00edculos em opera\u00e7\u00e3o, incluindo o primeiro zebrinha el\u00e9trico.<\/p>\n<p><strong>Abrigos<\/strong><\/p>\n<p>Foram implantados 654 novos abrigos em paradas de \u00f4nibus de 17 regi\u00f5es administrativas, al\u00e9m da realiza\u00e7\u00e3o de 200 manuten\u00e7\u00f5es em estruturas j\u00e1 existentes. Outros 2 mil abrigos de concreto ser\u00e3o implantados em todo o DF a partir de janeiro de 2026.<\/p>\n<p><strong>Vai de Bike e patinetes<\/strong><\/p>\n<p>O programa Vai de Bike construiu 27 km de ciclovias e instalou novos paraciclos. O DF encerra o ano com 737 km de ciclovias e 660 paraciclos instalados em rodovi\u00e1rias e locais p\u00fablicos de diversas regi\u00f5es administrativas.<\/p>\n<p>O servi\u00e7o de patinetes el\u00e9tricos tamb\u00e9m foi ampliado e opera com 2.700 ve\u00edculos em dez regi\u00f5es do DF, com a expectativa de encerrar o ano com mais de 1,1 milh\u00e3o de viagens realizadas.<\/p>\n","protected":false},"excerpt":{"rendered":"<p>A mobilidade urbana do Distrito Federal avan\u00e7ou, em 2025, com a expans\u00e3o dos zebrinhas e dos patinetes para diferentes regi\u00f5es administrativas e a amplia\u00e7\u00e3o da frota de \u00f4nibus. Al\u00e9m disso, o GDF instituiu o programa Vai de Gra\u00e7a, que garante gratuidade no transporte p\u00fablico aos domingos e feriados. \u201cO Vai de Gra\u00e7a \u00e9 mais um [&hellip;]<\/p>\n","protected":false},"author":21,"featured_media":376609,"comment_status":"closed","ping_status":"closed","sticky":false,"template":"","format":"standard","meta":{"_acf_changed":false,"footnotes":""},"categories":[161],"tags":[],"class_list":["post-376608","post","type-post","status-publish","format-standard","has-post-thumbnail","hentry","category-quadradinho-em-foco"],"acf":[],"yoast_head":"<!-- This site is optimized with the Yoast SEO plugin v27.5 - https:\/\/yoast.com\/product\/yoast-seo-wordpress\/ -->\n<title>Mobilidade com tecnologia, novos \u00f4nibus, expans\u00e3o de zebrinhas e patinetes - Notibras<\/title>\n<meta name=\"robots\" content=\"index, follow, max-snippet:-1, max-image-preview:large, max-video-preview:-1\" \/>\n<link rel=\"canonical\" href=\"https:\/\/www.notibras.com\/site\/mobilidade-com-tecnologia-novos-onibus-expansao-de-zebrinhas-e-patinetes\/\" \/>\n<meta property=\"og:locale\" content=\"pt_BR\" \/>\n<meta property=\"og:type\" content=\"article\" \/>\n<meta property=\"og:title\" content=\"Mobilidade com tecnologia, novos \u00f4nibus, expans\u00e3o de zebrinhas e patinetes - Notibras\" \/>\n<meta property=\"og:description\" content=\"A mobilidade urbana do Distrito Federal avan\u00e7ou, em 2025, com a expans\u00e3o dos zebrinhas e dos patinetes para diferentes regi\u00f5es administrativas e a amplia\u00e7\u00e3o da frota de \u00f4nibus. Al\u00e9m disso, o GDF instituiu o programa Vai de Gra\u00e7a, que garante gratuidade no transporte p\u00fablico aos domingos e feriados. \u201cO Vai de Gra\u00e7a \u00e9 mais um [&hellip;]\" \/>\n<meta property=\"og:url\" content=\"https:\/\/www.notibras.com\/site\/mobilidade-com-tecnologia-novos-onibus-expansao-de-zebrinhas-e-patinetes\/\" \/>\n<meta property=\"og:site_name\" content=\"Notibras\" \/>\n<meta property=\"article:publisher\" content=\"https:\/\/www.facebook.com\/notibras\/\" \/>\n<meta property=\"article:published_time\" content=\"2025-12-28T03:30:42+00:00\" \/>\n<meta property=\"og:image\" content=\"https:\/\/www.notibras.com\/site\/wp-content\/uploads\/2025\/12\/Zebrinha-eletrico.jpg\" \/>\n\t<meta property=\"og:image:width\" content=\"1289\" \/>\n\t<meta property=\"og:image:height\" content=\"725\" \/>\n\t<meta property=\"og:image:type\" content=\"image\/jpeg\" \/>\n<meta name=\"author\" content=\"Eduardo Mart\u00ednez\" \/>\n<meta name=\"twitter:card\" content=\"summary_large_image\" \/>\n<meta name=\"twitter:creator\" content=\"@Notibras\" \/>\n<meta name=\"twitter:site\" content=\"@Notibras\" \/>\n<meta name=\"twitter:label1\" content=\"Escrito por\" \/>\n\t<meta name=\"twitter:data1\" content=\"Eduardo Mart\u00ednez\" \/>\n\t<meta name=\"twitter:label2\" content=\"Est. tempo de leitura\" \/>\n\t<meta name=\"twitter:data2\" content=\"4 minutos\" \/>\n<script type=\"application\/ld+json\" class=\"yoast-schema-graph\">{\"@context\":\"https:\\\/\\\/schema.org\",\"@graph\":[{\"@type\":\"Article\",\"@id\":\"https:\\\/\\\/www.notibras.com\\\/site\\\/mobilidade-com-tecnologia-novos-onibus-expansao-de-zebrinhas-e-patinetes\\\/#article\",\"isPartOf\":{\"@id\":\"https:\\\/\\\/www.notibras.com\\\/site\\\/mobilidade-com-tecnologia-novos-onibus-expansao-de-zebrinhas-e-patinetes\\\/\"},\"author\":{\"name\":\"Eduardo Mart\u00ednez\",\"@id\":\"https:\\\/\\\/www.notibras.com\\\/site\\\/#\\\/schema\\\/person\\\/5b7fabf2aedc3ada2105f03b22b4d3dd\"},\"headline\":\"Mobilidade com tecnologia, novos \u00f4nibus, expans\u00e3o de zebrinhas e patinetes\",\"datePublished\":\"2025-12-28T03:30:42+00:00\",\"mainEntityOfPage\":{\"@id\":\"https:\\\/\\\/www.notibras.com\\\/site\\\/mobilidade-com-tecnologia-novos-onibus-expansao-de-zebrinhas-e-patinetes\\\/\"},\"wordCount\":577,\"publisher\":{\"@id\":\"https:\\\/\\\/www.notibras.com\\\/site\\\/#organization\"},\"image\":{\"@id\":\"https:\\\/\\\/www.notibras.com\\\/site\\\/mobilidade-com-tecnologia-novos-onibus-expansao-de-zebrinhas-e-patinetes\\\/#primaryimage\"},\"thumbnailUrl\":\"https:\\\/\\\/www.notibras.com\\\/site\\\/wp-content\\\/uploads\\\/2025\\\/12\\\/Zebrinha-eletrico.jpg\",\"articleSection\":[\"Quadradinho em Foco\"],\"inLanguage\":\"pt-BR\"},{\"@type\":\"WebPage\",\"@id\":\"https:\\\/\\\/www.notibras.com\\\/site\\\/mobilidade-com-tecnologia-novos-onibus-expansao-de-zebrinhas-e-patinetes\\\/\",\"url\":\"https:\\\/\\\/www.notibras.com\\\/site\\\/mobilidade-com-tecnologia-novos-onibus-expansao-de-zebrinhas-e-patinetes\\\/\",\"name\":\"Mobilidade com tecnologia, novos \u00f4nibus, expans\u00e3o de zebrinhas e patinetes - Notibras\",\"isPartOf\":{\"@id\":\"https:\\\/\\\/www.notibras.com\\\/site\\\/#website\"},\"primaryImageOfPage\":{\"@id\":\"https:\\\/\\\/www.notibras.com\\\/site\\\/mobilidade-com-tecnologia-novos-onibus-expansao-de-zebrinhas-e-patinetes\\\/#primaryimage\"},\"image\":{\"@id\":\"https:\\\/\\\/www.notibras.com\\\/site\\\/mobilidade-com-tecnologia-novos-onibus-expansao-de-zebrinhas-e-patinetes\\\/#primaryimage\"},\"thumbnailUrl\":\"https:\\\/\\\/www.notibras.com\\\/site\\\/wp-content\\\/uploads\\\/2025\\\/12\\\/Zebrinha-eletrico.jpg\",\"datePublished\":\"2025-12-28T03:30:42+00:00\",\"breadcrumb\":{\"@id\":\"https:\\\/\\\/www.notibras.com\\\/site\\\/mobilidade-com-tecnologia-novos-onibus-expansao-de-zebrinhas-e-patinetes\\\/#breadcrumb\"},\"inLanguage\":\"pt-BR\",\"potentialAction\":[{\"@type\":\"ReadAction\",\"target\":[\"https:\\\/\\\/www.notibras.com\\\/site\\\/mobilidade-com-tecnologia-novos-onibus-expansao-de-zebrinhas-e-patinetes\\\/\"]}]},{\"@type\":\"ImageObject\",\"inLanguage\":\"pt-BR\",\"@id\":\"https:\\\/\\\/www.notibras.com\\\/site\\\/mobilidade-com-tecnologia-novos-onibus-expansao-de-zebrinhas-e-patinetes\\\/#primaryimage\",\"url\":\"https:\\\/\\\/www.notibras.com\\\/site\\\/wp-content\\\/uploads\\\/2025\\\/12\\\/Zebrinha-eletrico.jpg\",\"contentUrl\":\"https:\\\/\\\/www.notibras.com\\\/site\\\/wp-content\\\/uploads\\\/2025\\\/12\\\/Zebrinha-eletrico.jpg\",\"width\":1289,\"height\":725,\"caption\":\"Screenshot\"},{\"@type\":\"BreadcrumbList\",\"@id\":\"https:\\\/\\\/www.notibras.com\\\/site\\\/mobilidade-com-tecnologia-novos-onibus-expansao-de-zebrinhas-e-patinetes\\\/#breadcrumb\",\"itemListElement\":[{\"@type\":\"ListItem\",\"position\":1,\"name\":\"In\u00edcio\",\"item\":\"https:\\\/\\\/www.notibras.com\\\/site\\\/\"},{\"@type\":\"ListItem\",\"position\":2,\"name\":\"Mobilidade com tecnologia, novos \u00f4nibus, expans\u00e3o de zebrinhas e patinetes\"}]},{\"@type\":\"WebSite\",\"@id\":\"https:\\\/\\\/www.notibras.com\\\/site\\\/#website\",\"url\":\"https:\\\/\\\/www.notibras.com\\\/site\\\/\",\"name\":\"Notibras\",\"description\":\"Not\u00edcias de Bras\u00edlia, do Brasil e do Mundo\",\"publisher\":{\"@id\":\"https:\\\/\\\/www.notibras.com\\\/site\\\/#organization\"},\"potentialAction\":[{\"@type\":\"SearchAction\",\"target\":{\"@type\":\"EntryPoint\",\"urlTemplate\":\"https:\\\/\\\/www.notibras.com\\\/site\\\/?s={search_term_string}\"},\"query-input\":{\"@type\":\"PropertyValueSpecification\",\"valueRequired\":true,\"valueName\":\"search_term_string\"}}],\"inLanguage\":\"pt-BR\"},{\"@type\":\"Organization\",\"@id\":\"https:\\\/\\\/www.notibras.com\\\/site\\\/#organization\",\"name\":\"Grupo Notibras de Comunica\u00e7\u00e3o\",\"url\":\"https:\\\/\\\/www.notibras.com\\\/site\\\/\",\"logo\":{\"@type\":\"ImageObject\",\"inLanguage\":\"pt-BR\",\"@id\":\"https:\\\/\\\/www.notibras.com\\\/site\\\/#\\\/schema\\\/logo\\\/image\\\/\",\"url\":\"https:\\\/\\\/www.notibras.com\\\/site\\\/wp-content\\\/uploads\\\/2023\\\/01\\\/notibras23.png\",\"contentUrl\":\"https:\\\/\\\/www.notibras.com\\\/site\\\/wp-content\\\/uploads\\\/2023\\\/01\\\/notibras23.png\",\"width\":350,\"height\":87,\"caption\":\"Grupo Notibras de Comunica\u00e7\u00e3o\"},\"image\":{\"@id\":\"https:\\\/\\\/www.notibras.com\\\/site\\\/#\\\/schema\\\/logo\\\/image\\\/\"},\"sameAs\":[\"https:\\\/\\\/www.facebook.com\\\/notibras\\\/\",\"https:\\\/\\\/x.com\\\/Notibras\",\"https:\\\/\\\/www.instagram.com\\\/notibras\\\/\"]},{\"@type\":\"Person\",\"@id\":\"https:\\\/\\\/www.notibras.com\\\/site\\\/#\\\/schema\\\/person\\\/5b7fabf2aedc3ada2105f03b22b4d3dd\",\"name\":\"Eduardo Mart\u00ednez\",\"image\":{\"@type\":\"ImageObject\",\"inLanguage\":\"pt-BR\",\"@id\":\"https:\\\/\\\/secure.gravatar.com\\\/avatar\\\/7902f906289926289cbcda644b5197c796b893c6ffd7b9a536a42d290f7704a0?s=96&d=mm&r=g\",\"url\":\"https:\\\/\\\/secure.gravatar.com\\\/avatar\\\/7902f906289926289cbcda644b5197c796b893c6ffd7b9a536a42d290f7704a0?s=96&d=mm&r=g\",\"contentUrl\":\"https:\\\/\\\/secure.gravatar.com\\\/avatar\\\/7902f906289926289cbcda644b5197c796b893c6ffd7b9a536a42d290f7704a0?s=96&d=mm&r=g\",\"caption\":\"Eduardo Mart\u00ednez\"}}]}<\/script>\n<!-- \/ Yoast SEO plugin. -->","yoast_head_json":{"title":"Mobilidade com tecnologia, novos \u00f4nibus, expans\u00e3o de zebrinhas e patinetes - Notibras","robots":{"index":"index","follow":"follow","max-snippet":"max-snippet:-1","max-image-preview":"max-image-preview:large","max-video-preview":"max-video-preview:-1"},"canonical":"https:\/\/www.notibras.com\/site\/mobilidade-com-tecnologia-novos-onibus-expansao-de-zebrinhas-e-patinetes\/","og_locale":"pt_BR","og_type":"article","og_title":"Mobilidade com tecnologia, novos \u00f4nibus, expans\u00e3o de zebrinhas e patinetes - Notibras","og_description":"A mobilidade urbana do Distrito Federal avan\u00e7ou, em 2025, com a expans\u00e3o dos zebrinhas e dos patinetes para diferentes regi\u00f5es administrativas e a amplia\u00e7\u00e3o da frota de \u00f4nibus. Al\u00e9m disso, o GDF instituiu o programa Vai de Gra\u00e7a, que garante gratuidade no transporte p\u00fablico aos domingos e feriados. \u201cO Vai de Gra\u00e7a \u00e9 mais um [&hellip;]","og_url":"https:\/\/www.notibras.com\/site\/mobilidade-com-tecnologia-novos-onibus-expansao-de-zebrinhas-e-patinetes\/","og_site_name":"Notibras","article_publisher":"https:\/\/www.facebook.com\/notibras\/","article_published_time":"2025-12-28T03:30:42+00:00","og_image":[{"width":1289,"height":725,"url":"https:\/\/www.notibras.com\/site\/wp-content\/uploads\/2025\/12\/Zebrinha-eletrico.jpg","type":"image\/jpeg"}],"author":"Eduardo Mart\u00ednez","twitter_card":"summary_large_image","twitter_creator":"@Notibras","twitter_site":"@Notibras","twitter_misc":{"Escrito por":"Eduardo Mart\u00ednez","Est. tempo de leitura":"4 minutos"},"schema":{"@context":"https:\/\/schema.org","@graph":[{"@type":"Article","@id":"https:\/\/www.notibras.com\/site\/mobilidade-com-tecnologia-novos-onibus-expansao-de-zebrinhas-e-patinetes\/#article","isPartOf":{"@id":"https:\/\/www.notibras.com\/site\/mobilidade-com-tecnologia-novos-onibus-expansao-de-zebrinhas-e-patinetes\/"},"author":{"name":"Eduardo Mart\u00ednez","@id":"https:\/\/www.notibras.com\/site\/#\/schema\/person\/5b7fabf2aedc3ada2105f03b22b4d3dd"},"headline":"Mobilidade com tecnologia, novos \u00f4nibus, expans\u00e3o de zebrinhas e patinetes","datePublished":"2025-12-28T03:30:42+00:00","mainEntityOfPage":{"@id":"https:\/\/www.notibras.com\/site\/mobilidade-com-tecnologia-novos-onibus-expansao-de-zebrinhas-e-patinetes\/"},"wordCount":577,"publisher":{"@id":"https:\/\/www.notibras.com\/site\/#organization"},"image":{"@id":"https:\/\/www.notibras.com\/site\/mobilidade-com-tecnologia-novos-onibus-expansao-de-zebrinhas-e-patinetes\/#primaryimage"},"thumbnailUrl":"https:\/\/www.notibras.com\/site\/wp-content\/uploads\/2025\/12\/Zebrinha-eletrico.jpg","articleSection":["Quadradinho em Foco"],"inLanguage":"pt-BR"},{"@type":"WebPage","@id":"https:\/\/www.notibras.com\/site\/mobilidade-com-tecnologia-novos-onibus-expansao-de-zebrinhas-e-patinetes\/","url":"https:\/\/www.notibras.com\/site\/mobilidade-com-tecnologia-novos-onibus-expansao-de-zebrinhas-e-patinetes\/","name":"Mobilidade com tecnologia, novos \u00f4nibus, expans\u00e3o de zebrinhas e patinetes - Notibras","isPartOf":{"@id":"https:\/\/www.notibras.com\/site\/#website"},"primaryImageOfPage":{"@id":"https:\/\/www.notibras.com\/site\/mobilidade-com-tecnologia-novos-onibus-expansao-de-zebrinhas-e-patinetes\/#primaryimage"},"image":{"@id":"https:\/\/www.notibras.com\/site\/mobilidade-com-tecnologia-novos-onibus-expansao-de-zebrinhas-e-patinetes\/#primaryimage"},"thumbnailUrl":"https:\/\/www.notibras.com\/site\/wp-content\/uploads\/2025\/12\/Zebrinha-eletrico.jpg","datePublished":"2025-12-28T03:30:42+00:00","breadcrumb":{"@id":"https:\/\/www.notibras.com\/site\/mobilidade-com-tecnologia-novos-onibus-expansao-de-zebrinhas-e-patinetes\/#breadcrumb"},"inLanguage":"pt-BR","potentialAction":[{"@type":"ReadAction","target":["https:\/\/www.notibras.com\/site\/mobilidade-com-tecnologia-novos-onibus-expansao-de-zebrinhas-e-patinetes\/"]}]},{"@type":"ImageObject","inLanguage":"pt-BR","@id":"https:\/\/www.notibras.com\/site\/mobilidade-com-tecnologia-novos-onibus-expansao-de-zebrinhas-e-patinetes\/#primaryimage","url":"https:\/\/www.notibras.com\/site\/wp-content\/uploads\/2025\/12\/Zebrinha-eletrico.jpg","contentUrl":"https:\/\/www.notibras.com\/site\/wp-content\/uploads\/2025\/12\/Zebrinha-eletrico.jpg","width":1289,"height":725,"caption":"Screenshot"},{"@type":"BreadcrumbList","@id":"https:\/\/www.notibras.com\/site\/mobilidade-com-tecnologia-novos-onibus-expansao-de-zebrinhas-e-patinetes\/#breadcrumb","itemListElement":[{"@type":"ListItem","position":1,"name":"In\u00edcio","item":"https:\/\/www.notibras.com\/site\/"},{"@type":"ListItem","position":2,"name":"Mobilidade com tecnologia, novos \u00f4nibus, expans\u00e3o de zebrinhas e patinetes"}]},{"@type":"WebSite","@id":"https:\/\/www.notibras.com\/site\/#website","url":"https:\/\/www.notibras.com\/site\/","name":"Notibras","description":"Not\u00edcias de Bras\u00edlia, do Brasil e do Mundo","publisher":{"@id":"https:\/\/www.notibras.com\/site\/#organization"},"potentialAction":[{"@type":"SearchAction","target":{"@type":"EntryPoint","urlTemplate":"https:\/\/www.notibras.com\/site\/?s={search_term_string}"},"query-input":{"@type":"PropertyValueSpecification","valueRequired":true,"valueName":"search_term_string"}}],"inLanguage":"pt-BR"},{"@type":"Organization","@id":"https:\/\/www.notibras.com\/site\/#organization","name":"Grupo Notibras de Comunica\u00e7\u00e3o","url":"https:\/\/www.notibras.com\/site\/","logo":{"@type":"ImageObject","inLanguage":"pt-BR","@id":"https:\/\/www.notibras.com\/site\/#\/schema\/logo\/image\/","url":"https:\/\/www.notibras.com\/site\/wp-content\/uploads\/2023\/01\/notibras23.png","contentUrl":"https:\/\/www.notibras.com\/site\/wp-content\/uploads\/2023\/01\/notibras23.png","width":350,"height":87,"caption":"Grupo Notibras de Comunica\u00e7\u00e3o"},"image":{"@id":"https:\/\/www.notibras.com\/site\/#\/schema\/logo\/image\/"},"sameAs":["https:\/\/www.facebook.com\/notibras\/","https:\/\/x.com\/Notibras","https:\/\/www.instagram.com\/notibras\/"]},{"@type":"Person","@id":"https:\/\/www.notibras.com\/site\/#\/schema\/person\/5b7fabf2aedc3ada2105f03b22b4d3dd","name":"Eduardo Mart\u00ednez","image":{"@type":"ImageObject","inLanguage":"pt-BR","@id":"https:\/\/secure.gravatar.com\/avatar\/7902f906289926289cbcda644b5197c796b893c6ffd7b9a536a42d290f7704a0?s=96&d=mm&r=g","url":"https:\/\/secure.gravatar.com\/avatar\/7902f906289926289cbcda644b5197c796b893c6ffd7b9a536a42d290f7704a0?s=96&d=mm&r=g","contentUrl":"https:\/\/secure.gravatar.com\/avatar\/7902f906289926289cbcda644b5197c796b893c6ffd7b9a536a42d290f7704a0?s=96&d=mm&r=g","caption":"Eduardo Mart\u00ednez"}}]}},"amp_enabled":true,"_links":{"self":[{"href":"https:\/\/www.notibras.com\/site\/wp-json\/wp\/v2\/posts\/376608","targetHints":{"allow":["GET"]}}],"collection":[{"href":"https:\/\/www.notibras.com\/site\/wp-json\/wp\/v2\/posts"}],"about":[{"href":"https:\/\/www.notibras.com\/site\/wp-json\/wp\/v2\/types\/post"}],"author":[{"embeddable":true,"href":"https:\/\/www.notibras.com\/site\/wp-json\/wp\/v2\/users\/21"}],"replies":[{"embeddable":true,"href":"https:\/\/www.notibras.com\/site\/wp-json\/wp\/v2\/comments?post=376608"}],"version-history":[{"count":2,"href":"https:\/\/www.notibras.com\/site\/wp-json\/wp\/v2\/posts\/376608\/revisions"}],"predecessor-version":[{"id":376611,"href":"https:\/\/www.notibras.com\/site\/wp-json\/wp\/v2\/posts\/376608\/revisions\/376611"}],"wp:featuredmedia":[{"embeddable":true,"href":"https:\/\/www.notibras.com\/site\/wp-json\/wp\/v2\/media\/376609"}],"wp:attachment":[{"href":"https:\/\/www.notibras.com\/site\/wp-json\/wp\/v2\/media?parent=376608"}],"wp:term":[{"taxonomy":"category","embeddable":true,"href":"https:\/\/www.notibras.com\/site\/wp-json\/wp\/v2\/categories?post=376608"},{"taxonomy":"post_tag","embeddable":true,"href":"https:\/\/www.notibras.com\/site\/wp-json\/wp\/v2\/tags?post=376608"}],"curies":[{"name":"wp","href":"https:\/\/api.w.org\/{rel}","templated":true}]}}