{"id":376612,"date":"2025-12-28T00:45:36","date_gmt":"2025-12-28T03:45:36","guid":{"rendered":"https:\/\/www.notibras.com\/site\/?p=376612"},"modified":"2025-12-27T23:19:15","modified_gmt":"2025-12-28T02:19:15","slug":"batalhao-da-pm-para-atender-turistas-reforca-referencia-em-turismo-seguro","status":"publish","type":"post","link":"https:\/\/www.notibras.com\/site\/batalhao-da-pm-para-atender-turistas-reforca-referencia-em-turismo-seguro\/","title":{"rendered":"Batalh\u00e3o da PM para atender turistas refor\u00e7a refer\u00eancia em turismo seguro"},"content":{"rendered":"<p>O portugu\u00eas Ven\u00e2ncio da Silva mora na regi\u00e3o de Flandres, perto de Bruxelas, na B\u00e9lgica. Em sua primeira visita a Bras\u00edlia, aproveitou para conhecer os principais pontos tur\u00edsticos. \u201cBras\u00edlia \u00e9 uma capital muito bonita, bem-organizada e [um cidade onde] faz muito calor. J\u00e1 fui ao centro da cidade, \u00e0 Esplanada dos Minist\u00e9rios, ao Est\u00e1dio Nacional Man\u00e9 Garrincha. Eu gosto muito de futebol. Est\u00e1 no sangue dos brasileiros, e eu sou f\u00e3 do Pel\u00e9. Agora estou aqui no Pont\u00e3o do Lago Sul e estou adorando\u201d, afirmou o turista.<\/p>\n<p>A experi\u00eancia de Ven\u00e2ncio se repete com cada vez mais estrangeiros que escolhem a capital como destino. Segundo a ONU Turismo, o n\u00famero de visitantes estrangeiros no DF cresceu quase 80% entre janeiro e agosto. O crescimento tamb\u00e9m aparece no Aeroporto Internacional de Bras\u00edlia. Segundo a Inframerica, mais de 13,7 milh\u00f5es de passageiros passaram pelo terminal at\u00e9 outubro, com expectativa de chegar a 16 milh\u00f5es at\u00e9 o fim do ano.<\/p>\n<p>Para atender esse aumento de visitantes, Bras\u00edlia conta com um batalh\u00e3o especializado, formado por policiais capacitados que falam outros idiomas. O trabalho \u00e9 feito pelo Batalh\u00e3o Bar\u00e3o do Rio Branco (5\u00ba BPM), da Pol\u00edcia Militar do Distrito Federal (PMDF), que cuida tanto do policiamento tur\u00edstico quanto do policiamento da regi\u00e3o administrativa do Lago Sul e da seguran\u00e7a dos diplomatas na capital.<\/p>\n<p>\u201cOs policiais recebem treinamento espec\u00edfico para lidar com visitantes que n\u00e3o conhecem a cidade e n\u00e3o falam portugu\u00eas. O curso dura cerca de quatro semanas e prepara os militares para orientar bem os turistas. O objetivo \u00e9 garantir que os visitantes se sintam tranquilos para conhecer os pontos tur\u00edsticos e aproveitar a cidade\u201d, explica o comandante do 5\u00ba BPM, major Anderson Pinheiro.<\/p>\n<p><strong>Boina azul<\/strong><\/p>\n<p>Segundo o comandante, o batalh\u00e3o conta com cerca de 189 policiais habilitados para o policiamento tur\u00edstico, sendo aproximadamente 70 bil\u00edngues, com atendimento em ingl\u00eas, espanhol, franc\u00eas, russo e alem\u00e3o. \u201cAl\u00e9m dos idiomas, o treinamento inclui informa\u00e7\u00f5es sobre a hist\u00f3ria, a geografia e os principais atrativos de Bras\u00edlia. Atuamos principalmente em aeroportos, rodovi\u00e1ria, hot\u00e9is e grandes eventos, para garantir que o turista se sinta seguro e bem-orientado durante a visita \u00e0 capital\u201d, garante o comandante.<\/p>\n<p>O major Anderson Pinheiro explica que esses agentes podem ser facilmente reconhecidos pela boina azul. \u201cO acess\u00f3rio \u00e9 um s\u00edmbolo internacional, adotado em v\u00e1rios pa\u00edses para identificar esse tipo de atua\u00e7\u00e3o, e tamb\u00e9m faz refer\u00eancia \u00e0s miss\u00f5es da ONU. As viaturas tamb\u00e9m contam com s\u00edmbolos internacionais que facilitam o reconhecimento do servi\u00e7o por turistas\u201d, complementa o comandante.<\/p>\n<p><strong>Refer\u00eancia em seguran\u00e7a<\/strong><\/p>\n<p>Adonilvaldo Guimar\u00e3es veio de Palmas, no Tocantins, para visitar parentes da esposa em Bras\u00edlia. Aos 47 anos, \u00e9 a primeira vez que o servidor p\u00fablico vem \u00e0 capital e diz ter se encantado com a cidade. \u201cVim para ficar com os parentes da minha esposa. Cheguei h\u00e1 cinco dias e estou gostando muito. A cidade \u00e9 linda, acolhedora e passa sensa\u00e7\u00e3o de seguran\u00e7a. D\u00e1 para andar tranquilo, sem preocupa\u00e7\u00e3o. Com certeza recomendo Bras\u00edlia como destino tur\u00edstico. Quero voltar mais vezes\u201d, disse.<\/p>\n<p>Eliene Ferreira tamb\u00e9m tem fam\u00edlia em Bras\u00edlia. Acostumada \u00e0 rotina de S\u00e3o Bernardo do Campo, em S\u00e3o Paulo, ela veio \u00e0 capital para visitar parentes e destaca a sensa\u00e7\u00e3o de seguran\u00e7a ao circular pela cidade. \u201cDesde que cheguei, me senti muito tranquila. Vi policiamento por todos os lados e achei a cidade segura para circular. Aqui \u00e9 diferente de S\u00e3o Paulo, \u00e9 mais planejado. Bras\u00edlia \u00e9 bonita, com muito espa\u00e7o aberto e verde. Vale muito a pena conhecer\u201d, garantiu a turista.<\/p>\n","protected":false},"excerpt":{"rendered":"<p>O portugu\u00eas Ven\u00e2ncio da Silva mora na regi\u00e3o de Flandres, perto de Bruxelas, na B\u00e9lgica. Em sua primeira visita a Bras\u00edlia, aproveitou para conhecer os principais pontos tur\u00edsticos. \u201cBras\u00edlia \u00e9 uma capital muito bonita, bem-organizada e [um cidade onde] faz muito calor. J\u00e1 fui ao centro da cidade, \u00e0 Esplanada dos Minist\u00e9rios, ao Est\u00e1dio Nacional [&hellip;]<\/p>\n","protected":false},"author":21,"featured_media":376613,"comment_status":"closed","ping_status":"closed","sticky":false,"template":"","format":"standard","meta":{"_acf_changed":false,"footnotes":""},"categories":[161],"tags":[],"class_list":["post-376612","post","type-post","status-publish","format-standard","has-post-thumbnail","hentry","category-quadradinho-em-foco"],"acf":[],"yoast_head":"<!-- This site is optimized with the Yoast SEO plugin v27.5 - https:\/\/yoast.com\/product\/yoast-seo-wordpress\/ -->\n<title>Batalh\u00e3o da PM para atender turistas refor\u00e7a refer\u00eancia em turismo seguro - Notibras<\/title>\n<meta name=\"robots\" content=\"index, follow, max-snippet:-1, max-image-preview:large, max-video-preview:-1\" \/>\n<link rel=\"canonical\" href=\"https:\/\/www.notibras.com\/site\/batalhao-da-pm-para-atender-turistas-reforca-referencia-em-turismo-seguro\/\" \/>\n<meta property=\"og:locale\" content=\"pt_BR\" \/>\n<meta property=\"og:type\" content=\"article\" \/>\n<meta property=\"og:title\" content=\"Batalh\u00e3o da PM para atender turistas refor\u00e7a refer\u00eancia em turismo seguro - Notibras\" \/>\n<meta property=\"og:description\" content=\"O portugu\u00eas Ven\u00e2ncio da Silva mora na regi\u00e3o de Flandres, perto de Bruxelas, na B\u00e9lgica. Em sua primeira visita a Bras\u00edlia, aproveitou para conhecer os principais pontos tur\u00edsticos. \u201cBras\u00edlia \u00e9 uma capital muito bonita, bem-organizada e [um cidade onde] faz muito calor. J\u00e1 fui ao centro da cidade, \u00e0 Esplanada dos Minist\u00e9rios, ao Est\u00e1dio Nacional [&hellip;]\" \/>\n<meta property=\"og:url\" content=\"https:\/\/www.notibras.com\/site\/batalhao-da-pm-para-atender-turistas-reforca-referencia-em-turismo-seguro\/\" \/>\n<meta property=\"og:site_name\" content=\"Notibras\" \/>\n<meta property=\"article:publisher\" content=\"https:\/\/www.facebook.com\/notibras\/\" \/>\n<meta property=\"article:published_time\" content=\"2025-12-28T03:45:36+00:00\" \/>\n<meta property=\"og:image\" content=\"https:\/\/www.notibras.com\/site\/wp-content\/uploads\/2025\/12\/major-anderson1.jpeg\" \/>\n\t<meta property=\"og:image:width\" content=\"1600\" \/>\n\t<meta property=\"og:image:height\" content=\"1066\" \/>\n\t<meta property=\"og:image:type\" content=\"image\/jpeg\" \/>\n<meta name=\"author\" content=\"Eduardo Mart\u00ednez\" \/>\n<meta name=\"twitter:card\" content=\"summary_large_image\" \/>\n<meta name=\"twitter:creator\" content=\"@Notibras\" \/>\n<meta name=\"twitter:site\" content=\"@Notibras\" \/>\n<meta name=\"twitter:label1\" content=\"Escrito por\" \/>\n\t<meta name=\"twitter:data1\" content=\"Eduardo Mart\u00ednez\" \/>\n\t<meta name=\"twitter:label2\" content=\"Est. tempo de leitura\" \/>\n\t<meta name=\"twitter:data2\" content=\"4 minutos\" \/>\n<script type=\"application\/ld+json\" class=\"yoast-schema-graph\">{\"@context\":\"https:\\\/\\\/schema.org\",\"@graph\":[{\"@type\":\"Article\",\"@id\":\"https:\\\/\\\/www.notibras.com\\\/site\\\/batalhao-da-pm-para-atender-turistas-reforca-referencia-em-turismo-seguro\\\/#article\",\"isPartOf\":{\"@id\":\"https:\\\/\\\/www.notibras.com\\\/site\\\/batalhao-da-pm-para-atender-turistas-reforca-referencia-em-turismo-seguro\\\/\"},\"author\":{\"name\":\"Eduardo Mart\u00ednez\",\"@id\":\"https:\\\/\\\/www.notibras.com\\\/site\\\/#\\\/schema\\\/person\\\/5b7fabf2aedc3ada2105f03b22b4d3dd\"},\"headline\":\"Batalh\u00e3o da PM para atender turistas refor\u00e7a refer\u00eancia em turismo seguro\",\"datePublished\":\"2025-12-28T03:45:36+00:00\",\"mainEntityOfPage\":{\"@id\":\"https:\\\/\\\/www.notibras.com\\\/site\\\/batalhao-da-pm-para-atender-turistas-reforca-referencia-em-turismo-seguro\\\/\"},\"wordCount\":643,\"publisher\":{\"@id\":\"https:\\\/\\\/www.notibras.com\\\/site\\\/#organization\"},\"image\":{\"@id\":\"https:\\\/\\\/www.notibras.com\\\/site\\\/batalhao-da-pm-para-atender-turistas-reforca-referencia-em-turismo-seguro\\\/#primaryimage\"},\"thumbnailUrl\":\"https:\\\/\\\/www.notibras.com\\\/site\\\/wp-content\\\/uploads\\\/2025\\\/12\\\/major-anderson1.jpeg\",\"articleSection\":[\"Quadradinho em Foco\"],\"inLanguage\":\"pt-BR\"},{\"@type\":\"WebPage\",\"@id\":\"https:\\\/\\\/www.notibras.com\\\/site\\\/batalhao-da-pm-para-atender-turistas-reforca-referencia-em-turismo-seguro\\\/\",\"url\":\"https:\\\/\\\/www.notibras.com\\\/site\\\/batalhao-da-pm-para-atender-turistas-reforca-referencia-em-turismo-seguro\\\/\",\"name\":\"Batalh\u00e3o da PM para atender turistas refor\u00e7a refer\u00eancia em turismo seguro - Notibras\",\"isPartOf\":{\"@id\":\"https:\\\/\\\/www.notibras.com\\\/site\\\/#website\"},\"primaryImageOfPage\":{\"@id\":\"https:\\\/\\\/www.notibras.com\\\/site\\\/batalhao-da-pm-para-atender-turistas-reforca-referencia-em-turismo-seguro\\\/#primaryimage\"},\"image\":{\"@id\":\"https:\\\/\\\/www.notibras.com\\\/site\\\/batalhao-da-pm-para-atender-turistas-reforca-referencia-em-turismo-seguro\\\/#primaryimage\"},\"thumbnailUrl\":\"https:\\\/\\\/www.notibras.com\\\/site\\\/wp-content\\\/uploads\\\/2025\\\/12\\\/major-anderson1.jpeg\",\"datePublished\":\"2025-12-28T03:45:36+00:00\",\"breadcrumb\":{\"@id\":\"https:\\\/\\\/www.notibras.com\\\/site\\\/batalhao-da-pm-para-atender-turistas-reforca-referencia-em-turismo-seguro\\\/#breadcrumb\"},\"inLanguage\":\"pt-BR\",\"potentialAction\":[{\"@type\":\"ReadAction\",\"target\":[\"https:\\\/\\\/www.notibras.com\\\/site\\\/batalhao-da-pm-para-atender-turistas-reforca-referencia-em-turismo-seguro\\\/\"]}]},{\"@type\":\"ImageObject\",\"inLanguage\":\"pt-BR\",\"@id\":\"https:\\\/\\\/www.notibras.com\\\/site\\\/batalhao-da-pm-para-atender-turistas-reforca-referencia-em-turismo-seguro\\\/#primaryimage\",\"url\":\"https:\\\/\\\/www.notibras.com\\\/site\\\/wp-content\\\/uploads\\\/2025\\\/12\\\/major-anderson1.jpeg\",\"contentUrl\":\"https:\\\/\\\/www.notibras.com\\\/site\\\/wp-content\\\/uploads\\\/2025\\\/12\\\/major-anderson1.jpeg\",\"width\":1600,\"height\":1066},{\"@type\":\"BreadcrumbList\",\"@id\":\"https:\\\/\\\/www.notibras.com\\\/site\\\/batalhao-da-pm-para-atender-turistas-reforca-referencia-em-turismo-seguro\\\/#breadcrumb\",\"itemListElement\":[{\"@type\":\"ListItem\",\"position\":1,\"name\":\"In\u00edcio\",\"item\":\"https:\\\/\\\/www.notibras.com\\\/site\\\/\"},{\"@type\":\"ListItem\",\"position\":2,\"name\":\"Batalh\u00e3o da PM para atender turistas refor\u00e7a refer\u00eancia em turismo seguro\"}]},{\"@type\":\"WebSite\",\"@id\":\"https:\\\/\\\/www.notibras.com\\\/site\\\/#website\",\"url\":\"https:\\\/\\\/www.notibras.com\\\/site\\\/\",\"name\":\"Notibras\",\"description\":\"Not\u00edcias de Bras\u00edlia, do Brasil e do Mundo\",\"publisher\":{\"@id\":\"https:\\\/\\\/www.notibras.com\\\/site\\\/#organization\"},\"potentialAction\":[{\"@type\":\"SearchAction\",\"target\":{\"@type\":\"EntryPoint\",\"urlTemplate\":\"https:\\\/\\\/www.notibras.com\\\/site\\\/?s={search_term_string}\"},\"query-input\":{\"@type\":\"PropertyValueSpecification\",\"valueRequired\":true,\"valueName\":\"search_term_string\"}}],\"inLanguage\":\"pt-BR\"},{\"@type\":\"Organization\",\"@id\":\"https:\\\/\\\/www.notibras.com\\\/site\\\/#organization\",\"name\":\"Grupo Notibras de Comunica\u00e7\u00e3o\",\"url\":\"https:\\\/\\\/www.notibras.com\\\/site\\\/\",\"logo\":{\"@type\":\"ImageObject\",\"inLanguage\":\"pt-BR\",\"@id\":\"https:\\\/\\\/www.notibras.com\\\/site\\\/#\\\/schema\\\/logo\\\/image\\\/\",\"url\":\"https:\\\/\\\/www.notibras.com\\\/site\\\/wp-content\\\/uploads\\\/2023\\\/01\\\/notibras23.png\",\"contentUrl\":\"https:\\\/\\\/www.notibras.com\\\/site\\\/wp-content\\\/uploads\\\/2023\\\/01\\\/notibras23.png\",\"width\":350,\"height\":87,\"caption\":\"Grupo Notibras de Comunica\u00e7\u00e3o\"},\"image\":{\"@id\":\"https:\\\/\\\/www.notibras.com\\\/site\\\/#\\\/schema\\\/logo\\\/image\\\/\"},\"sameAs\":[\"https:\\\/\\\/www.facebook.com\\\/notibras\\\/\",\"https:\\\/\\\/x.com\\\/Notibras\",\"https:\\\/\\\/www.instagram.com\\\/notibras\\\/\"]},{\"@type\":\"Person\",\"@id\":\"https:\\\/\\\/www.notibras.com\\\/site\\\/#\\\/schema\\\/person\\\/5b7fabf2aedc3ada2105f03b22b4d3dd\",\"name\":\"Eduardo Mart\u00ednez\",\"image\":{\"@type\":\"ImageObject\",\"inLanguage\":\"pt-BR\",\"@id\":\"https:\\\/\\\/secure.gravatar.com\\\/avatar\\\/7902f906289926289cbcda644b5197c796b893c6ffd7b9a536a42d290f7704a0?s=96&d=mm&r=g\",\"url\":\"https:\\\/\\\/secure.gravatar.com\\\/avatar\\\/7902f906289926289cbcda644b5197c796b893c6ffd7b9a536a42d290f7704a0?s=96&d=mm&r=g\",\"contentUrl\":\"https:\\\/\\\/secure.gravatar.com\\\/avatar\\\/7902f906289926289cbcda644b5197c796b893c6ffd7b9a536a42d290f7704a0?s=96&d=mm&r=g\",\"caption\":\"Eduardo Mart\u00ednez\"}}]}<\/script>\n<!-- \/ Yoast SEO plugin. -->","yoast_head_json":{"title":"Batalh\u00e3o da PM para atender turistas refor\u00e7a refer\u00eancia em turismo seguro - Notibras","robots":{"index":"index","follow":"follow","max-snippet":"max-snippet:-1","max-image-preview":"max-image-preview:large","max-video-preview":"max-video-preview:-1"},"canonical":"https:\/\/www.notibras.com\/site\/batalhao-da-pm-para-atender-turistas-reforca-referencia-em-turismo-seguro\/","og_locale":"pt_BR","og_type":"article","og_title":"Batalh\u00e3o da PM para atender turistas refor\u00e7a refer\u00eancia em turismo seguro - Notibras","og_description":"O portugu\u00eas Ven\u00e2ncio da Silva mora na regi\u00e3o de Flandres, perto de Bruxelas, na B\u00e9lgica. Em sua primeira visita a Bras\u00edlia, aproveitou para conhecer os principais pontos tur\u00edsticos. \u201cBras\u00edlia \u00e9 uma capital muito bonita, bem-organizada e [um cidade onde] faz muito calor. J\u00e1 fui ao centro da cidade, \u00e0 Esplanada dos Minist\u00e9rios, ao Est\u00e1dio Nacional [&hellip;]","og_url":"https:\/\/www.notibras.com\/site\/batalhao-da-pm-para-atender-turistas-reforca-referencia-em-turismo-seguro\/","og_site_name":"Notibras","article_publisher":"https:\/\/www.facebook.com\/notibras\/","article_published_time":"2025-12-28T03:45:36+00:00","og_image":[{"width":1600,"height":1066,"url":"https:\/\/www.notibras.com\/site\/wp-content\/uploads\/2025\/12\/major-anderson1.jpeg","type":"image\/jpeg"}],"author":"Eduardo Mart\u00ednez","twitter_card":"summary_large_image","twitter_creator":"@Notibras","twitter_site":"@Notibras","twitter_misc":{"Escrito por":"Eduardo Mart\u00ednez","Est. tempo de leitura":"4 minutos"},"schema":{"@context":"https:\/\/schema.org","@graph":[{"@type":"Article","@id":"https:\/\/www.notibras.com\/site\/batalhao-da-pm-para-atender-turistas-reforca-referencia-em-turismo-seguro\/#article","isPartOf":{"@id":"https:\/\/www.notibras.com\/site\/batalhao-da-pm-para-atender-turistas-reforca-referencia-em-turismo-seguro\/"},"author":{"name":"Eduardo Mart\u00ednez","@id":"https:\/\/www.notibras.com\/site\/#\/schema\/person\/5b7fabf2aedc3ada2105f03b22b4d3dd"},"headline":"Batalh\u00e3o da PM para atender turistas refor\u00e7a refer\u00eancia em turismo seguro","datePublished":"2025-12-28T03:45:36+00:00","mainEntityOfPage":{"@id":"https:\/\/www.notibras.com\/site\/batalhao-da-pm-para-atender-turistas-reforca-referencia-em-turismo-seguro\/"},"wordCount":643,"publisher":{"@id":"https:\/\/www.notibras.com\/site\/#organization"},"image":{"@id":"https:\/\/www.notibras.com\/site\/batalhao-da-pm-para-atender-turistas-reforca-referencia-em-turismo-seguro\/#primaryimage"},"thumbnailUrl":"https:\/\/www.notibras.com\/site\/wp-content\/uploads\/2025\/12\/major-anderson1.jpeg","articleSection":["Quadradinho em Foco"],"inLanguage":"pt-BR"},{"@type":"WebPage","@id":"https:\/\/www.notibras.com\/site\/batalhao-da-pm-para-atender-turistas-reforca-referencia-em-turismo-seguro\/","url":"https:\/\/www.notibras.com\/site\/batalhao-da-pm-para-atender-turistas-reforca-referencia-em-turismo-seguro\/","name":"Batalh\u00e3o da PM para atender turistas refor\u00e7a refer\u00eancia em turismo seguro - Notibras","isPartOf":{"@id":"https:\/\/www.notibras.com\/site\/#website"},"primaryImageOfPage":{"@id":"https:\/\/www.notibras.com\/site\/batalhao-da-pm-para-atender-turistas-reforca-referencia-em-turismo-seguro\/#primaryimage"},"image":{"@id":"https:\/\/www.notibras.com\/site\/batalhao-da-pm-para-atender-turistas-reforca-referencia-em-turismo-seguro\/#primaryimage"},"thumbnailUrl":"https:\/\/www.notibras.com\/site\/wp-content\/uploads\/2025\/12\/major-anderson1.jpeg","datePublished":"2025-12-28T03:45:36+00:00","breadcrumb":{"@id":"https:\/\/www.notibras.com\/site\/batalhao-da-pm-para-atender-turistas-reforca-referencia-em-turismo-seguro\/#breadcrumb"},"inLanguage":"pt-BR","potentialAction":[{"@type":"ReadAction","target":["https:\/\/www.notibras.com\/site\/batalhao-da-pm-para-atender-turistas-reforca-referencia-em-turismo-seguro\/"]}]},{"@type":"ImageObject","inLanguage":"pt-BR","@id":"https:\/\/www.notibras.com\/site\/batalhao-da-pm-para-atender-turistas-reforca-referencia-em-turismo-seguro\/#primaryimage","url":"https:\/\/www.notibras.com\/site\/wp-content\/uploads\/2025\/12\/major-anderson1.jpeg","contentUrl":"https:\/\/www.notibras.com\/site\/wp-content\/uploads\/2025\/12\/major-anderson1.jpeg","width":1600,"height":1066},{"@type":"BreadcrumbList","@id":"https:\/\/www.notibras.com\/site\/batalhao-da-pm-para-atender-turistas-reforca-referencia-em-turismo-seguro\/#breadcrumb","itemListElement":[{"@type":"ListItem","position":1,"name":"In\u00edcio","item":"https:\/\/www.notibras.com\/site\/"},{"@type":"ListItem","position":2,"name":"Batalh\u00e3o da PM para atender turistas refor\u00e7a refer\u00eancia em turismo seguro"}]},{"@type":"WebSite","@id":"https:\/\/www.notibras.com\/site\/#website","url":"https:\/\/www.notibras.com\/site\/","name":"Notibras","description":"Not\u00edcias de Bras\u00edlia, do Brasil e do Mundo","publisher":{"@id":"https:\/\/www.notibras.com\/site\/#organization"},"potentialAction":[{"@type":"SearchAction","target":{"@type":"EntryPoint","urlTemplate":"https:\/\/www.notibras.com\/site\/?s={search_term_string}"},"query-input":{"@type":"PropertyValueSpecification","valueRequired":true,"valueName":"search_term_string"}}],"inLanguage":"pt-BR"},{"@type":"Organization","@id":"https:\/\/www.notibras.com\/site\/#organization","name":"Grupo Notibras de Comunica\u00e7\u00e3o","url":"https:\/\/www.notibras.com\/site\/","logo":{"@type":"ImageObject","inLanguage":"pt-BR","@id":"https:\/\/www.notibras.com\/site\/#\/schema\/logo\/image\/","url":"https:\/\/www.notibras.com\/site\/wp-content\/uploads\/2023\/01\/notibras23.png","contentUrl":"https:\/\/www.notibras.com\/site\/wp-content\/uploads\/2023\/01\/notibras23.png","width":350,"height":87,"caption":"Grupo Notibras de Comunica\u00e7\u00e3o"},"image":{"@id":"https:\/\/www.notibras.com\/site\/#\/schema\/logo\/image\/"},"sameAs":["https:\/\/www.facebook.com\/notibras\/","https:\/\/x.com\/Notibras","https:\/\/www.instagram.com\/notibras\/"]},{"@type":"Person","@id":"https:\/\/www.notibras.com\/site\/#\/schema\/person\/5b7fabf2aedc3ada2105f03b22b4d3dd","name":"Eduardo Mart\u00ednez","image":{"@type":"ImageObject","inLanguage":"pt-BR","@id":"https:\/\/secure.gravatar.com\/avatar\/7902f906289926289cbcda644b5197c796b893c6ffd7b9a536a42d290f7704a0?s=96&d=mm&r=g","url":"https:\/\/secure.gravatar.com\/avatar\/7902f906289926289cbcda644b5197c796b893c6ffd7b9a536a42d290f7704a0?s=96&d=mm&r=g","contentUrl":"https:\/\/secure.gravatar.com\/avatar\/7902f906289926289cbcda644b5197c796b893c6ffd7b9a536a42d290f7704a0?s=96&d=mm&r=g","caption":"Eduardo Mart\u00ednez"}}]}},"amp_enabled":true,"_links":{"self":[{"href":"https:\/\/www.notibras.com\/site\/wp-json\/wp\/v2\/posts\/376612","targetHints":{"allow":["GET"]}}],"collection":[{"href":"https:\/\/www.notibras.com\/site\/wp-json\/wp\/v2\/posts"}],"about":[{"href":"https:\/\/www.notibras.com\/site\/wp-json\/wp\/v2\/types\/post"}],"author":[{"embeddable":true,"href":"https:\/\/www.notibras.com\/site\/wp-json\/wp\/v2\/users\/21"}],"replies":[{"embeddable":true,"href":"https:\/\/www.notibras.com\/site\/wp-json\/wp\/v2\/comments?post=376612"}],"version-history":[{"count":2,"href":"https:\/\/www.notibras.com\/site\/wp-json\/wp\/v2\/posts\/376612\/revisions"}],"predecessor-version":[{"id":376615,"href":"https:\/\/www.notibras.com\/site\/wp-json\/wp\/v2\/posts\/376612\/revisions\/376615"}],"wp:featuredmedia":[{"embeddable":true,"href":"https:\/\/www.notibras.com\/site\/wp-json\/wp\/v2\/media\/376613"}],"wp:attachment":[{"href":"https:\/\/www.notibras.com\/site\/wp-json\/wp\/v2\/media?parent=376612"}],"wp:term":[{"taxonomy":"category","embeddable":true,"href":"https:\/\/www.notibras.com\/site\/wp-json\/wp\/v2\/categories?post=376612"},{"taxonomy":"post_tag","embeddable":true,"href":"https:\/\/www.notibras.com\/site\/wp-json\/wp\/v2\/tags?post=376612"}],"curies":[{"name":"wp","href":"https:\/\/api.w.org\/{rel}","templated":true}]}}