{"id":376616,"date":"2025-12-28T01:00:16","date_gmt":"2025-12-28T04:00:16","guid":{"rendered":"https:\/\/www.notibras.com\/site\/?p=376616"},"modified":"2025-12-27T23:27:20","modified_gmt":"2025-12-28T02:27:20","slug":"fogos-de-artificio-de-baixo-estampido-protegem-animais","status":"publish","type":"post","link":"https:\/\/www.notibras.com\/site\/fogos-de-artificio-de-baixo-estampido-protegem-animais\/","title":{"rendered":"Fogos de artif\u00edcio de baixo estampido protegem animais"},"content":{"rendered":"<p>Durante as festas de fim de ano, per\u00edodo marcado por celebra\u00e7\u00f5es e eventos em diferentes regi\u00f5es do Distrito Federal, o uso de fogos de artif\u00edcio costuma se intensificar. A Lei Distrital n\u00ba 6.647\/2020, regulamentada pelo Decreto n\u00ba 44.189\/2023, estabelece regras para a comercializa\u00e7\u00e3o e o uso desses artefatos, com o objetivo de reduzir os impactos do barulho \u00e0 sa\u00fade e ao bem-estar de animais dom\u00e9sticos e silvestres, al\u00e9m de proteger pessoas mais sens\u00edveis ao ru\u00eddo.<\/p>\n<p>O uso de fogos de artif\u00edcio representa riscos ao bem-estar animal, j\u00e1 que c\u00e3es, gatos e outras esp\u00e9cies possuem audi\u00e7\u00e3o mais sens\u00edvel e podem sofrer estresse, p\u00e2nico, tentativas de fuga e at\u00e9 acidentes. Diante desse cen\u00e1rio, o Distrito Federal avan\u00e7ou na regulamenta\u00e7\u00e3o do tema, conciliando tradi\u00e7\u00e3o, seguran\u00e7a e responsabilidade social.<\/p>\n<p>A legisla\u00e7\u00e3o distrital pro\u00edbe a comercializa\u00e7\u00e3o e o uso de fogos de artif\u00edcio e artefatos pirot\u00e9cnicos com estampido que ultrapassem 100 decib\u00e9is a 100 metros de dist\u00e2ncia, permitindo apenas aqueles de efeito visual ou de baixa intensidade sonora. A medida busca reduzir os danos causados pelo excesso de ru\u00eddo, especialmente em per\u00edodos de maior concentra\u00e7\u00e3o de eventos.<\/p>\n<p>\u201cA legisla\u00e7\u00e3o distrital que regulamenta o uso de fogos de artif\u00edcio de baixo estampido \u00e9 uma ferramenta fundamental para a prote\u00e7\u00e3o animal. O barulho excessivo provoca medo, estresse e riscos \u00e0 integridade f\u00edsica de c\u00e3es e gatos. Ao respeitar a lei e optar por fogos de baixo impacto sonoro, a popula\u00e7\u00e3o contribui diretamente para o bem-estar dos animais e para uma conviv\u00eancia mais harmoniosa nos per\u00edodos de celebra\u00e7\u00e3o\u201d, destaca o secret\u00e1rio de Prote\u00e7\u00e3o Animal, Cristiano Cunha.<\/p>\n<p>O descumprimento da lei pode resultar em multas e outras san\u00e7\u00f5es administrativas, aplic\u00e1veis tanto a estabelecimentos comerciais quanto a organizadores de eventos e usu\u00e1rios em geral. As den\u00fancias de irregularidades podem ser feitas pelo telefone 197, da Pol\u00edcia Civil do Distrito Federal (PCDF).<\/p>\n<p>\u201cNo DF, \u00e9 proibido o uso de fogos ruidosos. N\u00e3o \u00e9 frescura: \u00e9 prote\u00e7\u00e3o, \u00e9 lei. E leis existem para serem cumpridas. A Pol\u00edcia Civil, por meio da Delegacia de Repress\u00e3o aos Crimes Contra Animais (DRCA), vai responsabilizar quem descumprir a legisla\u00e7\u00e3o, porque proteger vidas humanas e animais \u00e9 nosso dever. Se voc\u00ea presenciar o uso de fogos irregulares, denuncie pelo telefone 197 da Pol\u00edcia Civil\u201d, afirma o delegado-chefe J\u00f4natas Silva, da DRCA.<\/p>\n<p>Como parte das a\u00e7\u00f5es de cumprimento da legisla\u00e7\u00e3o, o Instituto Bras\u00edlia Ambiental intensifica a fiscaliza\u00e7\u00e3o em eventos que envolvem a queima de fogos de artif\u00edcio, verificando se as normas vigentes est\u00e3o sendo respeitadas. As opera\u00e7\u00f5es buscam coibir irregularidades e garantir a prote\u00e7\u00e3o do meio ambiente, da fauna e da popula\u00e7\u00e3o. Para a preserva\u00e7\u00e3o da fauna e da flora, \u00e9 proibido soltar fogos de artif\u00edcio em unidades de conserva\u00e7\u00e3o do Distrito Federal. Essas \u00e1reas tamb\u00e9m est\u00e3o contempladas nas a\u00e7\u00f5es de fiscaliza\u00e7\u00e3o e no monitoramento ambiental realizados pelo Ibram.<\/p>\n<p>Al\u00e9m do impacto sonoro, os fogos de artif\u00edcio podem causar danos f\u00edsicos aos animais, como queimaduras, ferimentos decorrentes de fugas e ingest\u00e3o de res\u00edduos pirot\u00e9cnicos. Para reduzir esses riscos, a Secretaria Extraordin\u00e1ria de Prote\u00e7\u00e3o Animal (Sepan-DF) orienta que tutores mantenham os animais em ambientes seguros e tranquilos durante as celebra\u00e7\u00f5es. Tamb\u00e9m \u00e9 recomendado evitar levar animais para locais com grande concentra\u00e7\u00e3o de pessoas ou uso de fogos, impedir o acesso a res\u00edduos pirot\u00e9cnicos e oferecer abrigo confort\u00e1vel nos momentos de maior barulho. Em casos de animais mais sens\u00edveis, a orienta\u00e7\u00e3o \u00e9 buscar acompanhamento veterin\u00e1rio.<\/p>\n<p>O Governo do Distrito Federal refor\u00e7a que o cumprimento da legisla\u00e7\u00e3o \u00e9 fundamental para garantir uma conviv\u00eancia mais harmoniosa. Optar por fogos de baixo estampido \u00e9 um gesto simples, legal e respons\u00e1vel, que contribui para uma cidade mais segura, inclusiva e consciente.<\/p>\n","protected":false},"excerpt":{"rendered":"<p>Durante as festas de fim de ano, per\u00edodo marcado por celebra\u00e7\u00f5es e eventos em diferentes regi\u00f5es do Distrito Federal, o uso de fogos de artif\u00edcio costuma se intensificar. A Lei Distrital n\u00ba 6.647\/2020, regulamentada pelo Decreto n\u00ba 44.189\/2023, estabelece regras para a comercializa\u00e7\u00e3o e o uso desses artefatos, com o objetivo de reduzir os impactos [&hellip;]<\/p>\n","protected":false},"author":21,"featured_media":376617,"comment_status":"closed","ping_status":"closed","sticky":false,"template":"","format":"standard","meta":{"_acf_changed":false,"footnotes":""},"categories":[161],"tags":[],"class_list":["post-376616","post","type-post","status-publish","format-standard","has-post-thumbnail","hentry","category-quadradinho-em-foco"],"acf":[],"yoast_head":"<!-- This site is optimized with the Yoast SEO plugin v27.5 - https:\/\/yoast.com\/product\/yoast-seo-wordpress\/ -->\n<title>Fogos de artif\u00edcio de baixo estampido protegem animais - Notibras<\/title>\n<meta name=\"robots\" content=\"index, follow, max-snippet:-1, max-image-preview:large, max-video-preview:-1\" \/>\n<link rel=\"canonical\" href=\"https:\/\/www.notibras.com\/site\/fogos-de-artificio-de-baixo-estampido-protegem-animais\/\" \/>\n<meta property=\"og:locale\" content=\"pt_BR\" \/>\n<meta property=\"og:type\" content=\"article\" \/>\n<meta property=\"og:title\" content=\"Fogos de artif\u00edcio de baixo estampido protegem animais - Notibras\" \/>\n<meta property=\"og:description\" content=\"Durante as festas de fim de ano, per\u00edodo marcado por celebra\u00e7\u00f5es e eventos em diferentes regi\u00f5es do Distrito Federal, o uso de fogos de artif\u00edcio costuma se intensificar. A Lei Distrital n\u00ba 6.647\/2020, regulamentada pelo Decreto n\u00ba 44.189\/2023, estabelece regras para a comercializa\u00e7\u00e3o e o uso desses artefatos, com o objetivo de reduzir os impactos [&hellip;]\" \/>\n<meta property=\"og:url\" content=\"https:\/\/www.notibras.com\/site\/fogos-de-artificio-de-baixo-estampido-protegem-animais\/\" \/>\n<meta property=\"og:site_name\" content=\"Notibras\" \/>\n<meta property=\"article:publisher\" content=\"https:\/\/www.facebook.com\/notibras\/\" \/>\n<meta property=\"article:published_time\" content=\"2025-12-28T04:00:16+00:00\" \/>\n<meta property=\"og:image\" content=\"https:\/\/www.notibras.com\/site\/wp-content\/uploads\/2025\/12\/482b7214-3461-41bf-a962-187aef74f62f.jpg\" \/>\n\t<meta property=\"og:image:width\" content=\"1024\" \/>\n\t<meta property=\"og:image:height\" content=\"682\" \/>\n\t<meta property=\"og:image:type\" content=\"image\/jpeg\" \/>\n<meta name=\"author\" content=\"Eduardo Mart\u00ednez\" \/>\n<meta name=\"twitter:card\" content=\"summary_large_image\" \/>\n<meta name=\"twitter:creator\" content=\"@Notibras\" \/>\n<meta name=\"twitter:site\" content=\"@Notibras\" \/>\n<meta name=\"twitter:label1\" content=\"Escrito por\" \/>\n\t<meta name=\"twitter:data1\" content=\"Eduardo Mart\u00ednez\" \/>\n\t<meta name=\"twitter:label2\" content=\"Est. tempo de leitura\" \/>\n\t<meta name=\"twitter:data2\" content=\"4 minutos\" \/>\n<script type=\"application\/ld+json\" class=\"yoast-schema-graph\">{\"@context\":\"https:\\\/\\\/schema.org\",\"@graph\":[{\"@type\":\"Article\",\"@id\":\"https:\\\/\\\/www.notibras.com\\\/site\\\/fogos-de-artificio-de-baixo-estampido-protegem-animais\\\/#article\",\"isPartOf\":{\"@id\":\"https:\\\/\\\/www.notibras.com\\\/site\\\/fogos-de-artificio-de-baixo-estampido-protegem-animais\\\/\"},\"author\":{\"name\":\"Eduardo Mart\u00ednez\",\"@id\":\"https:\\\/\\\/www.notibras.com\\\/site\\\/#\\\/schema\\\/person\\\/5b7fabf2aedc3ada2105f03b22b4d3dd\"},\"headline\":\"Fogos de artif\u00edcio de baixo estampido protegem animais\",\"datePublished\":\"2025-12-28T04:00:16+00:00\",\"mainEntityOfPage\":{\"@id\":\"https:\\\/\\\/www.notibras.com\\\/site\\\/fogos-de-artificio-de-baixo-estampido-protegem-animais\\\/\"},\"wordCount\":678,\"publisher\":{\"@id\":\"https:\\\/\\\/www.notibras.com\\\/site\\\/#organization\"},\"image\":{\"@id\":\"https:\\\/\\\/www.notibras.com\\\/site\\\/fogos-de-artificio-de-baixo-estampido-protegem-animais\\\/#primaryimage\"},\"thumbnailUrl\":\"https:\\\/\\\/www.notibras.com\\\/site\\\/wp-content\\\/uploads\\\/2025\\\/12\\\/482b7214-3461-41bf-a962-187aef74f62f.jpg\",\"articleSection\":[\"Quadradinho em Foco\"],\"inLanguage\":\"pt-BR\"},{\"@type\":\"WebPage\",\"@id\":\"https:\\\/\\\/www.notibras.com\\\/site\\\/fogos-de-artificio-de-baixo-estampido-protegem-animais\\\/\",\"url\":\"https:\\\/\\\/www.notibras.com\\\/site\\\/fogos-de-artificio-de-baixo-estampido-protegem-animais\\\/\",\"name\":\"Fogos de artif\u00edcio de baixo estampido protegem animais - Notibras\",\"isPartOf\":{\"@id\":\"https:\\\/\\\/www.notibras.com\\\/site\\\/#website\"},\"primaryImageOfPage\":{\"@id\":\"https:\\\/\\\/www.notibras.com\\\/site\\\/fogos-de-artificio-de-baixo-estampido-protegem-animais\\\/#primaryimage\"},\"image\":{\"@id\":\"https:\\\/\\\/www.notibras.com\\\/site\\\/fogos-de-artificio-de-baixo-estampido-protegem-animais\\\/#primaryimage\"},\"thumbnailUrl\":\"https:\\\/\\\/www.notibras.com\\\/site\\\/wp-content\\\/uploads\\\/2025\\\/12\\\/482b7214-3461-41bf-a962-187aef74f62f.jpg\",\"datePublished\":\"2025-12-28T04:00:16+00:00\",\"breadcrumb\":{\"@id\":\"https:\\\/\\\/www.notibras.com\\\/site\\\/fogos-de-artificio-de-baixo-estampido-protegem-animais\\\/#breadcrumb\"},\"inLanguage\":\"pt-BR\",\"potentialAction\":[{\"@type\":\"ReadAction\",\"target\":[\"https:\\\/\\\/www.notibras.com\\\/site\\\/fogos-de-artificio-de-baixo-estampido-protegem-animais\\\/\"]}]},{\"@type\":\"ImageObject\",\"inLanguage\":\"pt-BR\",\"@id\":\"https:\\\/\\\/www.notibras.com\\\/site\\\/fogos-de-artificio-de-baixo-estampido-protegem-animais\\\/#primaryimage\",\"url\":\"https:\\\/\\\/www.notibras.com\\\/site\\\/wp-content\\\/uploads\\\/2025\\\/12\\\/482b7214-3461-41bf-a962-187aef74f62f.jpg\",\"contentUrl\":\"https:\\\/\\\/www.notibras.com\\\/site\\\/wp-content\\\/uploads\\\/2025\\\/12\\\/482b7214-3461-41bf-a962-187aef74f62f.jpg\",\"width\":1024,\"height\":682},{\"@type\":\"BreadcrumbList\",\"@id\":\"https:\\\/\\\/www.notibras.com\\\/site\\\/fogos-de-artificio-de-baixo-estampido-protegem-animais\\\/#breadcrumb\",\"itemListElement\":[{\"@type\":\"ListItem\",\"position\":1,\"name\":\"In\u00edcio\",\"item\":\"https:\\\/\\\/www.notibras.com\\\/site\\\/\"},{\"@type\":\"ListItem\",\"position\":2,\"name\":\"Fogos de artif\u00edcio de baixo estampido protegem animais\"}]},{\"@type\":\"WebSite\",\"@id\":\"https:\\\/\\\/www.notibras.com\\\/site\\\/#website\",\"url\":\"https:\\\/\\\/www.notibras.com\\\/site\\\/\",\"name\":\"Notibras\",\"description\":\"Not\u00edcias de Bras\u00edlia, do Brasil e do Mundo\",\"publisher\":{\"@id\":\"https:\\\/\\\/www.notibras.com\\\/site\\\/#organization\"},\"potentialAction\":[{\"@type\":\"SearchAction\",\"target\":{\"@type\":\"EntryPoint\",\"urlTemplate\":\"https:\\\/\\\/www.notibras.com\\\/site\\\/?s={search_term_string}\"},\"query-input\":{\"@type\":\"PropertyValueSpecification\",\"valueRequired\":true,\"valueName\":\"search_term_string\"}}],\"inLanguage\":\"pt-BR\"},{\"@type\":\"Organization\",\"@id\":\"https:\\\/\\\/www.notibras.com\\\/site\\\/#organization\",\"name\":\"Grupo Notibras de Comunica\u00e7\u00e3o\",\"url\":\"https:\\\/\\\/www.notibras.com\\\/site\\\/\",\"logo\":{\"@type\":\"ImageObject\",\"inLanguage\":\"pt-BR\",\"@id\":\"https:\\\/\\\/www.notibras.com\\\/site\\\/#\\\/schema\\\/logo\\\/image\\\/\",\"url\":\"https:\\\/\\\/www.notibras.com\\\/site\\\/wp-content\\\/uploads\\\/2023\\\/01\\\/notibras23.png\",\"contentUrl\":\"https:\\\/\\\/www.notibras.com\\\/site\\\/wp-content\\\/uploads\\\/2023\\\/01\\\/notibras23.png\",\"width\":350,\"height\":87,\"caption\":\"Grupo Notibras de Comunica\u00e7\u00e3o\"},\"image\":{\"@id\":\"https:\\\/\\\/www.notibras.com\\\/site\\\/#\\\/schema\\\/logo\\\/image\\\/\"},\"sameAs\":[\"https:\\\/\\\/www.facebook.com\\\/notibras\\\/\",\"https:\\\/\\\/x.com\\\/Notibras\",\"https:\\\/\\\/www.instagram.com\\\/notibras\\\/\"]},{\"@type\":\"Person\",\"@id\":\"https:\\\/\\\/www.notibras.com\\\/site\\\/#\\\/schema\\\/person\\\/5b7fabf2aedc3ada2105f03b22b4d3dd\",\"name\":\"Eduardo Mart\u00ednez\",\"image\":{\"@type\":\"ImageObject\",\"inLanguage\":\"pt-BR\",\"@id\":\"https:\\\/\\\/secure.gravatar.com\\\/avatar\\\/7902f906289926289cbcda644b5197c796b893c6ffd7b9a536a42d290f7704a0?s=96&d=mm&r=g\",\"url\":\"https:\\\/\\\/secure.gravatar.com\\\/avatar\\\/7902f906289926289cbcda644b5197c796b893c6ffd7b9a536a42d290f7704a0?s=96&d=mm&r=g\",\"contentUrl\":\"https:\\\/\\\/secure.gravatar.com\\\/avatar\\\/7902f906289926289cbcda644b5197c796b893c6ffd7b9a536a42d290f7704a0?s=96&d=mm&r=g\",\"caption\":\"Eduardo Mart\u00ednez\"}}]}<\/script>\n<!-- \/ Yoast SEO plugin. -->","yoast_head_json":{"title":"Fogos de artif\u00edcio de baixo estampido protegem animais - Notibras","robots":{"index":"index","follow":"follow","max-snippet":"max-snippet:-1","max-image-preview":"max-image-preview:large","max-video-preview":"max-video-preview:-1"},"canonical":"https:\/\/www.notibras.com\/site\/fogos-de-artificio-de-baixo-estampido-protegem-animais\/","og_locale":"pt_BR","og_type":"article","og_title":"Fogos de artif\u00edcio de baixo estampido protegem animais - Notibras","og_description":"Durante as festas de fim de ano, per\u00edodo marcado por celebra\u00e7\u00f5es e eventos em diferentes regi\u00f5es do Distrito Federal, o uso de fogos de artif\u00edcio costuma se intensificar. A Lei Distrital n\u00ba 6.647\/2020, regulamentada pelo Decreto n\u00ba 44.189\/2023, estabelece regras para a comercializa\u00e7\u00e3o e o uso desses artefatos, com o objetivo de reduzir os impactos [&hellip;]","og_url":"https:\/\/www.notibras.com\/site\/fogos-de-artificio-de-baixo-estampido-protegem-animais\/","og_site_name":"Notibras","article_publisher":"https:\/\/www.facebook.com\/notibras\/","article_published_time":"2025-12-28T04:00:16+00:00","og_image":[{"width":1024,"height":682,"url":"https:\/\/www.notibras.com\/site\/wp-content\/uploads\/2025\/12\/482b7214-3461-41bf-a962-187aef74f62f.jpg","type":"image\/jpeg"}],"author":"Eduardo Mart\u00ednez","twitter_card":"summary_large_image","twitter_creator":"@Notibras","twitter_site":"@Notibras","twitter_misc":{"Escrito por":"Eduardo Mart\u00ednez","Est. tempo de leitura":"4 minutos"},"schema":{"@context":"https:\/\/schema.org","@graph":[{"@type":"Article","@id":"https:\/\/www.notibras.com\/site\/fogos-de-artificio-de-baixo-estampido-protegem-animais\/#article","isPartOf":{"@id":"https:\/\/www.notibras.com\/site\/fogos-de-artificio-de-baixo-estampido-protegem-animais\/"},"author":{"name":"Eduardo Mart\u00ednez","@id":"https:\/\/www.notibras.com\/site\/#\/schema\/person\/5b7fabf2aedc3ada2105f03b22b4d3dd"},"headline":"Fogos de artif\u00edcio de baixo estampido protegem animais","datePublished":"2025-12-28T04:00:16+00:00","mainEntityOfPage":{"@id":"https:\/\/www.notibras.com\/site\/fogos-de-artificio-de-baixo-estampido-protegem-animais\/"},"wordCount":678,"publisher":{"@id":"https:\/\/www.notibras.com\/site\/#organization"},"image":{"@id":"https:\/\/www.notibras.com\/site\/fogos-de-artificio-de-baixo-estampido-protegem-animais\/#primaryimage"},"thumbnailUrl":"https:\/\/www.notibras.com\/site\/wp-content\/uploads\/2025\/12\/482b7214-3461-41bf-a962-187aef74f62f.jpg","articleSection":["Quadradinho em Foco"],"inLanguage":"pt-BR"},{"@type":"WebPage","@id":"https:\/\/www.notibras.com\/site\/fogos-de-artificio-de-baixo-estampido-protegem-animais\/","url":"https:\/\/www.notibras.com\/site\/fogos-de-artificio-de-baixo-estampido-protegem-animais\/","name":"Fogos de artif\u00edcio de baixo estampido protegem animais - Notibras","isPartOf":{"@id":"https:\/\/www.notibras.com\/site\/#website"},"primaryImageOfPage":{"@id":"https:\/\/www.notibras.com\/site\/fogos-de-artificio-de-baixo-estampido-protegem-animais\/#primaryimage"},"image":{"@id":"https:\/\/www.notibras.com\/site\/fogos-de-artificio-de-baixo-estampido-protegem-animais\/#primaryimage"},"thumbnailUrl":"https:\/\/www.notibras.com\/site\/wp-content\/uploads\/2025\/12\/482b7214-3461-41bf-a962-187aef74f62f.jpg","datePublished":"2025-12-28T04:00:16+00:00","breadcrumb":{"@id":"https:\/\/www.notibras.com\/site\/fogos-de-artificio-de-baixo-estampido-protegem-animais\/#breadcrumb"},"inLanguage":"pt-BR","potentialAction":[{"@type":"ReadAction","target":["https:\/\/www.notibras.com\/site\/fogos-de-artificio-de-baixo-estampido-protegem-animais\/"]}]},{"@type":"ImageObject","inLanguage":"pt-BR","@id":"https:\/\/www.notibras.com\/site\/fogos-de-artificio-de-baixo-estampido-protegem-animais\/#primaryimage","url":"https:\/\/www.notibras.com\/site\/wp-content\/uploads\/2025\/12\/482b7214-3461-41bf-a962-187aef74f62f.jpg","contentUrl":"https:\/\/www.notibras.com\/site\/wp-content\/uploads\/2025\/12\/482b7214-3461-41bf-a962-187aef74f62f.jpg","width":1024,"height":682},{"@type":"BreadcrumbList","@id":"https:\/\/www.notibras.com\/site\/fogos-de-artificio-de-baixo-estampido-protegem-animais\/#breadcrumb","itemListElement":[{"@type":"ListItem","position":1,"name":"In\u00edcio","item":"https:\/\/www.notibras.com\/site\/"},{"@type":"ListItem","position":2,"name":"Fogos de artif\u00edcio de baixo estampido protegem animais"}]},{"@type":"WebSite","@id":"https:\/\/www.notibras.com\/site\/#website","url":"https:\/\/www.notibras.com\/site\/","name":"Notibras","description":"Not\u00edcias de Bras\u00edlia, do Brasil e do Mundo","publisher":{"@id":"https:\/\/www.notibras.com\/site\/#organization"},"potentialAction":[{"@type":"SearchAction","target":{"@type":"EntryPoint","urlTemplate":"https:\/\/www.notibras.com\/site\/?s={search_term_string}"},"query-input":{"@type":"PropertyValueSpecification","valueRequired":true,"valueName":"search_term_string"}}],"inLanguage":"pt-BR"},{"@type":"Organization","@id":"https:\/\/www.notibras.com\/site\/#organization","name":"Grupo Notibras de Comunica\u00e7\u00e3o","url":"https:\/\/www.notibras.com\/site\/","logo":{"@type":"ImageObject","inLanguage":"pt-BR","@id":"https:\/\/www.notibras.com\/site\/#\/schema\/logo\/image\/","url":"https:\/\/www.notibras.com\/site\/wp-content\/uploads\/2023\/01\/notibras23.png","contentUrl":"https:\/\/www.notibras.com\/site\/wp-content\/uploads\/2023\/01\/notibras23.png","width":350,"height":87,"caption":"Grupo Notibras de Comunica\u00e7\u00e3o"},"image":{"@id":"https:\/\/www.notibras.com\/site\/#\/schema\/logo\/image\/"},"sameAs":["https:\/\/www.facebook.com\/notibras\/","https:\/\/x.com\/Notibras","https:\/\/www.instagram.com\/notibras\/"]},{"@type":"Person","@id":"https:\/\/www.notibras.com\/site\/#\/schema\/person\/5b7fabf2aedc3ada2105f03b22b4d3dd","name":"Eduardo Mart\u00ednez","image":{"@type":"ImageObject","inLanguage":"pt-BR","@id":"https:\/\/secure.gravatar.com\/avatar\/7902f906289926289cbcda644b5197c796b893c6ffd7b9a536a42d290f7704a0?s=96&d=mm&r=g","url":"https:\/\/secure.gravatar.com\/avatar\/7902f906289926289cbcda644b5197c796b893c6ffd7b9a536a42d290f7704a0?s=96&d=mm&r=g","contentUrl":"https:\/\/secure.gravatar.com\/avatar\/7902f906289926289cbcda644b5197c796b893c6ffd7b9a536a42d290f7704a0?s=96&d=mm&r=g","caption":"Eduardo Mart\u00ednez"}}]}},"amp_enabled":true,"_links":{"self":[{"href":"https:\/\/www.notibras.com\/site\/wp-json\/wp\/v2\/posts\/376616","targetHints":{"allow":["GET"]}}],"collection":[{"href":"https:\/\/www.notibras.com\/site\/wp-json\/wp\/v2\/posts"}],"about":[{"href":"https:\/\/www.notibras.com\/site\/wp-json\/wp\/v2\/types\/post"}],"author":[{"embeddable":true,"href":"https:\/\/www.notibras.com\/site\/wp-json\/wp\/v2\/users\/21"}],"replies":[{"embeddable":true,"href":"https:\/\/www.notibras.com\/site\/wp-json\/wp\/v2\/comments?post=376616"}],"version-history":[{"count":2,"href":"https:\/\/www.notibras.com\/site\/wp-json\/wp\/v2\/posts\/376616\/revisions"}],"predecessor-version":[{"id":376619,"href":"https:\/\/www.notibras.com\/site\/wp-json\/wp\/v2\/posts\/376616\/revisions\/376619"}],"wp:featuredmedia":[{"embeddable":true,"href":"https:\/\/www.notibras.com\/site\/wp-json\/wp\/v2\/media\/376617"}],"wp:attachment":[{"href":"https:\/\/www.notibras.com\/site\/wp-json\/wp\/v2\/media?parent=376616"}],"wp:term":[{"taxonomy":"category","embeddable":true,"href":"https:\/\/www.notibras.com\/site\/wp-json\/wp\/v2\/categories?post=376616"},{"taxonomy":"post_tag","embeddable":true,"href":"https:\/\/www.notibras.com\/site\/wp-json\/wp\/v2\/tags?post=376616"}],"curies":[{"name":"wp","href":"https:\/\/api.w.org\/{rel}","templated":true}]}}