{"id":376620,"date":"2025-12-28T01:15:05","date_gmt":"2025-12-28T04:15:05","guid":{"rendered":"https:\/\/www.notibras.com\/site\/?p=376620"},"modified":"2025-12-28T03:10:51","modified_gmt":"2025-12-28T06:10:51","slug":"programas-de-protecao-as-mulheres-mostram-eficiencia","status":"publish","type":"post","link":"https:\/\/www.notibras.com\/site\/programas-de-protecao-as-mulheres-mostram-eficiencia\/","title":{"rendered":"Programas de prote\u00e7\u00e3o \u00e0s mulheres mostram efici\u00eancia"},"content":{"rendered":"<p>Com a deten\u00e7\u00e3o realizada no \u00faltimo final de semana, chega a 64 o n\u00famero de pris\u00f5es efetuadas em 2025 por meio dos programas de prote\u00e7\u00e3o coordenados pela Secretaria de Seguran\u00e7a P\u00fablica (SSP-DF) \u2014 o Viva Flor e o Dispositivo de Prote\u00e7\u00e3o \u00e0 Pessoa (DPP). As a\u00e7\u00f5es s\u00e3o resultado do trabalho integrado entre a pasta e a Pol\u00edcia Militar do Distrito Federal (PMDF), por meio do Centro de Opera\u00e7\u00f5es da Pol\u00edcia Militar (Copom). O resultado consolida a efetividade da pol\u00edtica p\u00fablica adotada pelo GDF, que alia tecnologia, monitoramento cont\u00ednuo e resposta imediata das for\u00e7as de seguran\u00e7a. Desde o in\u00edcio do acompanhamento, nenhuma mulher inserida nos programas teve sua integridade f\u00edsica violada ou foi v\u00edtima de feminic\u00eddio, refor\u00e7ando o papel estrat\u00e9gico do monitoramento preventivo no enfrentamento \u00e0 viol\u00eancia de g\u00eanero.<\/p>\n<p>\u201cO enfrentamento \u00e0 viol\u00eancia contra a mulher exige tecnologia, integra\u00e7\u00e3o e decis\u00e3o pol\u00edtica. As pris\u00f5es realizadas em 2025 mostram que o DF est\u00e1 avan\u00e7ando, utilizando os instrumentos certos para garantir prote\u00e7\u00e3o, acolhimento e justi\u00e7a \u00e0s mulheres\u201d, ressalta Celina Le\u00e3o, vice-governadora do Distrito Federal.<\/p>\n<p>Ao longo de 2025, 1.887 pessoas foram acompanhadas pelos programas da SSP-DF. Do total, 506 agressores e 619 v\u00edtimas foram monitorados 24 horas por dia pela Diretoria de Monitoramento de Pessoas Protegidas (DMPP).<\/p>\n<p>As pris\u00f5es ocorreram, em sua maioria, ap\u00f3s o descumprimento de medidas protetivas de urg\u00eancia determinadas pelo Judici\u00e1rio, especialmente em casos de viola\u00e7\u00e3o das \u00e1reas de exclus\u00e3o. Os agressores foram localizados e detidos imediatamente ap\u00f3s o descumprimento das medidas protetivas.<\/p>\n<p>\u201cOs resultados alcan\u00e7ados pelos programas de prote\u00e7\u00e3o da SSP-DF, em conjunto com as nossas for\u00e7as de seguran\u00e7a, s\u00e3o a prova do nosso compromisso com a prote\u00e7\u00e3o e a dignidade das mulheres do Distrito Federal. Cada uma das pris\u00f5es efetuadas representa uma vida protegida. Seguimos investindo na integra\u00e7\u00e3o e no aprimoramento dessas a\u00e7\u00f5es, pois a prote\u00e7\u00e3o das nossas mulheres \u00e9 prioridade para o Governo do Distrito Federal\u201d, ressalta o secret\u00e1rio de Seguran\u00e7a P\u00fablica do DF, Sandro Avelar. \u201cImportante ressaltar que nenhuma mulher atendida pelos nossos programas foi novamente v\u00edtima de viol\u00eancia enquanto assistida. Esses dados refletem a efici\u00eancia dos mecanismos de acolhimento e seguran\u00e7a, que t\u00eam como foco preservar a integridade e a vida dessas mulheres. Esta \u00e9 uma pauta priorit\u00e1ria para a seguran\u00e7a p\u00fablica e para o GDF\u201d, completou o secret\u00e1rio.<\/p>\n<p><strong>Monitoramento simult\u00e2neo<\/strong><\/p>\n<p>O programa de monitoramento de v\u00edtimas e agressores da SSP-DF completar\u00e1, em 2026, cinco anos de funcionamento. A iniciativa utiliza tecnologia de georreferenciamento para o acompanhamento simult\u00e2neo de v\u00edtimas e agressores com Medida Protetiva de Urg\u00eancia (MPU).<\/p>\n<p>Desde a cria\u00e7\u00e3o da Diretoria de Monitoramento de Pessoas Protegidas (DMPP), em 2021, nenhuma das mulheres protegidas teve a integridade f\u00edsica violada. \u201cO monitoramento cont\u00ednuo, sete dias por semana e 24 horas por dia, nos permite antecipar riscos e agir de forma preventiva \u2014 impedindo a aproxima\u00e7\u00e3o do agressor e, quando necess\u00e1rio, efetuando a pris\u00e3o\u201d, explicou o subsecret\u00e1rio de Opera\u00e7\u00f5es Integradas, Carlos Eduardo Melo.<\/p>\n<p>A iniciativa integra o Programa Seguran\u00e7a Integral, eixo estruturante da pol\u00edtica p\u00fablica de seguran\u00e7a do DF, e o Eixo Mulher Mais Segura, voltado ao enfrentamento da viol\u00eancia de g\u00eanero.<\/p>\n<p><strong>Tecnologia<\/strong><\/p>\n<p>O sistema de prote\u00e7\u00e3o conta com monitoramento em tempo real, realizado por meio de tornozeleiras eletr\u00f4nicas instaladas nos agressores e dispositivos de alerta entregues \u00e0s v\u00edtimas, que podem ser acionados a qualquer momento em situa\u00e7\u00e3o de risco. No programa Viva Flor, a v\u00edtima recebe um aplicativo ou dispositivo eletr\u00f4nico disponibilizado em delegacias.<\/p>\n<p>\u201cO programa salva vidas, seja quando o agressor \u00e9 preso ou mesmo quando n\u00e3o \u00e9 preso. At\u00e9 porque s\u00f3 o fato de ter o socorro policial priorit\u00e1rio na palma da m\u00e3o j\u00e1 devolve dignidade \u00e0 mulher v\u00edtima de viol\u00eancia, que tem a possibilidade de retomar a vida normal, em seguran\u00e7a, j\u00e1 que a viol\u00eancia, na grande parte das vezes, tira isso dela\u201d, explica a subsecret\u00e1ria de Preven\u00e7\u00e3o \u00e0 Criminalidade, Regilene Siqueira.<\/p>\n<p>Desde 2024, a estrutura operacional foi refor\u00e7ada com a inaugura\u00e7\u00e3o da nova sala de opera\u00e7\u00f5es da DMPP, ampliando o n\u00famero de esta\u00e7\u00f5es de monitoramento e garantindo aumento dos servidores por plant\u00e3o. Outro avan\u00e7o relevante foi a implementa\u00e7\u00e3o de um chat direto entre v\u00edtimas e a central de monitoramento, permitindo o envio de mensagens, \u00e1udios e fotos em tempo real, o que agiliza o atendimento e fortalece a resposta das equipes.<\/p>\n<p>\u201cA amplia\u00e7\u00e3o da infraestrutura e dos canais de comunica\u00e7\u00e3o tem sido fundamental para aumentar a efici\u00eancia das nossas a\u00e7\u00f5es\u201d, ressaltou a diretora da DMPP, Andrea Boanova. \u201cMesmo com a medida protetiva em vigor, alguns agressores ainda tentam viol\u00e1-la. Nosso trabalho \u00e9 garantir que, quando isso ocorra, a resposta do Estado seja imediata.\u201d<\/p>\n<p><strong>Como funciona a prote\u00e7\u00e3o<\/strong><\/p>\n<p>A prote\u00e7\u00e3o \u00e9 destinada a mulheres com Medida Protetiva de Urg\u00eancia em vigor, mediante decis\u00e3o judicial e aceite da v\u00edtima. O monitoramento abrange todo o territ\u00f3rio do Distrito Federal.<\/p>\n<p>No caso do Dispositivo de Prote\u00e7\u00e3o \u00e0 Pessoa, indicado pelo Judici\u00e1rio, a v\u00edtima recebe um dispositivo de alerta, e o agressor passa a usar tornozeleira eletr\u00f4nica. O sistema identifica automaticamente qualquer aproxima\u00e7\u00e3o indevida e aciona as for\u00e7as de seguran\u00e7a.<\/p>\n<p>J\u00e1 o Viva Flor permite que a mulher acione a central sempre que perceber situa\u00e7\u00e3o de amea\u00e7a. O alerta \u00e9 encaminhado diretamente ao Centro Integrado de Opera\u00e7\u00f5es de Bras\u00edlia (Ciob) ou ao Copom, garantindo atendimento imediato, inclusive com atua\u00e7\u00e3o do Copom Mulher. Se o celular n\u00e3o for compat\u00edvel para a instala\u00e7\u00e3o do aplicativo, a secretaria fornece um dispositivo m\u00f3vel, que garante prioridade m\u00e1xima de atendimento pela Pol\u00edcia Militar.<\/p>\n<p>Neste ano, um dos avan\u00e7os foi a expans\u00e3o do Programa Viva Flor, que passou a ser implementado tamb\u00e9m em delegacias circunscricionais. Antes restrito \u00e0s delegacias especiais de Atendimento \u00e0 Mulher (Deams) I e II, na Asa Sul e em Ceil\u00e2ndia, o projeto foi ampliado para Parano\u00e1, Planaltina, Gama, Santa Maria e Brazl\u00e2ndia. O servi\u00e7o permite que as v\u00edtimas saiam das delegacias j\u00e1 com o dispositivo de prote\u00e7\u00e3o e monitoramento, garantindo resposta r\u00e1pida e mais seguran\u00e7a.<\/p>\n<p>\u201cA facilita\u00e7\u00e3o do acesso ao Programa Viva Flor, por meio de seu oferecimento direto nas delegacias, potencializa a prote\u00e7\u00e3o de mulheres v\u00edtimas de viol\u00eancia, porque reduz o tempo de resposta do Estado. Outro reflexo da facilita\u00e7\u00e3o do acesso \u00e9 o n\u00famero de mulheres alcan\u00e7adas pelo programa, que j\u00e1 chega a quase 3.000, sendo, atualmente, mais de 1.500 ativas\u201d, completa Regilene.<\/p>\n<p><strong>Delegacias que oferecem o servi\u00e7o<\/strong><\/p>\n<p>\u2022 Deam I e II \u2014 Asa Sul e Ceil\u00e2ndia<\/p>\n<p>\u2022 6\u00aa DP \u2014 Parano\u00e1<\/p>\n<p>\u2022 16\u00aa DP \u2014 Planaltina<\/p>\n<p>\u2022 18\u00aa DP \u2014 Brazl\u00e2ndia<\/p>\n<p>\u2022 20\u00aa DP \u2014 Gama<\/p>\n<p>\u2022 27\u00aa DP \u2014 Recanto das Emas<\/p>\n","protected":false},"excerpt":{"rendered":"<p>Com a deten\u00e7\u00e3o realizada no \u00faltimo final de semana, chega a 64 o n\u00famero de pris\u00f5es efetuadas em 2025 por meio dos programas de prote\u00e7\u00e3o coordenados pela Secretaria de Seguran\u00e7a P\u00fablica (SSP-DF) \u2014 o Viva Flor e o Dispositivo de Prote\u00e7\u00e3o \u00e0 Pessoa (DPP). As a\u00e7\u00f5es s\u00e3o resultado do trabalho integrado entre a pasta e [&hellip;]<\/p>\n","protected":false},"author":21,"featured_media":376621,"comment_status":"closed","ping_status":"closed","sticky":false,"template":"","format":"standard","meta":{"_acf_changed":false,"footnotes":""},"categories":[161],"tags":[],"class_list":["post-376620","post","type-post","status-publish","format-standard","has-post-thumbnail","hentry","category-quadradinho-em-foco"],"acf":[],"yoast_head":"<!-- This site is optimized with the Yoast SEO plugin v27.5 - https:\/\/yoast.com\/product\/yoast-seo-wordpress\/ -->\n<title>Programas de prote\u00e7\u00e3o \u00e0s mulheres mostram efici\u00eancia - Notibras<\/title>\n<meta name=\"robots\" content=\"index, follow, max-snippet:-1, max-image-preview:large, max-video-preview:-1\" \/>\n<link rel=\"canonical\" href=\"https:\/\/www.notibras.com\/site\/programas-de-protecao-as-mulheres-mostram-eficiencia\/\" \/>\n<meta property=\"og:locale\" content=\"pt_BR\" \/>\n<meta property=\"og:type\" content=\"article\" \/>\n<meta property=\"og:title\" content=\"Programas de prote\u00e7\u00e3o \u00e0s mulheres mostram efici\u00eancia - Notibras\" \/>\n<meta property=\"og:description\" content=\"Com a deten\u00e7\u00e3o realizada no \u00faltimo final de semana, chega a 64 o n\u00famero de pris\u00f5es efetuadas em 2025 por meio dos programas de prote\u00e7\u00e3o coordenados pela Secretaria de Seguran\u00e7a P\u00fablica (SSP-DF) \u2014 o Viva Flor e o Dispositivo de Prote\u00e7\u00e3o \u00e0 Pessoa (DPP). As a\u00e7\u00f5es s\u00e3o resultado do trabalho integrado entre a pasta e [&hellip;]\" \/>\n<meta property=\"og:url\" content=\"https:\/\/www.notibras.com\/site\/programas-de-protecao-as-mulheres-mostram-eficiencia\/\" \/>\n<meta property=\"og:site_name\" content=\"Notibras\" \/>\n<meta property=\"article:publisher\" content=\"https:\/\/www.facebook.com\/notibras\/\" \/>\n<meta property=\"article:published_time\" content=\"2025-12-28T04:15:05+00:00\" \/>\n<meta property=\"article:modified_time\" content=\"2025-12-28T06:10:51+00:00\" \/>\n<meta property=\"og:image\" content=\"https:\/\/www.notibras.com\/site\/wp-content\/uploads\/2025\/12\/IMG_2709.jpeg\" \/>\n\t<meta property=\"og:image:width\" content=\"799\" \/>\n\t<meta property=\"og:image:height\" content=\"533\" \/>\n\t<meta property=\"og:image:type\" content=\"image\/jpeg\" \/>\n<meta name=\"author\" content=\"Eduardo Mart\u00ednez\" \/>\n<meta name=\"twitter:card\" content=\"summary_large_image\" \/>\n<meta name=\"twitter:creator\" content=\"@Notibras\" \/>\n<meta name=\"twitter:site\" content=\"@Notibras\" \/>\n<meta name=\"twitter:label1\" content=\"Escrito por\" \/>\n\t<meta name=\"twitter:data1\" content=\"Eduardo Mart\u00ednez\" \/>\n\t<meta name=\"twitter:label2\" content=\"Est. tempo de leitura\" \/>\n\t<meta name=\"twitter:data2\" content=\"7 minutos\" \/>\n<script type=\"application\/ld+json\" class=\"yoast-schema-graph\">{\"@context\":\"https:\\\/\\\/schema.org\",\"@graph\":[{\"@type\":\"Article\",\"@id\":\"https:\\\/\\\/www.notibras.com\\\/site\\\/programas-de-protecao-as-mulheres-mostram-eficiencia\\\/#article\",\"isPartOf\":{\"@id\":\"https:\\\/\\\/www.notibras.com\\\/site\\\/programas-de-protecao-as-mulheres-mostram-eficiencia\\\/\"},\"author\":{\"name\":\"Eduardo Mart\u00ednez\",\"@id\":\"https:\\\/\\\/www.notibras.com\\\/site\\\/#\\\/schema\\\/person\\\/5b7fabf2aedc3ada2105f03b22b4d3dd\"},\"headline\":\"Programas de prote\u00e7\u00e3o \u00e0s mulheres mostram efici\u00eancia\",\"datePublished\":\"2025-12-28T04:15:05+00:00\",\"dateModified\":\"2025-12-28T06:10:51+00:00\",\"mainEntityOfPage\":{\"@id\":\"https:\\\/\\\/www.notibras.com\\\/site\\\/programas-de-protecao-as-mulheres-mostram-eficiencia\\\/\"},\"wordCount\":1186,\"publisher\":{\"@id\":\"https:\\\/\\\/www.notibras.com\\\/site\\\/#organization\"},\"image\":{\"@id\":\"https:\\\/\\\/www.notibras.com\\\/site\\\/programas-de-protecao-as-mulheres-mostram-eficiencia\\\/#primaryimage\"},\"thumbnailUrl\":\"https:\\\/\\\/www.notibras.com\\\/site\\\/wp-content\\\/uploads\\\/2025\\\/12\\\/IMG_2709.jpeg\",\"articleSection\":[\"Quadradinho em Foco\"],\"inLanguage\":\"pt-BR\"},{\"@type\":\"WebPage\",\"@id\":\"https:\\\/\\\/www.notibras.com\\\/site\\\/programas-de-protecao-as-mulheres-mostram-eficiencia\\\/\",\"url\":\"https:\\\/\\\/www.notibras.com\\\/site\\\/programas-de-protecao-as-mulheres-mostram-eficiencia\\\/\",\"name\":\"Programas de prote\u00e7\u00e3o \u00e0s mulheres mostram efici\u00eancia - Notibras\",\"isPartOf\":{\"@id\":\"https:\\\/\\\/www.notibras.com\\\/site\\\/#website\"},\"primaryImageOfPage\":{\"@id\":\"https:\\\/\\\/www.notibras.com\\\/site\\\/programas-de-protecao-as-mulheres-mostram-eficiencia\\\/#primaryimage\"},\"image\":{\"@id\":\"https:\\\/\\\/www.notibras.com\\\/site\\\/programas-de-protecao-as-mulheres-mostram-eficiencia\\\/#primaryimage\"},\"thumbnailUrl\":\"https:\\\/\\\/www.notibras.com\\\/site\\\/wp-content\\\/uploads\\\/2025\\\/12\\\/IMG_2709.jpeg\",\"datePublished\":\"2025-12-28T04:15:05+00:00\",\"dateModified\":\"2025-12-28T06:10:51+00:00\",\"breadcrumb\":{\"@id\":\"https:\\\/\\\/www.notibras.com\\\/site\\\/programas-de-protecao-as-mulheres-mostram-eficiencia\\\/#breadcrumb\"},\"inLanguage\":\"pt-BR\",\"potentialAction\":[{\"@type\":\"ReadAction\",\"target\":[\"https:\\\/\\\/www.notibras.com\\\/site\\\/programas-de-protecao-as-mulheres-mostram-eficiencia\\\/\"]}]},{\"@type\":\"ImageObject\",\"inLanguage\":\"pt-BR\",\"@id\":\"https:\\\/\\\/www.notibras.com\\\/site\\\/programas-de-protecao-as-mulheres-mostram-eficiencia\\\/#primaryimage\",\"url\":\"https:\\\/\\\/www.notibras.com\\\/site\\\/wp-content\\\/uploads\\\/2025\\\/12\\\/IMG_2709.jpeg\",\"contentUrl\":\"https:\\\/\\\/www.notibras.com\\\/site\\\/wp-content\\\/uploads\\\/2025\\\/12\\\/IMG_2709.jpeg\",\"width\":799,\"height\":533},{\"@type\":\"BreadcrumbList\",\"@id\":\"https:\\\/\\\/www.notibras.com\\\/site\\\/programas-de-protecao-as-mulheres-mostram-eficiencia\\\/#breadcrumb\",\"itemListElement\":[{\"@type\":\"ListItem\",\"position\":1,\"name\":\"In\u00edcio\",\"item\":\"https:\\\/\\\/www.notibras.com\\\/site\\\/\"},{\"@type\":\"ListItem\",\"position\":2,\"name\":\"Programas de prote\u00e7\u00e3o \u00e0s mulheres mostram efici\u00eancia\"}]},{\"@type\":\"WebSite\",\"@id\":\"https:\\\/\\\/www.notibras.com\\\/site\\\/#website\",\"url\":\"https:\\\/\\\/www.notibras.com\\\/site\\\/\",\"name\":\"Notibras\",\"description\":\"Not\u00edcias de Bras\u00edlia, do Brasil e do Mundo\",\"publisher\":{\"@id\":\"https:\\\/\\\/www.notibras.com\\\/site\\\/#organization\"},\"potentialAction\":[{\"@type\":\"SearchAction\",\"target\":{\"@type\":\"EntryPoint\",\"urlTemplate\":\"https:\\\/\\\/www.notibras.com\\\/site\\\/?s={search_term_string}\"},\"query-input\":{\"@type\":\"PropertyValueSpecification\",\"valueRequired\":true,\"valueName\":\"search_term_string\"}}],\"inLanguage\":\"pt-BR\"},{\"@type\":\"Organization\",\"@id\":\"https:\\\/\\\/www.notibras.com\\\/site\\\/#organization\",\"name\":\"Grupo Notibras de Comunica\u00e7\u00e3o\",\"url\":\"https:\\\/\\\/www.notibras.com\\\/site\\\/\",\"logo\":{\"@type\":\"ImageObject\",\"inLanguage\":\"pt-BR\",\"@id\":\"https:\\\/\\\/www.notibras.com\\\/site\\\/#\\\/schema\\\/logo\\\/image\\\/\",\"url\":\"https:\\\/\\\/www.notibras.com\\\/site\\\/wp-content\\\/uploads\\\/2023\\\/01\\\/notibras23.png\",\"contentUrl\":\"https:\\\/\\\/www.notibras.com\\\/site\\\/wp-content\\\/uploads\\\/2023\\\/01\\\/notibras23.png\",\"width\":350,\"height\":87,\"caption\":\"Grupo Notibras de Comunica\u00e7\u00e3o\"},\"image\":{\"@id\":\"https:\\\/\\\/www.notibras.com\\\/site\\\/#\\\/schema\\\/logo\\\/image\\\/\"},\"sameAs\":[\"https:\\\/\\\/www.facebook.com\\\/notibras\\\/\",\"https:\\\/\\\/x.com\\\/Notibras\",\"https:\\\/\\\/www.instagram.com\\\/notibras\\\/\"]},{\"@type\":\"Person\",\"@id\":\"https:\\\/\\\/www.notibras.com\\\/site\\\/#\\\/schema\\\/person\\\/5b7fabf2aedc3ada2105f03b22b4d3dd\",\"name\":\"Eduardo Mart\u00ednez\",\"image\":{\"@type\":\"ImageObject\",\"inLanguage\":\"pt-BR\",\"@id\":\"https:\\\/\\\/secure.gravatar.com\\\/avatar\\\/7902f906289926289cbcda644b5197c796b893c6ffd7b9a536a42d290f7704a0?s=96&d=mm&r=g\",\"url\":\"https:\\\/\\\/secure.gravatar.com\\\/avatar\\\/7902f906289926289cbcda644b5197c796b893c6ffd7b9a536a42d290f7704a0?s=96&d=mm&r=g\",\"contentUrl\":\"https:\\\/\\\/secure.gravatar.com\\\/avatar\\\/7902f906289926289cbcda644b5197c796b893c6ffd7b9a536a42d290f7704a0?s=96&d=mm&r=g\",\"caption\":\"Eduardo Mart\u00ednez\"}}]}<\/script>\n<!-- \/ Yoast SEO plugin. -->","yoast_head_json":{"title":"Programas de prote\u00e7\u00e3o \u00e0s mulheres mostram efici\u00eancia - Notibras","robots":{"index":"index","follow":"follow","max-snippet":"max-snippet:-1","max-image-preview":"max-image-preview:large","max-video-preview":"max-video-preview:-1"},"canonical":"https:\/\/www.notibras.com\/site\/programas-de-protecao-as-mulheres-mostram-eficiencia\/","og_locale":"pt_BR","og_type":"article","og_title":"Programas de prote\u00e7\u00e3o \u00e0s mulheres mostram efici\u00eancia - Notibras","og_description":"Com a deten\u00e7\u00e3o realizada no \u00faltimo final de semana, chega a 64 o n\u00famero de pris\u00f5es efetuadas em 2025 por meio dos programas de prote\u00e7\u00e3o coordenados pela Secretaria de Seguran\u00e7a P\u00fablica (SSP-DF) \u2014 o Viva Flor e o Dispositivo de Prote\u00e7\u00e3o \u00e0 Pessoa (DPP). As a\u00e7\u00f5es s\u00e3o resultado do trabalho integrado entre a pasta e [&hellip;]","og_url":"https:\/\/www.notibras.com\/site\/programas-de-protecao-as-mulheres-mostram-eficiencia\/","og_site_name":"Notibras","article_publisher":"https:\/\/www.facebook.com\/notibras\/","article_published_time":"2025-12-28T04:15:05+00:00","article_modified_time":"2025-12-28T06:10:51+00:00","og_image":[{"width":799,"height":533,"url":"https:\/\/www.notibras.com\/site\/wp-content\/uploads\/2025\/12\/IMG_2709.jpeg","type":"image\/jpeg"}],"author":"Eduardo Mart\u00ednez","twitter_card":"summary_large_image","twitter_creator":"@Notibras","twitter_site":"@Notibras","twitter_misc":{"Escrito por":"Eduardo Mart\u00ednez","Est. tempo de leitura":"7 minutos"},"schema":{"@context":"https:\/\/schema.org","@graph":[{"@type":"Article","@id":"https:\/\/www.notibras.com\/site\/programas-de-protecao-as-mulheres-mostram-eficiencia\/#article","isPartOf":{"@id":"https:\/\/www.notibras.com\/site\/programas-de-protecao-as-mulheres-mostram-eficiencia\/"},"author":{"name":"Eduardo Mart\u00ednez","@id":"https:\/\/www.notibras.com\/site\/#\/schema\/person\/5b7fabf2aedc3ada2105f03b22b4d3dd"},"headline":"Programas de prote\u00e7\u00e3o \u00e0s mulheres mostram efici\u00eancia","datePublished":"2025-12-28T04:15:05+00:00","dateModified":"2025-12-28T06:10:51+00:00","mainEntityOfPage":{"@id":"https:\/\/www.notibras.com\/site\/programas-de-protecao-as-mulheres-mostram-eficiencia\/"},"wordCount":1186,"publisher":{"@id":"https:\/\/www.notibras.com\/site\/#organization"},"image":{"@id":"https:\/\/www.notibras.com\/site\/programas-de-protecao-as-mulheres-mostram-eficiencia\/#primaryimage"},"thumbnailUrl":"https:\/\/www.notibras.com\/site\/wp-content\/uploads\/2025\/12\/IMG_2709.jpeg","articleSection":["Quadradinho em Foco"],"inLanguage":"pt-BR"},{"@type":"WebPage","@id":"https:\/\/www.notibras.com\/site\/programas-de-protecao-as-mulheres-mostram-eficiencia\/","url":"https:\/\/www.notibras.com\/site\/programas-de-protecao-as-mulheres-mostram-eficiencia\/","name":"Programas de prote\u00e7\u00e3o \u00e0s mulheres mostram efici\u00eancia - Notibras","isPartOf":{"@id":"https:\/\/www.notibras.com\/site\/#website"},"primaryImageOfPage":{"@id":"https:\/\/www.notibras.com\/site\/programas-de-protecao-as-mulheres-mostram-eficiencia\/#primaryimage"},"image":{"@id":"https:\/\/www.notibras.com\/site\/programas-de-protecao-as-mulheres-mostram-eficiencia\/#primaryimage"},"thumbnailUrl":"https:\/\/www.notibras.com\/site\/wp-content\/uploads\/2025\/12\/IMG_2709.jpeg","datePublished":"2025-12-28T04:15:05+00:00","dateModified":"2025-12-28T06:10:51+00:00","breadcrumb":{"@id":"https:\/\/www.notibras.com\/site\/programas-de-protecao-as-mulheres-mostram-eficiencia\/#breadcrumb"},"inLanguage":"pt-BR","potentialAction":[{"@type":"ReadAction","target":["https:\/\/www.notibras.com\/site\/programas-de-protecao-as-mulheres-mostram-eficiencia\/"]}]},{"@type":"ImageObject","inLanguage":"pt-BR","@id":"https:\/\/www.notibras.com\/site\/programas-de-protecao-as-mulheres-mostram-eficiencia\/#primaryimage","url":"https:\/\/www.notibras.com\/site\/wp-content\/uploads\/2025\/12\/IMG_2709.jpeg","contentUrl":"https:\/\/www.notibras.com\/site\/wp-content\/uploads\/2025\/12\/IMG_2709.jpeg","width":799,"height":533},{"@type":"BreadcrumbList","@id":"https:\/\/www.notibras.com\/site\/programas-de-protecao-as-mulheres-mostram-eficiencia\/#breadcrumb","itemListElement":[{"@type":"ListItem","position":1,"name":"In\u00edcio","item":"https:\/\/www.notibras.com\/site\/"},{"@type":"ListItem","position":2,"name":"Programas de prote\u00e7\u00e3o \u00e0s mulheres mostram efici\u00eancia"}]},{"@type":"WebSite","@id":"https:\/\/www.notibras.com\/site\/#website","url":"https:\/\/www.notibras.com\/site\/","name":"Notibras","description":"Not\u00edcias de Bras\u00edlia, do Brasil e do Mundo","publisher":{"@id":"https:\/\/www.notibras.com\/site\/#organization"},"potentialAction":[{"@type":"SearchAction","target":{"@type":"EntryPoint","urlTemplate":"https:\/\/www.notibras.com\/site\/?s={search_term_string}"},"query-input":{"@type":"PropertyValueSpecification","valueRequired":true,"valueName":"search_term_string"}}],"inLanguage":"pt-BR"},{"@type":"Organization","@id":"https:\/\/www.notibras.com\/site\/#organization","name":"Grupo Notibras de Comunica\u00e7\u00e3o","url":"https:\/\/www.notibras.com\/site\/","logo":{"@type":"ImageObject","inLanguage":"pt-BR","@id":"https:\/\/www.notibras.com\/site\/#\/schema\/logo\/image\/","url":"https:\/\/www.notibras.com\/site\/wp-content\/uploads\/2023\/01\/notibras23.png","contentUrl":"https:\/\/www.notibras.com\/site\/wp-content\/uploads\/2023\/01\/notibras23.png","width":350,"height":87,"caption":"Grupo Notibras de Comunica\u00e7\u00e3o"},"image":{"@id":"https:\/\/www.notibras.com\/site\/#\/schema\/logo\/image\/"},"sameAs":["https:\/\/www.facebook.com\/notibras\/","https:\/\/x.com\/Notibras","https:\/\/www.instagram.com\/notibras\/"]},{"@type":"Person","@id":"https:\/\/www.notibras.com\/site\/#\/schema\/person\/5b7fabf2aedc3ada2105f03b22b4d3dd","name":"Eduardo Mart\u00ednez","image":{"@type":"ImageObject","inLanguage":"pt-BR","@id":"https:\/\/secure.gravatar.com\/avatar\/7902f906289926289cbcda644b5197c796b893c6ffd7b9a536a42d290f7704a0?s=96&d=mm&r=g","url":"https:\/\/secure.gravatar.com\/avatar\/7902f906289926289cbcda644b5197c796b893c6ffd7b9a536a42d290f7704a0?s=96&d=mm&r=g","contentUrl":"https:\/\/secure.gravatar.com\/avatar\/7902f906289926289cbcda644b5197c796b893c6ffd7b9a536a42d290f7704a0?s=96&d=mm&r=g","caption":"Eduardo Mart\u00ednez"}}]}},"amp_enabled":true,"_links":{"self":[{"href":"https:\/\/www.notibras.com\/site\/wp-json\/wp\/v2\/posts\/376620","targetHints":{"allow":["GET"]}}],"collection":[{"href":"https:\/\/www.notibras.com\/site\/wp-json\/wp\/v2\/posts"}],"about":[{"href":"https:\/\/www.notibras.com\/site\/wp-json\/wp\/v2\/types\/post"}],"author":[{"embeddable":true,"href":"https:\/\/www.notibras.com\/site\/wp-json\/wp\/v2\/users\/21"}],"replies":[{"embeddable":true,"href":"https:\/\/www.notibras.com\/site\/wp-json\/wp\/v2\/comments?post=376620"}],"version-history":[{"count":6,"href":"https:\/\/www.notibras.com\/site\/wp-json\/wp\/v2\/posts\/376620\/revisions"}],"predecessor-version":[{"id":376627,"href":"https:\/\/www.notibras.com\/site\/wp-json\/wp\/v2\/posts\/376620\/revisions\/376627"}],"wp:featuredmedia":[{"embeddable":true,"href":"https:\/\/www.notibras.com\/site\/wp-json\/wp\/v2\/media\/376621"}],"wp:attachment":[{"href":"https:\/\/www.notibras.com\/site\/wp-json\/wp\/v2\/media?parent=376620"}],"wp:term":[{"taxonomy":"category","embeddable":true,"href":"https:\/\/www.notibras.com\/site\/wp-json\/wp\/v2\/categories?post=376620"},{"taxonomy":"post_tag","embeddable":true,"href":"https:\/\/www.notibras.com\/site\/wp-json\/wp\/v2\/tags?post=376620"}],"curies":[{"name":"wp","href":"https:\/\/api.w.org\/{rel}","templated":true}]}}