{"id":376628,"date":"2025-12-28T03:56:56","date_gmt":"2025-12-28T06:56:56","guid":{"rendered":"https:\/\/www.notibras.com\/site\/?p=376628"},"modified":"2025-12-28T03:56:56","modified_gmt":"2025-12-28T06:56:56","slug":"recesso-do-congresso-esvazia-paginas-policiais-de-jornais-e-sites-brasileiros","status":"publish","type":"post","link":"https:\/\/www.notibras.com\/site\/recesso-do-congresso-esvazia-paginas-policiais-de-jornais-e-sites-brasileiros\/","title":{"rendered":"Recesso do Congresso esvazia p\u00e1ginas policiais de jornais e sites brasileiros"},"content":{"rendered":"<p>Coincid\u00eancia, converg\u00eancia de fatores, protocolo casado ou apenas uma dessas casualidades que se harmonizam, mas n\u00e3o se explicam? Sinceramente, n\u00e3o conhe\u00e7o l\u00f3gica capaz de me indicar como correta uma das alternativas acima. No entanto, a racionalidade e os fatos indicam que coincid\u00eancia \u00e9 o universo usando algoritmos. Como h\u00e1 coincid\u00eancias que s\u00e3o coincid\u00eancias demais para serem somente coincid\u00eancias, faz pelo menos uma semana que as p\u00e1ginas policiais dos jornais e sites brasileiros est\u00e3o mais leves.<\/p>\n<p>Tudo a ver com o recesso do Congresso Nacional, iniciado oficialmente na ter\u00e7a-feira, dia 23. A \u00faltima not\u00edcia envolvendo pol\u00edticos fora das quatro linhas se referia a deputados do Partido Liberal como alvos de opera\u00e7\u00e3o por contrata\u00e7\u00f5es de aluguel com verba da C\u00e2mara. De propriedade de Valdemar Costa Neto, com cess\u00e3o de direitos tempor\u00e1rios ao cl\u00e3 Bolsonaro e a seus asseclas, a legenda tem parlamentares, golpistas e filiados de todas as nuances, inclusive pastores evang\u00e9licos que, travestidos de congressistas, oram diariamente pelas emendas de cada dia.<\/p>\n<p>Em seus discursos a favor da bandalheira, da retroalimenta\u00e7\u00e3o da polariza\u00e7\u00e3o e contra aqueles que apresentam propostas s\u00e9rias e coerentes, h\u00e1 aqueles que, em nome de uma moralidade imoral, se divertem \u00e0 custa do suor do trabalhador brasileiro. Esses acumulam valores, guardam fortunas sob colch\u00f5es ou dentro de caixas de sapatos e ainda encontram tempo para lustrar a cara de pau durante os debates sobre \u00e9tica e patriotismo.<\/p>\n<p>Consciente de que favores de pol\u00edticos custam caro, sou daqueles que, quando ou\u00e7o um deputado, um senador ou qualquer outro bolsonarista enaltecendo a for\u00e7a e a grandeza do Brasil, de imediato me vem a certeza de que eles cobrar\u00e3o pelo ufanismo. Moralistas extremados, os do Centr\u00e3o, notadamente os evang\u00e9licos do PL, s\u00e3o capazes de, camuflados com abad\u00e1s dos Filhos de Gandhi, buscar apoio espiritual com as ialorix\u00e1s do Terreiro do Gantois de M\u00e3e Carmem para garantir aumento nas emendas secretas. \u00c9 chover no molhado, mas, lembrando a calmaria pol\u00edtica nas p\u00e1ginas policiais, vale reiterar a tese de que nem todo ladr\u00e3o \u00e9 pol\u00edtico.<\/p>\n<p>A justificativa para a verdade da rec\u00edproca \u00e9 simples: O homem que rouba a confian\u00e7a dos outros \u00e9 o pior dos ladr\u00f5es. A diferen\u00e7a \u00e9 o termo. Enquanto o homem comum \u00e9 preso porque rouba, o pol\u00edtico \u00e9 exaltado quando se corrompe. Como pol\u00edtica \u00e9 a ci\u00eancia da corrup\u00e7\u00e3o, \u00e9 hip\u00f3crita quem critica a corrup\u00e7\u00e3o gen\u00e9rica e em grande escala, mas pratica a corrup\u00e7\u00e3o cotidiana.\u00a0 S\u00e3o os deputados, bolsonaristas ou n\u00e3o discutindo medidas provis\u00f3rias, esvaziando os plen\u00e1rios e negociando secretamente mais emendas para aprovar o Or\u00e7amento da Uni\u00e3o.<\/p>\n<p>Aproveitando o recolhimento de deputados e senadores a seus covis econ\u00f4micos e as elei\u00e7\u00f5es gerais de 2026, precisamos nos conscientizar de que, se n\u00e3o fizermos nada, a desesperan\u00e7a por conta da pol\u00edtica suja nunca acabar\u00e1. N\u00e3o pode haver mudan\u00e7a pol\u00edtica em uma sociedade quando a voz da necessidade \u00e9 silenciada pelo dinheiro sujo dos chamados homens p\u00fablicos. Sintetizando, o modo inteligente para mudar a pol\u00edtica \u00e9 n\u00e3o permitir que os pol\u00edticos continuem brincando com nossa intelig\u00eancia. Quem sabe ainda aprendemos a tirar de vez os pol\u00edticos das p\u00e1ginas policiais. Para isso, basta que tiremos os bandidos da vida p\u00fablica. Simples assim.<\/p>\n<p>&#8230;&#8230;&#8230;&#8230;&#8230;<\/p>\n<p><strong>Sonja Tavares \u00e9 Editora de Pol\u00edtica de Notibras<\/strong><\/p>\n","protected":false},"excerpt":{"rendered":"<p>Coincid\u00eancia, converg\u00eancia de fatores, protocolo casado ou apenas uma dessas casualidades que se harmonizam, mas n\u00e3o se explicam? Sinceramente, n\u00e3o conhe\u00e7o l\u00f3gica capaz de me indicar como correta uma das alternativas acima. No entanto, a racionalidade e os fatos indicam que coincid\u00eancia \u00e9 o universo usando algoritmos. Como h\u00e1 coincid\u00eancias que s\u00e3o coincid\u00eancias demais para [&hellip;]<\/p>\n","protected":false},"author":2,"featured_media":371639,"comment_status":"closed","ping_status":"closed","sticky":false,"template":"","format":"standard","meta":{"_acf_changed":false,"footnotes":""},"categories":[16],"tags":[],"class_list":["post-376628","post","type-post","status-publish","format-standard","has-post-thumbnail","hentry","category-brasil"],"acf":[],"yoast_head":"<!-- This site is optimized with the Yoast SEO plugin v27.5 - https:\/\/yoast.com\/product\/yoast-seo-wordpress\/ -->\n<title>Recesso do Congresso esvazia p\u00e1ginas policiais de jornais e sites brasileiros - Notibras<\/title>\n<meta name=\"robots\" content=\"index, follow, max-snippet:-1, max-image-preview:large, max-video-preview:-1\" \/>\n<link rel=\"canonical\" href=\"https:\/\/www.notibras.com\/site\/recesso-do-congresso-esvazia-paginas-policiais-de-jornais-e-sites-brasileiros\/\" \/>\n<meta property=\"og:locale\" content=\"pt_BR\" \/>\n<meta property=\"og:type\" content=\"article\" \/>\n<meta property=\"og:title\" content=\"Recesso do Congresso esvazia p\u00e1ginas policiais de jornais e sites brasileiros - Notibras\" \/>\n<meta property=\"og:description\" content=\"Coincid\u00eancia, converg\u00eancia de fatores, protocolo casado ou apenas uma dessas casualidades que se harmonizam, mas n\u00e3o se explicam? Sinceramente, n\u00e3o conhe\u00e7o l\u00f3gica capaz de me indicar como correta uma das alternativas acima. No entanto, a racionalidade e os fatos indicam que coincid\u00eancia \u00e9 o universo usando algoritmos. Como h\u00e1 coincid\u00eancias que s\u00e3o coincid\u00eancias demais para [&hellip;]\" \/>\n<meta property=\"og:url\" content=\"https:\/\/www.notibras.com\/site\/recesso-do-congresso-esvazia-paginas-policiais-de-jornais-e-sites-brasileiros\/\" \/>\n<meta property=\"og:site_name\" content=\"Notibras\" \/>\n<meta property=\"article:publisher\" content=\"https:\/\/www.facebook.com\/notibras\/\" \/>\n<meta property=\"article:published_time\" content=\"2025-12-28T06:56:56+00:00\" \/>\n<meta property=\"og:image\" content=\"https:\/\/www.notibras.com\/site\/wp-content\/uploads\/2025\/11\/Rodolfo-Stuckert-2.jpg\" \/>\n\t<meta property=\"og:image:width\" content=\"640\" \/>\n\t<meta property=\"og:image:height\" content=\"426\" \/>\n\t<meta property=\"og:image:type\" content=\"image\/jpeg\" \/>\n<meta name=\"author\" content=\"Reda\u00e7\u00e3o\" \/>\n<meta name=\"twitter:card\" content=\"summary_large_image\" \/>\n<meta name=\"twitter:creator\" content=\"@Notibras\" \/>\n<meta name=\"twitter:site\" content=\"@Notibras\" \/>\n<meta name=\"twitter:label1\" content=\"Escrito por\" \/>\n\t<meta name=\"twitter:data1\" content=\"Reda\u00e7\u00e3o\" \/>\n\t<meta name=\"twitter:label2\" content=\"Est. tempo de leitura\" \/>\n\t<meta name=\"twitter:data2\" content=\"4 minutos\" \/>\n<script type=\"application\/ld+json\" class=\"yoast-schema-graph\">{\"@context\":\"https:\\\/\\\/schema.org\",\"@graph\":[{\"@type\":\"Article\",\"@id\":\"https:\\\/\\\/www.notibras.com\\\/site\\\/recesso-do-congresso-esvazia-paginas-policiais-de-jornais-e-sites-brasileiros\\\/#article\",\"isPartOf\":{\"@id\":\"https:\\\/\\\/www.notibras.com\\\/site\\\/recesso-do-congresso-esvazia-paginas-policiais-de-jornais-e-sites-brasileiros\\\/\"},\"author\":{\"name\":\"Reda\u00e7\u00e3o\",\"@id\":\"https:\\\/\\\/www.notibras.com\\\/site\\\/#\\\/schema\\\/person\\\/36ab0979449956132d3e5b517ea76ac8\"},\"headline\":\"Recesso do Congresso esvazia p\u00e1ginas policiais de jornais e sites brasileiros\",\"datePublished\":\"2025-12-28T06:56:56+00:00\",\"mainEntityOfPage\":{\"@id\":\"https:\\\/\\\/www.notibras.com\\\/site\\\/recesso-do-congresso-esvazia-paginas-policiais-de-jornais-e-sites-brasileiros\\\/\"},\"wordCount\":600,\"publisher\":{\"@id\":\"https:\\\/\\\/www.notibras.com\\\/site\\\/#organization\"},\"image\":{\"@id\":\"https:\\\/\\\/www.notibras.com\\\/site\\\/recesso-do-congresso-esvazia-paginas-policiais-de-jornais-e-sites-brasileiros\\\/#primaryimage\"},\"thumbnailUrl\":\"https:\\\/\\\/www.notibras.com\\\/site\\\/wp-content\\\/uploads\\\/2025\\\/11\\\/Rodolfo-Stuckert-2.jpg\",\"articleSection\":[\"Brasil\"],\"inLanguage\":\"pt-BR\"},{\"@type\":\"WebPage\",\"@id\":\"https:\\\/\\\/www.notibras.com\\\/site\\\/recesso-do-congresso-esvazia-paginas-policiais-de-jornais-e-sites-brasileiros\\\/\",\"url\":\"https:\\\/\\\/www.notibras.com\\\/site\\\/recesso-do-congresso-esvazia-paginas-policiais-de-jornais-e-sites-brasileiros\\\/\",\"name\":\"Recesso do Congresso esvazia p\u00e1ginas policiais de jornais e sites brasileiros - Notibras\",\"isPartOf\":{\"@id\":\"https:\\\/\\\/www.notibras.com\\\/site\\\/#website\"},\"primaryImageOfPage\":{\"@id\":\"https:\\\/\\\/www.notibras.com\\\/site\\\/recesso-do-congresso-esvazia-paginas-policiais-de-jornais-e-sites-brasileiros\\\/#primaryimage\"},\"image\":{\"@id\":\"https:\\\/\\\/www.notibras.com\\\/site\\\/recesso-do-congresso-esvazia-paginas-policiais-de-jornais-e-sites-brasileiros\\\/#primaryimage\"},\"thumbnailUrl\":\"https:\\\/\\\/www.notibras.com\\\/site\\\/wp-content\\\/uploads\\\/2025\\\/11\\\/Rodolfo-Stuckert-2.jpg\",\"datePublished\":\"2025-12-28T06:56:56+00:00\",\"breadcrumb\":{\"@id\":\"https:\\\/\\\/www.notibras.com\\\/site\\\/recesso-do-congresso-esvazia-paginas-policiais-de-jornais-e-sites-brasileiros\\\/#breadcrumb\"},\"inLanguage\":\"pt-BR\",\"potentialAction\":[{\"@type\":\"ReadAction\",\"target\":[\"https:\\\/\\\/www.notibras.com\\\/site\\\/recesso-do-congresso-esvazia-paginas-policiais-de-jornais-e-sites-brasileiros\\\/\"]}]},{\"@type\":\"ImageObject\",\"inLanguage\":\"pt-BR\",\"@id\":\"https:\\\/\\\/www.notibras.com\\\/site\\\/recesso-do-congresso-esvazia-paginas-policiais-de-jornais-e-sites-brasileiros\\\/#primaryimage\",\"url\":\"https:\\\/\\\/www.notibras.com\\\/site\\\/wp-content\\\/uploads\\\/2025\\\/11\\\/Rodolfo-Stuckert-2.jpg\",\"contentUrl\":\"https:\\\/\\\/www.notibras.com\\\/site\\\/wp-content\\\/uploads\\\/2025\\\/11\\\/Rodolfo-Stuckert-2.jpg\",\"width\":640,\"height\":426,\"caption\":\"Externa Pr\u00e9dio do Congresso Nacional C\u00fapula da C\u00e2mara e do Senado Foto Rodolfo Stuckert Data 07-03-2009\"},{\"@type\":\"BreadcrumbList\",\"@id\":\"https:\\\/\\\/www.notibras.com\\\/site\\\/recesso-do-congresso-esvazia-paginas-policiais-de-jornais-e-sites-brasileiros\\\/#breadcrumb\",\"itemListElement\":[{\"@type\":\"ListItem\",\"position\":1,\"name\":\"In\u00edcio\",\"item\":\"https:\\\/\\\/www.notibras.com\\\/site\\\/\"},{\"@type\":\"ListItem\",\"position\":2,\"name\":\"Recesso do Congresso esvazia p\u00e1ginas policiais de jornais e sites brasileiros\"}]},{\"@type\":\"WebSite\",\"@id\":\"https:\\\/\\\/www.notibras.com\\\/site\\\/#website\",\"url\":\"https:\\\/\\\/www.notibras.com\\\/site\\\/\",\"name\":\"Notibras\",\"description\":\"Not\u00edcias de Bras\u00edlia, do Brasil e do Mundo\",\"publisher\":{\"@id\":\"https:\\\/\\\/www.notibras.com\\\/site\\\/#organization\"},\"potentialAction\":[{\"@type\":\"SearchAction\",\"target\":{\"@type\":\"EntryPoint\",\"urlTemplate\":\"https:\\\/\\\/www.notibras.com\\\/site\\\/?s={search_term_string}\"},\"query-input\":{\"@type\":\"PropertyValueSpecification\",\"valueRequired\":true,\"valueName\":\"search_term_string\"}}],\"inLanguage\":\"pt-BR\"},{\"@type\":\"Organization\",\"@id\":\"https:\\\/\\\/www.notibras.com\\\/site\\\/#organization\",\"name\":\"Grupo Notibras de Comunica\u00e7\u00e3o\",\"url\":\"https:\\\/\\\/www.notibras.com\\\/site\\\/\",\"logo\":{\"@type\":\"ImageObject\",\"inLanguage\":\"pt-BR\",\"@id\":\"https:\\\/\\\/www.notibras.com\\\/site\\\/#\\\/schema\\\/logo\\\/image\\\/\",\"url\":\"https:\\\/\\\/www.notibras.com\\\/site\\\/wp-content\\\/uploads\\\/2023\\\/01\\\/notibras23.png\",\"contentUrl\":\"https:\\\/\\\/www.notibras.com\\\/site\\\/wp-content\\\/uploads\\\/2023\\\/01\\\/notibras23.png\",\"width\":350,\"height\":87,\"caption\":\"Grupo Notibras de Comunica\u00e7\u00e3o\"},\"image\":{\"@id\":\"https:\\\/\\\/www.notibras.com\\\/site\\\/#\\\/schema\\\/logo\\\/image\\\/\"},\"sameAs\":[\"https:\\\/\\\/www.facebook.com\\\/notibras\\\/\",\"https:\\\/\\\/x.com\\\/Notibras\",\"https:\\\/\\\/www.instagram.com\\\/notibras\\\/\"]},{\"@type\":\"Person\",\"@id\":\"https:\\\/\\\/www.notibras.com\\\/site\\\/#\\\/schema\\\/person\\\/36ab0979449956132d3e5b517ea76ac8\",\"name\":\"Reda\u00e7\u00e3o\",\"image\":{\"@type\":\"ImageObject\",\"inLanguage\":\"pt-BR\",\"@id\":\"https:\\\/\\\/secure.gravatar.com\\\/avatar\\\/e0a867bdedb85fd243eadf09663511f96fc81e0720a4a42581f334ad4303aa6b?s=96&d=mm&r=g\",\"url\":\"https:\\\/\\\/secure.gravatar.com\\\/avatar\\\/e0a867bdedb85fd243eadf09663511f96fc81e0720a4a42581f334ad4303aa6b?s=96&d=mm&r=g\",\"contentUrl\":\"https:\\\/\\\/secure.gravatar.com\\\/avatar\\\/e0a867bdedb85fd243eadf09663511f96fc81e0720a4a42581f334ad4303aa6b?s=96&d=mm&r=g\",\"caption\":\"Reda\u00e7\u00e3o\"}}]}<\/script>\n<!-- \/ Yoast SEO plugin. -->","yoast_head_json":{"title":"Recesso do Congresso esvazia p\u00e1ginas policiais de jornais e sites brasileiros - Notibras","robots":{"index":"index","follow":"follow","max-snippet":"max-snippet:-1","max-image-preview":"max-image-preview:large","max-video-preview":"max-video-preview:-1"},"canonical":"https:\/\/www.notibras.com\/site\/recesso-do-congresso-esvazia-paginas-policiais-de-jornais-e-sites-brasileiros\/","og_locale":"pt_BR","og_type":"article","og_title":"Recesso do Congresso esvazia p\u00e1ginas policiais de jornais e sites brasileiros - Notibras","og_description":"Coincid\u00eancia, converg\u00eancia de fatores, protocolo casado ou apenas uma dessas casualidades que se harmonizam, mas n\u00e3o se explicam? Sinceramente, n\u00e3o conhe\u00e7o l\u00f3gica capaz de me indicar como correta uma das alternativas acima. No entanto, a racionalidade e os fatos indicam que coincid\u00eancia \u00e9 o universo usando algoritmos. Como h\u00e1 coincid\u00eancias que s\u00e3o coincid\u00eancias demais para [&hellip;]","og_url":"https:\/\/www.notibras.com\/site\/recesso-do-congresso-esvazia-paginas-policiais-de-jornais-e-sites-brasileiros\/","og_site_name":"Notibras","article_publisher":"https:\/\/www.facebook.com\/notibras\/","article_published_time":"2025-12-28T06:56:56+00:00","og_image":[{"width":640,"height":426,"url":"https:\/\/www.notibras.com\/site\/wp-content\/uploads\/2025\/11\/Rodolfo-Stuckert-2.jpg","type":"image\/jpeg"}],"author":"Reda\u00e7\u00e3o","twitter_card":"summary_large_image","twitter_creator":"@Notibras","twitter_site":"@Notibras","twitter_misc":{"Escrito por":"Reda\u00e7\u00e3o","Est. tempo de leitura":"4 minutos"},"schema":{"@context":"https:\/\/schema.org","@graph":[{"@type":"Article","@id":"https:\/\/www.notibras.com\/site\/recesso-do-congresso-esvazia-paginas-policiais-de-jornais-e-sites-brasileiros\/#article","isPartOf":{"@id":"https:\/\/www.notibras.com\/site\/recesso-do-congresso-esvazia-paginas-policiais-de-jornais-e-sites-brasileiros\/"},"author":{"name":"Reda\u00e7\u00e3o","@id":"https:\/\/www.notibras.com\/site\/#\/schema\/person\/36ab0979449956132d3e5b517ea76ac8"},"headline":"Recesso do Congresso esvazia p\u00e1ginas policiais de jornais e sites brasileiros","datePublished":"2025-12-28T06:56:56+00:00","mainEntityOfPage":{"@id":"https:\/\/www.notibras.com\/site\/recesso-do-congresso-esvazia-paginas-policiais-de-jornais-e-sites-brasileiros\/"},"wordCount":600,"publisher":{"@id":"https:\/\/www.notibras.com\/site\/#organization"},"image":{"@id":"https:\/\/www.notibras.com\/site\/recesso-do-congresso-esvazia-paginas-policiais-de-jornais-e-sites-brasileiros\/#primaryimage"},"thumbnailUrl":"https:\/\/www.notibras.com\/site\/wp-content\/uploads\/2025\/11\/Rodolfo-Stuckert-2.jpg","articleSection":["Brasil"],"inLanguage":"pt-BR"},{"@type":"WebPage","@id":"https:\/\/www.notibras.com\/site\/recesso-do-congresso-esvazia-paginas-policiais-de-jornais-e-sites-brasileiros\/","url":"https:\/\/www.notibras.com\/site\/recesso-do-congresso-esvazia-paginas-policiais-de-jornais-e-sites-brasileiros\/","name":"Recesso do Congresso esvazia p\u00e1ginas policiais de jornais e sites brasileiros - Notibras","isPartOf":{"@id":"https:\/\/www.notibras.com\/site\/#website"},"primaryImageOfPage":{"@id":"https:\/\/www.notibras.com\/site\/recesso-do-congresso-esvazia-paginas-policiais-de-jornais-e-sites-brasileiros\/#primaryimage"},"image":{"@id":"https:\/\/www.notibras.com\/site\/recesso-do-congresso-esvazia-paginas-policiais-de-jornais-e-sites-brasileiros\/#primaryimage"},"thumbnailUrl":"https:\/\/www.notibras.com\/site\/wp-content\/uploads\/2025\/11\/Rodolfo-Stuckert-2.jpg","datePublished":"2025-12-28T06:56:56+00:00","breadcrumb":{"@id":"https:\/\/www.notibras.com\/site\/recesso-do-congresso-esvazia-paginas-policiais-de-jornais-e-sites-brasileiros\/#breadcrumb"},"inLanguage":"pt-BR","potentialAction":[{"@type":"ReadAction","target":["https:\/\/www.notibras.com\/site\/recesso-do-congresso-esvazia-paginas-policiais-de-jornais-e-sites-brasileiros\/"]}]},{"@type":"ImageObject","inLanguage":"pt-BR","@id":"https:\/\/www.notibras.com\/site\/recesso-do-congresso-esvazia-paginas-policiais-de-jornais-e-sites-brasileiros\/#primaryimage","url":"https:\/\/www.notibras.com\/site\/wp-content\/uploads\/2025\/11\/Rodolfo-Stuckert-2.jpg","contentUrl":"https:\/\/www.notibras.com\/site\/wp-content\/uploads\/2025\/11\/Rodolfo-Stuckert-2.jpg","width":640,"height":426,"caption":"Externa Pr\u00e9dio do Congresso Nacional C\u00fapula da C\u00e2mara e do Senado Foto Rodolfo Stuckert Data 07-03-2009"},{"@type":"BreadcrumbList","@id":"https:\/\/www.notibras.com\/site\/recesso-do-congresso-esvazia-paginas-policiais-de-jornais-e-sites-brasileiros\/#breadcrumb","itemListElement":[{"@type":"ListItem","position":1,"name":"In\u00edcio","item":"https:\/\/www.notibras.com\/site\/"},{"@type":"ListItem","position":2,"name":"Recesso do Congresso esvazia p\u00e1ginas policiais de jornais e sites brasileiros"}]},{"@type":"WebSite","@id":"https:\/\/www.notibras.com\/site\/#website","url":"https:\/\/www.notibras.com\/site\/","name":"Notibras","description":"Not\u00edcias de Bras\u00edlia, do Brasil e do Mundo","publisher":{"@id":"https:\/\/www.notibras.com\/site\/#organization"},"potentialAction":[{"@type":"SearchAction","target":{"@type":"EntryPoint","urlTemplate":"https:\/\/www.notibras.com\/site\/?s={search_term_string}"},"query-input":{"@type":"PropertyValueSpecification","valueRequired":true,"valueName":"search_term_string"}}],"inLanguage":"pt-BR"},{"@type":"Organization","@id":"https:\/\/www.notibras.com\/site\/#organization","name":"Grupo Notibras de Comunica\u00e7\u00e3o","url":"https:\/\/www.notibras.com\/site\/","logo":{"@type":"ImageObject","inLanguage":"pt-BR","@id":"https:\/\/www.notibras.com\/site\/#\/schema\/logo\/image\/","url":"https:\/\/www.notibras.com\/site\/wp-content\/uploads\/2023\/01\/notibras23.png","contentUrl":"https:\/\/www.notibras.com\/site\/wp-content\/uploads\/2023\/01\/notibras23.png","width":350,"height":87,"caption":"Grupo Notibras de Comunica\u00e7\u00e3o"},"image":{"@id":"https:\/\/www.notibras.com\/site\/#\/schema\/logo\/image\/"},"sameAs":["https:\/\/www.facebook.com\/notibras\/","https:\/\/x.com\/Notibras","https:\/\/www.instagram.com\/notibras\/"]},{"@type":"Person","@id":"https:\/\/www.notibras.com\/site\/#\/schema\/person\/36ab0979449956132d3e5b517ea76ac8","name":"Reda\u00e7\u00e3o","image":{"@type":"ImageObject","inLanguage":"pt-BR","@id":"https:\/\/secure.gravatar.com\/avatar\/e0a867bdedb85fd243eadf09663511f96fc81e0720a4a42581f334ad4303aa6b?s=96&d=mm&r=g","url":"https:\/\/secure.gravatar.com\/avatar\/e0a867bdedb85fd243eadf09663511f96fc81e0720a4a42581f334ad4303aa6b?s=96&d=mm&r=g","contentUrl":"https:\/\/secure.gravatar.com\/avatar\/e0a867bdedb85fd243eadf09663511f96fc81e0720a4a42581f334ad4303aa6b?s=96&d=mm&r=g","caption":"Reda\u00e7\u00e3o"}}]}},"amp_enabled":true,"_links":{"self":[{"href":"https:\/\/www.notibras.com\/site\/wp-json\/wp\/v2\/posts\/376628","targetHints":{"allow":["GET"]}}],"collection":[{"href":"https:\/\/www.notibras.com\/site\/wp-json\/wp\/v2\/posts"}],"about":[{"href":"https:\/\/www.notibras.com\/site\/wp-json\/wp\/v2\/types\/post"}],"author":[{"embeddable":true,"href":"https:\/\/www.notibras.com\/site\/wp-json\/wp\/v2\/users\/2"}],"replies":[{"embeddable":true,"href":"https:\/\/www.notibras.com\/site\/wp-json\/wp\/v2\/comments?post=376628"}],"version-history":[{"count":1,"href":"https:\/\/www.notibras.com\/site\/wp-json\/wp\/v2\/posts\/376628\/revisions"}],"predecessor-version":[{"id":376629,"href":"https:\/\/www.notibras.com\/site\/wp-json\/wp\/v2\/posts\/376628\/revisions\/376629"}],"wp:featuredmedia":[{"embeddable":true,"href":"https:\/\/www.notibras.com\/site\/wp-json\/wp\/v2\/media\/371639"}],"wp:attachment":[{"href":"https:\/\/www.notibras.com\/site\/wp-json\/wp\/v2\/media?parent=376628"}],"wp:term":[{"taxonomy":"category","embeddable":true,"href":"https:\/\/www.notibras.com\/site\/wp-json\/wp\/v2\/categories?post=376628"},{"taxonomy":"post_tag","embeddable":true,"href":"https:\/\/www.notibras.com\/site\/wp-json\/wp\/v2\/tags?post=376628"}],"curies":[{"name":"wp","href":"https:\/\/api.w.org\/{rel}","templated":true}]}}