{"id":376640,"date":"2025-12-28T05:19:59","date_gmt":"2025-12-28T08:19:59","guid":{"rendered":"https:\/\/www.notibras.com\/site\/?p=376640"},"modified":"2025-12-28T05:19:59","modified_gmt":"2025-12-28T08:19:59","slug":"fim-e-comeco-de-ano-marcam-novas-esperancas","status":"publish","type":"post","link":"https:\/\/www.notibras.com\/site\/fim-e-comeco-de-ano-marcam-novas-esperancas\/","title":{"rendered":"Fim e come\u00e7o de ano marcam novas esperan\u00e7as"},"content":{"rendered":"<p>Entre o \u00faltimo p\u00f4r do sol de 2025 e o primeiro amanhecer de 2026, o C\u00e9u pede menos promessas e mais consci\u00eancia. O novo ano n\u00e3o chega como milagre, mas como consequ\u00eancia.<\/p>\n<p>A palavra de ordem para o per\u00edodo compreendido entre os dias 28 de dezembro e 3 de janeiro \u00e9 maturidade. Ser\u00e1 uma semana de muita reflex\u00e3o e p\u00e9s no ch\u00e3o.<\/p>\n<p>A vaidade deve ficar na gaveta. E quem ajudar ao pr\u00f3ximo, n\u00e3o deve agir pensando em yter a outra m\u00e3o cheia de ouro como retorno. Veja a seguir o que dizem os astros:<\/p>\n<p>&#x2648; \u00c1ries<\/p>\n<p>Encerramentos pedem maturidade.<br \/>\nA \u00faltima semana do ano exige que voc\u00ea reduza a pressa e reflita sobre escolhas feitas em 2025. H\u00e1 pend\u00eancias emocionais e profissionais que precisam ser conclu\u00eddas com honestidade. Em 2026, o impulso retorna \u2014 mas agora com mais estrat\u00e9gia e menos confronto.<\/p>\n<p>&#x2649; Touro<\/p>\n<p>Recolher para florescer.<br \/>\nO per\u00edodo pede sil\u00eancio interior. Quest\u00f5es financeiras e afetivas entram em revis\u00e3o, especialmente aquilo que voc\u00ea sustenta por teimosia. O novo ano come\u00e7a oferecendo seguran\u00e7a, desde que voc\u00ea aceite mudar pequenos h\u00e1bitos que j\u00e1 n\u00e3o servem.<\/p>\n<p>&#x264a; G\u00eameos<\/p>\n<p>Conversas definem rumos.<br \/>\nPalavras ganham peso nesta virada. Algo dito (ou n\u00e3o dito) agora repercutir\u00e1 ao longo de janeiro. Feche 2025 com clareza nos relacionamentos e contratos. 2026 chega trazendo novas parcerias e mais leveza mental.<\/p>\n<p>&#x264b; C\u00e2ncer<\/p>\n<p>Cuidar do que cuida de voc\u00ea.<br \/>\nA semana marca um acerto de contas emocional: fam\u00edlia, casa e v\u00ednculos profundos entram em pauta. Despedidas podem doer, mas abrem espa\u00e7o para um 2026 mais est\u00e1vel emocionalmente. Confie no tempo.<\/p>\n<p>&#x264c; Le\u00e3o<\/p>\n<p>Menos palco, mais prop\u00f3sito.<br \/>\nVoc\u00ea encerra o ano revendo ambi\u00e7\u00f5es e reconhecendo limites. Nem toda vit\u00f3ria precisa de aplauso. A virada traz um chamado: liderar com empatia. Janeiro j\u00e1 sinaliza reconhecimento, mas ele vir\u00e1 pelo conte\u00fado, n\u00e3o pelo brilho.<\/p>\n<p>&#x264d; Virgem<\/p>\n<p>Arrumar a casa da alma.<br \/>\n\u00c9 tempo de limpeza \u2014 emocional, pr\u00e1tica e simb\u00f3lica. Pend\u00eancias antigas pedem solu\u00e7\u00e3o definitiva. A virada do ano favorece planejamento e disciplina, preparando um 2026 mais produtivo e menos ansioso.<\/p>\n<p>&#x264e; Libra<\/p>\n<p>Escolher \u00e9 inevit\u00e1vel.<br \/>\nA semana confronta voc\u00ea com decis\u00f5es adiadas. Rela\u00e7\u00f5es desequilibradas tendem a se redefinir. O novo ano come\u00e7a exigindo posicionamento claro. Em troca, oferece mais harmonia e autenticidade.<\/p>\n<p>&#x264f; Escorpi\u00e3o<\/p>\n<p>Fechamentos profundos.<br \/>\nVoc\u00ea sente o fim de um ciclo com intensidade. Algo se encerra de vez \u2014 uma cren\u00e7a, um medo ou uma rela\u00e7\u00e3o. A virada de ano traz renascimento emocional e mais poder pessoal. N\u00e3o resista ao que precisa morrer.<\/p>\n<p>&#x2650; Sagit\u00e1rio<\/p>\n<p>Rever rotas antes de partir.<br \/>\nO desejo de futuro j\u00e1 pulsa, mas o c\u00e9u pede que voc\u00ea revise promessas feitas em 2025. A semana favorece estudos e reflex\u00f5es filos\u00f3ficas. 2026 come\u00e7a com expans\u00e3o real, desde que o entusiasmo venha acompanhado de foco.<\/p>\n<p>&#x2651; Capric\u00f3rnio<\/p>\n<p>Ano novo, nova pele.<br \/>\nO Sol ilumina voc\u00ea nesta virada, marcando um renascimento pessoal. \u00c9 hora de assumir novos pap\u00e9is e deixar para tr\u00e1s cobran\u00e7as excessivas. 2026 come\u00e7a com responsabilidade, sim \u2014 mas tamb\u00e9m com mais prazer e reconhecimento.<\/p>\n<p>&#x2652; Aqu\u00e1rio<\/p>\n<p>O invis\u00edvel trabalha por voc\u00ea.<br \/>\nA semana pede introspec\u00e7\u00e3o e escuta interior. Sonhos, sinais e intui\u00e7\u00f5es ganham for\u00e7a. O novo ano come\u00e7a preparando mudan\u00e7as importantes que ainda n\u00e3o s\u00e3o vis\u00edveis, mas j\u00e1 est\u00e3o em gesta\u00e7\u00e3o.<\/p>\n<p>&#x2653; Peixes<\/p>\n<p>Esperan\u00e7a com p\u00e9s no ch\u00e3o.<br \/>\nVoc\u00ea fecha o ano mais sens\u00edvel e perceptivo. Amizades e projetos coletivos passam por filtro. Em 2026, seus sonhos ganham chance real de concretiza\u00e7\u00e3o \u2014 desde que voc\u00ea estabele\u00e7a limites claros<\/p>\n<p>&#8230;&#8230;&#8230;&#8230;..<\/p>\n<p><strong>Anabelle Santa&#8217;cruz \u00e9 Editora de Or\u00e1culos<\/strong><\/p>\n","protected":false},"excerpt":{"rendered":"<p>Entre o \u00faltimo p\u00f4r do sol de 2025 e o primeiro amanhecer de 2026, o C\u00e9u pede menos promessas e mais consci\u00eancia. O novo ano n\u00e3o chega como milagre, mas como consequ\u00eancia. A palavra de ordem para o per\u00edodo compreendido entre os dias 28 de dezembro e 3 de janeiro \u00e9 maturidade. Ser\u00e1 uma semana [&hellip;]<\/p>\n","protected":false},"author":2,"featured_media":376641,"comment_status":"closed","ping_status":"closed","sticky":false,"template":"","format":"standard","meta":{"_acf_changed":false,"footnotes":""},"categories":[237],"tags":[],"class_list":["post-376640","post","type-post","status-publish","format-standard","has-post-thumbnail","hentry","category-oraculos"],"acf":[],"yoast_head":"<!-- This site is optimized with the Yoast SEO plugin v27.2 - https:\/\/yoast.com\/product\/yoast-seo-wordpress\/ -->\n<title>Fim e come\u00e7o de ano marcam novas esperan\u00e7as - Notibras<\/title>\n<meta name=\"robots\" content=\"index, follow, max-snippet:-1, max-image-preview:large, max-video-preview:-1\" \/>\n<link rel=\"canonical\" href=\"https:\/\/www.notibras.com\/site\/fim-e-comeco-de-ano-marcam-novas-esperancas\/\" \/>\n<meta property=\"og:locale\" content=\"pt_BR\" \/>\n<meta property=\"og:type\" content=\"article\" \/>\n<meta property=\"og:title\" content=\"Fim e come\u00e7o de ano marcam novas esperan\u00e7as - Notibras\" \/>\n<meta property=\"og:description\" content=\"Entre o \u00faltimo p\u00f4r do sol de 2025 e o primeiro amanhecer de 2026, o C\u00e9u pede menos promessas e mais consci\u00eancia. O novo ano n\u00e3o chega como milagre, mas como consequ\u00eancia. A palavra de ordem para o per\u00edodo compreendido entre os dias 28 de dezembro e 3 de janeiro \u00e9 maturidade. Ser\u00e1 uma semana [&hellip;]\" \/>\n<meta property=\"og:url\" content=\"https:\/\/www.notibras.com\/site\/fim-e-comeco-de-ano-marcam-novas-esperancas\/\" \/>\n<meta property=\"og:site_name\" content=\"Notibras\" \/>\n<meta property=\"article:publisher\" content=\"https:\/\/www.facebook.com\/notibras\/\" \/>\n<meta property=\"article:published_time\" content=\"2025-12-28T08:19:59+00:00\" \/>\n<meta property=\"og:image\" content=\"https:\/\/www.notibras.com\/site\/wp-content\/uploads\/2025\/12\/b36ba89a-c269-472e-8411-3c429250a2d6-1024x683.png\" \/>\n\t<meta property=\"og:image:width\" content=\"1024\" \/>\n\t<meta property=\"og:image:height\" content=\"683\" \/>\n\t<meta property=\"og:image:type\" content=\"image\/png\" \/>\n<meta name=\"author\" content=\"Reda\u00e7\u00e3o\" \/>\n<meta name=\"twitter:card\" content=\"summary_large_image\" \/>\n<meta name=\"twitter:creator\" content=\"@Notibras\" \/>\n<meta name=\"twitter:site\" content=\"@Notibras\" \/>\n<meta name=\"twitter:label1\" content=\"Escrito por\" \/>\n\t<meta name=\"twitter:data1\" content=\"Reda\u00e7\u00e3o\" \/>\n\t<meta name=\"twitter:label2\" content=\"Est. tempo de leitura\" \/>\n\t<meta name=\"twitter:data2\" content=\"4 minutos\" \/>\n<script type=\"application\/ld+json\" class=\"yoast-schema-graph\">{\"@context\":\"https:\/\/schema.org\",\"@graph\":[{\"@type\":\"Article\",\"@id\":\"https:\/\/www.notibras.com\/site\/fim-e-comeco-de-ano-marcam-novas-esperancas\/#article\",\"isPartOf\":{\"@id\":\"https:\/\/www.notibras.com\/site\/fim-e-comeco-de-ano-marcam-novas-esperancas\/\"},\"author\":{\"name\":\"Reda\u00e7\u00e3o\",\"@id\":\"https:\/\/www.notibras.com\/site\/#\/schema\/person\/36ab0979449956132d3e5b517ea76ac8\"},\"headline\":\"Fim e come\u00e7o de ano marcam novas esperan\u00e7as\",\"datePublished\":\"2025-12-28T08:19:59+00:00\",\"mainEntityOfPage\":{\"@id\":\"https:\/\/www.notibras.com\/site\/fim-e-comeco-de-ano-marcam-novas-esperancas\/\"},\"wordCount\":651,\"publisher\":{\"@id\":\"https:\/\/www.notibras.com\/site\/#organization\"},\"image\":{\"@id\":\"https:\/\/www.notibras.com\/site\/fim-e-comeco-de-ano-marcam-novas-esperancas\/#primaryimage\"},\"thumbnailUrl\":\"https:\/\/www.notibras.com\/site\/wp-content\/uploads\/2025\/12\/b36ba89a-c269-472e-8411-3c429250a2d6.png\",\"articleSection\":[\"Or\u00e1culos\"],\"inLanguage\":\"pt-BR\"},{\"@type\":\"WebPage\",\"@id\":\"https:\/\/www.notibras.com\/site\/fim-e-comeco-de-ano-marcam-novas-esperancas\/\",\"url\":\"https:\/\/www.notibras.com\/site\/fim-e-comeco-de-ano-marcam-novas-esperancas\/\",\"name\":\"Fim e come\u00e7o de ano marcam novas esperan\u00e7as - Notibras\",\"isPartOf\":{\"@id\":\"https:\/\/www.notibras.com\/site\/#website\"},\"primaryImageOfPage\":{\"@id\":\"https:\/\/www.notibras.com\/site\/fim-e-comeco-de-ano-marcam-novas-esperancas\/#primaryimage\"},\"image\":{\"@id\":\"https:\/\/www.notibras.com\/site\/fim-e-comeco-de-ano-marcam-novas-esperancas\/#primaryimage\"},\"thumbnailUrl\":\"https:\/\/www.notibras.com\/site\/wp-content\/uploads\/2025\/12\/b36ba89a-c269-472e-8411-3c429250a2d6.png\",\"datePublished\":\"2025-12-28T08:19:59+00:00\",\"breadcrumb\":{\"@id\":\"https:\/\/www.notibras.com\/site\/fim-e-comeco-de-ano-marcam-novas-esperancas\/#breadcrumb\"},\"inLanguage\":\"pt-BR\",\"potentialAction\":[{\"@type\":\"ReadAction\",\"target\":[\"https:\/\/www.notibras.com\/site\/fim-e-comeco-de-ano-marcam-novas-esperancas\/\"]}]},{\"@type\":\"ImageObject\",\"inLanguage\":\"pt-BR\",\"@id\":\"https:\/\/www.notibras.com\/site\/fim-e-comeco-de-ano-marcam-novas-esperancas\/#primaryimage\",\"url\":\"https:\/\/www.notibras.com\/site\/wp-content\/uploads\/2025\/12\/b36ba89a-c269-472e-8411-3c429250a2d6.png\",\"contentUrl\":\"https:\/\/www.notibras.com\/site\/wp-content\/uploads\/2025\/12\/b36ba89a-c269-472e-8411-3c429250a2d6.png\",\"width\":1536,\"height\":1024},{\"@type\":\"BreadcrumbList\",\"@id\":\"https:\/\/www.notibras.com\/site\/fim-e-comeco-de-ano-marcam-novas-esperancas\/#breadcrumb\",\"itemListElement\":[{\"@type\":\"ListItem\",\"position\":1,\"name\":\"In\u00edcio\",\"item\":\"https:\/\/www.notibras.com\/site\/\"},{\"@type\":\"ListItem\",\"position\":2,\"name\":\"Fim e come\u00e7o de ano marcam novas esperan\u00e7as\"}]},{\"@type\":\"WebSite\",\"@id\":\"https:\/\/www.notibras.com\/site\/#website\",\"url\":\"https:\/\/www.notibras.com\/site\/\",\"name\":\"Notibras\",\"description\":\"Not\u00edcias de Bras\u00edlia, do Brasil e do Mundo\",\"publisher\":{\"@id\":\"https:\/\/www.notibras.com\/site\/#organization\"},\"potentialAction\":[{\"@type\":\"SearchAction\",\"target\":{\"@type\":\"EntryPoint\",\"urlTemplate\":\"https:\/\/www.notibras.com\/site\/?s={search_term_string}\"},\"query-input\":{\"@type\":\"PropertyValueSpecification\",\"valueRequired\":true,\"valueName\":\"search_term_string\"}}],\"inLanguage\":\"pt-BR\"},{\"@type\":\"Organization\",\"@id\":\"https:\/\/www.notibras.com\/site\/#organization\",\"name\":\"Grupo Notibras de Comunica\u00e7\u00e3o\",\"url\":\"https:\/\/www.notibras.com\/site\/\",\"logo\":{\"@type\":\"ImageObject\",\"inLanguage\":\"pt-BR\",\"@id\":\"https:\/\/www.notibras.com\/site\/#\/schema\/logo\/image\/\",\"url\":\"https:\/\/www.notibras.com\/site\/wp-content\/uploads\/2023\/01\/notibras23.png\",\"contentUrl\":\"https:\/\/www.notibras.com\/site\/wp-content\/uploads\/2023\/01\/notibras23.png\",\"width\":350,\"height\":87,\"caption\":\"Grupo Notibras de Comunica\u00e7\u00e3o\"},\"image\":{\"@id\":\"https:\/\/www.notibras.com\/site\/#\/schema\/logo\/image\/\"},\"sameAs\":[\"https:\/\/www.facebook.com\/notibras\/\",\"https:\/\/x.com\/Notibras\",\"https:\/\/www.instagram.com\/notibras\/\"]},{\"@type\":\"Person\",\"@id\":\"https:\/\/www.notibras.com\/site\/#\/schema\/person\/36ab0979449956132d3e5b517ea76ac8\",\"name\":\"Reda\u00e7\u00e3o\",\"image\":{\"@type\":\"ImageObject\",\"inLanguage\":\"pt-BR\",\"@id\":\"https:\/\/secure.gravatar.com\/avatar\/e0a867bdedb85fd243eadf09663511f96fc81e0720a4a42581f334ad4303aa6b?s=96&d=mm&r=g\",\"url\":\"https:\/\/secure.gravatar.com\/avatar\/e0a867bdedb85fd243eadf09663511f96fc81e0720a4a42581f334ad4303aa6b?s=96&d=mm&r=g\",\"contentUrl\":\"https:\/\/secure.gravatar.com\/avatar\/e0a867bdedb85fd243eadf09663511f96fc81e0720a4a42581f334ad4303aa6b?s=96&d=mm&r=g\",\"caption\":\"Reda\u00e7\u00e3o\"}}]}<\/script>\n<!-- \/ Yoast SEO plugin. -->","yoast_head_json":{"title":"Fim e come\u00e7o de ano marcam novas esperan\u00e7as - Notibras","robots":{"index":"index","follow":"follow","max-snippet":"max-snippet:-1","max-image-preview":"max-image-preview:large","max-video-preview":"max-video-preview:-1"},"canonical":"https:\/\/www.notibras.com\/site\/fim-e-comeco-de-ano-marcam-novas-esperancas\/","og_locale":"pt_BR","og_type":"article","og_title":"Fim e come\u00e7o de ano marcam novas esperan\u00e7as - Notibras","og_description":"Entre o \u00faltimo p\u00f4r do sol de 2025 e o primeiro amanhecer de 2026, o C\u00e9u pede menos promessas e mais consci\u00eancia. O novo ano n\u00e3o chega como milagre, mas como consequ\u00eancia. A palavra de ordem para o per\u00edodo compreendido entre os dias 28 de dezembro e 3 de janeiro \u00e9 maturidade. Ser\u00e1 uma semana [&hellip;]","og_url":"https:\/\/www.notibras.com\/site\/fim-e-comeco-de-ano-marcam-novas-esperancas\/","og_site_name":"Notibras","article_publisher":"https:\/\/www.facebook.com\/notibras\/","article_published_time":"2025-12-28T08:19:59+00:00","og_image":[{"width":1024,"height":683,"url":"https:\/\/www.notibras.com\/site\/wp-content\/uploads\/2025\/12\/b36ba89a-c269-472e-8411-3c429250a2d6-1024x683.png","type":"image\/png"}],"author":"Reda\u00e7\u00e3o","twitter_card":"summary_large_image","twitter_creator":"@Notibras","twitter_site":"@Notibras","twitter_misc":{"Escrito por":"Reda\u00e7\u00e3o","Est. tempo de leitura":"4 minutos"},"schema":{"@context":"https:\/\/schema.org","@graph":[{"@type":"Article","@id":"https:\/\/www.notibras.com\/site\/fim-e-comeco-de-ano-marcam-novas-esperancas\/#article","isPartOf":{"@id":"https:\/\/www.notibras.com\/site\/fim-e-comeco-de-ano-marcam-novas-esperancas\/"},"author":{"name":"Reda\u00e7\u00e3o","@id":"https:\/\/www.notibras.com\/site\/#\/schema\/person\/36ab0979449956132d3e5b517ea76ac8"},"headline":"Fim e come\u00e7o de ano marcam novas esperan\u00e7as","datePublished":"2025-12-28T08:19:59+00:00","mainEntityOfPage":{"@id":"https:\/\/www.notibras.com\/site\/fim-e-comeco-de-ano-marcam-novas-esperancas\/"},"wordCount":651,"publisher":{"@id":"https:\/\/www.notibras.com\/site\/#organization"},"image":{"@id":"https:\/\/www.notibras.com\/site\/fim-e-comeco-de-ano-marcam-novas-esperancas\/#primaryimage"},"thumbnailUrl":"https:\/\/www.notibras.com\/site\/wp-content\/uploads\/2025\/12\/b36ba89a-c269-472e-8411-3c429250a2d6.png","articleSection":["Or\u00e1culos"],"inLanguage":"pt-BR"},{"@type":"WebPage","@id":"https:\/\/www.notibras.com\/site\/fim-e-comeco-de-ano-marcam-novas-esperancas\/","url":"https:\/\/www.notibras.com\/site\/fim-e-comeco-de-ano-marcam-novas-esperancas\/","name":"Fim e come\u00e7o de ano marcam novas esperan\u00e7as - Notibras","isPartOf":{"@id":"https:\/\/www.notibras.com\/site\/#website"},"primaryImageOfPage":{"@id":"https:\/\/www.notibras.com\/site\/fim-e-comeco-de-ano-marcam-novas-esperancas\/#primaryimage"},"image":{"@id":"https:\/\/www.notibras.com\/site\/fim-e-comeco-de-ano-marcam-novas-esperancas\/#primaryimage"},"thumbnailUrl":"https:\/\/www.notibras.com\/site\/wp-content\/uploads\/2025\/12\/b36ba89a-c269-472e-8411-3c429250a2d6.png","datePublished":"2025-12-28T08:19:59+00:00","breadcrumb":{"@id":"https:\/\/www.notibras.com\/site\/fim-e-comeco-de-ano-marcam-novas-esperancas\/#breadcrumb"},"inLanguage":"pt-BR","potentialAction":[{"@type":"ReadAction","target":["https:\/\/www.notibras.com\/site\/fim-e-comeco-de-ano-marcam-novas-esperancas\/"]}]},{"@type":"ImageObject","inLanguage":"pt-BR","@id":"https:\/\/www.notibras.com\/site\/fim-e-comeco-de-ano-marcam-novas-esperancas\/#primaryimage","url":"https:\/\/www.notibras.com\/site\/wp-content\/uploads\/2025\/12\/b36ba89a-c269-472e-8411-3c429250a2d6.png","contentUrl":"https:\/\/www.notibras.com\/site\/wp-content\/uploads\/2025\/12\/b36ba89a-c269-472e-8411-3c429250a2d6.png","width":1536,"height":1024},{"@type":"BreadcrumbList","@id":"https:\/\/www.notibras.com\/site\/fim-e-comeco-de-ano-marcam-novas-esperancas\/#breadcrumb","itemListElement":[{"@type":"ListItem","position":1,"name":"In\u00edcio","item":"https:\/\/www.notibras.com\/site\/"},{"@type":"ListItem","position":2,"name":"Fim e come\u00e7o de ano marcam novas esperan\u00e7as"}]},{"@type":"WebSite","@id":"https:\/\/www.notibras.com\/site\/#website","url":"https:\/\/www.notibras.com\/site\/","name":"Notibras","description":"Not\u00edcias de Bras\u00edlia, do Brasil e do Mundo","publisher":{"@id":"https:\/\/www.notibras.com\/site\/#organization"},"potentialAction":[{"@type":"SearchAction","target":{"@type":"EntryPoint","urlTemplate":"https:\/\/www.notibras.com\/site\/?s={search_term_string}"},"query-input":{"@type":"PropertyValueSpecification","valueRequired":true,"valueName":"search_term_string"}}],"inLanguage":"pt-BR"},{"@type":"Organization","@id":"https:\/\/www.notibras.com\/site\/#organization","name":"Grupo Notibras de Comunica\u00e7\u00e3o","url":"https:\/\/www.notibras.com\/site\/","logo":{"@type":"ImageObject","inLanguage":"pt-BR","@id":"https:\/\/www.notibras.com\/site\/#\/schema\/logo\/image\/","url":"https:\/\/www.notibras.com\/site\/wp-content\/uploads\/2023\/01\/notibras23.png","contentUrl":"https:\/\/www.notibras.com\/site\/wp-content\/uploads\/2023\/01\/notibras23.png","width":350,"height":87,"caption":"Grupo Notibras de Comunica\u00e7\u00e3o"},"image":{"@id":"https:\/\/www.notibras.com\/site\/#\/schema\/logo\/image\/"},"sameAs":["https:\/\/www.facebook.com\/notibras\/","https:\/\/x.com\/Notibras","https:\/\/www.instagram.com\/notibras\/"]},{"@type":"Person","@id":"https:\/\/www.notibras.com\/site\/#\/schema\/person\/36ab0979449956132d3e5b517ea76ac8","name":"Reda\u00e7\u00e3o","image":{"@type":"ImageObject","inLanguage":"pt-BR","@id":"https:\/\/secure.gravatar.com\/avatar\/e0a867bdedb85fd243eadf09663511f96fc81e0720a4a42581f334ad4303aa6b?s=96&d=mm&r=g","url":"https:\/\/secure.gravatar.com\/avatar\/e0a867bdedb85fd243eadf09663511f96fc81e0720a4a42581f334ad4303aa6b?s=96&d=mm&r=g","contentUrl":"https:\/\/secure.gravatar.com\/avatar\/e0a867bdedb85fd243eadf09663511f96fc81e0720a4a42581f334ad4303aa6b?s=96&d=mm&r=g","caption":"Reda\u00e7\u00e3o"}}]}},"amp_enabled":true,"_links":{"self":[{"href":"https:\/\/www.notibras.com\/site\/wp-json\/wp\/v2\/posts\/376640","targetHints":{"allow":["GET"]}}],"collection":[{"href":"https:\/\/www.notibras.com\/site\/wp-json\/wp\/v2\/posts"}],"about":[{"href":"https:\/\/www.notibras.com\/site\/wp-json\/wp\/v2\/types\/post"}],"author":[{"embeddable":true,"href":"https:\/\/www.notibras.com\/site\/wp-json\/wp\/v2\/users\/2"}],"replies":[{"embeddable":true,"href":"https:\/\/www.notibras.com\/site\/wp-json\/wp\/v2\/comments?post=376640"}],"version-history":[{"count":1,"href":"https:\/\/www.notibras.com\/site\/wp-json\/wp\/v2\/posts\/376640\/revisions"}],"predecessor-version":[{"id":376642,"href":"https:\/\/www.notibras.com\/site\/wp-json\/wp\/v2\/posts\/376640\/revisions\/376642"}],"wp:featuredmedia":[{"embeddable":true,"href":"https:\/\/www.notibras.com\/site\/wp-json\/wp\/v2\/media\/376641"}],"wp:attachment":[{"href":"https:\/\/www.notibras.com\/site\/wp-json\/wp\/v2\/media?parent=376640"}],"wp:term":[{"taxonomy":"category","embeddable":true,"href":"https:\/\/www.notibras.com\/site\/wp-json\/wp\/v2\/categories?post=376640"},{"taxonomy":"post_tag","embeddable":true,"href":"https:\/\/www.notibras.com\/site\/wp-json\/wp\/v2\/tags?post=376640"}],"curies":[{"name":"wp","href":"https:\/\/api.w.org\/{rel}","templated":true}]}}