{"id":376643,"date":"2025-12-28T00:00:42","date_gmt":"2025-12-28T03:00:42","guid":{"rendered":"https:\/\/www.notibras.com\/site\/?p=376643"},"modified":"2025-12-28T05:48:14","modified_gmt":"2025-12-28T08:48:14","slug":"justica-mantem-prisoes-de-golpistas-apos-audiencia-de-custodia","status":"publish","type":"post","link":"https:\/\/www.notibras.com\/site\/justica-mantem-prisoes-de-golpistas-apos-audiencia-de-custodia\/","title":{"rendered":"Justi\u00e7a mant\u00e9m pris\u00f5es de golpistas ap\u00f3s audi\u00eancia de cust\u00f3dia"},"content":{"rendered":"<p>As pris\u00f5es domiciliares de oito condenados pela trama golpista foram mantidas neste s\u00e1bado (27) ap\u00f3s audi\u00eancia realizada pela ju\u00edza Luciana Yuki Fugishita Sorrentino, auxiliar do gabinete do ministro Alexandre de Moraes, do Supremo Tribunal Federal (STF).<\/p>\n<p>Moraes decretou a pris\u00e3o domiciliar de dez condenados. A lista de alvos \u00e9 formada por sete militares do Ex\u00e9rcito, uma delegada da Pol\u00edcia Federal, o presidente do Instituto Voto Legal, Carlos Cesar Moretzsohn Rocha e Filipe Martins, ex-assessor de Assuntos Internacionais do ex-presidente Jair Bolsonaro.<\/p>\n<p>Carlos Rocha n\u00e3o foi encontrado pela Pol\u00edcia Federal e \u00e9 considerado foragido.<\/p>\n<p>O mandado de pris\u00e3o domiciliar contra o tenente-coronel do Ex\u00e9rcito, Guilherme Marques de Almeida, tamb\u00e9m n\u00e3o foi cumprido. Ele viajou para a Bahia, mas se comprometeu a retornar para Goi\u00e2nia e iniciar o cumprimento da medida.<\/p>\n<p>As pris\u00f5es domiciliares foram determinadas por Alexandre de Moraes para evitar novas fugas. Na sexta-feira (26), o ex-diretor da Pol\u00edcia Rodovi\u00e1ria Federal (PRF) Silvinei Vasques foi detido por autoridades locais ap\u00f3s fugir para o Paraguai e tentar embarcar para El Salvador com passaporte falso.<\/p>\n<p>No entendimento de Moraes, h\u00e1 uma estrat\u00e9gia dos condenados pelos atos golpistas para fugir do pa\u00eds. O ministro citou diversos casos de fuga de r\u00e9us nas a\u00e7\u00f5es penais do 8 de janeiro, entre eles, a do ex-deputado Alexandre Ramagem.<\/p>\n<p>\u201cO modus operandi da organiza\u00e7\u00e3o criminosa condenada pelo Supremo Tribunal Federal indica a possibilidade de planejamento e execu\u00e7\u00e3o de fugas para fora do territ\u00f3rio nacional, como feito pelo r\u00e9u Alexandre Ramagem, inclusive com a ajuda de terceiros\u201d, afirmou o ministro.<\/p>\n","protected":false},"excerpt":{"rendered":"<p>As pris\u00f5es domiciliares de oito condenados pela trama golpista foram mantidas neste s\u00e1bado (27) ap\u00f3s audi\u00eancia realizada pela ju\u00edza Luciana Yuki Fugishita Sorrentino, auxiliar do gabinete do ministro Alexandre de Moraes, do Supremo Tribunal Federal (STF). Moraes decretou a pris\u00e3o domiciliar de dez condenados. A lista de alvos \u00e9 formada por sete militares do Ex\u00e9rcito, [&hellip;]<\/p>\n","protected":false},"author":2,"featured_media":376644,"comment_status":"closed","ping_status":"closed","sticky":false,"template":"","format":"standard","meta":{"_acf_changed":false,"footnotes":""},"categories":[16],"tags":[],"class_list":["post-376643","post","type-post","status-publish","format-standard","has-post-thumbnail","hentry","category-brasil"],"acf":[],"yoast_head":"<!-- This site is optimized with the Yoast SEO plugin v27.5 - https:\/\/yoast.com\/product\/yoast-seo-wordpress\/ -->\n<title>Justi\u00e7a mant\u00e9m pris\u00f5es de golpistas ap\u00f3s audi\u00eancia de cust\u00f3dia - Notibras<\/title>\n<meta name=\"robots\" content=\"index, follow, max-snippet:-1, max-image-preview:large, max-video-preview:-1\" \/>\n<link rel=\"canonical\" href=\"https:\/\/www.notibras.com\/site\/justica-mantem-prisoes-de-golpistas-apos-audiencia-de-custodia\/\" \/>\n<meta property=\"og:locale\" content=\"pt_BR\" \/>\n<meta property=\"og:type\" content=\"article\" \/>\n<meta property=\"og:title\" content=\"Justi\u00e7a mant\u00e9m pris\u00f5es de golpistas ap\u00f3s audi\u00eancia de cust\u00f3dia - Notibras\" \/>\n<meta property=\"og:description\" content=\"As pris\u00f5es domiciliares de oito condenados pela trama golpista foram mantidas neste s\u00e1bado (27) ap\u00f3s audi\u00eancia realizada pela ju\u00edza Luciana Yuki Fugishita Sorrentino, auxiliar do gabinete do ministro Alexandre de Moraes, do Supremo Tribunal Federal (STF). Moraes decretou a pris\u00e3o domiciliar de dez condenados. A lista de alvos \u00e9 formada por sete militares do Ex\u00e9rcito, [&hellip;]\" \/>\n<meta property=\"og:url\" content=\"https:\/\/www.notibras.com\/site\/justica-mantem-prisoes-de-golpistas-apos-audiencia-de-custodia\/\" \/>\n<meta property=\"og:site_name\" content=\"Notibras\" \/>\n<meta property=\"article:publisher\" content=\"https:\/\/www.facebook.com\/notibras\/\" \/>\n<meta property=\"article:published_time\" content=\"2025-12-28T03:00:42+00:00\" \/>\n<meta property=\"article:modified_time\" content=\"2025-12-28T08:48:14+00:00\" \/>\n<meta property=\"og:image\" content=\"https:\/\/www.notibras.com\/site\/wp-content\/uploads\/2025\/12\/pf_e_policia_civil_apuram_assassinato_de_filho_de_cacique_no_parana-2.webp\" \/>\n\t<meta property=\"og:image:width\" content=\"1170\" \/>\n\t<meta property=\"og:image:height\" content=\"700\" \/>\n\t<meta property=\"og:image:type\" content=\"image\/webp\" \/>\n<meta name=\"author\" content=\"Reda\u00e7\u00e3o\" \/>\n<meta name=\"twitter:card\" content=\"summary_large_image\" \/>\n<meta name=\"twitter:creator\" content=\"@Notibras\" \/>\n<meta name=\"twitter:site\" content=\"@Notibras\" \/>\n<meta name=\"twitter:label1\" content=\"Escrito por\" \/>\n\t<meta name=\"twitter:data1\" content=\"Reda\u00e7\u00e3o\" \/>\n\t<meta name=\"twitter:label2\" content=\"Est. tempo de leitura\" \/>\n\t<meta name=\"twitter:data2\" content=\"2 minutos\" \/>\n<script type=\"application\/ld+json\" class=\"yoast-schema-graph\">{\"@context\":\"https:\\\/\\\/schema.org\",\"@graph\":[{\"@type\":\"Article\",\"@id\":\"https:\\\/\\\/www.notibras.com\\\/site\\\/justica-mantem-prisoes-de-golpistas-apos-audiencia-de-custodia\\\/#article\",\"isPartOf\":{\"@id\":\"https:\\\/\\\/www.notibras.com\\\/site\\\/justica-mantem-prisoes-de-golpistas-apos-audiencia-de-custodia\\\/\"},\"author\":{\"name\":\"Reda\u00e7\u00e3o\",\"@id\":\"https:\\\/\\\/www.notibras.com\\\/site\\\/#\\\/schema\\\/person\\\/36ab0979449956132d3e5b517ea76ac8\"},\"headline\":\"Justi\u00e7a mant\u00e9m pris\u00f5es de golpistas ap\u00f3s audi\u00eancia de cust\u00f3dia\",\"datePublished\":\"2025-12-28T03:00:42+00:00\",\"dateModified\":\"2025-12-28T08:48:14+00:00\",\"mainEntityOfPage\":{\"@id\":\"https:\\\/\\\/www.notibras.com\\\/site\\\/justica-mantem-prisoes-de-golpistas-apos-audiencia-de-custodia\\\/\"},\"wordCount\":289,\"publisher\":{\"@id\":\"https:\\\/\\\/www.notibras.com\\\/site\\\/#organization\"},\"image\":{\"@id\":\"https:\\\/\\\/www.notibras.com\\\/site\\\/justica-mantem-prisoes-de-golpistas-apos-audiencia-de-custodia\\\/#primaryimage\"},\"thumbnailUrl\":\"https:\\\/\\\/www.notibras.com\\\/site\\\/wp-content\\\/uploads\\\/2025\\\/12\\\/pf_e_policia_civil_apuram_assassinato_de_filho_de_cacique_no_parana-2.webp\",\"articleSection\":[\"Brasil\"],\"inLanguage\":\"pt-BR\"},{\"@type\":\"WebPage\",\"@id\":\"https:\\\/\\\/www.notibras.com\\\/site\\\/justica-mantem-prisoes-de-golpistas-apos-audiencia-de-custodia\\\/\",\"url\":\"https:\\\/\\\/www.notibras.com\\\/site\\\/justica-mantem-prisoes-de-golpistas-apos-audiencia-de-custodia\\\/\",\"name\":\"Justi\u00e7a mant\u00e9m pris\u00f5es de golpistas ap\u00f3s audi\u00eancia de cust\u00f3dia - Notibras\",\"isPartOf\":{\"@id\":\"https:\\\/\\\/www.notibras.com\\\/site\\\/#website\"},\"primaryImageOfPage\":{\"@id\":\"https:\\\/\\\/www.notibras.com\\\/site\\\/justica-mantem-prisoes-de-golpistas-apos-audiencia-de-custodia\\\/#primaryimage\"},\"image\":{\"@id\":\"https:\\\/\\\/www.notibras.com\\\/site\\\/justica-mantem-prisoes-de-golpistas-apos-audiencia-de-custodia\\\/#primaryimage\"},\"thumbnailUrl\":\"https:\\\/\\\/www.notibras.com\\\/site\\\/wp-content\\\/uploads\\\/2025\\\/12\\\/pf_e_policia_civil_apuram_assassinato_de_filho_de_cacique_no_parana-2.webp\",\"datePublished\":\"2025-12-28T03:00:42+00:00\",\"dateModified\":\"2025-12-28T08:48:14+00:00\",\"breadcrumb\":{\"@id\":\"https:\\\/\\\/www.notibras.com\\\/site\\\/justica-mantem-prisoes-de-golpistas-apos-audiencia-de-custodia\\\/#breadcrumb\"},\"inLanguage\":\"pt-BR\",\"potentialAction\":[{\"@type\":\"ReadAction\",\"target\":[\"https:\\\/\\\/www.notibras.com\\\/site\\\/justica-mantem-prisoes-de-golpistas-apos-audiencia-de-custodia\\\/\"]}]},{\"@type\":\"ImageObject\",\"inLanguage\":\"pt-BR\",\"@id\":\"https:\\\/\\\/www.notibras.com\\\/site\\\/justica-mantem-prisoes-de-golpistas-apos-audiencia-de-custodia\\\/#primaryimage\",\"url\":\"https:\\\/\\\/www.notibras.com\\\/site\\\/wp-content\\\/uploads\\\/2025\\\/12\\\/pf_e_policia_civil_apuram_assassinato_de_filho_de_cacique_no_parana-2.webp\",\"contentUrl\":\"https:\\\/\\\/www.notibras.com\\\/site\\\/wp-content\\\/uploads\\\/2025\\\/12\\\/pf_e_policia_civil_apuram_assassinato_de_filho_de_cacique_no_parana-2.webp\",\"width\":1170,\"height\":700},{\"@type\":\"BreadcrumbList\",\"@id\":\"https:\\\/\\\/www.notibras.com\\\/site\\\/justica-mantem-prisoes-de-golpistas-apos-audiencia-de-custodia\\\/#breadcrumb\",\"itemListElement\":[{\"@type\":\"ListItem\",\"position\":1,\"name\":\"In\u00edcio\",\"item\":\"https:\\\/\\\/www.notibras.com\\\/site\\\/\"},{\"@type\":\"ListItem\",\"position\":2,\"name\":\"Justi\u00e7a mant\u00e9m pris\u00f5es de golpistas ap\u00f3s audi\u00eancia de cust\u00f3dia\"}]},{\"@type\":\"WebSite\",\"@id\":\"https:\\\/\\\/www.notibras.com\\\/site\\\/#website\",\"url\":\"https:\\\/\\\/www.notibras.com\\\/site\\\/\",\"name\":\"Notibras\",\"description\":\"Not\u00edcias de Bras\u00edlia, do Brasil e do Mundo\",\"publisher\":{\"@id\":\"https:\\\/\\\/www.notibras.com\\\/site\\\/#organization\"},\"potentialAction\":[{\"@type\":\"SearchAction\",\"target\":{\"@type\":\"EntryPoint\",\"urlTemplate\":\"https:\\\/\\\/www.notibras.com\\\/site\\\/?s={search_term_string}\"},\"query-input\":{\"@type\":\"PropertyValueSpecification\",\"valueRequired\":true,\"valueName\":\"search_term_string\"}}],\"inLanguage\":\"pt-BR\"},{\"@type\":\"Organization\",\"@id\":\"https:\\\/\\\/www.notibras.com\\\/site\\\/#organization\",\"name\":\"Grupo Notibras de Comunica\u00e7\u00e3o\",\"url\":\"https:\\\/\\\/www.notibras.com\\\/site\\\/\",\"logo\":{\"@type\":\"ImageObject\",\"inLanguage\":\"pt-BR\",\"@id\":\"https:\\\/\\\/www.notibras.com\\\/site\\\/#\\\/schema\\\/logo\\\/image\\\/\",\"url\":\"https:\\\/\\\/www.notibras.com\\\/site\\\/wp-content\\\/uploads\\\/2023\\\/01\\\/notibras23.png\",\"contentUrl\":\"https:\\\/\\\/www.notibras.com\\\/site\\\/wp-content\\\/uploads\\\/2023\\\/01\\\/notibras23.png\",\"width\":350,\"height\":87,\"caption\":\"Grupo Notibras de Comunica\u00e7\u00e3o\"},\"image\":{\"@id\":\"https:\\\/\\\/www.notibras.com\\\/site\\\/#\\\/schema\\\/logo\\\/image\\\/\"},\"sameAs\":[\"https:\\\/\\\/www.facebook.com\\\/notibras\\\/\",\"https:\\\/\\\/x.com\\\/Notibras\",\"https:\\\/\\\/www.instagram.com\\\/notibras\\\/\"]},{\"@type\":\"Person\",\"@id\":\"https:\\\/\\\/www.notibras.com\\\/site\\\/#\\\/schema\\\/person\\\/36ab0979449956132d3e5b517ea76ac8\",\"name\":\"Reda\u00e7\u00e3o\",\"image\":{\"@type\":\"ImageObject\",\"inLanguage\":\"pt-BR\",\"@id\":\"https:\\\/\\\/secure.gravatar.com\\\/avatar\\\/e0a867bdedb85fd243eadf09663511f96fc81e0720a4a42581f334ad4303aa6b?s=96&d=mm&r=g\",\"url\":\"https:\\\/\\\/secure.gravatar.com\\\/avatar\\\/e0a867bdedb85fd243eadf09663511f96fc81e0720a4a42581f334ad4303aa6b?s=96&d=mm&r=g\",\"contentUrl\":\"https:\\\/\\\/secure.gravatar.com\\\/avatar\\\/e0a867bdedb85fd243eadf09663511f96fc81e0720a4a42581f334ad4303aa6b?s=96&d=mm&r=g\",\"caption\":\"Reda\u00e7\u00e3o\"}}]}<\/script>\n<!-- \/ Yoast SEO plugin. -->","yoast_head_json":{"title":"Justi\u00e7a mant\u00e9m pris\u00f5es de golpistas ap\u00f3s audi\u00eancia de cust\u00f3dia - Notibras","robots":{"index":"index","follow":"follow","max-snippet":"max-snippet:-1","max-image-preview":"max-image-preview:large","max-video-preview":"max-video-preview:-1"},"canonical":"https:\/\/www.notibras.com\/site\/justica-mantem-prisoes-de-golpistas-apos-audiencia-de-custodia\/","og_locale":"pt_BR","og_type":"article","og_title":"Justi\u00e7a mant\u00e9m pris\u00f5es de golpistas ap\u00f3s audi\u00eancia de cust\u00f3dia - Notibras","og_description":"As pris\u00f5es domiciliares de oito condenados pela trama golpista foram mantidas neste s\u00e1bado (27) ap\u00f3s audi\u00eancia realizada pela ju\u00edza Luciana Yuki Fugishita Sorrentino, auxiliar do gabinete do ministro Alexandre de Moraes, do Supremo Tribunal Federal (STF). Moraes decretou a pris\u00e3o domiciliar de dez condenados. A lista de alvos \u00e9 formada por sete militares do Ex\u00e9rcito, [&hellip;]","og_url":"https:\/\/www.notibras.com\/site\/justica-mantem-prisoes-de-golpistas-apos-audiencia-de-custodia\/","og_site_name":"Notibras","article_publisher":"https:\/\/www.facebook.com\/notibras\/","article_published_time":"2025-12-28T03:00:42+00:00","article_modified_time":"2025-12-28T08:48:14+00:00","og_image":[{"width":1170,"height":700,"url":"https:\/\/www.notibras.com\/site\/wp-content\/uploads\/2025\/12\/pf_e_policia_civil_apuram_assassinato_de_filho_de_cacique_no_parana-2.webp","type":"image\/webp"}],"author":"Reda\u00e7\u00e3o","twitter_card":"summary_large_image","twitter_creator":"@Notibras","twitter_site":"@Notibras","twitter_misc":{"Escrito por":"Reda\u00e7\u00e3o","Est. tempo de leitura":"2 minutos"},"schema":{"@context":"https:\/\/schema.org","@graph":[{"@type":"Article","@id":"https:\/\/www.notibras.com\/site\/justica-mantem-prisoes-de-golpistas-apos-audiencia-de-custodia\/#article","isPartOf":{"@id":"https:\/\/www.notibras.com\/site\/justica-mantem-prisoes-de-golpistas-apos-audiencia-de-custodia\/"},"author":{"name":"Reda\u00e7\u00e3o","@id":"https:\/\/www.notibras.com\/site\/#\/schema\/person\/36ab0979449956132d3e5b517ea76ac8"},"headline":"Justi\u00e7a mant\u00e9m pris\u00f5es de golpistas ap\u00f3s audi\u00eancia de cust\u00f3dia","datePublished":"2025-12-28T03:00:42+00:00","dateModified":"2025-12-28T08:48:14+00:00","mainEntityOfPage":{"@id":"https:\/\/www.notibras.com\/site\/justica-mantem-prisoes-de-golpistas-apos-audiencia-de-custodia\/"},"wordCount":289,"publisher":{"@id":"https:\/\/www.notibras.com\/site\/#organization"},"image":{"@id":"https:\/\/www.notibras.com\/site\/justica-mantem-prisoes-de-golpistas-apos-audiencia-de-custodia\/#primaryimage"},"thumbnailUrl":"https:\/\/www.notibras.com\/site\/wp-content\/uploads\/2025\/12\/pf_e_policia_civil_apuram_assassinato_de_filho_de_cacique_no_parana-2.webp","articleSection":["Brasil"],"inLanguage":"pt-BR"},{"@type":"WebPage","@id":"https:\/\/www.notibras.com\/site\/justica-mantem-prisoes-de-golpistas-apos-audiencia-de-custodia\/","url":"https:\/\/www.notibras.com\/site\/justica-mantem-prisoes-de-golpistas-apos-audiencia-de-custodia\/","name":"Justi\u00e7a mant\u00e9m pris\u00f5es de golpistas ap\u00f3s audi\u00eancia de cust\u00f3dia - Notibras","isPartOf":{"@id":"https:\/\/www.notibras.com\/site\/#website"},"primaryImageOfPage":{"@id":"https:\/\/www.notibras.com\/site\/justica-mantem-prisoes-de-golpistas-apos-audiencia-de-custodia\/#primaryimage"},"image":{"@id":"https:\/\/www.notibras.com\/site\/justica-mantem-prisoes-de-golpistas-apos-audiencia-de-custodia\/#primaryimage"},"thumbnailUrl":"https:\/\/www.notibras.com\/site\/wp-content\/uploads\/2025\/12\/pf_e_policia_civil_apuram_assassinato_de_filho_de_cacique_no_parana-2.webp","datePublished":"2025-12-28T03:00:42+00:00","dateModified":"2025-12-28T08:48:14+00:00","breadcrumb":{"@id":"https:\/\/www.notibras.com\/site\/justica-mantem-prisoes-de-golpistas-apos-audiencia-de-custodia\/#breadcrumb"},"inLanguage":"pt-BR","potentialAction":[{"@type":"ReadAction","target":["https:\/\/www.notibras.com\/site\/justica-mantem-prisoes-de-golpistas-apos-audiencia-de-custodia\/"]}]},{"@type":"ImageObject","inLanguage":"pt-BR","@id":"https:\/\/www.notibras.com\/site\/justica-mantem-prisoes-de-golpistas-apos-audiencia-de-custodia\/#primaryimage","url":"https:\/\/www.notibras.com\/site\/wp-content\/uploads\/2025\/12\/pf_e_policia_civil_apuram_assassinato_de_filho_de_cacique_no_parana-2.webp","contentUrl":"https:\/\/www.notibras.com\/site\/wp-content\/uploads\/2025\/12\/pf_e_policia_civil_apuram_assassinato_de_filho_de_cacique_no_parana-2.webp","width":1170,"height":700},{"@type":"BreadcrumbList","@id":"https:\/\/www.notibras.com\/site\/justica-mantem-prisoes-de-golpistas-apos-audiencia-de-custodia\/#breadcrumb","itemListElement":[{"@type":"ListItem","position":1,"name":"In\u00edcio","item":"https:\/\/www.notibras.com\/site\/"},{"@type":"ListItem","position":2,"name":"Justi\u00e7a mant\u00e9m pris\u00f5es de golpistas ap\u00f3s audi\u00eancia de cust\u00f3dia"}]},{"@type":"WebSite","@id":"https:\/\/www.notibras.com\/site\/#website","url":"https:\/\/www.notibras.com\/site\/","name":"Notibras","description":"Not\u00edcias de Bras\u00edlia, do Brasil e do Mundo","publisher":{"@id":"https:\/\/www.notibras.com\/site\/#organization"},"potentialAction":[{"@type":"SearchAction","target":{"@type":"EntryPoint","urlTemplate":"https:\/\/www.notibras.com\/site\/?s={search_term_string}"},"query-input":{"@type":"PropertyValueSpecification","valueRequired":true,"valueName":"search_term_string"}}],"inLanguage":"pt-BR"},{"@type":"Organization","@id":"https:\/\/www.notibras.com\/site\/#organization","name":"Grupo Notibras de Comunica\u00e7\u00e3o","url":"https:\/\/www.notibras.com\/site\/","logo":{"@type":"ImageObject","inLanguage":"pt-BR","@id":"https:\/\/www.notibras.com\/site\/#\/schema\/logo\/image\/","url":"https:\/\/www.notibras.com\/site\/wp-content\/uploads\/2023\/01\/notibras23.png","contentUrl":"https:\/\/www.notibras.com\/site\/wp-content\/uploads\/2023\/01\/notibras23.png","width":350,"height":87,"caption":"Grupo Notibras de Comunica\u00e7\u00e3o"},"image":{"@id":"https:\/\/www.notibras.com\/site\/#\/schema\/logo\/image\/"},"sameAs":["https:\/\/www.facebook.com\/notibras\/","https:\/\/x.com\/Notibras","https:\/\/www.instagram.com\/notibras\/"]},{"@type":"Person","@id":"https:\/\/www.notibras.com\/site\/#\/schema\/person\/36ab0979449956132d3e5b517ea76ac8","name":"Reda\u00e7\u00e3o","image":{"@type":"ImageObject","inLanguage":"pt-BR","@id":"https:\/\/secure.gravatar.com\/avatar\/e0a867bdedb85fd243eadf09663511f96fc81e0720a4a42581f334ad4303aa6b?s=96&d=mm&r=g","url":"https:\/\/secure.gravatar.com\/avatar\/e0a867bdedb85fd243eadf09663511f96fc81e0720a4a42581f334ad4303aa6b?s=96&d=mm&r=g","contentUrl":"https:\/\/secure.gravatar.com\/avatar\/e0a867bdedb85fd243eadf09663511f96fc81e0720a4a42581f334ad4303aa6b?s=96&d=mm&r=g","caption":"Reda\u00e7\u00e3o"}}]}},"amp_enabled":true,"_links":{"self":[{"href":"https:\/\/www.notibras.com\/site\/wp-json\/wp\/v2\/posts\/376643","targetHints":{"allow":["GET"]}}],"collection":[{"href":"https:\/\/www.notibras.com\/site\/wp-json\/wp\/v2\/posts"}],"about":[{"href":"https:\/\/www.notibras.com\/site\/wp-json\/wp\/v2\/types\/post"}],"author":[{"embeddable":true,"href":"https:\/\/www.notibras.com\/site\/wp-json\/wp\/v2\/users\/2"}],"replies":[{"embeddable":true,"href":"https:\/\/www.notibras.com\/site\/wp-json\/wp\/v2\/comments?post=376643"}],"version-history":[{"count":1,"href":"https:\/\/www.notibras.com\/site\/wp-json\/wp\/v2\/posts\/376643\/revisions"}],"predecessor-version":[{"id":376645,"href":"https:\/\/www.notibras.com\/site\/wp-json\/wp\/v2\/posts\/376643\/revisions\/376645"}],"wp:featuredmedia":[{"embeddable":true,"href":"https:\/\/www.notibras.com\/site\/wp-json\/wp\/v2\/media\/376644"}],"wp:attachment":[{"href":"https:\/\/www.notibras.com\/site\/wp-json\/wp\/v2\/media?parent=376643"}],"wp:term":[{"taxonomy":"category","embeddable":true,"href":"https:\/\/www.notibras.com\/site\/wp-json\/wp\/v2\/categories?post=376643"},{"taxonomy":"post_tag","embeddable":true,"href":"https:\/\/www.notibras.com\/site\/wp-json\/wp\/v2\/tags?post=376643"}],"curies":[{"name":"wp","href":"https:\/\/api.w.org\/{rel}","templated":true}]}}