{"id":376655,"date":"2025-12-28T00:10:04","date_gmt":"2025-12-28T03:10:04","guid":{"rendered":"https:\/\/www.notibras.com\/site\/?p=376655"},"modified":"2025-12-28T06:11:36","modified_gmt":"2025-12-28T09:11:36","slug":"os-fogos-de-artificios-e-os-riscos-que-nos-cercam","status":"publish","type":"post","link":"https:\/\/www.notibras.com\/site\/os-fogos-de-artificios-e-os-riscos-que-nos-cercam\/","title":{"rendered":"Os fogos de artif\u00edcios e os riscos que nos cercam"},"content":{"rendered":"<p>As festas de final de ano s\u00e3o momentos de alegria, empolga\u00e7\u00e3o e confraterniza\u00e7\u00e3o, mas trazem novamente para o debate o uso de fogos de artif\u00edcios com estampido. O tema \u00e9 sens\u00edvel e preocupa fam\u00edlias, profissionais da sa\u00fade e defensores da causa animal, uma vez que o uso desse tipo de artefato envolve riscos graves, especialmente para animais, idosos, crian\u00e7as neurodivergentes e pacientes hospitalizados.<\/p>\n<p>Entre outros pontos, a polui\u00e7\u00e3o sonora provocada pelos fogos de artif\u00edcio causa irritabilidade, dist\u00farbios do sono, doen\u00e7as metab\u00f3licas, cardiovasculares e digestivas. Al\u00e9m disso, pessoas com autismo, idosos e pacientes internados tamb\u00e9m podem sofrer crises, ansiedade severa e desregula\u00e7\u00e3o sensorial.<\/p>\n<p>No caso de pessoas com muita sensibilidade auditiva, a dica \u00e9 de prepara\u00e7\u00e3o e previsibilidade. Uma possibilidade \u00e9 o uso de fones de ouvido com cancelamento de ru\u00eddo ou de tamp\u00f5es intra-auriculares que podem ser \u00fateis para reduzir o impacto dos estalidos sonoros dos fogos.<\/p>\n<p>Em c\u00e3es e gatos, devido a audi\u00e7\u00e3o mais agu\u00e7ada, o barulho pode gerar estresse extremo e comportamento de fuga. C\u00e3es, gatos e aves interpretam o barulho como amea\u00e7a e, em desespero, podem se jogar de janelas, correr para as ruas e serem atropelados.<\/p>\n<p>O Conselho Federal de Medicina Veterin\u00e1ria recomenda que, para amenizar o estresse, os tutores permane\u00e7am pr\u00f3ximos aos animais durante as comemora\u00e7\u00f5es, proporcionando conforto e seguran\u00e7a.<\/p>\n<p>Al\u00e9m disso, \u00e9 recomendado manter os animais em um ambiente fechado e silencioso que abafe o ru\u00eddo dos fogos. O uso de brinquedos e atividades relaxantes tamb\u00e9m podem ajudar a distrair os pets.<\/p>\n<p>Outra medida \u00e9 a conten\u00e7\u00e3o, o uso de faixas de compress\u00e3o ou &#8220;roupas calmantes&#8221;, que d\u00e3o uma sensa\u00e7\u00e3o de seguran\u00e7a ao animal.<\/p>\n<p>No pa\u00eds, n\u00e3o h\u00e1 uma \u00fanica legisla\u00e7\u00e3o disciplinando ou proibindo a pr\u00e1tica. Um decreto de 1942 diz que a venda de fogos de artif\u00edcio com estampido \u00e9 proibida para menores de 18 anos de idade, nos casos em que com 0,25 centigramas de p\u00f3lvora. A legisla\u00e7\u00e3o diz ainda que a queima n\u00e3o pode acontecer nas proximidades dos hospitais, estabelecimentos de ensino, nas portas, janelas, terra\u00e7os, etc., dando para a via p\u00fablica e na pr\u00f3pria via p\u00fablica.<\/p>\n<p>Alguns estados como o Maranh\u00e3o, Rio Grande do Sul, S\u00e3o Paulo, Goi\u00e1s e Amap\u00e1, al\u00e9m do Distrito Federal, t\u00eam leis que tratam do uso de fogos de artif\u00edcio com estampido. Em geral, as legisla\u00e7\u00f5es pro\u00edbem o uso desses fogos a partir de uma quantidade de decib\u00e9is que varia de 70 a 100.<\/p>\n<p>Em 2023, o Supremo Tribunal Federal (STF) decidiu que os munic\u00edpios t\u00eam legitimidade para aprovar leis que pro\u00edbam a soltura de fogos de artif\u00edcio e artefatos pirot\u00e9cnicos que produzam estampido.<\/p>\n<p>A decis\u00e3o validou uma lei municipal de Itapetininga, em S\u00e3o Paulo. Outras cidades do estado como Caraguatatuba e Cubat\u00e3o, tamb\u00e9m t\u00eam legisla\u00e7\u00e3o sobre o uso de fogos de artif\u00edcio com estampido. Nas cidades de Joinville, no Paran\u00e1, Sapiranga, no Rio Grande do Sul, e capitais como Belo Horizonte, Campo Grande, S\u00e3o Lu\u00eds, S\u00e3o Paulo, Porto Alegre e Rio de Janeiro, a legisla\u00e7\u00e3o permite o uso de fogos sem estampidos ou com ru\u00eddo de at\u00e9 120 decib\u00e9is em eventos da prefeitura ou autorizados pelo Executivo municipal.<\/p>\n<p>No Congresso Nacional, tramita o Projeto de Lei 5\/2022 que pro\u00edbe a fabrica\u00e7\u00e3o, o armazenamento, a comercializa\u00e7\u00e3o e o uso de fogos de artif\u00edcio que produzam barulho acima de 70 decib\u00e9is. O texto, j\u00e1 aprovado no Senado, aguarda delibera\u00e7\u00e3o da C\u00e2mara dos Deputados.<\/p>\n","protected":false},"excerpt":{"rendered":"<p>As festas de final de ano s\u00e3o momentos de alegria, empolga\u00e7\u00e3o e confraterniza\u00e7\u00e3o, mas trazem novamente para o debate o uso de fogos de artif\u00edcios com estampido. O tema \u00e9 sens\u00edvel e preocupa fam\u00edlias, profissionais da sa\u00fade e defensores da causa animal, uma vez que o uso desse tipo de artefato envolve riscos graves, especialmente [&hellip;]<\/p>\n","protected":false},"author":2,"featured_media":376656,"comment_status":"closed","ping_status":"closed","sticky":false,"template":"","format":"standard","meta":{"_acf_changed":false,"footnotes":""},"categories":[155],"tags":[],"class_list":["post-376655","post","type-post","status-publish","format-standard","has-post-thumbnail","hentry","category-leitura-vip"],"acf":[],"yoast_head":"<!-- This site is optimized with the Yoast SEO plugin v27.5 - https:\/\/yoast.com\/product\/yoast-seo-wordpress\/ -->\n<title>Os fogos de artif\u00edcios e os riscos que nos cercam - Notibras<\/title>\n<meta name=\"robots\" content=\"index, follow, max-snippet:-1, max-image-preview:large, max-video-preview:-1\" \/>\n<link rel=\"canonical\" href=\"https:\/\/www.notibras.com\/site\/os-fogos-de-artificios-e-os-riscos-que-nos-cercam\/\" \/>\n<meta property=\"og:locale\" content=\"pt_BR\" \/>\n<meta property=\"og:type\" content=\"article\" \/>\n<meta property=\"og:title\" content=\"Os fogos de artif\u00edcios e os riscos que nos cercam - Notibras\" \/>\n<meta property=\"og:description\" content=\"As festas de final de ano s\u00e3o momentos de alegria, empolga\u00e7\u00e3o e confraterniza\u00e7\u00e3o, mas trazem novamente para o debate o uso de fogos de artif\u00edcios com estampido. O tema \u00e9 sens\u00edvel e preocupa fam\u00edlias, profissionais da sa\u00fade e defensores da causa animal, uma vez que o uso desse tipo de artefato envolve riscos graves, especialmente [&hellip;]\" \/>\n<meta property=\"og:url\" content=\"https:\/\/www.notibras.com\/site\/os-fogos-de-artificios-e-os-riscos-que-nos-cercam\/\" \/>\n<meta property=\"og:site_name\" content=\"Notibras\" \/>\n<meta property=\"article:publisher\" content=\"https:\/\/www.facebook.com\/notibras\/\" \/>\n<meta property=\"article:published_time\" content=\"2025-12-28T03:10:04+00:00\" \/>\n<meta property=\"article:modified_time\" content=\"2025-12-28T09:11:36+00:00\" \/>\n<meta property=\"og:image\" content=\"https:\/\/www.notibras.com\/site\/wp-content\/uploads\/2025\/12\/mca_fogos_abr_01012000013.webp\" \/>\n\t<meta property=\"og:image:width\" content=\"1170\" \/>\n\t<meta property=\"og:image:height\" content=\"700\" \/>\n\t<meta property=\"og:image:type\" content=\"image\/webp\" \/>\n<meta name=\"author\" content=\"Reda\u00e7\u00e3o\" \/>\n<meta name=\"twitter:card\" content=\"summary_large_image\" \/>\n<meta name=\"twitter:creator\" content=\"@Notibras\" \/>\n<meta name=\"twitter:site\" content=\"@Notibras\" \/>\n<meta name=\"twitter:label1\" content=\"Escrito por\" \/>\n\t<meta name=\"twitter:data1\" content=\"Reda\u00e7\u00e3o\" \/>\n\t<meta name=\"twitter:label2\" content=\"Est. tempo de leitura\" \/>\n\t<meta name=\"twitter:data2\" content=\"4 minutos\" \/>\n<script type=\"application\/ld+json\" class=\"yoast-schema-graph\">{\"@context\":\"https:\\\/\\\/schema.org\",\"@graph\":[{\"@type\":\"Article\",\"@id\":\"https:\\\/\\\/www.notibras.com\\\/site\\\/os-fogos-de-artificios-e-os-riscos-que-nos-cercam\\\/#article\",\"isPartOf\":{\"@id\":\"https:\\\/\\\/www.notibras.com\\\/site\\\/os-fogos-de-artificios-e-os-riscos-que-nos-cercam\\\/\"},\"author\":{\"name\":\"Reda\u00e7\u00e3o\",\"@id\":\"https:\\\/\\\/www.notibras.com\\\/site\\\/#\\\/schema\\\/person\\\/36ab0979449956132d3e5b517ea76ac8\"},\"headline\":\"Os fogos de artif\u00edcios e os riscos que nos cercam\",\"datePublished\":\"2025-12-28T03:10:04+00:00\",\"dateModified\":\"2025-12-28T09:11:36+00:00\",\"mainEntityOfPage\":{\"@id\":\"https:\\\/\\\/www.notibras.com\\\/site\\\/os-fogos-de-artificios-e-os-riscos-que-nos-cercam\\\/\"},\"wordCount\":635,\"publisher\":{\"@id\":\"https:\\\/\\\/www.notibras.com\\\/site\\\/#organization\"},\"image\":{\"@id\":\"https:\\\/\\\/www.notibras.com\\\/site\\\/os-fogos-de-artificios-e-os-riscos-que-nos-cercam\\\/#primaryimage\"},\"thumbnailUrl\":\"https:\\\/\\\/www.notibras.com\\\/site\\\/wp-content\\\/uploads\\\/2025\\\/12\\\/mca_fogos_abr_01012000013.webp\",\"articleSection\":[\"Leitura Vip\"],\"inLanguage\":\"pt-BR\"},{\"@type\":\"WebPage\",\"@id\":\"https:\\\/\\\/www.notibras.com\\\/site\\\/os-fogos-de-artificios-e-os-riscos-que-nos-cercam\\\/\",\"url\":\"https:\\\/\\\/www.notibras.com\\\/site\\\/os-fogos-de-artificios-e-os-riscos-que-nos-cercam\\\/\",\"name\":\"Os fogos de artif\u00edcios e os riscos que nos cercam - Notibras\",\"isPartOf\":{\"@id\":\"https:\\\/\\\/www.notibras.com\\\/site\\\/#website\"},\"primaryImageOfPage\":{\"@id\":\"https:\\\/\\\/www.notibras.com\\\/site\\\/os-fogos-de-artificios-e-os-riscos-que-nos-cercam\\\/#primaryimage\"},\"image\":{\"@id\":\"https:\\\/\\\/www.notibras.com\\\/site\\\/os-fogos-de-artificios-e-os-riscos-que-nos-cercam\\\/#primaryimage\"},\"thumbnailUrl\":\"https:\\\/\\\/www.notibras.com\\\/site\\\/wp-content\\\/uploads\\\/2025\\\/12\\\/mca_fogos_abr_01012000013.webp\",\"datePublished\":\"2025-12-28T03:10:04+00:00\",\"dateModified\":\"2025-12-28T09:11:36+00:00\",\"breadcrumb\":{\"@id\":\"https:\\\/\\\/www.notibras.com\\\/site\\\/os-fogos-de-artificios-e-os-riscos-que-nos-cercam\\\/#breadcrumb\"},\"inLanguage\":\"pt-BR\",\"potentialAction\":[{\"@type\":\"ReadAction\",\"target\":[\"https:\\\/\\\/www.notibras.com\\\/site\\\/os-fogos-de-artificios-e-os-riscos-que-nos-cercam\\\/\"]}]},{\"@type\":\"ImageObject\",\"inLanguage\":\"pt-BR\",\"@id\":\"https:\\\/\\\/www.notibras.com\\\/site\\\/os-fogos-de-artificios-e-os-riscos-que-nos-cercam\\\/#primaryimage\",\"url\":\"https:\\\/\\\/www.notibras.com\\\/site\\\/wp-content\\\/uploads\\\/2025\\\/12\\\/mca_fogos_abr_01012000013.webp\",\"contentUrl\":\"https:\\\/\\\/www.notibras.com\\\/site\\\/wp-content\\\/uploads\\\/2025\\\/12\\\/mca_fogos_abr_01012000013.webp\",\"width\":1170,\"height\":700},{\"@type\":\"BreadcrumbList\",\"@id\":\"https:\\\/\\\/www.notibras.com\\\/site\\\/os-fogos-de-artificios-e-os-riscos-que-nos-cercam\\\/#breadcrumb\",\"itemListElement\":[{\"@type\":\"ListItem\",\"position\":1,\"name\":\"In\u00edcio\",\"item\":\"https:\\\/\\\/www.notibras.com\\\/site\\\/\"},{\"@type\":\"ListItem\",\"position\":2,\"name\":\"Os fogos de artif\u00edcios e os riscos que nos cercam\"}]},{\"@type\":\"WebSite\",\"@id\":\"https:\\\/\\\/www.notibras.com\\\/site\\\/#website\",\"url\":\"https:\\\/\\\/www.notibras.com\\\/site\\\/\",\"name\":\"Notibras\",\"description\":\"Not\u00edcias de Bras\u00edlia, do Brasil e do Mundo\",\"publisher\":{\"@id\":\"https:\\\/\\\/www.notibras.com\\\/site\\\/#organization\"},\"potentialAction\":[{\"@type\":\"SearchAction\",\"target\":{\"@type\":\"EntryPoint\",\"urlTemplate\":\"https:\\\/\\\/www.notibras.com\\\/site\\\/?s={search_term_string}\"},\"query-input\":{\"@type\":\"PropertyValueSpecification\",\"valueRequired\":true,\"valueName\":\"search_term_string\"}}],\"inLanguage\":\"pt-BR\"},{\"@type\":\"Organization\",\"@id\":\"https:\\\/\\\/www.notibras.com\\\/site\\\/#organization\",\"name\":\"Grupo Notibras de Comunica\u00e7\u00e3o\",\"url\":\"https:\\\/\\\/www.notibras.com\\\/site\\\/\",\"logo\":{\"@type\":\"ImageObject\",\"inLanguage\":\"pt-BR\",\"@id\":\"https:\\\/\\\/www.notibras.com\\\/site\\\/#\\\/schema\\\/logo\\\/image\\\/\",\"url\":\"https:\\\/\\\/www.notibras.com\\\/site\\\/wp-content\\\/uploads\\\/2023\\\/01\\\/notibras23.png\",\"contentUrl\":\"https:\\\/\\\/www.notibras.com\\\/site\\\/wp-content\\\/uploads\\\/2023\\\/01\\\/notibras23.png\",\"width\":350,\"height\":87,\"caption\":\"Grupo Notibras de Comunica\u00e7\u00e3o\"},\"image\":{\"@id\":\"https:\\\/\\\/www.notibras.com\\\/site\\\/#\\\/schema\\\/logo\\\/image\\\/\"},\"sameAs\":[\"https:\\\/\\\/www.facebook.com\\\/notibras\\\/\",\"https:\\\/\\\/x.com\\\/Notibras\",\"https:\\\/\\\/www.instagram.com\\\/notibras\\\/\"]},{\"@type\":\"Person\",\"@id\":\"https:\\\/\\\/www.notibras.com\\\/site\\\/#\\\/schema\\\/person\\\/36ab0979449956132d3e5b517ea76ac8\",\"name\":\"Reda\u00e7\u00e3o\",\"image\":{\"@type\":\"ImageObject\",\"inLanguage\":\"pt-BR\",\"@id\":\"https:\\\/\\\/secure.gravatar.com\\\/avatar\\\/e0a867bdedb85fd243eadf09663511f96fc81e0720a4a42581f334ad4303aa6b?s=96&d=mm&r=g\",\"url\":\"https:\\\/\\\/secure.gravatar.com\\\/avatar\\\/e0a867bdedb85fd243eadf09663511f96fc81e0720a4a42581f334ad4303aa6b?s=96&d=mm&r=g\",\"contentUrl\":\"https:\\\/\\\/secure.gravatar.com\\\/avatar\\\/e0a867bdedb85fd243eadf09663511f96fc81e0720a4a42581f334ad4303aa6b?s=96&d=mm&r=g\",\"caption\":\"Reda\u00e7\u00e3o\"}}]}<\/script>\n<!-- \/ Yoast SEO plugin. -->","yoast_head_json":{"title":"Os fogos de artif\u00edcios e os riscos que nos cercam - Notibras","robots":{"index":"index","follow":"follow","max-snippet":"max-snippet:-1","max-image-preview":"max-image-preview:large","max-video-preview":"max-video-preview:-1"},"canonical":"https:\/\/www.notibras.com\/site\/os-fogos-de-artificios-e-os-riscos-que-nos-cercam\/","og_locale":"pt_BR","og_type":"article","og_title":"Os fogos de artif\u00edcios e os riscos que nos cercam - Notibras","og_description":"As festas de final de ano s\u00e3o momentos de alegria, empolga\u00e7\u00e3o e confraterniza\u00e7\u00e3o, mas trazem novamente para o debate o uso de fogos de artif\u00edcios com estampido. O tema \u00e9 sens\u00edvel e preocupa fam\u00edlias, profissionais da sa\u00fade e defensores da causa animal, uma vez que o uso desse tipo de artefato envolve riscos graves, especialmente [&hellip;]","og_url":"https:\/\/www.notibras.com\/site\/os-fogos-de-artificios-e-os-riscos-que-nos-cercam\/","og_site_name":"Notibras","article_publisher":"https:\/\/www.facebook.com\/notibras\/","article_published_time":"2025-12-28T03:10:04+00:00","article_modified_time":"2025-12-28T09:11:36+00:00","og_image":[{"width":1170,"height":700,"url":"https:\/\/www.notibras.com\/site\/wp-content\/uploads\/2025\/12\/mca_fogos_abr_01012000013.webp","type":"image\/webp"}],"author":"Reda\u00e7\u00e3o","twitter_card":"summary_large_image","twitter_creator":"@Notibras","twitter_site":"@Notibras","twitter_misc":{"Escrito por":"Reda\u00e7\u00e3o","Est. tempo de leitura":"4 minutos"},"schema":{"@context":"https:\/\/schema.org","@graph":[{"@type":"Article","@id":"https:\/\/www.notibras.com\/site\/os-fogos-de-artificios-e-os-riscos-que-nos-cercam\/#article","isPartOf":{"@id":"https:\/\/www.notibras.com\/site\/os-fogos-de-artificios-e-os-riscos-que-nos-cercam\/"},"author":{"name":"Reda\u00e7\u00e3o","@id":"https:\/\/www.notibras.com\/site\/#\/schema\/person\/36ab0979449956132d3e5b517ea76ac8"},"headline":"Os fogos de artif\u00edcios e os riscos que nos cercam","datePublished":"2025-12-28T03:10:04+00:00","dateModified":"2025-12-28T09:11:36+00:00","mainEntityOfPage":{"@id":"https:\/\/www.notibras.com\/site\/os-fogos-de-artificios-e-os-riscos-que-nos-cercam\/"},"wordCount":635,"publisher":{"@id":"https:\/\/www.notibras.com\/site\/#organization"},"image":{"@id":"https:\/\/www.notibras.com\/site\/os-fogos-de-artificios-e-os-riscos-que-nos-cercam\/#primaryimage"},"thumbnailUrl":"https:\/\/www.notibras.com\/site\/wp-content\/uploads\/2025\/12\/mca_fogos_abr_01012000013.webp","articleSection":["Leitura Vip"],"inLanguage":"pt-BR"},{"@type":"WebPage","@id":"https:\/\/www.notibras.com\/site\/os-fogos-de-artificios-e-os-riscos-que-nos-cercam\/","url":"https:\/\/www.notibras.com\/site\/os-fogos-de-artificios-e-os-riscos-que-nos-cercam\/","name":"Os fogos de artif\u00edcios e os riscos que nos cercam - Notibras","isPartOf":{"@id":"https:\/\/www.notibras.com\/site\/#website"},"primaryImageOfPage":{"@id":"https:\/\/www.notibras.com\/site\/os-fogos-de-artificios-e-os-riscos-que-nos-cercam\/#primaryimage"},"image":{"@id":"https:\/\/www.notibras.com\/site\/os-fogos-de-artificios-e-os-riscos-que-nos-cercam\/#primaryimage"},"thumbnailUrl":"https:\/\/www.notibras.com\/site\/wp-content\/uploads\/2025\/12\/mca_fogos_abr_01012000013.webp","datePublished":"2025-12-28T03:10:04+00:00","dateModified":"2025-12-28T09:11:36+00:00","breadcrumb":{"@id":"https:\/\/www.notibras.com\/site\/os-fogos-de-artificios-e-os-riscos-que-nos-cercam\/#breadcrumb"},"inLanguage":"pt-BR","potentialAction":[{"@type":"ReadAction","target":["https:\/\/www.notibras.com\/site\/os-fogos-de-artificios-e-os-riscos-que-nos-cercam\/"]}]},{"@type":"ImageObject","inLanguage":"pt-BR","@id":"https:\/\/www.notibras.com\/site\/os-fogos-de-artificios-e-os-riscos-que-nos-cercam\/#primaryimage","url":"https:\/\/www.notibras.com\/site\/wp-content\/uploads\/2025\/12\/mca_fogos_abr_01012000013.webp","contentUrl":"https:\/\/www.notibras.com\/site\/wp-content\/uploads\/2025\/12\/mca_fogos_abr_01012000013.webp","width":1170,"height":700},{"@type":"BreadcrumbList","@id":"https:\/\/www.notibras.com\/site\/os-fogos-de-artificios-e-os-riscos-que-nos-cercam\/#breadcrumb","itemListElement":[{"@type":"ListItem","position":1,"name":"In\u00edcio","item":"https:\/\/www.notibras.com\/site\/"},{"@type":"ListItem","position":2,"name":"Os fogos de artif\u00edcios e os riscos que nos cercam"}]},{"@type":"WebSite","@id":"https:\/\/www.notibras.com\/site\/#website","url":"https:\/\/www.notibras.com\/site\/","name":"Notibras","description":"Not\u00edcias de Bras\u00edlia, do Brasil e do Mundo","publisher":{"@id":"https:\/\/www.notibras.com\/site\/#organization"},"potentialAction":[{"@type":"SearchAction","target":{"@type":"EntryPoint","urlTemplate":"https:\/\/www.notibras.com\/site\/?s={search_term_string}"},"query-input":{"@type":"PropertyValueSpecification","valueRequired":true,"valueName":"search_term_string"}}],"inLanguage":"pt-BR"},{"@type":"Organization","@id":"https:\/\/www.notibras.com\/site\/#organization","name":"Grupo Notibras de Comunica\u00e7\u00e3o","url":"https:\/\/www.notibras.com\/site\/","logo":{"@type":"ImageObject","inLanguage":"pt-BR","@id":"https:\/\/www.notibras.com\/site\/#\/schema\/logo\/image\/","url":"https:\/\/www.notibras.com\/site\/wp-content\/uploads\/2023\/01\/notibras23.png","contentUrl":"https:\/\/www.notibras.com\/site\/wp-content\/uploads\/2023\/01\/notibras23.png","width":350,"height":87,"caption":"Grupo Notibras de Comunica\u00e7\u00e3o"},"image":{"@id":"https:\/\/www.notibras.com\/site\/#\/schema\/logo\/image\/"},"sameAs":["https:\/\/www.facebook.com\/notibras\/","https:\/\/x.com\/Notibras","https:\/\/www.instagram.com\/notibras\/"]},{"@type":"Person","@id":"https:\/\/www.notibras.com\/site\/#\/schema\/person\/36ab0979449956132d3e5b517ea76ac8","name":"Reda\u00e7\u00e3o","image":{"@type":"ImageObject","inLanguage":"pt-BR","@id":"https:\/\/secure.gravatar.com\/avatar\/e0a867bdedb85fd243eadf09663511f96fc81e0720a4a42581f334ad4303aa6b?s=96&d=mm&r=g","url":"https:\/\/secure.gravatar.com\/avatar\/e0a867bdedb85fd243eadf09663511f96fc81e0720a4a42581f334ad4303aa6b?s=96&d=mm&r=g","contentUrl":"https:\/\/secure.gravatar.com\/avatar\/e0a867bdedb85fd243eadf09663511f96fc81e0720a4a42581f334ad4303aa6b?s=96&d=mm&r=g","caption":"Reda\u00e7\u00e3o"}}]}},"amp_enabled":true,"_links":{"self":[{"href":"https:\/\/www.notibras.com\/site\/wp-json\/wp\/v2\/posts\/376655","targetHints":{"allow":["GET"]}}],"collection":[{"href":"https:\/\/www.notibras.com\/site\/wp-json\/wp\/v2\/posts"}],"about":[{"href":"https:\/\/www.notibras.com\/site\/wp-json\/wp\/v2\/types\/post"}],"author":[{"embeddable":true,"href":"https:\/\/www.notibras.com\/site\/wp-json\/wp\/v2\/users\/2"}],"replies":[{"embeddable":true,"href":"https:\/\/www.notibras.com\/site\/wp-json\/wp\/v2\/comments?post=376655"}],"version-history":[{"count":1,"href":"https:\/\/www.notibras.com\/site\/wp-json\/wp\/v2\/posts\/376655\/revisions"}],"predecessor-version":[{"id":376657,"href":"https:\/\/www.notibras.com\/site\/wp-json\/wp\/v2\/posts\/376655\/revisions\/376657"}],"wp:featuredmedia":[{"embeddable":true,"href":"https:\/\/www.notibras.com\/site\/wp-json\/wp\/v2\/media\/376656"}],"wp:attachment":[{"href":"https:\/\/www.notibras.com\/site\/wp-json\/wp\/v2\/media?parent=376655"}],"wp:term":[{"taxonomy":"category","embeddable":true,"href":"https:\/\/www.notibras.com\/site\/wp-json\/wp\/v2\/categories?post=376655"},{"taxonomy":"post_tag","embeddable":true,"href":"https:\/\/www.notibras.com\/site\/wp-json\/wp\/v2\/tags?post=376655"}],"curies":[{"name":"wp","href":"https:\/\/api.w.org\/{rel}","templated":true}]}}