{"id":376661,"date":"2025-12-28T00:00:03","date_gmt":"2025-12-28T03:00:03","guid":{"rendered":"https:\/\/www.notibras.com\/site\/?p=376661"},"modified":"2025-12-28T06:51:46","modified_gmt":"2025-12-28T09:51:46","slug":"rio-deve-agir-rapido-para-conter-efeitos-da-onda-de-calor","status":"publish","type":"post","link":"https:\/\/www.notibras.com\/site\/rio-deve-agir-rapido-para-conter-efeitos-da-onda-de-calor\/","title":{"rendered":"Rio deve agir r\u00e1pido para conter efeitos da onda de calor"},"content":{"rendered":"<p>O Minist\u00e9rio P\u00fablico Federal (MPF) e as Defensorias P\u00fablicas da Uni\u00e3o (DPU) e do estado do Rio de Janeiro (DPRJ) encaminharam ao governo do Rio de Janeiro e \u00e0 prefeitura da capital fluminense um pedido para que adotem recomenda\u00e7\u00f5es urgentes de enfrentamento \u00e0 onda de calor dos \u00faltimos dias.<\/p>\n<p>O of\u00edcio trata de \u201cado\u00e7\u00e3o de provid\u00eancias urgentes, coordenadas e intersetoriais de prote\u00e7\u00e3o dos grupos vulnerabilizados diante de cen\u00e1rios de calor extremo\u201d.<\/p>\n<p>O documento foi enviado ao governador Cl\u00e1udio Castro, ao prefeito Eduardo Paes e secret\u00e1rios, como os da pasta da Sa\u00fade, tanto na esfera municipal quanto estadual.<\/p>\n<p>O of\u00edcio aponta que as elevadas temperaturas configuram cen\u00e1rio de risco \u00e0 sa\u00fade e \u00e0 integridade f\u00edsica da popula\u00e7\u00e3o, \u201cespecialmente dos grupos em maior vulnerabilidade social e cl\u00ednica\u201d.<\/p>\n<p>Entre os impactos \u00e0 sa\u00fade, os \u00f3rg\u00e3os citam \u201cdesidrata\u00e7\u00e3o, exacerba\u00e7\u00e3o de doen\u00e7as cr\u00f4nicas, insola\u00e7\u00e3o, exaust\u00e3o t\u00e9rmica e, em casos extremos, o golpe de calor (heatstroke), que apresenta elevada taxa de mortalidade\u201d.<\/p>\n<p>MPF e as Defensorias destacam que os efeitos do calor extremo s\u00e3o sentidos de forma desigual, \u201cafetando desproporcionalmente popula\u00e7\u00f5es historicamente marginalizadas e em situa\u00e7\u00e3o de vulnerabilidade social\u201d.<\/p>\n<p><strong>Onda de calor<\/strong><br \/>\nDesde a tarde da v\u00e9spera de Natal (24), a cidade do Rio de Janeiro est\u00e1 no est\u00e1gio 3 de calor, em uma escala que vai at\u00e9 5. No n\u00edvel 3, h\u00e1 registro de \u00edndices de calor alto (36\u00b0C a 40\u00b0C), com previs\u00e3o de perman\u00eancia ou aumento por, ao menos, tr\u00eas dias seguidos.<\/p>\n<p>No dia 25, os term\u00f4metros marcaram 40,1\u00b0C, recorde do m\u00eas. Para este s\u00e1bado (27), a previs\u00e3o do Alerta Rio, sistema de meteorologia da prefeitura do Rio de Janeiro, \u00e9 temperatura m\u00e1xima em 38\u00b0C.<\/p>\n<p>Neste domingo (28) deve chegar a 40\u00b0C. Al\u00edvio com chuva s\u00f3 a partir de segunda-feira (29), mas ainda com temperatura perto de 40\u00b0C.<\/p>\n<p>O calor excessivo tem levado centenas de pessoas \u00e0s unidades de sa\u00fade. De acordo com a Secretaria Municipal de Sa\u00fade do Rio, a rede de urg\u00eancia registrou m\u00e9dia de 450 atendimentos por dia.<\/p>\n<p>Os casos mais comuns possivelmente relacionados ao calor s\u00e3o tontura, fraqueza e desmaios, al\u00e9m de queimaduras solares.<\/p>\n<p>No \u00e2mbito estadual, o governo alertou todos os 92 munic\u00edpios para os perigos do calor excessivo.<\/p>\n<p>O tempo quente d\u00e1 as caras tamb\u00e9m em grande parte do Brasil. A explica\u00e7\u00e3o est\u00e1 em um bloqueio atmosf\u00e9rico.<\/p>\n<p>O Instituto Nacional de Meteorologia (Inmet) emitiu alerta vermelho para onda de calor que atinge partes das regi\u00f5es Sudeste, Sul e Centro-Oeste.<\/p>\n<p><strong>Grupos vulner\u00e1veis<\/strong><br \/>\nNo of\u00edcio enviado ao estado e a prefeitura do Rio, o MPF e a Defensoria apontam os seguintes grupos de risco:<\/p>\n<p><strong>crian\u00e7as, especialmente lactentes, rec\u00e9m-nascidos e prematuros;<\/strong><br \/>\n<strong>idosos acima de 65 anos;<\/strong><br \/>\n<strong>gestantes e lactantes;<\/strong><br \/>\n<strong>pessoas de doen\u00e7as cr\u00f4nicas e com defici\u00eancia;<\/strong><br \/>\n<strong>trabalhadores ao ar livre e desportistas;<\/strong><br \/>\n<strong>indiv\u00edduos com restri\u00e7\u00e3o de mobilidade e acamados;<\/strong><br \/>\n<strong>popula\u00e7\u00e3o em situa\u00e7\u00e3o de rua.<\/strong><\/p>\n<p>Especificamente sobre popula\u00e7\u00e3o em situa\u00e7\u00e3o de rua, o comunicado cita que um protocolo municipal reconhece que a condi\u00e7\u00e3o cl\u00ednica \u00e9 agravada pela vulnerabilidade social, uma vez que:<\/p>\n<p>est\u00e3o mais expostas ao calor extremo devido ao menor acesso a ambientes refrigerados e \u00e0 prote\u00e7\u00e3o solar;<\/p>\n<p>sujeitas a elevada carga de morbidade por diversas condi\u00e7\u00f5es cl\u00ednicas determinadas socialmente;<\/p>\n<p>menor acesso a \u00e1gua pot\u00e1vel e resfriada, bem como a alimentos adequados.<\/p>\n<p>O MPF, DPU e DPRJ lembram que o pr\u00f3prio protocolo municipal orienta medidas como:<\/p>\n<p>ativa\u00e7\u00e3o de centros de hidrata\u00e7\u00e3o nas unidades de Aten\u00e7\u00e3o Prim\u00e1ria \u00e0 Sa\u00fade;<\/p>\n<p>designa\u00e7\u00e3o de pontos de resfriamento em locais com ar-condicionado ou refrigera\u00e7\u00e3o, com divulga\u00e7\u00e3o \u00e0 popula\u00e7\u00e3o;<\/p>\n<p>amplia\u00e7\u00e3o da oferta de esta\u00e7\u00f5es de hidrata\u00e7\u00e3o ou distribui\u00e7\u00e3o de \u00e1gua nos locais de acolhimento das popula\u00e7\u00f5es mais vulner\u00e1veis;<\/p>\n<p>possibilidade de amplia\u00e7\u00e3o dos hor\u00e1rios de funcionamento dos locais p\u00fablicos com ar-condicionado, refrigera\u00e7\u00e3o ou \u00e1reas sombreadas.<\/p>\n<p><strong>Recomenda\u00e7\u00e3o e prazo<\/strong><br \/>\nEntre as recomenda\u00e7\u00f5es ao estado est\u00e3o o preparo do Corpo de Bombeiros para o resgate de pessoas e garantia da disponibilidade de leitos e capacidade de atendimento na rede de sa\u00fade.<\/p>\n<p>O MPF e as Defensorias cobram que munic\u00edpio e estado informem, dentro de 24 horas, medidas concretas deflagradas, com \u201cindica\u00e7\u00e3o precisa\u201d de:<\/p>\n<p>pontos de resfriamento ativados, com endere\u00e7os e hor\u00e1rios de funcionamento;<\/p>\n<p>locais e hor\u00e1rios de distribui\u00e7\u00e3o de \u00e1gua e hidrata\u00e7\u00e3o;<\/p>\n<p>unidades de sa\u00fade atuando como centros de hidrata\u00e7\u00e3o;<\/p>\n<p>fluxos de atendimento e encaminhamento ativados;<\/p>\n<p>opera\u00e7\u00f5es de resgate e atendimento pr\u00e9-hospitalar realizadas.<\/p>\n","protected":false},"excerpt":{"rendered":"<p>O Minist\u00e9rio P\u00fablico Federal (MPF) e as Defensorias P\u00fablicas da Uni\u00e3o (DPU) e do estado do Rio de Janeiro (DPRJ) encaminharam ao governo do Rio de Janeiro e \u00e0 prefeitura da capital fluminense um pedido para que adotem recomenda\u00e7\u00f5es urgentes de enfrentamento \u00e0 onda de calor dos \u00faltimos dias. O of\u00edcio trata de \u201cado\u00e7\u00e3o de [&hellip;]<\/p>\n","protected":false},"author":2,"featured_media":376662,"comment_status":"closed","ping_status":"closed","sticky":false,"template":"","format":"standard","meta":{"_acf_changed":false,"footnotes":""},"categories":[155],"tags":[],"class_list":["post-376661","post","type-post","status-publish","format-standard","has-post-thumbnail","hentry","category-leitura-vip"],"acf":[],"yoast_head":"<!-- This site is optimized with the Yoast SEO plugin v27.5 - https:\/\/yoast.com\/product\/yoast-seo-wordpress\/ -->\n<title>Rio deve agir r\u00e1pido para conter efeitos da onda de calor - Notibras<\/title>\n<meta name=\"robots\" content=\"index, follow, max-snippet:-1, max-image-preview:large, max-video-preview:-1\" \/>\n<link rel=\"canonical\" href=\"https:\/\/www.notibras.com\/site\/rio-deve-agir-rapido-para-conter-efeitos-da-onda-de-calor\/\" \/>\n<meta property=\"og:locale\" content=\"pt_BR\" \/>\n<meta property=\"og:type\" content=\"article\" \/>\n<meta property=\"og:title\" content=\"Rio deve agir r\u00e1pido para conter efeitos da onda de calor - Notibras\" \/>\n<meta property=\"og:description\" content=\"O Minist\u00e9rio P\u00fablico Federal (MPF) e as Defensorias P\u00fablicas da Uni\u00e3o (DPU) e do estado do Rio de Janeiro (DPRJ) encaminharam ao governo do Rio de Janeiro e \u00e0 prefeitura da capital fluminense um pedido para que adotem recomenda\u00e7\u00f5es urgentes de enfrentamento \u00e0 onda de calor dos \u00faltimos dias. O of\u00edcio trata de \u201cado\u00e7\u00e3o de [&hellip;]\" \/>\n<meta property=\"og:url\" content=\"https:\/\/www.notibras.com\/site\/rio-deve-agir-rapido-para-conter-efeitos-da-onda-de-calor\/\" \/>\n<meta property=\"og:site_name\" content=\"Notibras\" \/>\n<meta property=\"article:publisher\" content=\"https:\/\/www.facebook.com\/notibras\/\" \/>\n<meta property=\"article:published_time\" content=\"2025-12-28T03:00:03+00:00\" \/>\n<meta property=\"article:modified_time\" content=\"2025-12-28T09:51:46+00:00\" \/>\n<meta property=\"og:image\" content=\"https:\/\/www.notibras.com\/site\/wp-content\/uploads\/2025\/12\/calorff_a.webp\" \/>\n\t<meta property=\"og:image:width\" content=\"1170\" \/>\n\t<meta property=\"og:image:height\" content=\"700\" \/>\n\t<meta property=\"og:image:type\" content=\"image\/webp\" \/>\n<meta name=\"author\" content=\"Reda\u00e7\u00e3o\" \/>\n<meta name=\"twitter:card\" content=\"summary_large_image\" \/>\n<meta name=\"twitter:creator\" content=\"@Notibras\" \/>\n<meta name=\"twitter:site\" content=\"@Notibras\" \/>\n<meta name=\"twitter:label1\" content=\"Escrito por\" \/>\n\t<meta name=\"twitter:data1\" content=\"Reda\u00e7\u00e3o\" \/>\n\t<meta name=\"twitter:label2\" content=\"Est. tempo de leitura\" \/>\n\t<meta name=\"twitter:data2\" content=\"5 minutos\" \/>\n<script type=\"application\/ld+json\" class=\"yoast-schema-graph\">{\"@context\":\"https:\\\/\\\/schema.org\",\"@graph\":[{\"@type\":\"Article\",\"@id\":\"https:\\\/\\\/www.notibras.com\\\/site\\\/rio-deve-agir-rapido-para-conter-efeitos-da-onda-de-calor\\\/#article\",\"isPartOf\":{\"@id\":\"https:\\\/\\\/www.notibras.com\\\/site\\\/rio-deve-agir-rapido-para-conter-efeitos-da-onda-de-calor\\\/\"},\"author\":{\"name\":\"Reda\u00e7\u00e3o\",\"@id\":\"https:\\\/\\\/www.notibras.com\\\/site\\\/#\\\/schema\\\/person\\\/36ab0979449956132d3e5b517ea76ac8\"},\"headline\":\"Rio deve agir r\u00e1pido para conter efeitos da onda de calor\",\"datePublished\":\"2025-12-28T03:00:03+00:00\",\"dateModified\":\"2025-12-28T09:51:46+00:00\",\"mainEntityOfPage\":{\"@id\":\"https:\\\/\\\/www.notibras.com\\\/site\\\/rio-deve-agir-rapido-para-conter-efeitos-da-onda-de-calor\\\/\"},\"wordCount\":802,\"publisher\":{\"@id\":\"https:\\\/\\\/www.notibras.com\\\/site\\\/#organization\"},\"image\":{\"@id\":\"https:\\\/\\\/www.notibras.com\\\/site\\\/rio-deve-agir-rapido-para-conter-efeitos-da-onda-de-calor\\\/#primaryimage\"},\"thumbnailUrl\":\"https:\\\/\\\/www.notibras.com\\\/site\\\/wp-content\\\/uploads\\\/2025\\\/12\\\/calorff_a.webp\",\"articleSection\":[\"Leitura Vip\"],\"inLanguage\":\"pt-BR\"},{\"@type\":\"WebPage\",\"@id\":\"https:\\\/\\\/www.notibras.com\\\/site\\\/rio-deve-agir-rapido-para-conter-efeitos-da-onda-de-calor\\\/\",\"url\":\"https:\\\/\\\/www.notibras.com\\\/site\\\/rio-deve-agir-rapido-para-conter-efeitos-da-onda-de-calor\\\/\",\"name\":\"Rio deve agir r\u00e1pido para conter efeitos da onda de calor - Notibras\",\"isPartOf\":{\"@id\":\"https:\\\/\\\/www.notibras.com\\\/site\\\/#website\"},\"primaryImageOfPage\":{\"@id\":\"https:\\\/\\\/www.notibras.com\\\/site\\\/rio-deve-agir-rapido-para-conter-efeitos-da-onda-de-calor\\\/#primaryimage\"},\"image\":{\"@id\":\"https:\\\/\\\/www.notibras.com\\\/site\\\/rio-deve-agir-rapido-para-conter-efeitos-da-onda-de-calor\\\/#primaryimage\"},\"thumbnailUrl\":\"https:\\\/\\\/www.notibras.com\\\/site\\\/wp-content\\\/uploads\\\/2025\\\/12\\\/calorff_a.webp\",\"datePublished\":\"2025-12-28T03:00:03+00:00\",\"dateModified\":\"2025-12-28T09:51:46+00:00\",\"breadcrumb\":{\"@id\":\"https:\\\/\\\/www.notibras.com\\\/site\\\/rio-deve-agir-rapido-para-conter-efeitos-da-onda-de-calor\\\/#breadcrumb\"},\"inLanguage\":\"pt-BR\",\"potentialAction\":[{\"@type\":\"ReadAction\",\"target\":[\"https:\\\/\\\/www.notibras.com\\\/site\\\/rio-deve-agir-rapido-para-conter-efeitos-da-onda-de-calor\\\/\"]}]},{\"@type\":\"ImageObject\",\"inLanguage\":\"pt-BR\",\"@id\":\"https:\\\/\\\/www.notibras.com\\\/site\\\/rio-deve-agir-rapido-para-conter-efeitos-da-onda-de-calor\\\/#primaryimage\",\"url\":\"https:\\\/\\\/www.notibras.com\\\/site\\\/wp-content\\\/uploads\\\/2025\\\/12\\\/calorff_a.webp\",\"contentUrl\":\"https:\\\/\\\/www.notibras.com\\\/site\\\/wp-content\\\/uploads\\\/2025\\\/12\\\/calorff_a.webp\",\"width\":1170,\"height\":700},{\"@type\":\"BreadcrumbList\",\"@id\":\"https:\\\/\\\/www.notibras.com\\\/site\\\/rio-deve-agir-rapido-para-conter-efeitos-da-onda-de-calor\\\/#breadcrumb\",\"itemListElement\":[{\"@type\":\"ListItem\",\"position\":1,\"name\":\"In\u00edcio\",\"item\":\"https:\\\/\\\/www.notibras.com\\\/site\\\/\"},{\"@type\":\"ListItem\",\"position\":2,\"name\":\"Rio deve agir r\u00e1pido para conter efeitos da onda de calor\"}]},{\"@type\":\"WebSite\",\"@id\":\"https:\\\/\\\/www.notibras.com\\\/site\\\/#website\",\"url\":\"https:\\\/\\\/www.notibras.com\\\/site\\\/\",\"name\":\"Notibras\",\"description\":\"Not\u00edcias de Bras\u00edlia, do Brasil e do Mundo\",\"publisher\":{\"@id\":\"https:\\\/\\\/www.notibras.com\\\/site\\\/#organization\"},\"potentialAction\":[{\"@type\":\"SearchAction\",\"target\":{\"@type\":\"EntryPoint\",\"urlTemplate\":\"https:\\\/\\\/www.notibras.com\\\/site\\\/?s={search_term_string}\"},\"query-input\":{\"@type\":\"PropertyValueSpecification\",\"valueRequired\":true,\"valueName\":\"search_term_string\"}}],\"inLanguage\":\"pt-BR\"},{\"@type\":\"Organization\",\"@id\":\"https:\\\/\\\/www.notibras.com\\\/site\\\/#organization\",\"name\":\"Grupo Notibras de Comunica\u00e7\u00e3o\",\"url\":\"https:\\\/\\\/www.notibras.com\\\/site\\\/\",\"logo\":{\"@type\":\"ImageObject\",\"inLanguage\":\"pt-BR\",\"@id\":\"https:\\\/\\\/www.notibras.com\\\/site\\\/#\\\/schema\\\/logo\\\/image\\\/\",\"url\":\"https:\\\/\\\/www.notibras.com\\\/site\\\/wp-content\\\/uploads\\\/2023\\\/01\\\/notibras23.png\",\"contentUrl\":\"https:\\\/\\\/www.notibras.com\\\/site\\\/wp-content\\\/uploads\\\/2023\\\/01\\\/notibras23.png\",\"width\":350,\"height\":87,\"caption\":\"Grupo Notibras de Comunica\u00e7\u00e3o\"},\"image\":{\"@id\":\"https:\\\/\\\/www.notibras.com\\\/site\\\/#\\\/schema\\\/logo\\\/image\\\/\"},\"sameAs\":[\"https:\\\/\\\/www.facebook.com\\\/notibras\\\/\",\"https:\\\/\\\/x.com\\\/Notibras\",\"https:\\\/\\\/www.instagram.com\\\/notibras\\\/\"]},{\"@type\":\"Person\",\"@id\":\"https:\\\/\\\/www.notibras.com\\\/site\\\/#\\\/schema\\\/person\\\/36ab0979449956132d3e5b517ea76ac8\",\"name\":\"Reda\u00e7\u00e3o\",\"image\":{\"@type\":\"ImageObject\",\"inLanguage\":\"pt-BR\",\"@id\":\"https:\\\/\\\/secure.gravatar.com\\\/avatar\\\/e0a867bdedb85fd243eadf09663511f96fc81e0720a4a42581f334ad4303aa6b?s=96&d=mm&r=g\",\"url\":\"https:\\\/\\\/secure.gravatar.com\\\/avatar\\\/e0a867bdedb85fd243eadf09663511f96fc81e0720a4a42581f334ad4303aa6b?s=96&d=mm&r=g\",\"contentUrl\":\"https:\\\/\\\/secure.gravatar.com\\\/avatar\\\/e0a867bdedb85fd243eadf09663511f96fc81e0720a4a42581f334ad4303aa6b?s=96&d=mm&r=g\",\"caption\":\"Reda\u00e7\u00e3o\"}}]}<\/script>\n<!-- \/ Yoast SEO plugin. -->","yoast_head_json":{"title":"Rio deve agir r\u00e1pido para conter efeitos da onda de calor - Notibras","robots":{"index":"index","follow":"follow","max-snippet":"max-snippet:-1","max-image-preview":"max-image-preview:large","max-video-preview":"max-video-preview:-1"},"canonical":"https:\/\/www.notibras.com\/site\/rio-deve-agir-rapido-para-conter-efeitos-da-onda-de-calor\/","og_locale":"pt_BR","og_type":"article","og_title":"Rio deve agir r\u00e1pido para conter efeitos da onda de calor - Notibras","og_description":"O Minist\u00e9rio P\u00fablico Federal (MPF) e as Defensorias P\u00fablicas da Uni\u00e3o (DPU) e do estado do Rio de Janeiro (DPRJ) encaminharam ao governo do Rio de Janeiro e \u00e0 prefeitura da capital fluminense um pedido para que adotem recomenda\u00e7\u00f5es urgentes de enfrentamento \u00e0 onda de calor dos \u00faltimos dias. O of\u00edcio trata de \u201cado\u00e7\u00e3o de [&hellip;]","og_url":"https:\/\/www.notibras.com\/site\/rio-deve-agir-rapido-para-conter-efeitos-da-onda-de-calor\/","og_site_name":"Notibras","article_publisher":"https:\/\/www.facebook.com\/notibras\/","article_published_time":"2025-12-28T03:00:03+00:00","article_modified_time":"2025-12-28T09:51:46+00:00","og_image":[{"width":1170,"height":700,"url":"https:\/\/www.notibras.com\/site\/wp-content\/uploads\/2025\/12\/calorff_a.webp","type":"image\/webp"}],"author":"Reda\u00e7\u00e3o","twitter_card":"summary_large_image","twitter_creator":"@Notibras","twitter_site":"@Notibras","twitter_misc":{"Escrito por":"Reda\u00e7\u00e3o","Est. tempo de leitura":"5 minutos"},"schema":{"@context":"https:\/\/schema.org","@graph":[{"@type":"Article","@id":"https:\/\/www.notibras.com\/site\/rio-deve-agir-rapido-para-conter-efeitos-da-onda-de-calor\/#article","isPartOf":{"@id":"https:\/\/www.notibras.com\/site\/rio-deve-agir-rapido-para-conter-efeitos-da-onda-de-calor\/"},"author":{"name":"Reda\u00e7\u00e3o","@id":"https:\/\/www.notibras.com\/site\/#\/schema\/person\/36ab0979449956132d3e5b517ea76ac8"},"headline":"Rio deve agir r\u00e1pido para conter efeitos da onda de calor","datePublished":"2025-12-28T03:00:03+00:00","dateModified":"2025-12-28T09:51:46+00:00","mainEntityOfPage":{"@id":"https:\/\/www.notibras.com\/site\/rio-deve-agir-rapido-para-conter-efeitos-da-onda-de-calor\/"},"wordCount":802,"publisher":{"@id":"https:\/\/www.notibras.com\/site\/#organization"},"image":{"@id":"https:\/\/www.notibras.com\/site\/rio-deve-agir-rapido-para-conter-efeitos-da-onda-de-calor\/#primaryimage"},"thumbnailUrl":"https:\/\/www.notibras.com\/site\/wp-content\/uploads\/2025\/12\/calorff_a.webp","articleSection":["Leitura Vip"],"inLanguage":"pt-BR"},{"@type":"WebPage","@id":"https:\/\/www.notibras.com\/site\/rio-deve-agir-rapido-para-conter-efeitos-da-onda-de-calor\/","url":"https:\/\/www.notibras.com\/site\/rio-deve-agir-rapido-para-conter-efeitos-da-onda-de-calor\/","name":"Rio deve agir r\u00e1pido para conter efeitos da onda de calor - Notibras","isPartOf":{"@id":"https:\/\/www.notibras.com\/site\/#website"},"primaryImageOfPage":{"@id":"https:\/\/www.notibras.com\/site\/rio-deve-agir-rapido-para-conter-efeitos-da-onda-de-calor\/#primaryimage"},"image":{"@id":"https:\/\/www.notibras.com\/site\/rio-deve-agir-rapido-para-conter-efeitos-da-onda-de-calor\/#primaryimage"},"thumbnailUrl":"https:\/\/www.notibras.com\/site\/wp-content\/uploads\/2025\/12\/calorff_a.webp","datePublished":"2025-12-28T03:00:03+00:00","dateModified":"2025-12-28T09:51:46+00:00","breadcrumb":{"@id":"https:\/\/www.notibras.com\/site\/rio-deve-agir-rapido-para-conter-efeitos-da-onda-de-calor\/#breadcrumb"},"inLanguage":"pt-BR","potentialAction":[{"@type":"ReadAction","target":["https:\/\/www.notibras.com\/site\/rio-deve-agir-rapido-para-conter-efeitos-da-onda-de-calor\/"]}]},{"@type":"ImageObject","inLanguage":"pt-BR","@id":"https:\/\/www.notibras.com\/site\/rio-deve-agir-rapido-para-conter-efeitos-da-onda-de-calor\/#primaryimage","url":"https:\/\/www.notibras.com\/site\/wp-content\/uploads\/2025\/12\/calorff_a.webp","contentUrl":"https:\/\/www.notibras.com\/site\/wp-content\/uploads\/2025\/12\/calorff_a.webp","width":1170,"height":700},{"@type":"BreadcrumbList","@id":"https:\/\/www.notibras.com\/site\/rio-deve-agir-rapido-para-conter-efeitos-da-onda-de-calor\/#breadcrumb","itemListElement":[{"@type":"ListItem","position":1,"name":"In\u00edcio","item":"https:\/\/www.notibras.com\/site\/"},{"@type":"ListItem","position":2,"name":"Rio deve agir r\u00e1pido para conter efeitos da onda de calor"}]},{"@type":"WebSite","@id":"https:\/\/www.notibras.com\/site\/#website","url":"https:\/\/www.notibras.com\/site\/","name":"Notibras","description":"Not\u00edcias de Bras\u00edlia, do Brasil e do Mundo","publisher":{"@id":"https:\/\/www.notibras.com\/site\/#organization"},"potentialAction":[{"@type":"SearchAction","target":{"@type":"EntryPoint","urlTemplate":"https:\/\/www.notibras.com\/site\/?s={search_term_string}"},"query-input":{"@type":"PropertyValueSpecification","valueRequired":true,"valueName":"search_term_string"}}],"inLanguage":"pt-BR"},{"@type":"Organization","@id":"https:\/\/www.notibras.com\/site\/#organization","name":"Grupo Notibras de Comunica\u00e7\u00e3o","url":"https:\/\/www.notibras.com\/site\/","logo":{"@type":"ImageObject","inLanguage":"pt-BR","@id":"https:\/\/www.notibras.com\/site\/#\/schema\/logo\/image\/","url":"https:\/\/www.notibras.com\/site\/wp-content\/uploads\/2023\/01\/notibras23.png","contentUrl":"https:\/\/www.notibras.com\/site\/wp-content\/uploads\/2023\/01\/notibras23.png","width":350,"height":87,"caption":"Grupo Notibras de Comunica\u00e7\u00e3o"},"image":{"@id":"https:\/\/www.notibras.com\/site\/#\/schema\/logo\/image\/"},"sameAs":["https:\/\/www.facebook.com\/notibras\/","https:\/\/x.com\/Notibras","https:\/\/www.instagram.com\/notibras\/"]},{"@type":"Person","@id":"https:\/\/www.notibras.com\/site\/#\/schema\/person\/36ab0979449956132d3e5b517ea76ac8","name":"Reda\u00e7\u00e3o","image":{"@type":"ImageObject","inLanguage":"pt-BR","@id":"https:\/\/secure.gravatar.com\/avatar\/e0a867bdedb85fd243eadf09663511f96fc81e0720a4a42581f334ad4303aa6b?s=96&d=mm&r=g","url":"https:\/\/secure.gravatar.com\/avatar\/e0a867bdedb85fd243eadf09663511f96fc81e0720a4a42581f334ad4303aa6b?s=96&d=mm&r=g","contentUrl":"https:\/\/secure.gravatar.com\/avatar\/e0a867bdedb85fd243eadf09663511f96fc81e0720a4a42581f334ad4303aa6b?s=96&d=mm&r=g","caption":"Reda\u00e7\u00e3o"}}]}},"amp_enabled":true,"_links":{"self":[{"href":"https:\/\/www.notibras.com\/site\/wp-json\/wp\/v2\/posts\/376661","targetHints":{"allow":["GET"]}}],"collection":[{"href":"https:\/\/www.notibras.com\/site\/wp-json\/wp\/v2\/posts"}],"about":[{"href":"https:\/\/www.notibras.com\/site\/wp-json\/wp\/v2\/types\/post"}],"author":[{"embeddable":true,"href":"https:\/\/www.notibras.com\/site\/wp-json\/wp\/v2\/users\/2"}],"replies":[{"embeddable":true,"href":"https:\/\/www.notibras.com\/site\/wp-json\/wp\/v2\/comments?post=376661"}],"version-history":[{"count":1,"href":"https:\/\/www.notibras.com\/site\/wp-json\/wp\/v2\/posts\/376661\/revisions"}],"predecessor-version":[{"id":376663,"href":"https:\/\/www.notibras.com\/site\/wp-json\/wp\/v2\/posts\/376661\/revisions\/376663"}],"wp:featuredmedia":[{"embeddable":true,"href":"https:\/\/www.notibras.com\/site\/wp-json\/wp\/v2\/media\/376662"}],"wp:attachment":[{"href":"https:\/\/www.notibras.com\/site\/wp-json\/wp\/v2\/media?parent=376661"}],"wp:term":[{"taxonomy":"category","embeddable":true,"href":"https:\/\/www.notibras.com\/site\/wp-json\/wp\/v2\/categories?post=376661"},{"taxonomy":"post_tag","embeddable":true,"href":"https:\/\/www.notibras.com\/site\/wp-json\/wp\/v2\/tags?post=376661"}],"curies":[{"name":"wp","href":"https:\/\/api.w.org\/{rel}","templated":true}]}}