{"id":376664,"date":"2025-12-28T07:18:56","date_gmt":"2025-12-28T10:18:56","guid":{"rendered":"https:\/\/www.notibras.com\/site\/?p=376664"},"modified":"2025-12-28T07:18:56","modified_gmt":"2025-12-28T10:18:56","slug":"veiculos-circulam-com-facilidade-na-nova-ponte-jk","status":"publish","type":"post","link":"https:\/\/www.notibras.com\/site\/veiculos-circulam-com-facilidade-na-nova-ponte-jk\/","title":{"rendered":"Ve\u00edculos circulam com facilidade na nova ponte JK"},"content":{"rendered":"<p>A nova ponte Juscelino Kubitschek de Oliveira, que liga os munic\u00edpios de Aguiarn\u00f3polis, no Tocantins, e Estreito, no Maranh\u00e3o, foi inaugurada com a libera\u00e7\u00e3o do tr\u00e2nsito circulando tranquilamente. A inaugura\u00e7\u00e3o da estrutura ocorre um ano ap\u00f3s a trag\u00e9dia do desabamento, que deixou 14 mortos, uma pessoa ferida e tr\u00eas ainda desaparecidas.<\/p>\n<p>A cerim\u00f4nia de inaugura\u00e7\u00e3o contou com a presen\u00e7a do ministro dos Transportes, Renan Filho, e dos governadores do Maranh\u00e3o, Carlos Brand\u00e3o, e do Tocantins, Wanderlei Barbosa.<\/p>\n<p>A nova ponte tem 630 metros de extens\u00e3o, 19 metros de largura e um v\u00e3o livre de 154 metros. S\u00e3o duas faixas de rolamento de 3,6 metros cada, dois acostamentos com tr\u00eas metros cada, barreiras de prote\u00e7\u00e3o, al\u00e9m de passagem para pedestres.<\/p>\n<p>Para a constru\u00e7\u00e3o, o governo federal investiu cerca de R$ 172 milh\u00f5es.<\/p>\n<p><strong>Testes<\/strong><br \/>\nNo \u00faltimo fim de semana foram realizadas cerca de 20 horas de testes estruturais para garantir a seguran\u00e7a do tr\u00e1fego. Foram utilizados oito caminh\u00f5es do tipo betoneira carregados, pesando em m\u00e9dia 30 toneladas cada.<\/p>\n<p>Os ve\u00edculos passaram pela ponte em sequ\u00eancia com velocidades diferentes. Sensores foram utilizados para medir a trepida\u00e7\u00e3o e a resposta da estrutura.<\/p>\n<p><strong>Colapso<\/strong><br \/>\nConstru\u00edda na d\u00e9cada de 1960, a antiga ponte chegou a passar por reparos em 2021, mas continuava apresentando problemas, at\u00e9 colapsar em dezembro do ano passado. No desabamento, ca\u00edram no Rio Tocantins tr\u00eas motos, um carro, duas caminhonetes e quatro caminh\u00f5es, sendo que dois deles carregavam 76 toneladas de \u00e1cido sulf\u00farico e 22 mil litros de defensivos agr\u00edcolas.<\/p>\n<p>O Departamento Nacional de Infraestrutura de Transportes (Dnit) abriu uma sindic\u00e2ncia para apurar as causas e responsabilidades pelo desabamento, mas a investiga\u00e7\u00e3o ainda n\u00e3o foi conclu\u00edda.<\/p>\n<p>A pol\u00edcia Federal tamb\u00e9m investiga o caso. Um laudo apresentado em julho passado aponta, entre outras causas para o colapso, a sobrecarga da ponte, a deforma\u00e7\u00e3o do concreto, perda da capacidade de resist\u00eancia e ac\u00famulo de ve\u00edculos sobre o local, al\u00e9m de manuten\u00e7\u00e3o e reformas mal executadas.<\/p>\n<p>O documento destaca que foi decis\u00e3o do Dnit manter \u201cum tr\u00e1fego superior ao projetado para a ponte, ao longo das \u00faltimas d\u00e9cadas de sua exist\u00eancia\u201d. O inqu\u00e9rito segue em andamento.<\/p>\n<p>Em nota, o DNIT informou que colabora ativamente com todos os \u00f3rg\u00e3os investigativos que est\u00e3o atuando na ocorr\u00eancia e que foi aberta na Corregedoria uma Investiga\u00e7\u00e3o Preliminar Sum\u00e1ria para apurar as causas do colapso da ponte JK, que ir\u00e3o determinar os preju\u00edzos decorrentes e quantifica\u00e7\u00e3o de danos.<\/p>\n<p>O Departamento destacou ainda que contratou o Instituto de Pesquisas Tecnol\u00f3gicas do Estado de S\u00e3o Paulo para produzir um relat\u00f3rio externo que apontar\u00e1 \u00e0s causas do colapso da ponte.<\/p>\n","protected":false},"excerpt":{"rendered":"<p>A nova ponte Juscelino Kubitschek de Oliveira, que liga os munic\u00edpios de Aguiarn\u00f3polis, no Tocantins, e Estreito, no Maranh\u00e3o, foi inaugurada com a libera\u00e7\u00e3o do tr\u00e2nsito circulando tranquilamente. A inaugura\u00e7\u00e3o da estrutura ocorre um ano ap\u00f3s a trag\u00e9dia do desabamento, que deixou 14 mortos, uma pessoa ferida e tr\u00eas ainda desaparecidas. A cerim\u00f4nia de inaugura\u00e7\u00e3o [&hellip;]<\/p>\n","protected":false},"author":2,"featured_media":376665,"comment_status":"closed","ping_status":"closed","sticky":false,"template":"","format":"standard","meta":{"_acf_changed":false,"footnotes":""},"categories":[165],"tags":[],"class_list":["post-376664","post","type-post","status-publish","format-standard","has-post-thumbnail","hentry","category-nordeste"],"acf":[],"yoast_head":"<!-- This site is optimized with the Yoast SEO plugin v27.5 - https:\/\/yoast.com\/product\/yoast-seo-wordpress\/ -->\n<title>Ve\u00edculos circulam com facilidade na nova ponte JK - Notibras<\/title>\n<meta name=\"robots\" content=\"index, follow, max-snippet:-1, max-image-preview:large, max-video-preview:-1\" \/>\n<link rel=\"canonical\" href=\"https:\/\/www.notibras.com\/site\/veiculos-circulam-com-facilidade-na-nova-ponte-jk\/\" \/>\n<meta property=\"og:locale\" content=\"pt_BR\" \/>\n<meta property=\"og:type\" content=\"article\" \/>\n<meta property=\"og:title\" content=\"Ve\u00edculos circulam com facilidade na nova ponte JK - Notibras\" \/>\n<meta property=\"og:description\" content=\"A nova ponte Juscelino Kubitschek de Oliveira, que liga os munic\u00edpios de Aguiarn\u00f3polis, no Tocantins, e Estreito, no Maranh\u00e3o, foi inaugurada com a libera\u00e7\u00e3o do tr\u00e2nsito circulando tranquilamente. A inaugura\u00e7\u00e3o da estrutura ocorre um ano ap\u00f3s a trag\u00e9dia do desabamento, que deixou 14 mortos, uma pessoa ferida e tr\u00eas ainda desaparecidas. A cerim\u00f4nia de inaugura\u00e7\u00e3o [&hellip;]\" \/>\n<meta property=\"og:url\" content=\"https:\/\/www.notibras.com\/site\/veiculos-circulam-com-facilidade-na-nova-ponte-jk\/\" \/>\n<meta property=\"og:site_name\" content=\"Notibras\" \/>\n<meta property=\"article:publisher\" content=\"https:\/\/www.facebook.com\/notibras\/\" \/>\n<meta property=\"article:published_time\" content=\"2025-12-28T10:18:56+00:00\" \/>\n<meta property=\"og:image\" content=\"https:\/\/www.notibras.com\/site\/wp-content\/uploads\/2025\/12\/ponte_jk_que_devolve_a_ligacao_entre_maranhao_e_tocantins.webp\" \/>\n\t<meta property=\"og:image:width\" content=\"1170\" \/>\n\t<meta property=\"og:image:height\" content=\"700\" \/>\n\t<meta property=\"og:image:type\" content=\"image\/webp\" \/>\n<meta name=\"author\" content=\"Reda\u00e7\u00e3o\" \/>\n<meta name=\"twitter:card\" content=\"summary_large_image\" \/>\n<meta name=\"twitter:creator\" content=\"@Notibras\" \/>\n<meta name=\"twitter:site\" content=\"@Notibras\" \/>\n<meta name=\"twitter:label1\" content=\"Escrito por\" \/>\n\t<meta name=\"twitter:data1\" content=\"Reda\u00e7\u00e3o\" \/>\n\t<meta name=\"twitter:label2\" content=\"Est. tempo de leitura\" \/>\n\t<meta name=\"twitter:data2\" content=\"3 minutos\" \/>\n<script type=\"application\/ld+json\" class=\"yoast-schema-graph\">{\"@context\":\"https:\\\/\\\/schema.org\",\"@graph\":[{\"@type\":\"Article\",\"@id\":\"https:\\\/\\\/www.notibras.com\\\/site\\\/veiculos-circulam-com-facilidade-na-nova-ponte-jk\\\/#article\",\"isPartOf\":{\"@id\":\"https:\\\/\\\/www.notibras.com\\\/site\\\/veiculos-circulam-com-facilidade-na-nova-ponte-jk\\\/\"},\"author\":{\"name\":\"Reda\u00e7\u00e3o\",\"@id\":\"https:\\\/\\\/www.notibras.com\\\/site\\\/#\\\/schema\\\/person\\\/36ab0979449956132d3e5b517ea76ac8\"},\"headline\":\"Ve\u00edculos circulam com facilidade na nova ponte JK\",\"datePublished\":\"2025-12-28T10:18:56+00:00\",\"mainEntityOfPage\":{\"@id\":\"https:\\\/\\\/www.notibras.com\\\/site\\\/veiculos-circulam-com-facilidade-na-nova-ponte-jk\\\/\"},\"wordCount\":487,\"publisher\":{\"@id\":\"https:\\\/\\\/www.notibras.com\\\/site\\\/#organization\"},\"image\":{\"@id\":\"https:\\\/\\\/www.notibras.com\\\/site\\\/veiculos-circulam-com-facilidade-na-nova-ponte-jk\\\/#primaryimage\"},\"thumbnailUrl\":\"https:\\\/\\\/www.notibras.com\\\/site\\\/wp-content\\\/uploads\\\/2025\\\/12\\\/ponte_jk_que_devolve_a_ligacao_entre_maranhao_e_tocantins.webp\",\"articleSection\":[\"Nordeste\"],\"inLanguage\":\"pt-BR\"},{\"@type\":\"WebPage\",\"@id\":\"https:\\\/\\\/www.notibras.com\\\/site\\\/veiculos-circulam-com-facilidade-na-nova-ponte-jk\\\/\",\"url\":\"https:\\\/\\\/www.notibras.com\\\/site\\\/veiculos-circulam-com-facilidade-na-nova-ponte-jk\\\/\",\"name\":\"Ve\u00edculos circulam com facilidade na nova ponte JK - Notibras\",\"isPartOf\":{\"@id\":\"https:\\\/\\\/www.notibras.com\\\/site\\\/#website\"},\"primaryImageOfPage\":{\"@id\":\"https:\\\/\\\/www.notibras.com\\\/site\\\/veiculos-circulam-com-facilidade-na-nova-ponte-jk\\\/#primaryimage\"},\"image\":{\"@id\":\"https:\\\/\\\/www.notibras.com\\\/site\\\/veiculos-circulam-com-facilidade-na-nova-ponte-jk\\\/#primaryimage\"},\"thumbnailUrl\":\"https:\\\/\\\/www.notibras.com\\\/site\\\/wp-content\\\/uploads\\\/2025\\\/12\\\/ponte_jk_que_devolve_a_ligacao_entre_maranhao_e_tocantins.webp\",\"datePublished\":\"2025-12-28T10:18:56+00:00\",\"breadcrumb\":{\"@id\":\"https:\\\/\\\/www.notibras.com\\\/site\\\/veiculos-circulam-com-facilidade-na-nova-ponte-jk\\\/#breadcrumb\"},\"inLanguage\":\"pt-BR\",\"potentialAction\":[{\"@type\":\"ReadAction\",\"target\":[\"https:\\\/\\\/www.notibras.com\\\/site\\\/veiculos-circulam-com-facilidade-na-nova-ponte-jk\\\/\"]}]},{\"@type\":\"ImageObject\",\"inLanguage\":\"pt-BR\",\"@id\":\"https:\\\/\\\/www.notibras.com\\\/site\\\/veiculos-circulam-com-facilidade-na-nova-ponte-jk\\\/#primaryimage\",\"url\":\"https:\\\/\\\/www.notibras.com\\\/site\\\/wp-content\\\/uploads\\\/2025\\\/12\\\/ponte_jk_que_devolve_a_ligacao_entre_maranhao_e_tocantins.webp\",\"contentUrl\":\"https:\\\/\\\/www.notibras.com\\\/site\\\/wp-content\\\/uploads\\\/2025\\\/12\\\/ponte_jk_que_devolve_a_ligacao_entre_maranhao_e_tocantins.webp\",\"width\":1170,\"height\":700},{\"@type\":\"BreadcrumbList\",\"@id\":\"https:\\\/\\\/www.notibras.com\\\/site\\\/veiculos-circulam-com-facilidade-na-nova-ponte-jk\\\/#breadcrumb\",\"itemListElement\":[{\"@type\":\"ListItem\",\"position\":1,\"name\":\"In\u00edcio\",\"item\":\"https:\\\/\\\/www.notibras.com\\\/site\\\/\"},{\"@type\":\"ListItem\",\"position\":2,\"name\":\"Ve\u00edculos circulam com facilidade na nova ponte JK\"}]},{\"@type\":\"WebSite\",\"@id\":\"https:\\\/\\\/www.notibras.com\\\/site\\\/#website\",\"url\":\"https:\\\/\\\/www.notibras.com\\\/site\\\/\",\"name\":\"Notibras\",\"description\":\"Not\u00edcias de Bras\u00edlia, do Brasil e do Mundo\",\"publisher\":{\"@id\":\"https:\\\/\\\/www.notibras.com\\\/site\\\/#organization\"},\"potentialAction\":[{\"@type\":\"SearchAction\",\"target\":{\"@type\":\"EntryPoint\",\"urlTemplate\":\"https:\\\/\\\/www.notibras.com\\\/site\\\/?s={search_term_string}\"},\"query-input\":{\"@type\":\"PropertyValueSpecification\",\"valueRequired\":true,\"valueName\":\"search_term_string\"}}],\"inLanguage\":\"pt-BR\"},{\"@type\":\"Organization\",\"@id\":\"https:\\\/\\\/www.notibras.com\\\/site\\\/#organization\",\"name\":\"Grupo Notibras de Comunica\u00e7\u00e3o\",\"url\":\"https:\\\/\\\/www.notibras.com\\\/site\\\/\",\"logo\":{\"@type\":\"ImageObject\",\"inLanguage\":\"pt-BR\",\"@id\":\"https:\\\/\\\/www.notibras.com\\\/site\\\/#\\\/schema\\\/logo\\\/image\\\/\",\"url\":\"https:\\\/\\\/www.notibras.com\\\/site\\\/wp-content\\\/uploads\\\/2023\\\/01\\\/notibras23.png\",\"contentUrl\":\"https:\\\/\\\/www.notibras.com\\\/site\\\/wp-content\\\/uploads\\\/2023\\\/01\\\/notibras23.png\",\"width\":350,\"height\":87,\"caption\":\"Grupo Notibras de Comunica\u00e7\u00e3o\"},\"image\":{\"@id\":\"https:\\\/\\\/www.notibras.com\\\/site\\\/#\\\/schema\\\/logo\\\/image\\\/\"},\"sameAs\":[\"https:\\\/\\\/www.facebook.com\\\/notibras\\\/\",\"https:\\\/\\\/x.com\\\/Notibras\",\"https:\\\/\\\/www.instagram.com\\\/notibras\\\/\"]},{\"@type\":\"Person\",\"@id\":\"https:\\\/\\\/www.notibras.com\\\/site\\\/#\\\/schema\\\/person\\\/36ab0979449956132d3e5b517ea76ac8\",\"name\":\"Reda\u00e7\u00e3o\",\"image\":{\"@type\":\"ImageObject\",\"inLanguage\":\"pt-BR\",\"@id\":\"https:\\\/\\\/secure.gravatar.com\\\/avatar\\\/e0a867bdedb85fd243eadf09663511f96fc81e0720a4a42581f334ad4303aa6b?s=96&d=mm&r=g\",\"url\":\"https:\\\/\\\/secure.gravatar.com\\\/avatar\\\/e0a867bdedb85fd243eadf09663511f96fc81e0720a4a42581f334ad4303aa6b?s=96&d=mm&r=g\",\"contentUrl\":\"https:\\\/\\\/secure.gravatar.com\\\/avatar\\\/e0a867bdedb85fd243eadf09663511f96fc81e0720a4a42581f334ad4303aa6b?s=96&d=mm&r=g\",\"caption\":\"Reda\u00e7\u00e3o\"}}]}<\/script>\n<!-- \/ Yoast SEO plugin. -->","yoast_head_json":{"title":"Ve\u00edculos circulam com facilidade na nova ponte JK - Notibras","robots":{"index":"index","follow":"follow","max-snippet":"max-snippet:-1","max-image-preview":"max-image-preview:large","max-video-preview":"max-video-preview:-1"},"canonical":"https:\/\/www.notibras.com\/site\/veiculos-circulam-com-facilidade-na-nova-ponte-jk\/","og_locale":"pt_BR","og_type":"article","og_title":"Ve\u00edculos circulam com facilidade na nova ponte JK - Notibras","og_description":"A nova ponte Juscelino Kubitschek de Oliveira, que liga os munic\u00edpios de Aguiarn\u00f3polis, no Tocantins, e Estreito, no Maranh\u00e3o, foi inaugurada com a libera\u00e7\u00e3o do tr\u00e2nsito circulando tranquilamente. A inaugura\u00e7\u00e3o da estrutura ocorre um ano ap\u00f3s a trag\u00e9dia do desabamento, que deixou 14 mortos, uma pessoa ferida e tr\u00eas ainda desaparecidas. A cerim\u00f4nia de inaugura\u00e7\u00e3o [&hellip;]","og_url":"https:\/\/www.notibras.com\/site\/veiculos-circulam-com-facilidade-na-nova-ponte-jk\/","og_site_name":"Notibras","article_publisher":"https:\/\/www.facebook.com\/notibras\/","article_published_time":"2025-12-28T10:18:56+00:00","og_image":[{"width":1170,"height":700,"url":"https:\/\/www.notibras.com\/site\/wp-content\/uploads\/2025\/12\/ponte_jk_que_devolve_a_ligacao_entre_maranhao_e_tocantins.webp","type":"image\/webp"}],"author":"Reda\u00e7\u00e3o","twitter_card":"summary_large_image","twitter_creator":"@Notibras","twitter_site":"@Notibras","twitter_misc":{"Escrito por":"Reda\u00e7\u00e3o","Est. tempo de leitura":"3 minutos"},"schema":{"@context":"https:\/\/schema.org","@graph":[{"@type":"Article","@id":"https:\/\/www.notibras.com\/site\/veiculos-circulam-com-facilidade-na-nova-ponte-jk\/#article","isPartOf":{"@id":"https:\/\/www.notibras.com\/site\/veiculos-circulam-com-facilidade-na-nova-ponte-jk\/"},"author":{"name":"Reda\u00e7\u00e3o","@id":"https:\/\/www.notibras.com\/site\/#\/schema\/person\/36ab0979449956132d3e5b517ea76ac8"},"headline":"Ve\u00edculos circulam com facilidade na nova ponte JK","datePublished":"2025-12-28T10:18:56+00:00","mainEntityOfPage":{"@id":"https:\/\/www.notibras.com\/site\/veiculos-circulam-com-facilidade-na-nova-ponte-jk\/"},"wordCount":487,"publisher":{"@id":"https:\/\/www.notibras.com\/site\/#organization"},"image":{"@id":"https:\/\/www.notibras.com\/site\/veiculos-circulam-com-facilidade-na-nova-ponte-jk\/#primaryimage"},"thumbnailUrl":"https:\/\/www.notibras.com\/site\/wp-content\/uploads\/2025\/12\/ponte_jk_que_devolve_a_ligacao_entre_maranhao_e_tocantins.webp","articleSection":["Nordeste"],"inLanguage":"pt-BR"},{"@type":"WebPage","@id":"https:\/\/www.notibras.com\/site\/veiculos-circulam-com-facilidade-na-nova-ponte-jk\/","url":"https:\/\/www.notibras.com\/site\/veiculos-circulam-com-facilidade-na-nova-ponte-jk\/","name":"Ve\u00edculos circulam com facilidade na nova ponte JK - Notibras","isPartOf":{"@id":"https:\/\/www.notibras.com\/site\/#website"},"primaryImageOfPage":{"@id":"https:\/\/www.notibras.com\/site\/veiculos-circulam-com-facilidade-na-nova-ponte-jk\/#primaryimage"},"image":{"@id":"https:\/\/www.notibras.com\/site\/veiculos-circulam-com-facilidade-na-nova-ponte-jk\/#primaryimage"},"thumbnailUrl":"https:\/\/www.notibras.com\/site\/wp-content\/uploads\/2025\/12\/ponte_jk_que_devolve_a_ligacao_entre_maranhao_e_tocantins.webp","datePublished":"2025-12-28T10:18:56+00:00","breadcrumb":{"@id":"https:\/\/www.notibras.com\/site\/veiculos-circulam-com-facilidade-na-nova-ponte-jk\/#breadcrumb"},"inLanguage":"pt-BR","potentialAction":[{"@type":"ReadAction","target":["https:\/\/www.notibras.com\/site\/veiculos-circulam-com-facilidade-na-nova-ponte-jk\/"]}]},{"@type":"ImageObject","inLanguage":"pt-BR","@id":"https:\/\/www.notibras.com\/site\/veiculos-circulam-com-facilidade-na-nova-ponte-jk\/#primaryimage","url":"https:\/\/www.notibras.com\/site\/wp-content\/uploads\/2025\/12\/ponte_jk_que_devolve_a_ligacao_entre_maranhao_e_tocantins.webp","contentUrl":"https:\/\/www.notibras.com\/site\/wp-content\/uploads\/2025\/12\/ponte_jk_que_devolve_a_ligacao_entre_maranhao_e_tocantins.webp","width":1170,"height":700},{"@type":"BreadcrumbList","@id":"https:\/\/www.notibras.com\/site\/veiculos-circulam-com-facilidade-na-nova-ponte-jk\/#breadcrumb","itemListElement":[{"@type":"ListItem","position":1,"name":"In\u00edcio","item":"https:\/\/www.notibras.com\/site\/"},{"@type":"ListItem","position":2,"name":"Ve\u00edculos circulam com facilidade na nova ponte JK"}]},{"@type":"WebSite","@id":"https:\/\/www.notibras.com\/site\/#website","url":"https:\/\/www.notibras.com\/site\/","name":"Notibras","description":"Not\u00edcias de Bras\u00edlia, do Brasil e do Mundo","publisher":{"@id":"https:\/\/www.notibras.com\/site\/#organization"},"potentialAction":[{"@type":"SearchAction","target":{"@type":"EntryPoint","urlTemplate":"https:\/\/www.notibras.com\/site\/?s={search_term_string}"},"query-input":{"@type":"PropertyValueSpecification","valueRequired":true,"valueName":"search_term_string"}}],"inLanguage":"pt-BR"},{"@type":"Organization","@id":"https:\/\/www.notibras.com\/site\/#organization","name":"Grupo Notibras de Comunica\u00e7\u00e3o","url":"https:\/\/www.notibras.com\/site\/","logo":{"@type":"ImageObject","inLanguage":"pt-BR","@id":"https:\/\/www.notibras.com\/site\/#\/schema\/logo\/image\/","url":"https:\/\/www.notibras.com\/site\/wp-content\/uploads\/2023\/01\/notibras23.png","contentUrl":"https:\/\/www.notibras.com\/site\/wp-content\/uploads\/2023\/01\/notibras23.png","width":350,"height":87,"caption":"Grupo Notibras de Comunica\u00e7\u00e3o"},"image":{"@id":"https:\/\/www.notibras.com\/site\/#\/schema\/logo\/image\/"},"sameAs":["https:\/\/www.facebook.com\/notibras\/","https:\/\/x.com\/Notibras","https:\/\/www.instagram.com\/notibras\/"]},{"@type":"Person","@id":"https:\/\/www.notibras.com\/site\/#\/schema\/person\/36ab0979449956132d3e5b517ea76ac8","name":"Reda\u00e7\u00e3o","image":{"@type":"ImageObject","inLanguage":"pt-BR","@id":"https:\/\/secure.gravatar.com\/avatar\/e0a867bdedb85fd243eadf09663511f96fc81e0720a4a42581f334ad4303aa6b?s=96&d=mm&r=g","url":"https:\/\/secure.gravatar.com\/avatar\/e0a867bdedb85fd243eadf09663511f96fc81e0720a4a42581f334ad4303aa6b?s=96&d=mm&r=g","contentUrl":"https:\/\/secure.gravatar.com\/avatar\/e0a867bdedb85fd243eadf09663511f96fc81e0720a4a42581f334ad4303aa6b?s=96&d=mm&r=g","caption":"Reda\u00e7\u00e3o"}}]}},"amp_enabled":true,"_links":{"self":[{"href":"https:\/\/www.notibras.com\/site\/wp-json\/wp\/v2\/posts\/376664","targetHints":{"allow":["GET"]}}],"collection":[{"href":"https:\/\/www.notibras.com\/site\/wp-json\/wp\/v2\/posts"}],"about":[{"href":"https:\/\/www.notibras.com\/site\/wp-json\/wp\/v2\/types\/post"}],"author":[{"embeddable":true,"href":"https:\/\/www.notibras.com\/site\/wp-json\/wp\/v2\/users\/2"}],"replies":[{"embeddable":true,"href":"https:\/\/www.notibras.com\/site\/wp-json\/wp\/v2\/comments?post=376664"}],"version-history":[{"count":1,"href":"https:\/\/www.notibras.com\/site\/wp-json\/wp\/v2\/posts\/376664\/revisions"}],"predecessor-version":[{"id":376666,"href":"https:\/\/www.notibras.com\/site\/wp-json\/wp\/v2\/posts\/376664\/revisions\/376666"}],"wp:featuredmedia":[{"embeddable":true,"href":"https:\/\/www.notibras.com\/site\/wp-json\/wp\/v2\/media\/376665"}],"wp:attachment":[{"href":"https:\/\/www.notibras.com\/site\/wp-json\/wp\/v2\/media?parent=376664"}],"wp:term":[{"taxonomy":"category","embeddable":true,"href":"https:\/\/www.notibras.com\/site\/wp-json\/wp\/v2\/categories?post=376664"},{"taxonomy":"post_tag","embeddable":true,"href":"https:\/\/www.notibras.com\/site\/wp-json\/wp\/v2\/tags?post=376664"}],"curies":[{"name":"wp","href":"https:\/\/api.w.org\/{rel}","templated":true}]}}