{"id":376667,"date":"2025-12-28T06:00:35","date_gmt":"2025-12-28T09:00:35","guid":{"rendered":"https:\/\/www.notibras.com\/site\/?p=376667"},"modified":"2025-12-28T07:27:41","modified_gmt":"2025-12-28T10:27:41","slug":"bioma-exclusivamente-brasileiro-e-sua-vida-selvagem-oculta","status":"publish","type":"post","link":"https:\/\/www.notibras.com\/site\/bioma-exclusivamente-brasileiro-e-sua-vida-selvagem-oculta\/","title":{"rendered":"Bioma exclusivamente brasileiro e sua vida selvagem oculta"},"content":{"rendered":"<p>A Caatinga acorda cedo. Antes mesmo do sol abrir o dia com seu calor insistente, a terra j\u00e1 respira sil\u00eancio e resist\u00eancia. Para quem olha de fora, apressado ou desavisado, tudo parece seco demais, pobre demais, quase sem vida. Mas a Caatinga n\u00e3o se revela a olhos apressados. Ela exige tempo, escuta e respeito.<\/p>\n<p>\u00c9 o \u00fanico bioma exclusivamente brasileiro, nascido e criado sob o sol forte do Nordeste. Um territ\u00f3rio que aprendeu, ao longo de mil\u00eanios, a fazer da escassez uma estrat\u00e9gia de sobreviv\u00eancia. Onde muitos veem aus\u00eancia, existe adapta\u00e7\u00e3o. Onde parece haver morte, pulsa uma vida que sabe se esconder, esperar e ressurgir.<\/p>\n<p>Na Caatinga preservada, a vida n\u00e3o grita \u2014 ela sussurra. O umbuzeiro guarda \u00e1gua no tronco como quem guarda segredo. O mandacaru ergue seus bra\u00e7os espinhosos como sentinela do sert\u00e3o, florindo justamente quando a terra parece mais dura. O juazeiro, verde teimoso, oferece sombra e promessa. Cada planta ali \u00e9 uma li\u00e7\u00e3o de economia da natureza, de conviv\u00eancia com o limite.<\/p>\n<p>A fauna, ent\u00e3o, \u00e9 um cap\u00edtulo \u00e0 parte dessa cr\u00f4nica silenciosa. O tatu-peba cava o ch\u00e3o \u00e0 noite, discreto, quase invis\u00edvel. A asa-branca risca o c\u00e9u em busca de chuva, anunciando esperan\u00e7a antes mesmo da primeira gota cair. O veado-catingueiro caminha leve, atento a cada ru\u00eddo. Cobras, lagartos, insetos e aves aprenderam a viver no compasso do calor e da seca, aparecendo quando conv\u00e9m, recolhendo-se quando o sol castiga demais.<\/p>\n<p>Preservar a Caatinga \u00e9 preservar um saber ancestral. \u00c9 reconhecer que ali existe ci\u00eancia natural, equil\u00edbrio fr\u00e1gil e uma biodiversidade que n\u00e3o se repete em nenhum outro canto do planeta. Cada \u00e1rea desmatada, cada fogo criminoso, apaga n\u00e3o s\u00f3 esp\u00e9cies, mas hist\u00f3rias inteiras de adapta\u00e7\u00e3o e resist\u00eancia.<\/p>\n<p>A Caatinga n\u00e3o \u00e9 um bioma menor. Ela \u00e9 grande em ensinamento. Ensina que sobreviver n\u00e3o \u00e9 dominar a natureza, mas aprender com ela. Que beleza n\u00e3o mora apenas no verde exuberante, mas tamb\u00e9m no cinza da terra rachada que, depois da chuva, explode em vida.<\/p>\n<p>Quem caminha por uma Caatinga preservada descobre que ela nunca esteve vazia. Apenas esperava ser olhada com mais cuidado. E talvez seja esse o maior pedido desse bioma t\u00e3o nosso: menos julgamento, mais prote\u00e7\u00e3o; menos esquecimento, mais respeito. Porque, no sil\u00eancio do sert\u00e3o, a Caatinga segue viva \u2014 firme, discreta e profundamente brasileira.<\/p>\n","protected":false},"excerpt":{"rendered":"<p>A Caatinga acorda cedo. Antes mesmo do sol abrir o dia com seu calor insistente, a terra j\u00e1 respira sil\u00eancio e resist\u00eancia. Para quem olha de fora, apressado ou desavisado, tudo parece seco demais, pobre demais, quase sem vida. Mas a Caatinga n\u00e3o se revela a olhos apressados. Ela exige tempo, escuta e respeito. \u00c9 [&hellip;]<\/p>\n","protected":false},"author":2,"featured_media":376668,"comment_status":"closed","ping_status":"closed","sticky":false,"template":"","format":"standard","meta":{"_acf_changed":false,"footnotes":""},"categories":[165],"tags":[],"class_list":["post-376667","post","type-post","status-publish","format-standard","has-post-thumbnail","hentry","category-nordeste"],"acf":[],"yoast_head":"<!-- This site is optimized with the Yoast SEO plugin v27.5 - https:\/\/yoast.com\/product\/yoast-seo-wordpress\/ -->\n<title>Bioma exclusivamente brasileiro e sua vida selvagem oculta - Notibras<\/title>\n<meta name=\"robots\" content=\"index, follow, max-snippet:-1, max-image-preview:large, max-video-preview:-1\" \/>\n<link rel=\"canonical\" href=\"https:\/\/www.notibras.com\/site\/bioma-exclusivamente-brasileiro-e-sua-vida-selvagem-oculta\/\" \/>\n<meta property=\"og:locale\" content=\"pt_BR\" \/>\n<meta property=\"og:type\" content=\"article\" \/>\n<meta property=\"og:title\" content=\"Bioma exclusivamente brasileiro e sua vida selvagem oculta - Notibras\" \/>\n<meta property=\"og:description\" content=\"A Caatinga acorda cedo. Antes mesmo do sol abrir o dia com seu calor insistente, a terra j\u00e1 respira sil\u00eancio e resist\u00eancia. Para quem olha de fora, apressado ou desavisado, tudo parece seco demais, pobre demais, quase sem vida. Mas a Caatinga n\u00e3o se revela a olhos apressados. Ela exige tempo, escuta e respeito. \u00c9 [&hellip;]\" \/>\n<meta property=\"og:url\" content=\"https:\/\/www.notibras.com\/site\/bioma-exclusivamente-brasileiro-e-sua-vida-selvagem-oculta\/\" \/>\n<meta property=\"og:site_name\" content=\"Notibras\" \/>\n<meta property=\"article:publisher\" content=\"https:\/\/www.facebook.com\/notibras\/\" \/>\n<meta property=\"article:published_time\" content=\"2025-12-28T09:00:35+00:00\" \/>\n<meta property=\"article:modified_time\" content=\"2025-12-28T10:27:41+00:00\" \/>\n<meta property=\"og:image\" content=\"https:\/\/www.notibras.com\/site\/wp-content\/uploads\/2025\/12\/debdf012-370d-432d-b419-5248a2ec0b00.jpg\" \/>\n\t<meta property=\"og:image:width\" content=\"735\" \/>\n\t<meta property=\"og:image:height\" content=\"461\" \/>\n\t<meta property=\"og:image:type\" content=\"image\/jpeg\" \/>\n<meta name=\"author\" content=\"Reda\u00e7\u00e3o\" \/>\n<meta name=\"twitter:card\" content=\"summary_large_image\" \/>\n<meta name=\"twitter:creator\" content=\"@Notibras\" \/>\n<meta name=\"twitter:site\" content=\"@Notibras\" \/>\n<meta name=\"twitter:label1\" content=\"Escrito por\" \/>\n\t<meta name=\"twitter:data1\" content=\"Reda\u00e7\u00e3o\" \/>\n\t<meta name=\"twitter:label2\" content=\"Est. tempo de leitura\" \/>\n\t<meta name=\"twitter:data2\" content=\"3 minutos\" \/>\n<script type=\"application\/ld+json\" class=\"yoast-schema-graph\">{\"@context\":\"https:\\\/\\\/schema.org\",\"@graph\":[{\"@type\":\"Article\",\"@id\":\"https:\\\/\\\/www.notibras.com\\\/site\\\/bioma-exclusivamente-brasileiro-e-sua-vida-selvagem-oculta\\\/#article\",\"isPartOf\":{\"@id\":\"https:\\\/\\\/www.notibras.com\\\/site\\\/bioma-exclusivamente-brasileiro-e-sua-vida-selvagem-oculta\\\/\"},\"author\":{\"name\":\"Reda\u00e7\u00e3o\",\"@id\":\"https:\\\/\\\/www.notibras.com\\\/site\\\/#\\\/schema\\\/person\\\/36ab0979449956132d3e5b517ea76ac8\"},\"headline\":\"Bioma exclusivamente brasileiro e sua vida selvagem oculta\",\"datePublished\":\"2025-12-28T09:00:35+00:00\",\"dateModified\":\"2025-12-28T10:27:41+00:00\",\"mainEntityOfPage\":{\"@id\":\"https:\\\/\\\/www.notibras.com\\\/site\\\/bioma-exclusivamente-brasileiro-e-sua-vida-selvagem-oculta\\\/\"},\"wordCount\":418,\"publisher\":{\"@id\":\"https:\\\/\\\/www.notibras.com\\\/site\\\/#organization\"},\"image\":{\"@id\":\"https:\\\/\\\/www.notibras.com\\\/site\\\/bioma-exclusivamente-brasileiro-e-sua-vida-selvagem-oculta\\\/#primaryimage\"},\"thumbnailUrl\":\"https:\\\/\\\/www.notibras.com\\\/site\\\/wp-content\\\/uploads\\\/2025\\\/12\\\/debdf012-370d-432d-b419-5248a2ec0b00.jpg\",\"articleSection\":[\"Nordeste\"],\"inLanguage\":\"pt-BR\"},{\"@type\":\"WebPage\",\"@id\":\"https:\\\/\\\/www.notibras.com\\\/site\\\/bioma-exclusivamente-brasileiro-e-sua-vida-selvagem-oculta\\\/\",\"url\":\"https:\\\/\\\/www.notibras.com\\\/site\\\/bioma-exclusivamente-brasileiro-e-sua-vida-selvagem-oculta\\\/\",\"name\":\"Bioma exclusivamente brasileiro e sua vida selvagem oculta - Notibras\",\"isPartOf\":{\"@id\":\"https:\\\/\\\/www.notibras.com\\\/site\\\/#website\"},\"primaryImageOfPage\":{\"@id\":\"https:\\\/\\\/www.notibras.com\\\/site\\\/bioma-exclusivamente-brasileiro-e-sua-vida-selvagem-oculta\\\/#primaryimage\"},\"image\":{\"@id\":\"https:\\\/\\\/www.notibras.com\\\/site\\\/bioma-exclusivamente-brasileiro-e-sua-vida-selvagem-oculta\\\/#primaryimage\"},\"thumbnailUrl\":\"https:\\\/\\\/www.notibras.com\\\/site\\\/wp-content\\\/uploads\\\/2025\\\/12\\\/debdf012-370d-432d-b419-5248a2ec0b00.jpg\",\"datePublished\":\"2025-12-28T09:00:35+00:00\",\"dateModified\":\"2025-12-28T10:27:41+00:00\",\"breadcrumb\":{\"@id\":\"https:\\\/\\\/www.notibras.com\\\/site\\\/bioma-exclusivamente-brasileiro-e-sua-vida-selvagem-oculta\\\/#breadcrumb\"},\"inLanguage\":\"pt-BR\",\"potentialAction\":[{\"@type\":\"ReadAction\",\"target\":[\"https:\\\/\\\/www.notibras.com\\\/site\\\/bioma-exclusivamente-brasileiro-e-sua-vida-selvagem-oculta\\\/\"]}]},{\"@type\":\"ImageObject\",\"inLanguage\":\"pt-BR\",\"@id\":\"https:\\\/\\\/www.notibras.com\\\/site\\\/bioma-exclusivamente-brasileiro-e-sua-vida-selvagem-oculta\\\/#primaryimage\",\"url\":\"https:\\\/\\\/www.notibras.com\\\/site\\\/wp-content\\\/uploads\\\/2025\\\/12\\\/debdf012-370d-432d-b419-5248a2ec0b00.jpg\",\"contentUrl\":\"https:\\\/\\\/www.notibras.com\\\/site\\\/wp-content\\\/uploads\\\/2025\\\/12\\\/debdf012-370d-432d-b419-5248a2ec0b00.jpg\",\"width\":735,\"height\":461},{\"@type\":\"BreadcrumbList\",\"@id\":\"https:\\\/\\\/www.notibras.com\\\/site\\\/bioma-exclusivamente-brasileiro-e-sua-vida-selvagem-oculta\\\/#breadcrumb\",\"itemListElement\":[{\"@type\":\"ListItem\",\"position\":1,\"name\":\"In\u00edcio\",\"item\":\"https:\\\/\\\/www.notibras.com\\\/site\\\/\"},{\"@type\":\"ListItem\",\"position\":2,\"name\":\"Bioma exclusivamente brasileiro e sua vida selvagem oculta\"}]},{\"@type\":\"WebSite\",\"@id\":\"https:\\\/\\\/www.notibras.com\\\/site\\\/#website\",\"url\":\"https:\\\/\\\/www.notibras.com\\\/site\\\/\",\"name\":\"Notibras\",\"description\":\"Not\u00edcias de Bras\u00edlia, do Brasil e do Mundo\",\"publisher\":{\"@id\":\"https:\\\/\\\/www.notibras.com\\\/site\\\/#organization\"},\"potentialAction\":[{\"@type\":\"SearchAction\",\"target\":{\"@type\":\"EntryPoint\",\"urlTemplate\":\"https:\\\/\\\/www.notibras.com\\\/site\\\/?s={search_term_string}\"},\"query-input\":{\"@type\":\"PropertyValueSpecification\",\"valueRequired\":true,\"valueName\":\"search_term_string\"}}],\"inLanguage\":\"pt-BR\"},{\"@type\":\"Organization\",\"@id\":\"https:\\\/\\\/www.notibras.com\\\/site\\\/#organization\",\"name\":\"Grupo Notibras de Comunica\u00e7\u00e3o\",\"url\":\"https:\\\/\\\/www.notibras.com\\\/site\\\/\",\"logo\":{\"@type\":\"ImageObject\",\"inLanguage\":\"pt-BR\",\"@id\":\"https:\\\/\\\/www.notibras.com\\\/site\\\/#\\\/schema\\\/logo\\\/image\\\/\",\"url\":\"https:\\\/\\\/www.notibras.com\\\/site\\\/wp-content\\\/uploads\\\/2023\\\/01\\\/notibras23.png\",\"contentUrl\":\"https:\\\/\\\/www.notibras.com\\\/site\\\/wp-content\\\/uploads\\\/2023\\\/01\\\/notibras23.png\",\"width\":350,\"height\":87,\"caption\":\"Grupo Notibras de Comunica\u00e7\u00e3o\"},\"image\":{\"@id\":\"https:\\\/\\\/www.notibras.com\\\/site\\\/#\\\/schema\\\/logo\\\/image\\\/\"},\"sameAs\":[\"https:\\\/\\\/www.facebook.com\\\/notibras\\\/\",\"https:\\\/\\\/x.com\\\/Notibras\",\"https:\\\/\\\/www.instagram.com\\\/notibras\\\/\"]},{\"@type\":\"Person\",\"@id\":\"https:\\\/\\\/www.notibras.com\\\/site\\\/#\\\/schema\\\/person\\\/36ab0979449956132d3e5b517ea76ac8\",\"name\":\"Reda\u00e7\u00e3o\",\"image\":{\"@type\":\"ImageObject\",\"inLanguage\":\"pt-BR\",\"@id\":\"https:\\\/\\\/secure.gravatar.com\\\/avatar\\\/e0a867bdedb85fd243eadf09663511f96fc81e0720a4a42581f334ad4303aa6b?s=96&d=mm&r=g\",\"url\":\"https:\\\/\\\/secure.gravatar.com\\\/avatar\\\/e0a867bdedb85fd243eadf09663511f96fc81e0720a4a42581f334ad4303aa6b?s=96&d=mm&r=g\",\"contentUrl\":\"https:\\\/\\\/secure.gravatar.com\\\/avatar\\\/e0a867bdedb85fd243eadf09663511f96fc81e0720a4a42581f334ad4303aa6b?s=96&d=mm&r=g\",\"caption\":\"Reda\u00e7\u00e3o\"}}]}<\/script>\n<!-- \/ Yoast SEO plugin. -->","yoast_head_json":{"title":"Bioma exclusivamente brasileiro e sua vida selvagem oculta - Notibras","robots":{"index":"index","follow":"follow","max-snippet":"max-snippet:-1","max-image-preview":"max-image-preview:large","max-video-preview":"max-video-preview:-1"},"canonical":"https:\/\/www.notibras.com\/site\/bioma-exclusivamente-brasileiro-e-sua-vida-selvagem-oculta\/","og_locale":"pt_BR","og_type":"article","og_title":"Bioma exclusivamente brasileiro e sua vida selvagem oculta - Notibras","og_description":"A Caatinga acorda cedo. Antes mesmo do sol abrir o dia com seu calor insistente, a terra j\u00e1 respira sil\u00eancio e resist\u00eancia. Para quem olha de fora, apressado ou desavisado, tudo parece seco demais, pobre demais, quase sem vida. Mas a Caatinga n\u00e3o se revela a olhos apressados. Ela exige tempo, escuta e respeito. \u00c9 [&hellip;]","og_url":"https:\/\/www.notibras.com\/site\/bioma-exclusivamente-brasileiro-e-sua-vida-selvagem-oculta\/","og_site_name":"Notibras","article_publisher":"https:\/\/www.facebook.com\/notibras\/","article_published_time":"2025-12-28T09:00:35+00:00","article_modified_time":"2025-12-28T10:27:41+00:00","og_image":[{"width":735,"height":461,"url":"https:\/\/www.notibras.com\/site\/wp-content\/uploads\/2025\/12\/debdf012-370d-432d-b419-5248a2ec0b00.jpg","type":"image\/jpeg"}],"author":"Reda\u00e7\u00e3o","twitter_card":"summary_large_image","twitter_creator":"@Notibras","twitter_site":"@Notibras","twitter_misc":{"Escrito por":"Reda\u00e7\u00e3o","Est. tempo de leitura":"3 minutos"},"schema":{"@context":"https:\/\/schema.org","@graph":[{"@type":"Article","@id":"https:\/\/www.notibras.com\/site\/bioma-exclusivamente-brasileiro-e-sua-vida-selvagem-oculta\/#article","isPartOf":{"@id":"https:\/\/www.notibras.com\/site\/bioma-exclusivamente-brasileiro-e-sua-vida-selvagem-oculta\/"},"author":{"name":"Reda\u00e7\u00e3o","@id":"https:\/\/www.notibras.com\/site\/#\/schema\/person\/36ab0979449956132d3e5b517ea76ac8"},"headline":"Bioma exclusivamente brasileiro e sua vida selvagem oculta","datePublished":"2025-12-28T09:00:35+00:00","dateModified":"2025-12-28T10:27:41+00:00","mainEntityOfPage":{"@id":"https:\/\/www.notibras.com\/site\/bioma-exclusivamente-brasileiro-e-sua-vida-selvagem-oculta\/"},"wordCount":418,"publisher":{"@id":"https:\/\/www.notibras.com\/site\/#organization"},"image":{"@id":"https:\/\/www.notibras.com\/site\/bioma-exclusivamente-brasileiro-e-sua-vida-selvagem-oculta\/#primaryimage"},"thumbnailUrl":"https:\/\/www.notibras.com\/site\/wp-content\/uploads\/2025\/12\/debdf012-370d-432d-b419-5248a2ec0b00.jpg","articleSection":["Nordeste"],"inLanguage":"pt-BR"},{"@type":"WebPage","@id":"https:\/\/www.notibras.com\/site\/bioma-exclusivamente-brasileiro-e-sua-vida-selvagem-oculta\/","url":"https:\/\/www.notibras.com\/site\/bioma-exclusivamente-brasileiro-e-sua-vida-selvagem-oculta\/","name":"Bioma exclusivamente brasileiro e sua vida selvagem oculta - Notibras","isPartOf":{"@id":"https:\/\/www.notibras.com\/site\/#website"},"primaryImageOfPage":{"@id":"https:\/\/www.notibras.com\/site\/bioma-exclusivamente-brasileiro-e-sua-vida-selvagem-oculta\/#primaryimage"},"image":{"@id":"https:\/\/www.notibras.com\/site\/bioma-exclusivamente-brasileiro-e-sua-vida-selvagem-oculta\/#primaryimage"},"thumbnailUrl":"https:\/\/www.notibras.com\/site\/wp-content\/uploads\/2025\/12\/debdf012-370d-432d-b419-5248a2ec0b00.jpg","datePublished":"2025-12-28T09:00:35+00:00","dateModified":"2025-12-28T10:27:41+00:00","breadcrumb":{"@id":"https:\/\/www.notibras.com\/site\/bioma-exclusivamente-brasileiro-e-sua-vida-selvagem-oculta\/#breadcrumb"},"inLanguage":"pt-BR","potentialAction":[{"@type":"ReadAction","target":["https:\/\/www.notibras.com\/site\/bioma-exclusivamente-brasileiro-e-sua-vida-selvagem-oculta\/"]}]},{"@type":"ImageObject","inLanguage":"pt-BR","@id":"https:\/\/www.notibras.com\/site\/bioma-exclusivamente-brasileiro-e-sua-vida-selvagem-oculta\/#primaryimage","url":"https:\/\/www.notibras.com\/site\/wp-content\/uploads\/2025\/12\/debdf012-370d-432d-b419-5248a2ec0b00.jpg","contentUrl":"https:\/\/www.notibras.com\/site\/wp-content\/uploads\/2025\/12\/debdf012-370d-432d-b419-5248a2ec0b00.jpg","width":735,"height":461},{"@type":"BreadcrumbList","@id":"https:\/\/www.notibras.com\/site\/bioma-exclusivamente-brasileiro-e-sua-vida-selvagem-oculta\/#breadcrumb","itemListElement":[{"@type":"ListItem","position":1,"name":"In\u00edcio","item":"https:\/\/www.notibras.com\/site\/"},{"@type":"ListItem","position":2,"name":"Bioma exclusivamente brasileiro e sua vida selvagem oculta"}]},{"@type":"WebSite","@id":"https:\/\/www.notibras.com\/site\/#website","url":"https:\/\/www.notibras.com\/site\/","name":"Notibras","description":"Not\u00edcias de Bras\u00edlia, do Brasil e do Mundo","publisher":{"@id":"https:\/\/www.notibras.com\/site\/#organization"},"potentialAction":[{"@type":"SearchAction","target":{"@type":"EntryPoint","urlTemplate":"https:\/\/www.notibras.com\/site\/?s={search_term_string}"},"query-input":{"@type":"PropertyValueSpecification","valueRequired":true,"valueName":"search_term_string"}}],"inLanguage":"pt-BR"},{"@type":"Organization","@id":"https:\/\/www.notibras.com\/site\/#organization","name":"Grupo Notibras de Comunica\u00e7\u00e3o","url":"https:\/\/www.notibras.com\/site\/","logo":{"@type":"ImageObject","inLanguage":"pt-BR","@id":"https:\/\/www.notibras.com\/site\/#\/schema\/logo\/image\/","url":"https:\/\/www.notibras.com\/site\/wp-content\/uploads\/2023\/01\/notibras23.png","contentUrl":"https:\/\/www.notibras.com\/site\/wp-content\/uploads\/2023\/01\/notibras23.png","width":350,"height":87,"caption":"Grupo Notibras de Comunica\u00e7\u00e3o"},"image":{"@id":"https:\/\/www.notibras.com\/site\/#\/schema\/logo\/image\/"},"sameAs":["https:\/\/www.facebook.com\/notibras\/","https:\/\/x.com\/Notibras","https:\/\/www.instagram.com\/notibras\/"]},{"@type":"Person","@id":"https:\/\/www.notibras.com\/site\/#\/schema\/person\/36ab0979449956132d3e5b517ea76ac8","name":"Reda\u00e7\u00e3o","image":{"@type":"ImageObject","inLanguage":"pt-BR","@id":"https:\/\/secure.gravatar.com\/avatar\/e0a867bdedb85fd243eadf09663511f96fc81e0720a4a42581f334ad4303aa6b?s=96&d=mm&r=g","url":"https:\/\/secure.gravatar.com\/avatar\/e0a867bdedb85fd243eadf09663511f96fc81e0720a4a42581f334ad4303aa6b?s=96&d=mm&r=g","contentUrl":"https:\/\/secure.gravatar.com\/avatar\/e0a867bdedb85fd243eadf09663511f96fc81e0720a4a42581f334ad4303aa6b?s=96&d=mm&r=g","caption":"Reda\u00e7\u00e3o"}}]}},"amp_enabled":true,"_links":{"self":[{"href":"https:\/\/www.notibras.com\/site\/wp-json\/wp\/v2\/posts\/376667","targetHints":{"allow":["GET"]}}],"collection":[{"href":"https:\/\/www.notibras.com\/site\/wp-json\/wp\/v2\/posts"}],"about":[{"href":"https:\/\/www.notibras.com\/site\/wp-json\/wp\/v2\/types\/post"}],"author":[{"embeddable":true,"href":"https:\/\/www.notibras.com\/site\/wp-json\/wp\/v2\/users\/2"}],"replies":[{"embeddable":true,"href":"https:\/\/www.notibras.com\/site\/wp-json\/wp\/v2\/comments?post=376667"}],"version-history":[{"count":1,"href":"https:\/\/www.notibras.com\/site\/wp-json\/wp\/v2\/posts\/376667\/revisions"}],"predecessor-version":[{"id":376669,"href":"https:\/\/www.notibras.com\/site\/wp-json\/wp\/v2\/posts\/376667\/revisions\/376669"}],"wp:featuredmedia":[{"embeddable":true,"href":"https:\/\/www.notibras.com\/site\/wp-json\/wp\/v2\/media\/376668"}],"wp:attachment":[{"href":"https:\/\/www.notibras.com\/site\/wp-json\/wp\/v2\/media?parent=376667"}],"wp:term":[{"taxonomy":"category","embeddable":true,"href":"https:\/\/www.notibras.com\/site\/wp-json\/wp\/v2\/categories?post=376667"},{"taxonomy":"post_tag","embeddable":true,"href":"https:\/\/www.notibras.com\/site\/wp-json\/wp\/v2\/tags?post=376667"}],"curies":[{"name":"wp","href":"https:\/\/api.w.org\/{rel}","templated":true}]}}