{"id":376670,"date":"2025-12-28T00:27:50","date_gmt":"2025-12-28T03:27:50","guid":{"rendered":"https:\/\/www.notibras.com\/site\/?p=376670"},"modified":"2025-12-28T07:34:40","modified_gmt":"2025-12-28T10:34:40","slug":"iniciativa-historica-vai-renovar-frota-de-taxis","status":"publish","type":"post","link":"https:\/\/www.notibras.com\/site\/iniciativa-historica-vai-renovar-frota-de-taxis\/","title":{"rendered":"Iniciativa hist\u00f3rica vai renovar frota de t\u00e1xis"},"content":{"rendered":"<div>A Prefeitura de Salvador, por meio da Secretaria Municipal de Mobilidade (Semob), abriu oficialmente o processo de credenciamento para novos taxistas na capital baiana. A medida representa o maior chamamento p\u00fablico para o servi\u00e7o de t\u00e1xi j\u00e1 realizado na cidade, com 600 novas autoriza\u00e7\u00f5es dispon\u00edveis.<\/div>\n<div><\/div>\n<div>O objetivo da iniciativa \u00e9 recompor e reequilibrar a frota de t\u00e1xis regulamentados, que sofreu redu\u00e7\u00e3o significativa nos \u00faltimos anos em fun\u00e7\u00e3o de cancelamentos de autoriza\u00e7\u00f5es, baixas cadastrais e os efeitos prolongados da pandemia de COVID-19 sobre o setor. A gest\u00e3o municipal afirma que a a\u00e7\u00e3o tamb\u00e9m busca garantir maior disponibilidade do servi\u00e7o para a popula\u00e7\u00e3o e fortalecer a mobilidade urbana na capital baiana.<\/div>\n<div><\/div>\n<div>Uma das novidades que marcam este credenciamento \u00e9 a atualiza\u00e7\u00e3o da legisla\u00e7\u00e3o municipal que regula o servi\u00e7o de t\u00e1xi (Lei Municipal n\u00ba 9.283\/2017). Entre as mudan\u00e7as aprovadas est\u00e1 a amplia\u00e7\u00e3o do limite de ano de fabrica\u00e7\u00e3o dos ve\u00edculos aceitos no sistema: agora, carros fabricados at\u00e9 2021 podem ser utilizados pelos novos taxistas credenciados. Segundo a prefeitura, essa altera\u00e7\u00e3o amplia as possibilidades de participa\u00e7\u00e3o e moderniza as regras de ingresso no servi\u00e7o, sem reduzir os padr\u00f5es de seguran\u00e7a e regularidade.<\/div>\n<div><\/div>\n<div>Como credenciar<\/div>\n<div>O chamamento p\u00fablico n\u00e3o tem prazo definido para encerramento \u2014 os interessados podem se inscrever enquanto o edital permanecer ativo. Para isso, os candidatos devem:<\/div>\n<div><\/div>\n<div>\u2022Comparecer ao setor de Protocolo da Semob, localizado na Rua Alceu Amoroso Lima, n\u00ba 581, no bairro Caminho das \u00c1rvores, no hor\u00e1rio das 8h \u00e0s 16h;<\/div>\n<div>\u2022 Atender aos requisitos previstos no edital, que incluem:<\/div>\n<div>\u2022Idade m\u00ednima de 21 anos;<\/div>\n<div>\u2022Carteira Nacional de Habilita\u00e7\u00e3o (CNH) v\u00e1lida h\u00e1 pelo menos dois anos;<\/div>\n<div>\u2022Comprova\u00e7\u00e3o de resid\u00eancia em Salvador;<\/div>\n<div>\u2022Ve\u00edculo compat\u00edvel com as novas exig\u00eancias da legisla\u00e7\u00e3o atualizada.<\/div>\n<div><\/div>\n<div>Todos os documentos exigidos e o texto completo do edital podem ser consultados no Di\u00e1rio Oficial do Munic\u00edpio (DOM) e no site oficial da Semob de Salvador.<\/div>\n<div><\/div>\n<div>Autoridades municipais destacam que este chamamento pode representar um marco para o transporte regulamentado na cidade, ao ampliar o n\u00famero de taxistas e melhorar o atendimento aos usu\u00e1rios em diferentes regi\u00f5es. A expectativa \u00e9 de que o fortalecimento do servi\u00e7o contribua para uma mobilidade urbana mais eficiente e para a gera\u00e7\u00e3o de oportunidades de trabalho para condutores interessados em atuar de forma formal e regulamentada.<\/div>\n","protected":false},"excerpt":{"rendered":"<p>A Prefeitura de Salvador, por meio da Secretaria Municipal de Mobilidade (Semob), abriu oficialmente o processo de credenciamento para novos taxistas na capital baiana. A medida representa o maior chamamento p\u00fablico para o servi\u00e7o de t\u00e1xi j\u00e1 realizado na cidade, com 600 novas autoriza\u00e7\u00f5es dispon\u00edveis. O objetivo da iniciativa \u00e9 recompor e reequilibrar a frota [&hellip;]<\/p>\n","protected":false},"author":2,"featured_media":376671,"comment_status":"closed","ping_status":"closed","sticky":false,"template":"","format":"standard","meta":{"_acf_changed":false,"footnotes":""},"categories":[165],"tags":[],"class_list":["post-376670","post","type-post","status-publish","format-standard","has-post-thumbnail","hentry","category-nordeste"],"acf":[],"yoast_head":"<!-- This site is optimized with the Yoast SEO plugin v27.5 - https:\/\/yoast.com\/product\/yoast-seo-wordpress\/ -->\n<title>Iniciativa hist\u00f3rica vai renovar frota de t\u00e1xis - Notibras<\/title>\n<meta name=\"robots\" content=\"index, follow, max-snippet:-1, max-image-preview:large, max-video-preview:-1\" \/>\n<link rel=\"canonical\" href=\"https:\/\/www.notibras.com\/site\/iniciativa-historica-vai-renovar-frota-de-taxis\/\" \/>\n<meta property=\"og:locale\" content=\"pt_BR\" \/>\n<meta property=\"og:type\" content=\"article\" \/>\n<meta property=\"og:title\" content=\"Iniciativa hist\u00f3rica vai renovar frota de t\u00e1xis - Notibras\" \/>\n<meta property=\"og:description\" content=\"A Prefeitura de Salvador, por meio da Secretaria Municipal de Mobilidade (Semob), abriu oficialmente o processo de credenciamento para novos taxistas na capital baiana. A medida representa o maior chamamento p\u00fablico para o servi\u00e7o de t\u00e1xi j\u00e1 realizado na cidade, com 600 novas autoriza\u00e7\u00f5es dispon\u00edveis. O objetivo da iniciativa \u00e9 recompor e reequilibrar a frota [&hellip;]\" \/>\n<meta property=\"og:url\" content=\"https:\/\/www.notibras.com\/site\/iniciativa-historica-vai-renovar-frota-de-taxis\/\" \/>\n<meta property=\"og:site_name\" content=\"Notibras\" \/>\n<meta property=\"article:publisher\" content=\"https:\/\/www.facebook.com\/notibras\/\" \/>\n<meta property=\"article:published_time\" content=\"2025-12-28T03:27:50+00:00\" \/>\n<meta property=\"article:modified_time\" content=\"2025-12-28T10:34:40+00:00\" \/>\n<meta property=\"og:image\" content=\"https:\/\/www.notibras.com\/site\/wp-content\/uploads\/2025\/12\/db7a89c6-1f54-4f99-8d5e-206a21c27be4.jpg\" \/>\n\t<meta property=\"og:image:width\" content=\"984\" \/>\n\t<meta property=\"og:image:height\" content=\"605\" \/>\n\t<meta property=\"og:image:type\" content=\"image\/jpeg\" \/>\n<meta name=\"author\" content=\"Reda\u00e7\u00e3o\" \/>\n<meta name=\"twitter:card\" content=\"summary_large_image\" \/>\n<meta name=\"twitter:creator\" content=\"@Notibras\" \/>\n<meta name=\"twitter:site\" content=\"@Notibras\" \/>\n<meta name=\"twitter:label1\" content=\"Escrito por\" \/>\n\t<meta name=\"twitter:data1\" content=\"Reda\u00e7\u00e3o\" \/>\n\t<meta name=\"twitter:label2\" content=\"Est. tempo de leitura\" \/>\n\t<meta name=\"twitter:data2\" content=\"3 minutos\" \/>\n<script type=\"application\/ld+json\" class=\"yoast-schema-graph\">{\"@context\":\"https:\\\/\\\/schema.org\",\"@graph\":[{\"@type\":\"Article\",\"@id\":\"https:\\\/\\\/www.notibras.com\\\/site\\\/iniciativa-historica-vai-renovar-frota-de-taxis\\\/#article\",\"isPartOf\":{\"@id\":\"https:\\\/\\\/www.notibras.com\\\/site\\\/iniciativa-historica-vai-renovar-frota-de-taxis\\\/\"},\"author\":{\"name\":\"Reda\u00e7\u00e3o\",\"@id\":\"https:\\\/\\\/www.notibras.com\\\/site\\\/#\\\/schema\\\/person\\\/36ab0979449956132d3e5b517ea76ac8\"},\"headline\":\"Iniciativa hist\u00f3rica vai renovar frota de t\u00e1xis\",\"datePublished\":\"2025-12-28T03:27:50+00:00\",\"dateModified\":\"2025-12-28T10:34:40+00:00\",\"mainEntityOfPage\":{\"@id\":\"https:\\\/\\\/www.notibras.com\\\/site\\\/iniciativa-historica-vai-renovar-frota-de-taxis\\\/\"},\"wordCount\":417,\"publisher\":{\"@id\":\"https:\\\/\\\/www.notibras.com\\\/site\\\/#organization\"},\"image\":{\"@id\":\"https:\\\/\\\/www.notibras.com\\\/site\\\/iniciativa-historica-vai-renovar-frota-de-taxis\\\/#primaryimage\"},\"thumbnailUrl\":\"https:\\\/\\\/www.notibras.com\\\/site\\\/wp-content\\\/uploads\\\/2025\\\/12\\\/db7a89c6-1f54-4f99-8d5e-206a21c27be4.jpg\",\"articleSection\":[\"Nordeste\"],\"inLanguage\":\"pt-BR\"},{\"@type\":\"WebPage\",\"@id\":\"https:\\\/\\\/www.notibras.com\\\/site\\\/iniciativa-historica-vai-renovar-frota-de-taxis\\\/\",\"url\":\"https:\\\/\\\/www.notibras.com\\\/site\\\/iniciativa-historica-vai-renovar-frota-de-taxis\\\/\",\"name\":\"Iniciativa hist\u00f3rica vai renovar frota de t\u00e1xis - Notibras\",\"isPartOf\":{\"@id\":\"https:\\\/\\\/www.notibras.com\\\/site\\\/#website\"},\"primaryImageOfPage\":{\"@id\":\"https:\\\/\\\/www.notibras.com\\\/site\\\/iniciativa-historica-vai-renovar-frota-de-taxis\\\/#primaryimage\"},\"image\":{\"@id\":\"https:\\\/\\\/www.notibras.com\\\/site\\\/iniciativa-historica-vai-renovar-frota-de-taxis\\\/#primaryimage\"},\"thumbnailUrl\":\"https:\\\/\\\/www.notibras.com\\\/site\\\/wp-content\\\/uploads\\\/2025\\\/12\\\/db7a89c6-1f54-4f99-8d5e-206a21c27be4.jpg\",\"datePublished\":\"2025-12-28T03:27:50+00:00\",\"dateModified\":\"2025-12-28T10:34:40+00:00\",\"breadcrumb\":{\"@id\":\"https:\\\/\\\/www.notibras.com\\\/site\\\/iniciativa-historica-vai-renovar-frota-de-taxis\\\/#breadcrumb\"},\"inLanguage\":\"pt-BR\",\"potentialAction\":[{\"@type\":\"ReadAction\",\"target\":[\"https:\\\/\\\/www.notibras.com\\\/site\\\/iniciativa-historica-vai-renovar-frota-de-taxis\\\/\"]}]},{\"@type\":\"ImageObject\",\"inLanguage\":\"pt-BR\",\"@id\":\"https:\\\/\\\/www.notibras.com\\\/site\\\/iniciativa-historica-vai-renovar-frota-de-taxis\\\/#primaryimage\",\"url\":\"https:\\\/\\\/www.notibras.com\\\/site\\\/wp-content\\\/uploads\\\/2025\\\/12\\\/db7a89c6-1f54-4f99-8d5e-206a21c27be4.jpg\",\"contentUrl\":\"https:\\\/\\\/www.notibras.com\\\/site\\\/wp-content\\\/uploads\\\/2025\\\/12\\\/db7a89c6-1f54-4f99-8d5e-206a21c27be4.jpg\",\"width\":984,\"height\":605},{\"@type\":\"BreadcrumbList\",\"@id\":\"https:\\\/\\\/www.notibras.com\\\/site\\\/iniciativa-historica-vai-renovar-frota-de-taxis\\\/#breadcrumb\",\"itemListElement\":[{\"@type\":\"ListItem\",\"position\":1,\"name\":\"In\u00edcio\",\"item\":\"https:\\\/\\\/www.notibras.com\\\/site\\\/\"},{\"@type\":\"ListItem\",\"position\":2,\"name\":\"Iniciativa hist\u00f3rica vai renovar frota de t\u00e1xis\"}]},{\"@type\":\"WebSite\",\"@id\":\"https:\\\/\\\/www.notibras.com\\\/site\\\/#website\",\"url\":\"https:\\\/\\\/www.notibras.com\\\/site\\\/\",\"name\":\"Notibras\",\"description\":\"Not\u00edcias de Bras\u00edlia, do Brasil e do Mundo\",\"publisher\":{\"@id\":\"https:\\\/\\\/www.notibras.com\\\/site\\\/#organization\"},\"potentialAction\":[{\"@type\":\"SearchAction\",\"target\":{\"@type\":\"EntryPoint\",\"urlTemplate\":\"https:\\\/\\\/www.notibras.com\\\/site\\\/?s={search_term_string}\"},\"query-input\":{\"@type\":\"PropertyValueSpecification\",\"valueRequired\":true,\"valueName\":\"search_term_string\"}}],\"inLanguage\":\"pt-BR\"},{\"@type\":\"Organization\",\"@id\":\"https:\\\/\\\/www.notibras.com\\\/site\\\/#organization\",\"name\":\"Grupo Notibras de Comunica\u00e7\u00e3o\",\"url\":\"https:\\\/\\\/www.notibras.com\\\/site\\\/\",\"logo\":{\"@type\":\"ImageObject\",\"inLanguage\":\"pt-BR\",\"@id\":\"https:\\\/\\\/www.notibras.com\\\/site\\\/#\\\/schema\\\/logo\\\/image\\\/\",\"url\":\"https:\\\/\\\/www.notibras.com\\\/site\\\/wp-content\\\/uploads\\\/2023\\\/01\\\/notibras23.png\",\"contentUrl\":\"https:\\\/\\\/www.notibras.com\\\/site\\\/wp-content\\\/uploads\\\/2023\\\/01\\\/notibras23.png\",\"width\":350,\"height\":87,\"caption\":\"Grupo Notibras de Comunica\u00e7\u00e3o\"},\"image\":{\"@id\":\"https:\\\/\\\/www.notibras.com\\\/site\\\/#\\\/schema\\\/logo\\\/image\\\/\"},\"sameAs\":[\"https:\\\/\\\/www.facebook.com\\\/notibras\\\/\",\"https:\\\/\\\/x.com\\\/Notibras\",\"https:\\\/\\\/www.instagram.com\\\/notibras\\\/\"]},{\"@type\":\"Person\",\"@id\":\"https:\\\/\\\/www.notibras.com\\\/site\\\/#\\\/schema\\\/person\\\/36ab0979449956132d3e5b517ea76ac8\",\"name\":\"Reda\u00e7\u00e3o\",\"image\":{\"@type\":\"ImageObject\",\"inLanguage\":\"pt-BR\",\"@id\":\"https:\\\/\\\/secure.gravatar.com\\\/avatar\\\/e0a867bdedb85fd243eadf09663511f96fc81e0720a4a42581f334ad4303aa6b?s=96&d=mm&r=g\",\"url\":\"https:\\\/\\\/secure.gravatar.com\\\/avatar\\\/e0a867bdedb85fd243eadf09663511f96fc81e0720a4a42581f334ad4303aa6b?s=96&d=mm&r=g\",\"contentUrl\":\"https:\\\/\\\/secure.gravatar.com\\\/avatar\\\/e0a867bdedb85fd243eadf09663511f96fc81e0720a4a42581f334ad4303aa6b?s=96&d=mm&r=g\",\"caption\":\"Reda\u00e7\u00e3o\"}}]}<\/script>\n<!-- \/ Yoast SEO plugin. -->","yoast_head_json":{"title":"Iniciativa hist\u00f3rica vai renovar frota de t\u00e1xis - Notibras","robots":{"index":"index","follow":"follow","max-snippet":"max-snippet:-1","max-image-preview":"max-image-preview:large","max-video-preview":"max-video-preview:-1"},"canonical":"https:\/\/www.notibras.com\/site\/iniciativa-historica-vai-renovar-frota-de-taxis\/","og_locale":"pt_BR","og_type":"article","og_title":"Iniciativa hist\u00f3rica vai renovar frota de t\u00e1xis - Notibras","og_description":"A Prefeitura de Salvador, por meio da Secretaria Municipal de Mobilidade (Semob), abriu oficialmente o processo de credenciamento para novos taxistas na capital baiana. A medida representa o maior chamamento p\u00fablico para o servi\u00e7o de t\u00e1xi j\u00e1 realizado na cidade, com 600 novas autoriza\u00e7\u00f5es dispon\u00edveis. O objetivo da iniciativa \u00e9 recompor e reequilibrar a frota [&hellip;]","og_url":"https:\/\/www.notibras.com\/site\/iniciativa-historica-vai-renovar-frota-de-taxis\/","og_site_name":"Notibras","article_publisher":"https:\/\/www.facebook.com\/notibras\/","article_published_time":"2025-12-28T03:27:50+00:00","article_modified_time":"2025-12-28T10:34:40+00:00","og_image":[{"width":984,"height":605,"url":"https:\/\/www.notibras.com\/site\/wp-content\/uploads\/2025\/12\/db7a89c6-1f54-4f99-8d5e-206a21c27be4.jpg","type":"image\/jpeg"}],"author":"Reda\u00e7\u00e3o","twitter_card":"summary_large_image","twitter_creator":"@Notibras","twitter_site":"@Notibras","twitter_misc":{"Escrito por":"Reda\u00e7\u00e3o","Est. tempo de leitura":"3 minutos"},"schema":{"@context":"https:\/\/schema.org","@graph":[{"@type":"Article","@id":"https:\/\/www.notibras.com\/site\/iniciativa-historica-vai-renovar-frota-de-taxis\/#article","isPartOf":{"@id":"https:\/\/www.notibras.com\/site\/iniciativa-historica-vai-renovar-frota-de-taxis\/"},"author":{"name":"Reda\u00e7\u00e3o","@id":"https:\/\/www.notibras.com\/site\/#\/schema\/person\/36ab0979449956132d3e5b517ea76ac8"},"headline":"Iniciativa hist\u00f3rica vai renovar frota de t\u00e1xis","datePublished":"2025-12-28T03:27:50+00:00","dateModified":"2025-12-28T10:34:40+00:00","mainEntityOfPage":{"@id":"https:\/\/www.notibras.com\/site\/iniciativa-historica-vai-renovar-frota-de-taxis\/"},"wordCount":417,"publisher":{"@id":"https:\/\/www.notibras.com\/site\/#organization"},"image":{"@id":"https:\/\/www.notibras.com\/site\/iniciativa-historica-vai-renovar-frota-de-taxis\/#primaryimage"},"thumbnailUrl":"https:\/\/www.notibras.com\/site\/wp-content\/uploads\/2025\/12\/db7a89c6-1f54-4f99-8d5e-206a21c27be4.jpg","articleSection":["Nordeste"],"inLanguage":"pt-BR"},{"@type":"WebPage","@id":"https:\/\/www.notibras.com\/site\/iniciativa-historica-vai-renovar-frota-de-taxis\/","url":"https:\/\/www.notibras.com\/site\/iniciativa-historica-vai-renovar-frota-de-taxis\/","name":"Iniciativa hist\u00f3rica vai renovar frota de t\u00e1xis - Notibras","isPartOf":{"@id":"https:\/\/www.notibras.com\/site\/#website"},"primaryImageOfPage":{"@id":"https:\/\/www.notibras.com\/site\/iniciativa-historica-vai-renovar-frota-de-taxis\/#primaryimage"},"image":{"@id":"https:\/\/www.notibras.com\/site\/iniciativa-historica-vai-renovar-frota-de-taxis\/#primaryimage"},"thumbnailUrl":"https:\/\/www.notibras.com\/site\/wp-content\/uploads\/2025\/12\/db7a89c6-1f54-4f99-8d5e-206a21c27be4.jpg","datePublished":"2025-12-28T03:27:50+00:00","dateModified":"2025-12-28T10:34:40+00:00","breadcrumb":{"@id":"https:\/\/www.notibras.com\/site\/iniciativa-historica-vai-renovar-frota-de-taxis\/#breadcrumb"},"inLanguage":"pt-BR","potentialAction":[{"@type":"ReadAction","target":["https:\/\/www.notibras.com\/site\/iniciativa-historica-vai-renovar-frota-de-taxis\/"]}]},{"@type":"ImageObject","inLanguage":"pt-BR","@id":"https:\/\/www.notibras.com\/site\/iniciativa-historica-vai-renovar-frota-de-taxis\/#primaryimage","url":"https:\/\/www.notibras.com\/site\/wp-content\/uploads\/2025\/12\/db7a89c6-1f54-4f99-8d5e-206a21c27be4.jpg","contentUrl":"https:\/\/www.notibras.com\/site\/wp-content\/uploads\/2025\/12\/db7a89c6-1f54-4f99-8d5e-206a21c27be4.jpg","width":984,"height":605},{"@type":"BreadcrumbList","@id":"https:\/\/www.notibras.com\/site\/iniciativa-historica-vai-renovar-frota-de-taxis\/#breadcrumb","itemListElement":[{"@type":"ListItem","position":1,"name":"In\u00edcio","item":"https:\/\/www.notibras.com\/site\/"},{"@type":"ListItem","position":2,"name":"Iniciativa hist\u00f3rica vai renovar frota de t\u00e1xis"}]},{"@type":"WebSite","@id":"https:\/\/www.notibras.com\/site\/#website","url":"https:\/\/www.notibras.com\/site\/","name":"Notibras","description":"Not\u00edcias de Bras\u00edlia, do Brasil e do Mundo","publisher":{"@id":"https:\/\/www.notibras.com\/site\/#organization"},"potentialAction":[{"@type":"SearchAction","target":{"@type":"EntryPoint","urlTemplate":"https:\/\/www.notibras.com\/site\/?s={search_term_string}"},"query-input":{"@type":"PropertyValueSpecification","valueRequired":true,"valueName":"search_term_string"}}],"inLanguage":"pt-BR"},{"@type":"Organization","@id":"https:\/\/www.notibras.com\/site\/#organization","name":"Grupo Notibras de Comunica\u00e7\u00e3o","url":"https:\/\/www.notibras.com\/site\/","logo":{"@type":"ImageObject","inLanguage":"pt-BR","@id":"https:\/\/www.notibras.com\/site\/#\/schema\/logo\/image\/","url":"https:\/\/www.notibras.com\/site\/wp-content\/uploads\/2023\/01\/notibras23.png","contentUrl":"https:\/\/www.notibras.com\/site\/wp-content\/uploads\/2023\/01\/notibras23.png","width":350,"height":87,"caption":"Grupo Notibras de Comunica\u00e7\u00e3o"},"image":{"@id":"https:\/\/www.notibras.com\/site\/#\/schema\/logo\/image\/"},"sameAs":["https:\/\/www.facebook.com\/notibras\/","https:\/\/x.com\/Notibras","https:\/\/www.instagram.com\/notibras\/"]},{"@type":"Person","@id":"https:\/\/www.notibras.com\/site\/#\/schema\/person\/36ab0979449956132d3e5b517ea76ac8","name":"Reda\u00e7\u00e3o","image":{"@type":"ImageObject","inLanguage":"pt-BR","@id":"https:\/\/secure.gravatar.com\/avatar\/e0a867bdedb85fd243eadf09663511f96fc81e0720a4a42581f334ad4303aa6b?s=96&d=mm&r=g","url":"https:\/\/secure.gravatar.com\/avatar\/e0a867bdedb85fd243eadf09663511f96fc81e0720a4a42581f334ad4303aa6b?s=96&d=mm&r=g","contentUrl":"https:\/\/secure.gravatar.com\/avatar\/e0a867bdedb85fd243eadf09663511f96fc81e0720a4a42581f334ad4303aa6b?s=96&d=mm&r=g","caption":"Reda\u00e7\u00e3o"}}]}},"amp_enabled":true,"_links":{"self":[{"href":"https:\/\/www.notibras.com\/site\/wp-json\/wp\/v2\/posts\/376670","targetHints":{"allow":["GET"]}}],"collection":[{"href":"https:\/\/www.notibras.com\/site\/wp-json\/wp\/v2\/posts"}],"about":[{"href":"https:\/\/www.notibras.com\/site\/wp-json\/wp\/v2\/types\/post"}],"author":[{"embeddable":true,"href":"https:\/\/www.notibras.com\/site\/wp-json\/wp\/v2\/users\/2"}],"replies":[{"embeddable":true,"href":"https:\/\/www.notibras.com\/site\/wp-json\/wp\/v2\/comments?post=376670"}],"version-history":[{"count":3,"href":"https:\/\/www.notibras.com\/site\/wp-json\/wp\/v2\/posts\/376670\/revisions"}],"predecessor-version":[{"id":376674,"href":"https:\/\/www.notibras.com\/site\/wp-json\/wp\/v2\/posts\/376670\/revisions\/376674"}],"wp:featuredmedia":[{"embeddable":true,"href":"https:\/\/www.notibras.com\/site\/wp-json\/wp\/v2\/media\/376671"}],"wp:attachment":[{"href":"https:\/\/www.notibras.com\/site\/wp-json\/wp\/v2\/media?parent=376670"}],"wp:term":[{"taxonomy":"category","embeddable":true,"href":"https:\/\/www.notibras.com\/site\/wp-json\/wp\/v2\/categories?post=376670"},{"taxonomy":"post_tag","embeddable":true,"href":"https:\/\/www.notibras.com\/site\/wp-json\/wp\/v2\/tags?post=376670"}],"curies":[{"name":"wp","href":"https:\/\/api.w.org\/{rel}","templated":true}]}}