{"id":376675,"date":"2025-12-28T07:42:46","date_gmt":"2025-12-28T10:42:46","guid":{"rendered":"https:\/\/www.notibras.com\/site\/?p=376675"},"modified":"2025-12-28T07:45:15","modified_gmt":"2025-12-28T10:45:15","slug":"celina-hoje-e-grande-favorita-mas-nao-sou-de-morrer-na-praia","status":"publish","type":"post","link":"https:\/\/www.notibras.com\/site\/celina-hoje-e-grande-favorita-mas-nao-sou-de-morrer-na-praia\/","title":{"rendered":"&#8216;Celina hoje \u00e9 grande favorita, mas n\u00e3o sou de morrer na praia&#8217;"},"content":{"rendered":"<p>Conversei, enfim, com Jos\u00e9 Roberto Arruda. Dividimos uma mesa na Belini (ali, na 113 Sul) em um papo que se alongou por mais tempo do que sup\u00fanhamos. Tudo por conta de muitos &#8211; embora breves &#8211; intervalos para que admiradores do ex-governador, hoje no PSD, fossem cumpriment\u00e1-lo e desejar-lhe sucesso numa eventual candidatura ao Pal\u00e1cio do Buriti. Digo &#8216;enfim&#8217; porque, em tr\u00eas ou quatro ocasi\u00f5es, ele chegou a desmarcar nosso encontro, a ponto de permitir-me indagar, neste mesmo espa\u00e7o, se ele temia perguntas constrangedoras. &#8220;S\u00f3 temo os vivos&#8221; (no sentido figurado de espertalh\u00f5es), disse-me logo ao chegar. E enumerou um ros\u00e1rio de nomes que ficar\u00e3o fora deste texto, por total falta de tempo para ouvir as vers\u00f5es de seus desafetos pol\u00edticos.<\/p>\n<p>Mas foi, sem d\u00favida, uma conversa agrad\u00e1vel. E como domingo \u00e9 dia de leitura leve, tentarei aqui, por meio de met\u00e1foras e tomando emprestado o t\u00edtulo (traduzido para o portugu\u00eas) <em>A revolu\u00e7\u00e3o dos bichos<\/em>, de George Orwell, interpretar, se n\u00e3o no todo, ao menos grande parte da conversa. Contudo, de pronto, sem qualquer fic\u00e7\u00e3o, enfatizo uma frase dita por Arruda: &#8220;Celina, hoje, \u00e9 a favorita para vencer a elei\u00e7\u00e3o. Por\u00e9m, como ainda vai correr muita \u00e1gua sob a ponte, vou nadar de bra\u00e7ada para n\u00e3o morrer na praia&#8221;.<\/p>\n<p>Dito isso, vamos ao que colhi da conversa, tendo o Cerrado, e n\u00e3o uma mera fazenda, como cen\u00e1rio.<\/p>\n<p>Uma curta viagem ao futuro, e aterrissamos em pleno outono de 2026. Embora a paisagem nos pare\u00e7a im\u00f3vel, sabemos que tudo se move por baixo da terra, e a velha f\u00e1bula de Orwell ganha vida em meio a s\u00edmbolos, folhas, pedras e feras que fingem n\u00e3o disputar o mesmo territ\u00f3rio.<\/p>\n<p>No centro do Planalto, ergue-se a Pedra. \u00cdngreme, maci\u00e7a, estufada em sua aparente eternidade. Chamam-na Ibaneis, rocha do MDB, dessas que n\u00e3o caminham, n\u00e3o correm, n\u00e3o disputam; simplesmente ocupam o espa\u00e7o conquistado. A Pedra n\u00e3o pede votos; ao contr\u00e1rio, imp\u00f5e sombra. Quem passa perto aprende a contorn\u00e1-la ou a bater a cabe\u00e7a. Suceder a Pedra n\u00e3o \u00e9 tarefa simples. Exige for\u00e7a, paci\u00eancia e determina\u00e7\u00e3o.<\/p>\n<p>\u00c9 nesse cen\u00e1rio que surge a Leoa. De juba bem penteada, passos firmes, olhar treinado para o ataque final, Celina parece farejar o poder com instinto de uma su\u00e7uarana. Se a savana eleitoral fosse hoje, seu rugido seria suficiente para afastar concorrentes menores, salvo os que t\u00eam uma folhinha presa \u00e0 orelha para manter distante o mau-olhado dos advers\u00e1rios. A Leoa sabe que o Cerrado n\u00e3o perdoa hesita\u00e7\u00e3o. Por isso, caminha como favorita esbanjando confian\u00e7a e ganhando mais visibilidade. Age consciente de que a pol\u00edtica tamb\u00e9m \u00e9 territ\u00f3rio; e quem n\u00e3o marca, perde.<\/p>\n<p>Mas h\u00e1 algo que a f\u00e1bula moderna traz \u00e0 tona. \u00c9 que nem toda disputa, principalmente contenda pol\u00edtica, \u00e9 vencida por garras, mas com garra.<\/p>\n<p>Ainda fora do palco, quase confundida com a paisagem, est\u00e1 a Planta. N\u00e3o rosna, n\u00e3o ruge, n\u00e3o avan\u00e7a. Jos\u00e9 Roberto Arruda finca ra\u00edzes silenciosas, como quem j\u00e1 conhece a terra e sabe onde a \u00e1gua passa quando ningu\u00e9m v\u00ea. Ele n\u00e3o \u00e9 \u00e1rvore frondosa nem flor vistosa. \u00c9 uma folha que, ao contr\u00e1rio do que sup\u00f5em os predadores, n\u00e3o afunda; desliza.<\/p>\n<p>No quadro que se desenha, Arruda se move como quem j\u00e1 caiu e aprendeu a cair sem se esfarelar. Leve, soprado por uma brisa suave, dessas que n\u00e3o derrubam cercas, mas mudam o clima. Com sua perspic\u00e1cia, a Folha n\u00e3o enfrenta a Pedra e n\u00e3o desafia a Leoa. Espera pacientemente que ela avance demais. Pol\u00edtica, afinal, n\u00e3o \u00e9 corrida de cem metros; \u00e9 resist\u00eancia ao tempo, ao vento e \u00e0 pr\u00f3pria mem\u00f3ria.<\/p>\n<p>Mineiro de origem, Arruda mant\u00e9m na bagagem uma vantagem que Bras\u00edlia subestima: quem nasce onde n\u00e3o h\u00e1 mar n\u00e3o teme morrer na praia. Porque a praia, diz, \u00e9 apenas uma met\u00e1fora inventada por quem sempre precisou de horizonte para acreditar. E como das Minas, h\u00e1 71 anos gerais, ele sabe que o poder, como o ouro, n\u00e3o brilha na superf\u00edcie. Est\u00e1 enterrado, escondido, exigindo escava\u00e7\u00e3o lenta e m\u00e3os calejadas.<\/p>\n<p>A conversa na Belini levou a essa ilustra\u00e7\u00e3o. Arruda deve plantar a semente no Outono, trocando a condi\u00e7\u00e3o de pr\u00e9 para ser. No Inverno, espera estar bem agasalhado com o calor humano, para, na Primavera, colher os frutos. Por ora, as tintas do Cerrado t\u00eam essa colora\u00e7\u00e3o. A Leoa ruge, a Pedra mant\u00e9m sua sombra pesada, a Folha segue levada pelo vento at\u00e9 apegar-se a um buriti.<\/p>\n<p>Como a abertura foi com George Orwell, fecho lembrando Charles Perrault: o problema dessa narrativa talvez seja manter um inconfidente ao lado. \u00c9 que um gato de botas, capaz de iludir um ogro que vira le\u00e3o e depois se transforma em rato, pode acabar degustando seu prato predileto.<\/p>\n<p>&#8230;&#8230;&#8230;&#8230;<\/p>\n<p><strong>Jos\u00e9 Seabra \u00e9 CEO fundador de Notibras<\/strong><\/p>\n","protected":false},"excerpt":{"rendered":"<p>Conversei, enfim, com Jos\u00e9 Roberto Arruda. Dividimos uma mesa na Belini (ali, na 113 Sul) em um papo que se alongou por mais tempo do que sup\u00fanhamos. Tudo por conta de muitos &#8211; embora breves &#8211; intervalos para que admiradores do ex-governador, hoje no PSD, fossem cumpriment\u00e1-lo e desejar-lhe sucesso numa eventual candidatura ao Pal\u00e1cio [&hellip;]<\/p>\n","protected":false},"author":2,"featured_media":376676,"comment_status":"closed","ping_status":"closed","sticky":false,"template":"","format":"standard","meta":{"_acf_changed":false,"footnotes":""},"categories":[161],"tags":[95],"class_list":["post-376675","post","type-post","status-publish","format-standard","has-post-thumbnail","hentry","category-quadradinho-em-foco","tag-capa"],"acf":[],"yoast_head":"<!-- This site is optimized with the Yoast SEO plugin v27.2 - https:\/\/yoast.com\/product\/yoast-seo-wordpress\/ -->\n<title>&#039;Celina hoje \u00e9 grande favorita, mas n\u00e3o sou de morrer na praia&#039; - Notibras<\/title>\n<meta name=\"robots\" content=\"index, follow, max-snippet:-1, max-image-preview:large, max-video-preview:-1\" \/>\n<link rel=\"canonical\" href=\"https:\/\/www.notibras.com\/site\/celina-hoje-e-grande-favorita-mas-nao-sou-de-morrer-na-praia\/\" \/>\n<meta property=\"og:locale\" content=\"pt_BR\" \/>\n<meta property=\"og:type\" content=\"article\" \/>\n<meta property=\"og:title\" content=\"&#039;Celina hoje \u00e9 grande favorita, mas n\u00e3o sou de morrer na praia&#039; - Notibras\" \/>\n<meta property=\"og:description\" content=\"Conversei, enfim, com Jos\u00e9 Roberto Arruda. Dividimos uma mesa na Belini (ali, na 113 Sul) em um papo que se alongou por mais tempo do que sup\u00fanhamos. Tudo por conta de muitos &#8211; embora breves &#8211; intervalos para que admiradores do ex-governador, hoje no PSD, fossem cumpriment\u00e1-lo e desejar-lhe sucesso numa eventual candidatura ao Pal\u00e1cio [&hellip;]\" \/>\n<meta property=\"og:url\" content=\"https:\/\/www.notibras.com\/site\/celina-hoje-e-grande-favorita-mas-nao-sou-de-morrer-na-praia\/\" \/>\n<meta property=\"og:site_name\" content=\"Notibras\" \/>\n<meta property=\"article:publisher\" content=\"https:\/\/www.facebook.com\/notibras\/\" \/>\n<meta property=\"article:published_time\" content=\"2025-12-28T10:42:46+00:00\" \/>\n<meta property=\"article:modified_time\" content=\"2025-12-28T10:45:15+00:00\" \/>\n<meta property=\"og:image\" content=\"https:\/\/www.notibras.com\/site\/wp-content\/uploads\/2025\/12\/12c80c93-9d8d-43ab-87a3-de48f7e213ed.jpg\" \/>\n\t<meta property=\"og:image:width\" content=\"1280\" \/>\n\t<meta property=\"og:image:height\" content=\"960\" \/>\n\t<meta property=\"og:image:type\" content=\"image\/jpeg\" \/>\n<meta name=\"author\" content=\"Reda\u00e7\u00e3o\" \/>\n<meta name=\"twitter:card\" content=\"summary_large_image\" \/>\n<meta name=\"twitter:creator\" content=\"@Notibras\" \/>\n<meta name=\"twitter:site\" content=\"@Notibras\" \/>\n<meta name=\"twitter:label1\" content=\"Escrito por\" \/>\n\t<meta name=\"twitter:data1\" content=\"Reda\u00e7\u00e3o\" \/>\n\t<meta name=\"twitter:label2\" content=\"Est. tempo de leitura\" \/>\n\t<meta name=\"twitter:data2\" content=\"5 minutos\" \/>\n<script type=\"application\/ld+json\" class=\"yoast-schema-graph\">{\"@context\":\"https:\/\/schema.org\",\"@graph\":[{\"@type\":\"Article\",\"@id\":\"https:\/\/www.notibras.com\/site\/celina-hoje-e-grande-favorita-mas-nao-sou-de-morrer-na-praia\/#article\",\"isPartOf\":{\"@id\":\"https:\/\/www.notibras.com\/site\/celina-hoje-e-grande-favorita-mas-nao-sou-de-morrer-na-praia\/\"},\"author\":{\"name\":\"Reda\u00e7\u00e3o\",\"@id\":\"https:\/\/www.notibras.com\/site\/#\/schema\/person\/36ab0979449956132d3e5b517ea76ac8\"},\"headline\":\"&#8216;Celina hoje \u00e9 grande favorita, mas n\u00e3o sou de morrer na praia&#8217;\",\"datePublished\":\"2025-12-28T10:42:46+00:00\",\"dateModified\":\"2025-12-28T10:45:15+00:00\",\"mainEntityOfPage\":{\"@id\":\"https:\/\/www.notibras.com\/site\/celina-hoje-e-grande-favorita-mas-nao-sou-de-morrer-na-praia\/\"},\"wordCount\":867,\"publisher\":{\"@id\":\"https:\/\/www.notibras.com\/site\/#organization\"},\"image\":{\"@id\":\"https:\/\/www.notibras.com\/site\/celina-hoje-e-grande-favorita-mas-nao-sou-de-morrer-na-praia\/#primaryimage\"},\"thumbnailUrl\":\"https:\/\/www.notibras.com\/site\/wp-content\/uploads\/2025\/12\/12c80c93-9d8d-43ab-87a3-de48f7e213ed.jpg\",\"keywords\":[\"capa\"],\"articleSection\":[\"Quadradinho em Foco\"],\"inLanguage\":\"pt-BR\"},{\"@type\":\"WebPage\",\"@id\":\"https:\/\/www.notibras.com\/site\/celina-hoje-e-grande-favorita-mas-nao-sou-de-morrer-na-praia\/\",\"url\":\"https:\/\/www.notibras.com\/site\/celina-hoje-e-grande-favorita-mas-nao-sou-de-morrer-na-praia\/\",\"name\":\"'Celina hoje \u00e9 grande favorita, mas n\u00e3o sou de morrer na praia' - Notibras\",\"isPartOf\":{\"@id\":\"https:\/\/www.notibras.com\/site\/#website\"},\"primaryImageOfPage\":{\"@id\":\"https:\/\/www.notibras.com\/site\/celina-hoje-e-grande-favorita-mas-nao-sou-de-morrer-na-praia\/#primaryimage\"},\"image\":{\"@id\":\"https:\/\/www.notibras.com\/site\/celina-hoje-e-grande-favorita-mas-nao-sou-de-morrer-na-praia\/#primaryimage\"},\"thumbnailUrl\":\"https:\/\/www.notibras.com\/site\/wp-content\/uploads\/2025\/12\/12c80c93-9d8d-43ab-87a3-de48f7e213ed.jpg\",\"datePublished\":\"2025-12-28T10:42:46+00:00\",\"dateModified\":\"2025-12-28T10:45:15+00:00\",\"breadcrumb\":{\"@id\":\"https:\/\/www.notibras.com\/site\/celina-hoje-e-grande-favorita-mas-nao-sou-de-morrer-na-praia\/#breadcrumb\"},\"inLanguage\":\"pt-BR\",\"potentialAction\":[{\"@type\":\"ReadAction\",\"target\":[\"https:\/\/www.notibras.com\/site\/celina-hoje-e-grande-favorita-mas-nao-sou-de-morrer-na-praia\/\"]}]},{\"@type\":\"ImageObject\",\"inLanguage\":\"pt-BR\",\"@id\":\"https:\/\/www.notibras.com\/site\/celina-hoje-e-grande-favorita-mas-nao-sou-de-morrer-na-praia\/#primaryimage\",\"url\":\"https:\/\/www.notibras.com\/site\/wp-content\/uploads\/2025\/12\/12c80c93-9d8d-43ab-87a3-de48f7e213ed.jpg\",\"contentUrl\":\"https:\/\/www.notibras.com\/site\/wp-content\/uploads\/2025\/12\/12c80c93-9d8d-43ab-87a3-de48f7e213ed.jpg\",\"width\":1280,\"height\":960},{\"@type\":\"BreadcrumbList\",\"@id\":\"https:\/\/www.notibras.com\/site\/celina-hoje-e-grande-favorita-mas-nao-sou-de-morrer-na-praia\/#breadcrumb\",\"itemListElement\":[{\"@type\":\"ListItem\",\"position\":1,\"name\":\"In\u00edcio\",\"item\":\"https:\/\/www.notibras.com\/site\/\"},{\"@type\":\"ListItem\",\"position\":2,\"name\":\"&#8216;Celina hoje \u00e9 grande favorita, mas n\u00e3o sou de morrer na praia&#8217;\"}]},{\"@type\":\"WebSite\",\"@id\":\"https:\/\/www.notibras.com\/site\/#website\",\"url\":\"https:\/\/www.notibras.com\/site\/\",\"name\":\"Notibras\",\"description\":\"Not\u00edcias de Bras\u00edlia, do Brasil e do Mundo\",\"publisher\":{\"@id\":\"https:\/\/www.notibras.com\/site\/#organization\"},\"potentialAction\":[{\"@type\":\"SearchAction\",\"target\":{\"@type\":\"EntryPoint\",\"urlTemplate\":\"https:\/\/www.notibras.com\/site\/?s={search_term_string}\"},\"query-input\":{\"@type\":\"PropertyValueSpecification\",\"valueRequired\":true,\"valueName\":\"search_term_string\"}}],\"inLanguage\":\"pt-BR\"},{\"@type\":\"Organization\",\"@id\":\"https:\/\/www.notibras.com\/site\/#organization\",\"name\":\"Grupo Notibras de Comunica\u00e7\u00e3o\",\"url\":\"https:\/\/www.notibras.com\/site\/\",\"logo\":{\"@type\":\"ImageObject\",\"inLanguage\":\"pt-BR\",\"@id\":\"https:\/\/www.notibras.com\/site\/#\/schema\/logo\/image\/\",\"url\":\"https:\/\/www.notibras.com\/site\/wp-content\/uploads\/2023\/01\/notibras23.png\",\"contentUrl\":\"https:\/\/www.notibras.com\/site\/wp-content\/uploads\/2023\/01\/notibras23.png\",\"width\":350,\"height\":87,\"caption\":\"Grupo Notibras de Comunica\u00e7\u00e3o\"},\"image\":{\"@id\":\"https:\/\/www.notibras.com\/site\/#\/schema\/logo\/image\/\"},\"sameAs\":[\"https:\/\/www.facebook.com\/notibras\/\",\"https:\/\/x.com\/Notibras\",\"https:\/\/www.instagram.com\/notibras\/\"]},{\"@type\":\"Person\",\"@id\":\"https:\/\/www.notibras.com\/site\/#\/schema\/person\/36ab0979449956132d3e5b517ea76ac8\",\"name\":\"Reda\u00e7\u00e3o\",\"image\":{\"@type\":\"ImageObject\",\"inLanguage\":\"pt-BR\",\"@id\":\"https:\/\/secure.gravatar.com\/avatar\/e0a867bdedb85fd243eadf09663511f96fc81e0720a4a42581f334ad4303aa6b?s=96&d=mm&r=g\",\"url\":\"https:\/\/secure.gravatar.com\/avatar\/e0a867bdedb85fd243eadf09663511f96fc81e0720a4a42581f334ad4303aa6b?s=96&d=mm&r=g\",\"contentUrl\":\"https:\/\/secure.gravatar.com\/avatar\/e0a867bdedb85fd243eadf09663511f96fc81e0720a4a42581f334ad4303aa6b?s=96&d=mm&r=g\",\"caption\":\"Reda\u00e7\u00e3o\"}}]}<\/script>\n<!-- \/ Yoast SEO plugin. -->","yoast_head_json":{"title":"'Celina hoje \u00e9 grande favorita, mas n\u00e3o sou de morrer na praia' - Notibras","robots":{"index":"index","follow":"follow","max-snippet":"max-snippet:-1","max-image-preview":"max-image-preview:large","max-video-preview":"max-video-preview:-1"},"canonical":"https:\/\/www.notibras.com\/site\/celina-hoje-e-grande-favorita-mas-nao-sou-de-morrer-na-praia\/","og_locale":"pt_BR","og_type":"article","og_title":"'Celina hoje \u00e9 grande favorita, mas n\u00e3o sou de morrer na praia' - Notibras","og_description":"Conversei, enfim, com Jos\u00e9 Roberto Arruda. Dividimos uma mesa na Belini (ali, na 113 Sul) em um papo que se alongou por mais tempo do que sup\u00fanhamos. Tudo por conta de muitos &#8211; embora breves &#8211; intervalos para que admiradores do ex-governador, hoje no PSD, fossem cumpriment\u00e1-lo e desejar-lhe sucesso numa eventual candidatura ao Pal\u00e1cio [&hellip;]","og_url":"https:\/\/www.notibras.com\/site\/celina-hoje-e-grande-favorita-mas-nao-sou-de-morrer-na-praia\/","og_site_name":"Notibras","article_publisher":"https:\/\/www.facebook.com\/notibras\/","article_published_time":"2025-12-28T10:42:46+00:00","article_modified_time":"2025-12-28T10:45:15+00:00","og_image":[{"width":1280,"height":960,"url":"https:\/\/www.notibras.com\/site\/wp-content\/uploads\/2025\/12\/12c80c93-9d8d-43ab-87a3-de48f7e213ed.jpg","type":"image\/jpeg"}],"author":"Reda\u00e7\u00e3o","twitter_card":"summary_large_image","twitter_creator":"@Notibras","twitter_site":"@Notibras","twitter_misc":{"Escrito por":"Reda\u00e7\u00e3o","Est. tempo de leitura":"5 minutos"},"schema":{"@context":"https:\/\/schema.org","@graph":[{"@type":"Article","@id":"https:\/\/www.notibras.com\/site\/celina-hoje-e-grande-favorita-mas-nao-sou-de-morrer-na-praia\/#article","isPartOf":{"@id":"https:\/\/www.notibras.com\/site\/celina-hoje-e-grande-favorita-mas-nao-sou-de-morrer-na-praia\/"},"author":{"name":"Reda\u00e7\u00e3o","@id":"https:\/\/www.notibras.com\/site\/#\/schema\/person\/36ab0979449956132d3e5b517ea76ac8"},"headline":"&#8216;Celina hoje \u00e9 grande favorita, mas n\u00e3o sou de morrer na praia&#8217;","datePublished":"2025-12-28T10:42:46+00:00","dateModified":"2025-12-28T10:45:15+00:00","mainEntityOfPage":{"@id":"https:\/\/www.notibras.com\/site\/celina-hoje-e-grande-favorita-mas-nao-sou-de-morrer-na-praia\/"},"wordCount":867,"publisher":{"@id":"https:\/\/www.notibras.com\/site\/#organization"},"image":{"@id":"https:\/\/www.notibras.com\/site\/celina-hoje-e-grande-favorita-mas-nao-sou-de-morrer-na-praia\/#primaryimage"},"thumbnailUrl":"https:\/\/www.notibras.com\/site\/wp-content\/uploads\/2025\/12\/12c80c93-9d8d-43ab-87a3-de48f7e213ed.jpg","keywords":["capa"],"articleSection":["Quadradinho em Foco"],"inLanguage":"pt-BR"},{"@type":"WebPage","@id":"https:\/\/www.notibras.com\/site\/celina-hoje-e-grande-favorita-mas-nao-sou-de-morrer-na-praia\/","url":"https:\/\/www.notibras.com\/site\/celina-hoje-e-grande-favorita-mas-nao-sou-de-morrer-na-praia\/","name":"'Celina hoje \u00e9 grande favorita, mas n\u00e3o sou de morrer na praia' - Notibras","isPartOf":{"@id":"https:\/\/www.notibras.com\/site\/#website"},"primaryImageOfPage":{"@id":"https:\/\/www.notibras.com\/site\/celina-hoje-e-grande-favorita-mas-nao-sou-de-morrer-na-praia\/#primaryimage"},"image":{"@id":"https:\/\/www.notibras.com\/site\/celina-hoje-e-grande-favorita-mas-nao-sou-de-morrer-na-praia\/#primaryimage"},"thumbnailUrl":"https:\/\/www.notibras.com\/site\/wp-content\/uploads\/2025\/12\/12c80c93-9d8d-43ab-87a3-de48f7e213ed.jpg","datePublished":"2025-12-28T10:42:46+00:00","dateModified":"2025-12-28T10:45:15+00:00","breadcrumb":{"@id":"https:\/\/www.notibras.com\/site\/celina-hoje-e-grande-favorita-mas-nao-sou-de-morrer-na-praia\/#breadcrumb"},"inLanguage":"pt-BR","potentialAction":[{"@type":"ReadAction","target":["https:\/\/www.notibras.com\/site\/celina-hoje-e-grande-favorita-mas-nao-sou-de-morrer-na-praia\/"]}]},{"@type":"ImageObject","inLanguage":"pt-BR","@id":"https:\/\/www.notibras.com\/site\/celina-hoje-e-grande-favorita-mas-nao-sou-de-morrer-na-praia\/#primaryimage","url":"https:\/\/www.notibras.com\/site\/wp-content\/uploads\/2025\/12\/12c80c93-9d8d-43ab-87a3-de48f7e213ed.jpg","contentUrl":"https:\/\/www.notibras.com\/site\/wp-content\/uploads\/2025\/12\/12c80c93-9d8d-43ab-87a3-de48f7e213ed.jpg","width":1280,"height":960},{"@type":"BreadcrumbList","@id":"https:\/\/www.notibras.com\/site\/celina-hoje-e-grande-favorita-mas-nao-sou-de-morrer-na-praia\/#breadcrumb","itemListElement":[{"@type":"ListItem","position":1,"name":"In\u00edcio","item":"https:\/\/www.notibras.com\/site\/"},{"@type":"ListItem","position":2,"name":"&#8216;Celina hoje \u00e9 grande favorita, mas n\u00e3o sou de morrer na praia&#8217;"}]},{"@type":"WebSite","@id":"https:\/\/www.notibras.com\/site\/#website","url":"https:\/\/www.notibras.com\/site\/","name":"Notibras","description":"Not\u00edcias de Bras\u00edlia, do Brasil e do Mundo","publisher":{"@id":"https:\/\/www.notibras.com\/site\/#organization"},"potentialAction":[{"@type":"SearchAction","target":{"@type":"EntryPoint","urlTemplate":"https:\/\/www.notibras.com\/site\/?s={search_term_string}"},"query-input":{"@type":"PropertyValueSpecification","valueRequired":true,"valueName":"search_term_string"}}],"inLanguage":"pt-BR"},{"@type":"Organization","@id":"https:\/\/www.notibras.com\/site\/#organization","name":"Grupo Notibras de Comunica\u00e7\u00e3o","url":"https:\/\/www.notibras.com\/site\/","logo":{"@type":"ImageObject","inLanguage":"pt-BR","@id":"https:\/\/www.notibras.com\/site\/#\/schema\/logo\/image\/","url":"https:\/\/www.notibras.com\/site\/wp-content\/uploads\/2023\/01\/notibras23.png","contentUrl":"https:\/\/www.notibras.com\/site\/wp-content\/uploads\/2023\/01\/notibras23.png","width":350,"height":87,"caption":"Grupo Notibras de Comunica\u00e7\u00e3o"},"image":{"@id":"https:\/\/www.notibras.com\/site\/#\/schema\/logo\/image\/"},"sameAs":["https:\/\/www.facebook.com\/notibras\/","https:\/\/x.com\/Notibras","https:\/\/www.instagram.com\/notibras\/"]},{"@type":"Person","@id":"https:\/\/www.notibras.com\/site\/#\/schema\/person\/36ab0979449956132d3e5b517ea76ac8","name":"Reda\u00e7\u00e3o","image":{"@type":"ImageObject","inLanguage":"pt-BR","@id":"https:\/\/secure.gravatar.com\/avatar\/e0a867bdedb85fd243eadf09663511f96fc81e0720a4a42581f334ad4303aa6b?s=96&d=mm&r=g","url":"https:\/\/secure.gravatar.com\/avatar\/e0a867bdedb85fd243eadf09663511f96fc81e0720a4a42581f334ad4303aa6b?s=96&d=mm&r=g","contentUrl":"https:\/\/secure.gravatar.com\/avatar\/e0a867bdedb85fd243eadf09663511f96fc81e0720a4a42581f334ad4303aa6b?s=96&d=mm&r=g","caption":"Reda\u00e7\u00e3o"}}]}},"amp_enabled":true,"_links":{"self":[{"href":"https:\/\/www.notibras.com\/site\/wp-json\/wp\/v2\/posts\/376675","targetHints":{"allow":["GET"]}}],"collection":[{"href":"https:\/\/www.notibras.com\/site\/wp-json\/wp\/v2\/posts"}],"about":[{"href":"https:\/\/www.notibras.com\/site\/wp-json\/wp\/v2\/types\/post"}],"author":[{"embeddable":true,"href":"https:\/\/www.notibras.com\/site\/wp-json\/wp\/v2\/users\/2"}],"replies":[{"embeddable":true,"href":"https:\/\/www.notibras.com\/site\/wp-json\/wp\/v2\/comments?post=376675"}],"version-history":[{"count":4,"href":"https:\/\/www.notibras.com\/site\/wp-json\/wp\/v2\/posts\/376675\/revisions"}],"predecessor-version":[{"id":376680,"href":"https:\/\/www.notibras.com\/site\/wp-json\/wp\/v2\/posts\/376675\/revisions\/376680"}],"wp:featuredmedia":[{"embeddable":true,"href":"https:\/\/www.notibras.com\/site\/wp-json\/wp\/v2\/media\/376676"}],"wp:attachment":[{"href":"https:\/\/www.notibras.com\/site\/wp-json\/wp\/v2\/media?parent=376675"}],"wp:term":[{"taxonomy":"category","embeddable":true,"href":"https:\/\/www.notibras.com\/site\/wp-json\/wp\/v2\/categories?post=376675"},{"taxonomy":"post_tag","embeddable":true,"href":"https:\/\/www.notibras.com\/site\/wp-json\/wp\/v2\/tags?post=376675"}],"curies":[{"name":"wp","href":"https:\/\/api.w.org\/{rel}","templated":true}]}}