{"id":376681,"date":"2025-12-28T10:05:16","date_gmt":"2025-12-28T13:05:16","guid":{"rendered":"https:\/\/www.notibras.com\/site\/?p=376681"},"modified":"2025-12-28T11:08:02","modified_gmt":"2025-12-28T14:08:02","slug":"morre-brigitte-bardot-musa-dama-das-telonas","status":"publish","type":"post","link":"https:\/\/www.notibras.com\/site\/morre-brigitte-bardot-musa-dama-das-telonas\/","title":{"rendered":"Morre Brigitte Bardot, musa-dama das telonas"},"content":{"rendered":"<p>Morreu aos 91 anos a atriz francesa Brigitte Bardot, lenda do cinema mundial. A causa da morte n\u00e3o foi divulgada, mas ela j\u00e1 estava com a sa\u00fade debilitada h\u00e1 alguns meses, passando por longas interna\u00e7\u00f5es. Ela morreu num hospital no sul da Fran\u00e7a, onde passaria por uma cirurgia.<\/p>\n<p>Al\u00e9m de atriz, Brigitte foi cantora e ativista da causa animal. Nascida em Paris, em 1934, em uma fam\u00edlia rica, come\u00e7ou sua carreira art\u00edstica como modelo, aos 15 anos. Estampou a capa da revista Elle e sua beleza chamou aten\u00e7\u00e3o imediata de outras \u00e1reas, como o cinema.<\/p>\n<p>Estreou nas telas em 1952, aos 18 anos, no filme Le Trou Normand, do diretor Jean Boyer, no qual interpretou a personagem Javotte Lemoine, um papel pequeno. No mesmo ano atuou em Manina, a Mo\u00e7a Sem V\u00e9u. Com dire\u00e7\u00e3o do diretor franc\u00eas Willy Rozier, sua personagem n\u00e3o tinha grande destaque, mas Brigitte chamou aten\u00e7\u00e3o ao aparecer de biqu\u00edni, ajudando a tornar comum a pe\u00e7a de roupa.<\/p>\n<p>Em 1953, a jovem atriz, ainda n\u00e3o muito famosa, atuou em Mais Forte que a Morte, seu primeiro trabalho num longa-metragem norte-americano. Com Kirk Douglas e Dany Robin como protagonistas, a produ\u00e7\u00e3o teve muitas cenas rodadas na Fran\u00e7a. Embora n\u00e3o tenha tido grande destaque no filme, a atriz chamou aten\u00e7\u00e3o no Festival de Cannes daquele ano durante a promo\u00e7\u00e3o do longa protagonizado por Douglas. Ela surgiu de biqu\u00edni no evento, o que causou frisson na m\u00eddia.<\/p>\n<p>A atriz seguiu atuando em filmes franceses, italianos e ingleses. Em 1955 atuou em v\u00e1rias produ\u00e7\u00f5es como A Noiva do Comandante, As Grandes Manobras e A Luz do Desejo. Em 1956, trabalhou em filmes como Helena de Tr\u00f3ia, Mademoiselle Pigalle e Meu Filho Nero.<\/p>\n<p>Nestes longas, Brigitte j\u00e1 vinha chamando aten\u00e7\u00e3o e atuando com mais destaque, sendo protagonista em algumas produ\u00e7\u00f5es. Ainda em 1956, ela estrelou E Deus Criou a Mulher, dirigido por seu ent\u00e3o marido, o franc\u00eas Roger Vadim.<\/p>\n<p>No longa, Brigitte interpreta Juliette, uma jovem mulher que vive em Saint-Tropez que se casa com o irm\u00e3o de um homem que a rejeitou. Ela, que \u00e9 uma \u00f3rf\u00e3, luta para n\u00e3o voltar para o orfanato e faz isso despertando paix\u00f5es.<\/p>\n<p>A produ\u00e7\u00e3o levou Brigitte ao estrelato: ela se tornou um s\u00edmbolo sexual e passou a influenciar a moda feminina em grande parte do mundo.<\/p>\n<p>A partir da\u00ed, a francesa se tornou sin\u00f4nimo de estrela de cinema, atuando em produ\u00e7\u00f5es famosas como O Desprezo, de 1963, do diretor Jean-Luc Godard e atuou ao lado de astros como Anthony Perkins, Marcello Mastroianni, Alain Delon, Sean Connery, entre outros.<\/p>\n<p><strong>B\u00fazios<\/strong><br \/>\nBrigitte passou por crises de relacionamento nos anos 60, teve depress\u00e3o e quest\u00f5es graves com bebidas alco\u00f3licas. Teve um filho n\u00e3o desejado, o que tumultuou sua rela\u00e7\u00e3o com ele ao longo da vida.<\/p>\n<p>Em 1965, Brigitte veio ao Brasil, quando namorava Bob Zagury, um brasileiro atleta de basquete no Flamengo. Em passagem pelo pa\u00eds, a atriz esteve na cidade de B\u00fazios, no Rio de Janeiro, em uma visita que ficou famosa. A prefeitura local fez uma est\u00e1tua de Brigitte, que permanece no munic\u00edpio at\u00e9 hoje.<\/p>\n<p>O \u00faltimo filme de Brigitte foi o franc\u00eas L\u2019histoire tr\u00e8s bonne et tr\u00e8s joyeuse de Colinot Trousse-Chemise, lan\u00e7ado em 1973. Depois disso, a atriz decidiu deixar a vida art\u00edstica e passou a se dedicar a outra de suas paix\u00f5es: a defesa dos animais.<\/p>\n","protected":false},"excerpt":{"rendered":"<p>Morreu aos 91 anos a atriz francesa Brigitte Bardot, lenda do cinema mundial. A causa da morte n\u00e3o foi divulgada, mas ela j\u00e1 estava com a sa\u00fade debilitada h\u00e1 alguns meses, passando por longas interna\u00e7\u00f5es. Ela morreu num hospital no sul da Fran\u00e7a, onde passaria por uma cirurgia. Al\u00e9m de atriz, Brigitte foi cantora e [&hellip;]<\/p>\n","protected":false},"author":2,"featured_media":376682,"comment_status":"closed","ping_status":"closed","sticky":false,"template":"","format":"standard","meta":{"_acf_changed":false,"footnotes":""},"categories":[155],"tags":[],"class_list":["post-376681","post","type-post","status-publish","format-standard","has-post-thumbnail","hentry","category-leitura-vip"],"acf":[],"yoast_head":"<!-- This site is optimized with the Yoast SEO plugin v27.5 - https:\/\/yoast.com\/product\/yoast-seo-wordpress\/ -->\n<title>Morre Brigitte Bardot, musa-dama das telonas - Notibras<\/title>\n<meta name=\"robots\" content=\"index, follow, max-snippet:-1, max-image-preview:large, max-video-preview:-1\" \/>\n<link rel=\"canonical\" href=\"https:\/\/www.notibras.com\/site\/morre-brigitte-bardot-musa-dama-das-telonas\/\" \/>\n<meta property=\"og:locale\" content=\"pt_BR\" \/>\n<meta property=\"og:type\" content=\"article\" \/>\n<meta property=\"og:title\" content=\"Morre Brigitte Bardot, musa-dama das telonas - Notibras\" \/>\n<meta property=\"og:description\" content=\"Morreu aos 91 anos a atriz francesa Brigitte Bardot, lenda do cinema mundial. A causa da morte n\u00e3o foi divulgada, mas ela j\u00e1 estava com a sa\u00fade debilitada h\u00e1 alguns meses, passando por longas interna\u00e7\u00f5es. Ela morreu num hospital no sul da Fran\u00e7a, onde passaria por uma cirurgia. Al\u00e9m de atriz, Brigitte foi cantora e [&hellip;]\" \/>\n<meta property=\"og:url\" content=\"https:\/\/www.notibras.com\/site\/morre-brigitte-bardot-musa-dama-das-telonas\/\" \/>\n<meta property=\"og:site_name\" content=\"Notibras\" \/>\n<meta property=\"article:publisher\" content=\"https:\/\/www.facebook.com\/notibras\/\" \/>\n<meta property=\"article:published_time\" content=\"2025-12-28T13:05:16+00:00\" \/>\n<meta property=\"article:modified_time\" content=\"2025-12-28T14:08:02+00:00\" \/>\n<meta property=\"og:image\" content=\"https:\/\/www.notibras.com\/site\/wp-content\/uploads\/2025\/12\/2025-12-28t101829z_25202977_rc2mpia1hgmi_rtrmadp_3_people-brigitte-bardot.webp\" \/>\n\t<meta property=\"og:image:width\" content=\"1170\" \/>\n\t<meta property=\"og:image:height\" content=\"700\" \/>\n\t<meta property=\"og:image:type\" content=\"image\/webp\" \/>\n<meta name=\"author\" content=\"Reda\u00e7\u00e3o\" \/>\n<meta name=\"twitter:card\" content=\"summary_large_image\" \/>\n<meta name=\"twitter:creator\" content=\"@Notibras\" \/>\n<meta name=\"twitter:site\" content=\"@Notibras\" \/>\n<meta name=\"twitter:label1\" content=\"Escrito por\" \/>\n\t<meta name=\"twitter:data1\" content=\"Reda\u00e7\u00e3o\" \/>\n\t<meta name=\"twitter:label2\" content=\"Est. tempo de leitura\" \/>\n\t<meta name=\"twitter:data2\" content=\"4 minutos\" \/>\n<script type=\"application\/ld+json\" class=\"yoast-schema-graph\">{\"@context\":\"https:\\\/\\\/schema.org\",\"@graph\":[{\"@type\":\"Article\",\"@id\":\"https:\\\/\\\/www.notibras.com\\\/site\\\/morre-brigitte-bardot-musa-dama-das-telonas\\\/#article\",\"isPartOf\":{\"@id\":\"https:\\\/\\\/www.notibras.com\\\/site\\\/morre-brigitte-bardot-musa-dama-das-telonas\\\/\"},\"author\":{\"name\":\"Reda\u00e7\u00e3o\",\"@id\":\"https:\\\/\\\/www.notibras.com\\\/site\\\/#\\\/schema\\\/person\\\/36ab0979449956132d3e5b517ea76ac8\"},\"headline\":\"Morre Brigitte Bardot, musa-dama das telonas\",\"datePublished\":\"2025-12-28T13:05:16+00:00\",\"dateModified\":\"2025-12-28T14:08:02+00:00\",\"mainEntityOfPage\":{\"@id\":\"https:\\\/\\\/www.notibras.com\\\/site\\\/morre-brigitte-bardot-musa-dama-das-telonas\\\/\"},\"wordCount\":601,\"publisher\":{\"@id\":\"https:\\\/\\\/www.notibras.com\\\/site\\\/#organization\"},\"image\":{\"@id\":\"https:\\\/\\\/www.notibras.com\\\/site\\\/morre-brigitte-bardot-musa-dama-das-telonas\\\/#primaryimage\"},\"thumbnailUrl\":\"https:\\\/\\\/www.notibras.com\\\/site\\\/wp-content\\\/uploads\\\/2025\\\/12\\\/2025-12-28t101829z_25202977_rc2mpia1hgmi_rtrmadp_3_people-brigitte-bardot.webp\",\"articleSection\":[\"Leitura Vip\"],\"inLanguage\":\"pt-BR\"},{\"@type\":\"WebPage\",\"@id\":\"https:\\\/\\\/www.notibras.com\\\/site\\\/morre-brigitte-bardot-musa-dama-das-telonas\\\/\",\"url\":\"https:\\\/\\\/www.notibras.com\\\/site\\\/morre-brigitte-bardot-musa-dama-das-telonas\\\/\",\"name\":\"Morre Brigitte Bardot, musa-dama das telonas - Notibras\",\"isPartOf\":{\"@id\":\"https:\\\/\\\/www.notibras.com\\\/site\\\/#website\"},\"primaryImageOfPage\":{\"@id\":\"https:\\\/\\\/www.notibras.com\\\/site\\\/morre-brigitte-bardot-musa-dama-das-telonas\\\/#primaryimage\"},\"image\":{\"@id\":\"https:\\\/\\\/www.notibras.com\\\/site\\\/morre-brigitte-bardot-musa-dama-das-telonas\\\/#primaryimage\"},\"thumbnailUrl\":\"https:\\\/\\\/www.notibras.com\\\/site\\\/wp-content\\\/uploads\\\/2025\\\/12\\\/2025-12-28t101829z_25202977_rc2mpia1hgmi_rtrmadp_3_people-brigitte-bardot.webp\",\"datePublished\":\"2025-12-28T13:05:16+00:00\",\"dateModified\":\"2025-12-28T14:08:02+00:00\",\"breadcrumb\":{\"@id\":\"https:\\\/\\\/www.notibras.com\\\/site\\\/morre-brigitte-bardot-musa-dama-das-telonas\\\/#breadcrumb\"},\"inLanguage\":\"pt-BR\",\"potentialAction\":[{\"@type\":\"ReadAction\",\"target\":[\"https:\\\/\\\/www.notibras.com\\\/site\\\/morre-brigitte-bardot-musa-dama-das-telonas\\\/\"]}]},{\"@type\":\"ImageObject\",\"inLanguage\":\"pt-BR\",\"@id\":\"https:\\\/\\\/www.notibras.com\\\/site\\\/morre-brigitte-bardot-musa-dama-das-telonas\\\/#primaryimage\",\"url\":\"https:\\\/\\\/www.notibras.com\\\/site\\\/wp-content\\\/uploads\\\/2025\\\/12\\\/2025-12-28t101829z_25202977_rc2mpia1hgmi_rtrmadp_3_people-brigitte-bardot.webp\",\"contentUrl\":\"https:\\\/\\\/www.notibras.com\\\/site\\\/wp-content\\\/uploads\\\/2025\\\/12\\\/2025-12-28t101829z_25202977_rc2mpia1hgmi_rtrmadp_3_people-brigitte-bardot.webp\",\"width\":1170,\"height\":700},{\"@type\":\"BreadcrumbList\",\"@id\":\"https:\\\/\\\/www.notibras.com\\\/site\\\/morre-brigitte-bardot-musa-dama-das-telonas\\\/#breadcrumb\",\"itemListElement\":[{\"@type\":\"ListItem\",\"position\":1,\"name\":\"In\u00edcio\",\"item\":\"https:\\\/\\\/www.notibras.com\\\/site\\\/\"},{\"@type\":\"ListItem\",\"position\":2,\"name\":\"Morre Brigitte Bardot, musa-dama das telonas\"}]},{\"@type\":\"WebSite\",\"@id\":\"https:\\\/\\\/www.notibras.com\\\/site\\\/#website\",\"url\":\"https:\\\/\\\/www.notibras.com\\\/site\\\/\",\"name\":\"Notibras\",\"description\":\"Not\u00edcias de Bras\u00edlia, do Brasil e do Mundo\",\"publisher\":{\"@id\":\"https:\\\/\\\/www.notibras.com\\\/site\\\/#organization\"},\"potentialAction\":[{\"@type\":\"SearchAction\",\"target\":{\"@type\":\"EntryPoint\",\"urlTemplate\":\"https:\\\/\\\/www.notibras.com\\\/site\\\/?s={search_term_string}\"},\"query-input\":{\"@type\":\"PropertyValueSpecification\",\"valueRequired\":true,\"valueName\":\"search_term_string\"}}],\"inLanguage\":\"pt-BR\"},{\"@type\":\"Organization\",\"@id\":\"https:\\\/\\\/www.notibras.com\\\/site\\\/#organization\",\"name\":\"Grupo Notibras de Comunica\u00e7\u00e3o\",\"url\":\"https:\\\/\\\/www.notibras.com\\\/site\\\/\",\"logo\":{\"@type\":\"ImageObject\",\"inLanguage\":\"pt-BR\",\"@id\":\"https:\\\/\\\/www.notibras.com\\\/site\\\/#\\\/schema\\\/logo\\\/image\\\/\",\"url\":\"https:\\\/\\\/www.notibras.com\\\/site\\\/wp-content\\\/uploads\\\/2023\\\/01\\\/notibras23.png\",\"contentUrl\":\"https:\\\/\\\/www.notibras.com\\\/site\\\/wp-content\\\/uploads\\\/2023\\\/01\\\/notibras23.png\",\"width\":350,\"height\":87,\"caption\":\"Grupo Notibras de Comunica\u00e7\u00e3o\"},\"image\":{\"@id\":\"https:\\\/\\\/www.notibras.com\\\/site\\\/#\\\/schema\\\/logo\\\/image\\\/\"},\"sameAs\":[\"https:\\\/\\\/www.facebook.com\\\/notibras\\\/\",\"https:\\\/\\\/x.com\\\/Notibras\",\"https:\\\/\\\/www.instagram.com\\\/notibras\\\/\"]},{\"@type\":\"Person\",\"@id\":\"https:\\\/\\\/www.notibras.com\\\/site\\\/#\\\/schema\\\/person\\\/36ab0979449956132d3e5b517ea76ac8\",\"name\":\"Reda\u00e7\u00e3o\",\"image\":{\"@type\":\"ImageObject\",\"inLanguage\":\"pt-BR\",\"@id\":\"https:\\\/\\\/secure.gravatar.com\\\/avatar\\\/e0a867bdedb85fd243eadf09663511f96fc81e0720a4a42581f334ad4303aa6b?s=96&d=mm&r=g\",\"url\":\"https:\\\/\\\/secure.gravatar.com\\\/avatar\\\/e0a867bdedb85fd243eadf09663511f96fc81e0720a4a42581f334ad4303aa6b?s=96&d=mm&r=g\",\"contentUrl\":\"https:\\\/\\\/secure.gravatar.com\\\/avatar\\\/e0a867bdedb85fd243eadf09663511f96fc81e0720a4a42581f334ad4303aa6b?s=96&d=mm&r=g\",\"caption\":\"Reda\u00e7\u00e3o\"}}]}<\/script>\n<!-- \/ Yoast SEO plugin. -->","yoast_head_json":{"title":"Morre Brigitte Bardot, musa-dama das telonas - Notibras","robots":{"index":"index","follow":"follow","max-snippet":"max-snippet:-1","max-image-preview":"max-image-preview:large","max-video-preview":"max-video-preview:-1"},"canonical":"https:\/\/www.notibras.com\/site\/morre-brigitte-bardot-musa-dama-das-telonas\/","og_locale":"pt_BR","og_type":"article","og_title":"Morre Brigitte Bardot, musa-dama das telonas - Notibras","og_description":"Morreu aos 91 anos a atriz francesa Brigitte Bardot, lenda do cinema mundial. A causa da morte n\u00e3o foi divulgada, mas ela j\u00e1 estava com a sa\u00fade debilitada h\u00e1 alguns meses, passando por longas interna\u00e7\u00f5es. Ela morreu num hospital no sul da Fran\u00e7a, onde passaria por uma cirurgia. Al\u00e9m de atriz, Brigitte foi cantora e [&hellip;]","og_url":"https:\/\/www.notibras.com\/site\/morre-brigitte-bardot-musa-dama-das-telonas\/","og_site_name":"Notibras","article_publisher":"https:\/\/www.facebook.com\/notibras\/","article_published_time":"2025-12-28T13:05:16+00:00","article_modified_time":"2025-12-28T14:08:02+00:00","og_image":[{"width":1170,"height":700,"url":"https:\/\/www.notibras.com\/site\/wp-content\/uploads\/2025\/12\/2025-12-28t101829z_25202977_rc2mpia1hgmi_rtrmadp_3_people-brigitte-bardot.webp","type":"image\/webp"}],"author":"Reda\u00e7\u00e3o","twitter_card":"summary_large_image","twitter_creator":"@Notibras","twitter_site":"@Notibras","twitter_misc":{"Escrito por":"Reda\u00e7\u00e3o","Est. tempo de leitura":"4 minutos"},"schema":{"@context":"https:\/\/schema.org","@graph":[{"@type":"Article","@id":"https:\/\/www.notibras.com\/site\/morre-brigitte-bardot-musa-dama-das-telonas\/#article","isPartOf":{"@id":"https:\/\/www.notibras.com\/site\/morre-brigitte-bardot-musa-dama-das-telonas\/"},"author":{"name":"Reda\u00e7\u00e3o","@id":"https:\/\/www.notibras.com\/site\/#\/schema\/person\/36ab0979449956132d3e5b517ea76ac8"},"headline":"Morre Brigitte Bardot, musa-dama das telonas","datePublished":"2025-12-28T13:05:16+00:00","dateModified":"2025-12-28T14:08:02+00:00","mainEntityOfPage":{"@id":"https:\/\/www.notibras.com\/site\/morre-brigitte-bardot-musa-dama-das-telonas\/"},"wordCount":601,"publisher":{"@id":"https:\/\/www.notibras.com\/site\/#organization"},"image":{"@id":"https:\/\/www.notibras.com\/site\/morre-brigitte-bardot-musa-dama-das-telonas\/#primaryimage"},"thumbnailUrl":"https:\/\/www.notibras.com\/site\/wp-content\/uploads\/2025\/12\/2025-12-28t101829z_25202977_rc2mpia1hgmi_rtrmadp_3_people-brigitte-bardot.webp","articleSection":["Leitura Vip"],"inLanguage":"pt-BR"},{"@type":"WebPage","@id":"https:\/\/www.notibras.com\/site\/morre-brigitte-bardot-musa-dama-das-telonas\/","url":"https:\/\/www.notibras.com\/site\/morre-brigitte-bardot-musa-dama-das-telonas\/","name":"Morre Brigitte Bardot, musa-dama das telonas - Notibras","isPartOf":{"@id":"https:\/\/www.notibras.com\/site\/#website"},"primaryImageOfPage":{"@id":"https:\/\/www.notibras.com\/site\/morre-brigitte-bardot-musa-dama-das-telonas\/#primaryimage"},"image":{"@id":"https:\/\/www.notibras.com\/site\/morre-brigitte-bardot-musa-dama-das-telonas\/#primaryimage"},"thumbnailUrl":"https:\/\/www.notibras.com\/site\/wp-content\/uploads\/2025\/12\/2025-12-28t101829z_25202977_rc2mpia1hgmi_rtrmadp_3_people-brigitte-bardot.webp","datePublished":"2025-12-28T13:05:16+00:00","dateModified":"2025-12-28T14:08:02+00:00","breadcrumb":{"@id":"https:\/\/www.notibras.com\/site\/morre-brigitte-bardot-musa-dama-das-telonas\/#breadcrumb"},"inLanguage":"pt-BR","potentialAction":[{"@type":"ReadAction","target":["https:\/\/www.notibras.com\/site\/morre-brigitte-bardot-musa-dama-das-telonas\/"]}]},{"@type":"ImageObject","inLanguage":"pt-BR","@id":"https:\/\/www.notibras.com\/site\/morre-brigitte-bardot-musa-dama-das-telonas\/#primaryimage","url":"https:\/\/www.notibras.com\/site\/wp-content\/uploads\/2025\/12\/2025-12-28t101829z_25202977_rc2mpia1hgmi_rtrmadp_3_people-brigitte-bardot.webp","contentUrl":"https:\/\/www.notibras.com\/site\/wp-content\/uploads\/2025\/12\/2025-12-28t101829z_25202977_rc2mpia1hgmi_rtrmadp_3_people-brigitte-bardot.webp","width":1170,"height":700},{"@type":"BreadcrumbList","@id":"https:\/\/www.notibras.com\/site\/morre-brigitte-bardot-musa-dama-das-telonas\/#breadcrumb","itemListElement":[{"@type":"ListItem","position":1,"name":"In\u00edcio","item":"https:\/\/www.notibras.com\/site\/"},{"@type":"ListItem","position":2,"name":"Morre Brigitte Bardot, musa-dama das telonas"}]},{"@type":"WebSite","@id":"https:\/\/www.notibras.com\/site\/#website","url":"https:\/\/www.notibras.com\/site\/","name":"Notibras","description":"Not\u00edcias de Bras\u00edlia, do Brasil e do Mundo","publisher":{"@id":"https:\/\/www.notibras.com\/site\/#organization"},"potentialAction":[{"@type":"SearchAction","target":{"@type":"EntryPoint","urlTemplate":"https:\/\/www.notibras.com\/site\/?s={search_term_string}"},"query-input":{"@type":"PropertyValueSpecification","valueRequired":true,"valueName":"search_term_string"}}],"inLanguage":"pt-BR"},{"@type":"Organization","@id":"https:\/\/www.notibras.com\/site\/#organization","name":"Grupo Notibras de Comunica\u00e7\u00e3o","url":"https:\/\/www.notibras.com\/site\/","logo":{"@type":"ImageObject","inLanguage":"pt-BR","@id":"https:\/\/www.notibras.com\/site\/#\/schema\/logo\/image\/","url":"https:\/\/www.notibras.com\/site\/wp-content\/uploads\/2023\/01\/notibras23.png","contentUrl":"https:\/\/www.notibras.com\/site\/wp-content\/uploads\/2023\/01\/notibras23.png","width":350,"height":87,"caption":"Grupo Notibras de Comunica\u00e7\u00e3o"},"image":{"@id":"https:\/\/www.notibras.com\/site\/#\/schema\/logo\/image\/"},"sameAs":["https:\/\/www.facebook.com\/notibras\/","https:\/\/x.com\/Notibras","https:\/\/www.instagram.com\/notibras\/"]},{"@type":"Person","@id":"https:\/\/www.notibras.com\/site\/#\/schema\/person\/36ab0979449956132d3e5b517ea76ac8","name":"Reda\u00e7\u00e3o","image":{"@type":"ImageObject","inLanguage":"pt-BR","@id":"https:\/\/secure.gravatar.com\/avatar\/e0a867bdedb85fd243eadf09663511f96fc81e0720a4a42581f334ad4303aa6b?s=96&d=mm&r=g","url":"https:\/\/secure.gravatar.com\/avatar\/e0a867bdedb85fd243eadf09663511f96fc81e0720a4a42581f334ad4303aa6b?s=96&d=mm&r=g","contentUrl":"https:\/\/secure.gravatar.com\/avatar\/e0a867bdedb85fd243eadf09663511f96fc81e0720a4a42581f334ad4303aa6b?s=96&d=mm&r=g","caption":"Reda\u00e7\u00e3o"}}]}},"amp_enabled":true,"_links":{"self":[{"href":"https:\/\/www.notibras.com\/site\/wp-json\/wp\/v2\/posts\/376681","targetHints":{"allow":["GET"]}}],"collection":[{"href":"https:\/\/www.notibras.com\/site\/wp-json\/wp\/v2\/posts"}],"about":[{"href":"https:\/\/www.notibras.com\/site\/wp-json\/wp\/v2\/types\/post"}],"author":[{"embeddable":true,"href":"https:\/\/www.notibras.com\/site\/wp-json\/wp\/v2\/users\/2"}],"replies":[{"embeddable":true,"href":"https:\/\/www.notibras.com\/site\/wp-json\/wp\/v2\/comments?post=376681"}],"version-history":[{"count":1,"href":"https:\/\/www.notibras.com\/site\/wp-json\/wp\/v2\/posts\/376681\/revisions"}],"predecessor-version":[{"id":376683,"href":"https:\/\/www.notibras.com\/site\/wp-json\/wp\/v2\/posts\/376681\/revisions\/376683"}],"wp:featuredmedia":[{"embeddable":true,"href":"https:\/\/www.notibras.com\/site\/wp-json\/wp\/v2\/media\/376682"}],"wp:attachment":[{"href":"https:\/\/www.notibras.com\/site\/wp-json\/wp\/v2\/media?parent=376681"}],"wp:term":[{"taxonomy":"category","embeddable":true,"href":"https:\/\/www.notibras.com\/site\/wp-json\/wp\/v2\/categories?post=376681"},{"taxonomy":"post_tag","embeddable":true,"href":"https:\/\/www.notibras.com\/site\/wp-json\/wp\/v2\/tags?post=376681"}],"curies":[{"name":"wp","href":"https:\/\/api.w.org\/{rel}","templated":true}]}}