{"id":376684,"date":"2025-12-28T11:23:01","date_gmt":"2025-12-28T14:23:01","guid":{"rendered":"https:\/\/www.notibras.com\/site\/?p=376684"},"modified":"2025-12-28T11:23:01","modified_gmt":"2025-12-28T14:23:01","slug":"quem-quer-ser-bruxa-ou-bruxo-a-hora-e-essa","status":"publish","type":"post","link":"https:\/\/www.notibras.com\/site\/quem-quer-ser-bruxa-ou-bruxo-a-hora-e-essa\/","title":{"rendered":"Quem quer ser Bruxa ou Bruxo? A hora \u00e9 essa&#8230;"},"content":{"rendered":"<p>Ao longo da hist\u00f3ria, bruxos e bruxas simbolizam o indiv\u00edduo que escolhe trilhar caminhos fora do consenso, dialogando com a Natureza, os mist\u00e9rios e o invis\u00edvel. Antes de serem personagens do imagin\u00e1rio popular, esses arqu\u00e9tipos foram \u2014 e continuam sendo \u2014 guardi\u00f5es de saberes ancestrais.<\/p>\n<p>No universo das tradi\u00e7\u00f5es esot\u00e9ricas, nem todo operador m\u00e1gico exerce a mesma fun\u00e7\u00e3o, ainda que compartilhem o mesmo territ\u00f3rio simb\u00f3lico. O Mago \u00e9, classicamente, o estudioso das leis universais. Sua atua\u00e7\u00e3o se d\u00e1 por meio de sistemas estruturados \u2014 astrologia, alquimia, cabala, hermetismo e magia cerimonial \u2014 tratando a magia como ci\u00eancia espiritual sist\u00eamica, envolvendo diversas \u00e1reas do ocultismo. O Mago investiga, experimenta, registra e opera s\u00edmbolos com m\u00e9todo e disciplina, buscando a eleva\u00e7\u00e3o da consci\u00eancia e a integra\u00e7\u00e3o entre microcosmo e macrocosmo.<\/p>\n<p>A Sacerdotisa, por sua vez, ocupa o eixo da media\u00e7\u00e3o sagrada. Sua principal atividade n\u00e3o \u00e9 apenas operar rituais, mas guardar, transmitir e consagrar. Ela conduz cerim\u00f4nias, inicia\u00e7\u00f5es, ciclos lunares e ritos de passagem, mantendo viva a rela\u00e7\u00e3o entre a comunidade e o divino. Na Wicca e no Sagrado Feminino, a Sacerdotisa encarna a Deusa, trabalhando a espiritualidade coletiva, a cura simb\u00f3lica e a harmoniza\u00e7\u00e3o dos ciclos naturais e humanos.<\/p>\n<p>J\u00e1 a Bruxa, atua no campo da Magia natural e vivencial. Suas pr\u00e1ticas envolvem ervas, encantamentos, saberes ancestrais, observa\u00e7\u00e3o da Lua, dos elementos e do corpo. A Bruxa trabalha com a experi\u00eancia direta do sagrado, frequentemente fora de estruturas hier\u00e1rquicas r\u00edgidas. Sua atividade \u00e9 profundamente ligada ao cotidiano: proteger, curar, orientar, banir, atrair, harmonizar. \u00c9 a magia do lar, da terra e do tempo presente.<\/p>\n<p>A Feiticeira, muitas vezes confundida com a bruxa, ocupa um territ\u00f3rio mais espec\u00edfico: o da magia aplicada \u00e0 vontade direta. Historicamente, feiticeiras e feiticeiros eram especialistas em encantamentos, amarra\u00e7\u00f5es, defesas, quebras e trabalhos de influ\u00eancia. Embora o termo tenha sido estigmatizado, ele designa algu\u00e9m que domina t\u00e9cnicas de concentra\u00e7\u00e3o, palavra ritual e direcionamento energ\u00e9tico, exigindo \u00e9tica e responsabilidade para n\u00e3o se perder no desejo de controle.<\/p>\n<p>Nas ordens herm\u00e9ticas, o aprendizado m\u00edstico-esot\u00e9rico raramente \u00e9 imediato. Ele se organiza em graus, n\u00edveis ou etapas, que simbolizam o amadurecimento espiritual do iniciado. Tradicionalmente, inicia-se como ne\u00f3fito ou postulante, aquele que observa, estuda e aprende a disciplina do sil\u00eancio. Em seguida, v\u00eam os graus de aprendiz, adepto e iniciado, nos quais o conhecimento deixa de ser apenas intelectual e passa a ser experiencial.<\/p>\n<p>O avan\u00e7o hier\u00e1rquico n\u00e3o est\u00e1 ligado ao poder sobre outros, mas ao autodom\u00ednio, \u00e0 \u00e9tica e \u00e0 capacidade de integrar conhecimento, pr\u00e1tica e servi\u00e7o. Magos, sacerdotisas, bruxas e feiticeiras podem ocupar diferentes n\u00edveis na hierarquia inici\u00e1tica, dependendo do caminho escolhido e os degraus alcan\u00e7ados. O verdadeiro grau inici\u00e1tico n\u00e3o se mede por t\u00edtulos, mas pela transforma\u00e7\u00e3o interior, pela responsabilidade com o sagrado e pelo compromisso com o equil\u00edbrio das for\u00e7as invocadas.<\/p>\n<p>Assim, tornar-se bruxa, bruxo, mago ou sacerdotisa n\u00e3o \u00e9 uma fantasia rom\u00e2ntica, mas uma decis\u00e3o existencial. \u00c9 escolher um caminho de estudo, pr\u00e1tica, \u00e9tica e consci\u00eancia. Em um mundo marcado pela pressa e pela superficialidade, o retorno desses arqu\u00e9tipos indica uma busca profunda: compreender os mist\u00e9rios da vida, do esp\u00edrito e da exist\u00eancia humana.<\/p>\n<p>H\u00e1 tamb\u00e9m aqueles que se aproximam da bruxaria movidos pelo desejo de poder e domina\u00e7\u00e3o. A tradi\u00e7\u00e3o, no entanto, \u00e9 clara: magia sem \u00e9tica conduz ao desequil\u00edbrio. H\u00e1 que atentar \u00e0 Lei do Retorno: \u201cToda a\u00e7\u00e3o gera uma rea\u00e7\u00e3o igual e em sentido contr\u00e1rio\u201d. Tornar-se bruxa ou bruxo implica responsabilidade, disciplina e consci\u00eancia das consequ\u00eancias dos pr\u00f3prios atos.<\/p>\n<p>Mas afinal, o que leva algu\u00e9m a querer se tornar bruxa ou bruxo? Para muitos, trata-se de uma busca por autonomia espiritual, reconex\u00e3o com a natureza e rejei\u00e7\u00e3o de modelos religiosos r\u00edgidos. Para outros, \u00e9 um caminho de autoconhecimento, cura emocional e afirma\u00e7\u00e3o identit\u00e1ria, especialmente entre mulheres que reencontram no arqu\u00e9tipo da bruxa uma forma de empoderamento.<\/p>\n<p>Ser bruxa ou bruxo \u00e9 assumir um olhar cr\u00edtico sobre o mundo, valorizar o simb\u00f3lico e reconhecer que o mist\u00e9rio ainda tem lugar na experi\u00eancia humana. Mais do que lan\u00e7ar feiti\u00e7os, trata-se de aprender a ler os sinais, ouvir a intui\u00e7\u00e3o e agir com prop\u00f3sitos \u00e9ticos e morais.<\/p>\n<p>&#8230;&#8230;&#8230;&#8230;.<\/p>\n<p><strong>Bahirah Abdalla <\/strong><br \/>\n<strong>Mestre Conselheira do Col\u00e9gio dos Magos e Sacerdotisas<\/strong><br \/>\n<strong>@colegiodosmagosesacerdotisas<\/strong><\/p>\n<p>&#8230;&#8230;&#8230;<\/p>\n<p><strong>*Aten\u00e7\u00e3o bruxas, feiticeiras e simpatizantes, o Col\u00e9gio dos Magos e Sacerdotisas est\u00e1 admitindo novos membros para integrar a Egr\u00e9gora. Participem!<\/strong><\/p>\n","protected":false},"excerpt":{"rendered":"<p>Ao longo da hist\u00f3ria, bruxos e bruxas simbolizam o indiv\u00edduo que escolhe trilhar caminhos fora do consenso, dialogando com a Natureza, os mist\u00e9rios e o invis\u00edvel. Antes de serem personagens do imagin\u00e1rio popular, esses arqu\u00e9tipos foram \u2014 e continuam sendo \u2014 guardi\u00f5es de saberes ancestrais. No universo das tradi\u00e7\u00f5es esot\u00e9ricas, nem todo operador m\u00e1gico exerce [&hellip;]<\/p>\n","protected":false},"author":2,"featured_media":376685,"comment_status":"closed","ping_status":"closed","sticky":false,"template":"","format":"standard","meta":{"_acf_changed":false,"footnotes":""},"categories":[237],"tags":[],"class_list":["post-376684","post","type-post","status-publish","format-standard","has-post-thumbnail","hentry","category-oraculos"],"acf":[],"yoast_head":"<!-- This site is optimized with the Yoast SEO plugin v27.2 - https:\/\/yoast.com\/product\/yoast-seo-wordpress\/ -->\n<title>Quem quer ser Bruxa ou Bruxo? A hora \u00e9 essa... - Notibras<\/title>\n<meta name=\"robots\" content=\"index, follow, max-snippet:-1, max-image-preview:large, max-video-preview:-1\" \/>\n<link rel=\"canonical\" href=\"https:\/\/www.notibras.com\/site\/quem-quer-ser-bruxa-ou-bruxo-a-hora-e-essa\/\" \/>\n<meta property=\"og:locale\" content=\"pt_BR\" \/>\n<meta property=\"og:type\" content=\"article\" \/>\n<meta property=\"og:title\" content=\"Quem quer ser Bruxa ou Bruxo? A hora \u00e9 essa... - Notibras\" \/>\n<meta property=\"og:description\" content=\"Ao longo da hist\u00f3ria, bruxos e bruxas simbolizam o indiv\u00edduo que escolhe trilhar caminhos fora do consenso, dialogando com a Natureza, os mist\u00e9rios e o invis\u00edvel. Antes de serem personagens do imagin\u00e1rio popular, esses arqu\u00e9tipos foram \u2014 e continuam sendo \u2014 guardi\u00f5es de saberes ancestrais. No universo das tradi\u00e7\u00f5es esot\u00e9ricas, nem todo operador m\u00e1gico exerce [&hellip;]\" \/>\n<meta property=\"og:url\" content=\"https:\/\/www.notibras.com\/site\/quem-quer-ser-bruxa-ou-bruxo-a-hora-e-essa\/\" \/>\n<meta property=\"og:site_name\" content=\"Notibras\" \/>\n<meta property=\"article:publisher\" content=\"https:\/\/www.facebook.com\/notibras\/\" \/>\n<meta property=\"article:published_time\" content=\"2025-12-28T14:23:01+00:00\" \/>\n<meta property=\"og:image\" content=\"https:\/\/www.notibras.com\/site\/wp-content\/uploads\/2025\/12\/a104306b-c212-44c9-9f73-cf259664e721.jpg\" \/>\n\t<meta property=\"og:image:width\" content=\"800\" \/>\n\t<meta property=\"og:image:height\" content=\"1200\" \/>\n\t<meta property=\"og:image:type\" content=\"image\/jpeg\" \/>\n<meta name=\"author\" content=\"Reda\u00e7\u00e3o\" \/>\n<meta name=\"twitter:card\" content=\"summary_large_image\" \/>\n<meta name=\"twitter:creator\" content=\"@Notibras\" \/>\n<meta name=\"twitter:site\" content=\"@Notibras\" \/>\n<meta name=\"twitter:label1\" content=\"Escrito por\" \/>\n\t<meta name=\"twitter:data1\" content=\"Reda\u00e7\u00e3o\" \/>\n\t<meta name=\"twitter:label2\" content=\"Est. tempo de leitura\" \/>\n\t<meta name=\"twitter:data2\" content=\"5 minutos\" \/>\n<script type=\"application\/ld+json\" class=\"yoast-schema-graph\">{\"@context\":\"https:\/\/schema.org\",\"@graph\":[{\"@type\":\"Article\",\"@id\":\"https:\/\/www.notibras.com\/site\/quem-quer-ser-bruxa-ou-bruxo-a-hora-e-essa\/#article\",\"isPartOf\":{\"@id\":\"https:\/\/www.notibras.com\/site\/quem-quer-ser-bruxa-ou-bruxo-a-hora-e-essa\/\"},\"author\":{\"name\":\"Reda\u00e7\u00e3o\",\"@id\":\"https:\/\/www.notibras.com\/site\/#\/schema\/person\/36ab0979449956132d3e5b517ea76ac8\"},\"headline\":\"Quem quer ser Bruxa ou Bruxo? A hora \u00e9 essa&#8230;\",\"datePublished\":\"2025-12-28T14:23:01+00:00\",\"mainEntityOfPage\":{\"@id\":\"https:\/\/www.notibras.com\/site\/quem-quer-ser-bruxa-ou-bruxo-a-hora-e-essa\/\"},\"wordCount\":805,\"publisher\":{\"@id\":\"https:\/\/www.notibras.com\/site\/#organization\"},\"image\":{\"@id\":\"https:\/\/www.notibras.com\/site\/quem-quer-ser-bruxa-ou-bruxo-a-hora-e-essa\/#primaryimage\"},\"thumbnailUrl\":\"https:\/\/www.notibras.com\/site\/wp-content\/uploads\/2025\/12\/a104306b-c212-44c9-9f73-cf259664e721.jpg\",\"articleSection\":[\"Or\u00e1culos\"],\"inLanguage\":\"pt-BR\"},{\"@type\":\"WebPage\",\"@id\":\"https:\/\/www.notibras.com\/site\/quem-quer-ser-bruxa-ou-bruxo-a-hora-e-essa\/\",\"url\":\"https:\/\/www.notibras.com\/site\/quem-quer-ser-bruxa-ou-bruxo-a-hora-e-essa\/\",\"name\":\"Quem quer ser Bruxa ou Bruxo? A hora \u00e9 essa... - Notibras\",\"isPartOf\":{\"@id\":\"https:\/\/www.notibras.com\/site\/#website\"},\"primaryImageOfPage\":{\"@id\":\"https:\/\/www.notibras.com\/site\/quem-quer-ser-bruxa-ou-bruxo-a-hora-e-essa\/#primaryimage\"},\"image\":{\"@id\":\"https:\/\/www.notibras.com\/site\/quem-quer-ser-bruxa-ou-bruxo-a-hora-e-essa\/#primaryimage\"},\"thumbnailUrl\":\"https:\/\/www.notibras.com\/site\/wp-content\/uploads\/2025\/12\/a104306b-c212-44c9-9f73-cf259664e721.jpg\",\"datePublished\":\"2025-12-28T14:23:01+00:00\",\"breadcrumb\":{\"@id\":\"https:\/\/www.notibras.com\/site\/quem-quer-ser-bruxa-ou-bruxo-a-hora-e-essa\/#breadcrumb\"},\"inLanguage\":\"pt-BR\",\"potentialAction\":[{\"@type\":\"ReadAction\",\"target\":[\"https:\/\/www.notibras.com\/site\/quem-quer-ser-bruxa-ou-bruxo-a-hora-e-essa\/\"]}]},{\"@type\":\"ImageObject\",\"inLanguage\":\"pt-BR\",\"@id\":\"https:\/\/www.notibras.com\/site\/quem-quer-ser-bruxa-ou-bruxo-a-hora-e-essa\/#primaryimage\",\"url\":\"https:\/\/www.notibras.com\/site\/wp-content\/uploads\/2025\/12\/a104306b-c212-44c9-9f73-cf259664e721.jpg\",\"contentUrl\":\"https:\/\/www.notibras.com\/site\/wp-content\/uploads\/2025\/12\/a104306b-c212-44c9-9f73-cf259664e721.jpg\",\"width\":800,\"height\":1200},{\"@type\":\"BreadcrumbList\",\"@id\":\"https:\/\/www.notibras.com\/site\/quem-quer-ser-bruxa-ou-bruxo-a-hora-e-essa\/#breadcrumb\",\"itemListElement\":[{\"@type\":\"ListItem\",\"position\":1,\"name\":\"In\u00edcio\",\"item\":\"https:\/\/www.notibras.com\/site\/\"},{\"@type\":\"ListItem\",\"position\":2,\"name\":\"Quem quer ser Bruxa ou Bruxo? A hora \u00e9 essa&#8230;\"}]},{\"@type\":\"WebSite\",\"@id\":\"https:\/\/www.notibras.com\/site\/#website\",\"url\":\"https:\/\/www.notibras.com\/site\/\",\"name\":\"Notibras\",\"description\":\"Not\u00edcias de Bras\u00edlia, do Brasil e do Mundo\",\"publisher\":{\"@id\":\"https:\/\/www.notibras.com\/site\/#organization\"},\"potentialAction\":[{\"@type\":\"SearchAction\",\"target\":{\"@type\":\"EntryPoint\",\"urlTemplate\":\"https:\/\/www.notibras.com\/site\/?s={search_term_string}\"},\"query-input\":{\"@type\":\"PropertyValueSpecification\",\"valueRequired\":true,\"valueName\":\"search_term_string\"}}],\"inLanguage\":\"pt-BR\"},{\"@type\":\"Organization\",\"@id\":\"https:\/\/www.notibras.com\/site\/#organization\",\"name\":\"Grupo Notibras de Comunica\u00e7\u00e3o\",\"url\":\"https:\/\/www.notibras.com\/site\/\",\"logo\":{\"@type\":\"ImageObject\",\"inLanguage\":\"pt-BR\",\"@id\":\"https:\/\/www.notibras.com\/site\/#\/schema\/logo\/image\/\",\"url\":\"https:\/\/www.notibras.com\/site\/wp-content\/uploads\/2023\/01\/notibras23.png\",\"contentUrl\":\"https:\/\/www.notibras.com\/site\/wp-content\/uploads\/2023\/01\/notibras23.png\",\"width\":350,\"height\":87,\"caption\":\"Grupo Notibras de Comunica\u00e7\u00e3o\"},\"image\":{\"@id\":\"https:\/\/www.notibras.com\/site\/#\/schema\/logo\/image\/\"},\"sameAs\":[\"https:\/\/www.facebook.com\/notibras\/\",\"https:\/\/x.com\/Notibras\",\"https:\/\/www.instagram.com\/notibras\/\"]},{\"@type\":\"Person\",\"@id\":\"https:\/\/www.notibras.com\/site\/#\/schema\/person\/36ab0979449956132d3e5b517ea76ac8\",\"name\":\"Reda\u00e7\u00e3o\",\"image\":{\"@type\":\"ImageObject\",\"inLanguage\":\"pt-BR\",\"@id\":\"https:\/\/secure.gravatar.com\/avatar\/e0a867bdedb85fd243eadf09663511f96fc81e0720a4a42581f334ad4303aa6b?s=96&d=mm&r=g\",\"url\":\"https:\/\/secure.gravatar.com\/avatar\/e0a867bdedb85fd243eadf09663511f96fc81e0720a4a42581f334ad4303aa6b?s=96&d=mm&r=g\",\"contentUrl\":\"https:\/\/secure.gravatar.com\/avatar\/e0a867bdedb85fd243eadf09663511f96fc81e0720a4a42581f334ad4303aa6b?s=96&d=mm&r=g\",\"caption\":\"Reda\u00e7\u00e3o\"}}]}<\/script>\n<!-- \/ Yoast SEO plugin. -->","yoast_head_json":{"title":"Quem quer ser Bruxa ou Bruxo? A hora \u00e9 essa... - Notibras","robots":{"index":"index","follow":"follow","max-snippet":"max-snippet:-1","max-image-preview":"max-image-preview:large","max-video-preview":"max-video-preview:-1"},"canonical":"https:\/\/www.notibras.com\/site\/quem-quer-ser-bruxa-ou-bruxo-a-hora-e-essa\/","og_locale":"pt_BR","og_type":"article","og_title":"Quem quer ser Bruxa ou Bruxo? A hora \u00e9 essa... - Notibras","og_description":"Ao longo da hist\u00f3ria, bruxos e bruxas simbolizam o indiv\u00edduo que escolhe trilhar caminhos fora do consenso, dialogando com a Natureza, os mist\u00e9rios e o invis\u00edvel. Antes de serem personagens do imagin\u00e1rio popular, esses arqu\u00e9tipos foram \u2014 e continuam sendo \u2014 guardi\u00f5es de saberes ancestrais. No universo das tradi\u00e7\u00f5es esot\u00e9ricas, nem todo operador m\u00e1gico exerce [&hellip;]","og_url":"https:\/\/www.notibras.com\/site\/quem-quer-ser-bruxa-ou-bruxo-a-hora-e-essa\/","og_site_name":"Notibras","article_publisher":"https:\/\/www.facebook.com\/notibras\/","article_published_time":"2025-12-28T14:23:01+00:00","og_image":[{"width":800,"height":1200,"url":"https:\/\/www.notibras.com\/site\/wp-content\/uploads\/2025\/12\/a104306b-c212-44c9-9f73-cf259664e721.jpg","type":"image\/jpeg"}],"author":"Reda\u00e7\u00e3o","twitter_card":"summary_large_image","twitter_creator":"@Notibras","twitter_site":"@Notibras","twitter_misc":{"Escrito por":"Reda\u00e7\u00e3o","Est. tempo de leitura":"5 minutos"},"schema":{"@context":"https:\/\/schema.org","@graph":[{"@type":"Article","@id":"https:\/\/www.notibras.com\/site\/quem-quer-ser-bruxa-ou-bruxo-a-hora-e-essa\/#article","isPartOf":{"@id":"https:\/\/www.notibras.com\/site\/quem-quer-ser-bruxa-ou-bruxo-a-hora-e-essa\/"},"author":{"name":"Reda\u00e7\u00e3o","@id":"https:\/\/www.notibras.com\/site\/#\/schema\/person\/36ab0979449956132d3e5b517ea76ac8"},"headline":"Quem quer ser Bruxa ou Bruxo? A hora \u00e9 essa&#8230;","datePublished":"2025-12-28T14:23:01+00:00","mainEntityOfPage":{"@id":"https:\/\/www.notibras.com\/site\/quem-quer-ser-bruxa-ou-bruxo-a-hora-e-essa\/"},"wordCount":805,"publisher":{"@id":"https:\/\/www.notibras.com\/site\/#organization"},"image":{"@id":"https:\/\/www.notibras.com\/site\/quem-quer-ser-bruxa-ou-bruxo-a-hora-e-essa\/#primaryimage"},"thumbnailUrl":"https:\/\/www.notibras.com\/site\/wp-content\/uploads\/2025\/12\/a104306b-c212-44c9-9f73-cf259664e721.jpg","articleSection":["Or\u00e1culos"],"inLanguage":"pt-BR"},{"@type":"WebPage","@id":"https:\/\/www.notibras.com\/site\/quem-quer-ser-bruxa-ou-bruxo-a-hora-e-essa\/","url":"https:\/\/www.notibras.com\/site\/quem-quer-ser-bruxa-ou-bruxo-a-hora-e-essa\/","name":"Quem quer ser Bruxa ou Bruxo? A hora \u00e9 essa... - Notibras","isPartOf":{"@id":"https:\/\/www.notibras.com\/site\/#website"},"primaryImageOfPage":{"@id":"https:\/\/www.notibras.com\/site\/quem-quer-ser-bruxa-ou-bruxo-a-hora-e-essa\/#primaryimage"},"image":{"@id":"https:\/\/www.notibras.com\/site\/quem-quer-ser-bruxa-ou-bruxo-a-hora-e-essa\/#primaryimage"},"thumbnailUrl":"https:\/\/www.notibras.com\/site\/wp-content\/uploads\/2025\/12\/a104306b-c212-44c9-9f73-cf259664e721.jpg","datePublished":"2025-12-28T14:23:01+00:00","breadcrumb":{"@id":"https:\/\/www.notibras.com\/site\/quem-quer-ser-bruxa-ou-bruxo-a-hora-e-essa\/#breadcrumb"},"inLanguage":"pt-BR","potentialAction":[{"@type":"ReadAction","target":["https:\/\/www.notibras.com\/site\/quem-quer-ser-bruxa-ou-bruxo-a-hora-e-essa\/"]}]},{"@type":"ImageObject","inLanguage":"pt-BR","@id":"https:\/\/www.notibras.com\/site\/quem-quer-ser-bruxa-ou-bruxo-a-hora-e-essa\/#primaryimage","url":"https:\/\/www.notibras.com\/site\/wp-content\/uploads\/2025\/12\/a104306b-c212-44c9-9f73-cf259664e721.jpg","contentUrl":"https:\/\/www.notibras.com\/site\/wp-content\/uploads\/2025\/12\/a104306b-c212-44c9-9f73-cf259664e721.jpg","width":800,"height":1200},{"@type":"BreadcrumbList","@id":"https:\/\/www.notibras.com\/site\/quem-quer-ser-bruxa-ou-bruxo-a-hora-e-essa\/#breadcrumb","itemListElement":[{"@type":"ListItem","position":1,"name":"In\u00edcio","item":"https:\/\/www.notibras.com\/site\/"},{"@type":"ListItem","position":2,"name":"Quem quer ser Bruxa ou Bruxo? A hora \u00e9 essa&#8230;"}]},{"@type":"WebSite","@id":"https:\/\/www.notibras.com\/site\/#website","url":"https:\/\/www.notibras.com\/site\/","name":"Notibras","description":"Not\u00edcias de Bras\u00edlia, do Brasil e do Mundo","publisher":{"@id":"https:\/\/www.notibras.com\/site\/#organization"},"potentialAction":[{"@type":"SearchAction","target":{"@type":"EntryPoint","urlTemplate":"https:\/\/www.notibras.com\/site\/?s={search_term_string}"},"query-input":{"@type":"PropertyValueSpecification","valueRequired":true,"valueName":"search_term_string"}}],"inLanguage":"pt-BR"},{"@type":"Organization","@id":"https:\/\/www.notibras.com\/site\/#organization","name":"Grupo Notibras de Comunica\u00e7\u00e3o","url":"https:\/\/www.notibras.com\/site\/","logo":{"@type":"ImageObject","inLanguage":"pt-BR","@id":"https:\/\/www.notibras.com\/site\/#\/schema\/logo\/image\/","url":"https:\/\/www.notibras.com\/site\/wp-content\/uploads\/2023\/01\/notibras23.png","contentUrl":"https:\/\/www.notibras.com\/site\/wp-content\/uploads\/2023\/01\/notibras23.png","width":350,"height":87,"caption":"Grupo Notibras de Comunica\u00e7\u00e3o"},"image":{"@id":"https:\/\/www.notibras.com\/site\/#\/schema\/logo\/image\/"},"sameAs":["https:\/\/www.facebook.com\/notibras\/","https:\/\/x.com\/Notibras","https:\/\/www.instagram.com\/notibras\/"]},{"@type":"Person","@id":"https:\/\/www.notibras.com\/site\/#\/schema\/person\/36ab0979449956132d3e5b517ea76ac8","name":"Reda\u00e7\u00e3o","image":{"@type":"ImageObject","inLanguage":"pt-BR","@id":"https:\/\/secure.gravatar.com\/avatar\/e0a867bdedb85fd243eadf09663511f96fc81e0720a4a42581f334ad4303aa6b?s=96&d=mm&r=g","url":"https:\/\/secure.gravatar.com\/avatar\/e0a867bdedb85fd243eadf09663511f96fc81e0720a4a42581f334ad4303aa6b?s=96&d=mm&r=g","contentUrl":"https:\/\/secure.gravatar.com\/avatar\/e0a867bdedb85fd243eadf09663511f96fc81e0720a4a42581f334ad4303aa6b?s=96&d=mm&r=g","caption":"Reda\u00e7\u00e3o"}}]}},"amp_enabled":true,"_links":{"self":[{"href":"https:\/\/www.notibras.com\/site\/wp-json\/wp\/v2\/posts\/376684","targetHints":{"allow":["GET"]}}],"collection":[{"href":"https:\/\/www.notibras.com\/site\/wp-json\/wp\/v2\/posts"}],"about":[{"href":"https:\/\/www.notibras.com\/site\/wp-json\/wp\/v2\/types\/post"}],"author":[{"embeddable":true,"href":"https:\/\/www.notibras.com\/site\/wp-json\/wp\/v2\/users\/2"}],"replies":[{"embeddable":true,"href":"https:\/\/www.notibras.com\/site\/wp-json\/wp\/v2\/comments?post=376684"}],"version-history":[{"count":1,"href":"https:\/\/www.notibras.com\/site\/wp-json\/wp\/v2\/posts\/376684\/revisions"}],"predecessor-version":[{"id":376686,"href":"https:\/\/www.notibras.com\/site\/wp-json\/wp\/v2\/posts\/376684\/revisions\/376686"}],"wp:featuredmedia":[{"embeddable":true,"href":"https:\/\/www.notibras.com\/site\/wp-json\/wp\/v2\/media\/376685"}],"wp:attachment":[{"href":"https:\/\/www.notibras.com\/site\/wp-json\/wp\/v2\/media?parent=376684"}],"wp:term":[{"taxonomy":"category","embeddable":true,"href":"https:\/\/www.notibras.com\/site\/wp-json\/wp\/v2\/categories?post=376684"},{"taxonomy":"post_tag","embeddable":true,"href":"https:\/\/www.notibras.com\/site\/wp-json\/wp\/v2\/tags?post=376684"}],"curies":[{"name":"wp","href":"https:\/\/api.w.org\/{rel}","templated":true}]}}