{"id":376748,"date":"2025-12-29T01:15:38","date_gmt":"2025-12-29T04:15:38","guid":{"rendered":"https:\/\/www.notibras.com\/site\/?p=376748"},"modified":"2025-12-28T22:21:30","modified_gmt":"2025-12-29T01:21:30","slug":"calcadas-novas-ampliam-mobilidade","status":"publish","type":"post","link":"https:\/\/www.notibras.com\/site\/calcadas-novas-ampliam-mobilidade\/","title":{"rendered":"Cal\u00e7adas novas ampliam mobilidade"},"content":{"rendered":"<p>As obras para a constru\u00e7\u00e3o de novas cal\u00e7adas no Riacho Fundo II continuam e j\u00e1 come\u00e7am a transformar a mobilidade de pedestres na regi\u00e3o. Ao todo, cerca de 11 mil m\u00b2 de passeios est\u00e3o sendo executados no trajeto que liga a QS 6 \u00e0 QS 20, passando por pontos importantes da cidade, como a rodovi\u00e1ria da regi\u00e3o administrativa.<\/p>\n<p>A iniciativa busca garantir mais seguran\u00e7a e conforto para quem circula pela regi\u00e3o. Com investimento de R$ 1,1 milh\u00e3o do Governo do Distrito Federal (GDF), a obra \u00e9 executada pela empresa RVA, contratada pela Secretaria de Desenvolvimento Econ\u00f4mico, Trabalho e Renda (Sedet-DF), em parceria com a Administra\u00e7\u00e3o do Riacho Fundo II.<\/p>\n<p>Segundo a vice-governadora Celina Le\u00e3o, iniciativas como esta mostram como o governo est\u00e1 atento \u00e0s necessidades da popula\u00e7\u00e3o. \u201cN\u00f3s estamos atendendo a uma solicita\u00e7\u00e3o leg\u00edtima da popula\u00e7\u00e3o. Como poder p\u00fablico, estamos cumprindo o nosso dever de garantir mobilidade e seguran\u00e7a. As obras tamb\u00e9m levam cidadania ao incluir as pessoas com mobilidade reduzida, garantindo que possam se deslocar com mais autonomia\u201d, ressalta.<\/p>\n<p>A administradora regional, Ana Maria da Silva, destaca a celeridade das obras. \u201cEssa cal\u00e7ada tem 11 mil m\u00b2 e, em apenas tr\u00eas semanas de obra, a empresa j\u00e1 avan\u00e7ou bastante. A rapidez surpreendeu e os servi\u00e7os est\u00e3o pr\u00f3ximos de serem finalizados\u201d, afirmou. Segundo ela, trechos conclu\u00eddos j\u00e1 come\u00e7aram a ser utilizados pelos moradores. \u201cAs fam\u00edlias j\u00e1 est\u00e3o usufruindo, passeando com os filhos, andando de bicicleta, passeando com animais. Como ciclista, eu j\u00e1 usava essa cal\u00e7ada antes, mesmo bastante danificada. E agora a diferen\u00e7a \u00e9 vis\u00edvel\u201d, completou.<\/p>\n<p>Morador da regi\u00e3o desde 2005, o motorista de \u00f4nibus Edgar Martins, de 63 anos, destacou a mudan\u00e7a na rotina ap\u00f3s o in\u00edcio das obras. \u201cAntes, estava tudo quebrado, era perigoso. Eu n\u00e3o andava no passeio, andava no asfalto. Agora est\u00e1 ficando maravilhoso, d\u00e1 mais seguran\u00e7a, evita atropelamento e crian\u00e7as correndo na rua. Est\u00e1 ficando bacana mesmo\u201d, relatou.<\/p>\n<p>A dona de casa Maria Ribeiro, 57, conta que as condi\u00e7\u00f5es anteriores da cal\u00e7ada limitavam at\u00e9 atividades simples do dia a dia. \u201cEu evitava fazer caminhada porque ca\u00eda muito, a p\u00e9 e de bicicleta tamb\u00e9m. Agora est\u00e1 bem segura, tranquila, d\u00e1 pra fazer caminhada sossegada. Quando come\u00e7aram a medir a \u00e1rea, h\u00e1 algumas semanas, eu j\u00e1 fiquei alegre, porque sabia que ia melhorar. Agora ent\u00e3o, com a obra quase pronta, nem se fala\u201d, acentuou.<\/p>\n<p>Al\u00e9m das cal\u00e7adas, a regi\u00e3o tamb\u00e9m recebe interven\u00e7\u00f5es complementares, como a constru\u00e7\u00e3o de uma ciclovia pr\u00f3xima ao local, com 10 km at\u00e9 o Bal\u00e3o do Periquito, ampliando as op\u00e7\u00f5es de mobilidade ativa e uso dos espa\u00e7os p\u00fablicos no Riacho Fundo II. Para a aut\u00f4noma Ivonete Figueiredo, 46, as obras e a nova cal\u00e7ada trazem mais qualidade de vida: \u201cAntes era horr\u00edvel, muito barro. Agora est\u00e1 muito bom, d\u00e1 pra caminhar, correr. Valoriza a regi\u00e3o e fica mais confort\u00e1vel para andar de bicicleta e investir na sa\u00fade\u201d, avaliou.<\/p>\n","protected":false},"excerpt":{"rendered":"<p>As obras para a constru\u00e7\u00e3o de novas cal\u00e7adas no Riacho Fundo II continuam e j\u00e1 come\u00e7am a transformar a mobilidade de pedestres na regi\u00e3o. Ao todo, cerca de 11 mil m\u00b2 de passeios est\u00e3o sendo executados no trajeto que liga a QS 6 \u00e0 QS 20, passando por pontos importantes da cidade, como a rodovi\u00e1ria [&hellip;]<\/p>\n","protected":false},"author":21,"featured_media":376749,"comment_status":"closed","ping_status":"closed","sticky":false,"template":"","format":"standard","meta":{"_acf_changed":false,"footnotes":""},"categories":[161],"tags":[],"class_list":["post-376748","post","type-post","status-publish","format-standard","has-post-thumbnail","hentry","category-quadradinho-em-foco"],"acf":[],"yoast_head":"<!-- This site is optimized with the Yoast SEO plugin v27.5 - https:\/\/yoast.com\/product\/yoast-seo-wordpress\/ -->\n<title>Cal\u00e7adas novas ampliam mobilidade - Notibras<\/title>\n<meta name=\"robots\" content=\"index, follow, max-snippet:-1, max-image-preview:large, max-video-preview:-1\" \/>\n<link rel=\"canonical\" href=\"https:\/\/www.notibras.com\/site\/calcadas-novas-ampliam-mobilidade\/\" \/>\n<meta property=\"og:locale\" content=\"pt_BR\" \/>\n<meta property=\"og:type\" content=\"article\" \/>\n<meta property=\"og:title\" content=\"Cal\u00e7adas novas ampliam mobilidade - Notibras\" \/>\n<meta property=\"og:description\" content=\"As obras para a constru\u00e7\u00e3o de novas cal\u00e7adas no Riacho Fundo II continuam e j\u00e1 come\u00e7am a transformar a mobilidade de pedestres na regi\u00e3o. Ao todo, cerca de 11 mil m\u00b2 de passeios est\u00e3o sendo executados no trajeto que liga a QS 6 \u00e0 QS 20, passando por pontos importantes da cidade, como a rodovi\u00e1ria [&hellip;]\" \/>\n<meta property=\"og:url\" content=\"https:\/\/www.notibras.com\/site\/calcadas-novas-ampliam-mobilidade\/\" \/>\n<meta property=\"og:site_name\" content=\"Notibras\" \/>\n<meta property=\"article:publisher\" content=\"https:\/\/www.facebook.com\/notibras\/\" \/>\n<meta property=\"article:published_time\" content=\"2025-12-29T04:15:38+00:00\" \/>\n<meta property=\"og:image\" content=\"https:\/\/www.notibras.com\/site\/wp-content\/uploads\/2025\/12\/Dentro-1_1-89.jpg\" \/>\n\t<meta property=\"og:image:width\" content=\"1920\" \/>\n\t<meta property=\"og:image:height\" content=\"1280\" \/>\n\t<meta property=\"og:image:type\" content=\"image\/jpeg\" \/>\n<meta name=\"author\" content=\"Eduardo Mart\u00ednez\" \/>\n<meta name=\"twitter:card\" content=\"summary_large_image\" \/>\n<meta name=\"twitter:creator\" content=\"@Notibras\" \/>\n<meta name=\"twitter:site\" content=\"@Notibras\" \/>\n<meta name=\"twitter:label1\" content=\"Escrito por\" \/>\n\t<meta name=\"twitter:data1\" content=\"Eduardo Mart\u00ednez\" \/>\n\t<meta name=\"twitter:label2\" content=\"Est. tempo de leitura\" \/>\n\t<meta name=\"twitter:data2\" content=\"3 minutos\" \/>\n<script type=\"application\/ld+json\" class=\"yoast-schema-graph\">{\"@context\":\"https:\\\/\\\/schema.org\",\"@graph\":[{\"@type\":\"Article\",\"@id\":\"https:\\\/\\\/www.notibras.com\\\/site\\\/calcadas-novas-ampliam-mobilidade\\\/#article\",\"isPartOf\":{\"@id\":\"https:\\\/\\\/www.notibras.com\\\/site\\\/calcadas-novas-ampliam-mobilidade\\\/\"},\"author\":{\"name\":\"Eduardo Mart\u00ednez\",\"@id\":\"https:\\\/\\\/www.notibras.com\\\/site\\\/#\\\/schema\\\/person\\\/5b7fabf2aedc3ada2105f03b22b4d3dd\"},\"headline\":\"Cal\u00e7adas novas ampliam mobilidade\",\"datePublished\":\"2025-12-29T04:15:38+00:00\",\"mainEntityOfPage\":{\"@id\":\"https:\\\/\\\/www.notibras.com\\\/site\\\/calcadas-novas-ampliam-mobilidade\\\/\"},\"wordCount\":530,\"publisher\":{\"@id\":\"https:\\\/\\\/www.notibras.com\\\/site\\\/#organization\"},\"image\":{\"@id\":\"https:\\\/\\\/www.notibras.com\\\/site\\\/calcadas-novas-ampliam-mobilidade\\\/#primaryimage\"},\"thumbnailUrl\":\"https:\\\/\\\/www.notibras.com\\\/site\\\/wp-content\\\/uploads\\\/2025\\\/12\\\/Dentro-1_1-89.jpg\",\"articleSection\":[\"Quadradinho em Foco\"],\"inLanguage\":\"pt-BR\"},{\"@type\":\"WebPage\",\"@id\":\"https:\\\/\\\/www.notibras.com\\\/site\\\/calcadas-novas-ampliam-mobilidade\\\/\",\"url\":\"https:\\\/\\\/www.notibras.com\\\/site\\\/calcadas-novas-ampliam-mobilidade\\\/\",\"name\":\"Cal\u00e7adas novas ampliam mobilidade - Notibras\",\"isPartOf\":{\"@id\":\"https:\\\/\\\/www.notibras.com\\\/site\\\/#website\"},\"primaryImageOfPage\":{\"@id\":\"https:\\\/\\\/www.notibras.com\\\/site\\\/calcadas-novas-ampliam-mobilidade\\\/#primaryimage\"},\"image\":{\"@id\":\"https:\\\/\\\/www.notibras.com\\\/site\\\/calcadas-novas-ampliam-mobilidade\\\/#primaryimage\"},\"thumbnailUrl\":\"https:\\\/\\\/www.notibras.com\\\/site\\\/wp-content\\\/uploads\\\/2025\\\/12\\\/Dentro-1_1-89.jpg\",\"datePublished\":\"2025-12-29T04:15:38+00:00\",\"breadcrumb\":{\"@id\":\"https:\\\/\\\/www.notibras.com\\\/site\\\/calcadas-novas-ampliam-mobilidade\\\/#breadcrumb\"},\"inLanguage\":\"pt-BR\",\"potentialAction\":[{\"@type\":\"ReadAction\",\"target\":[\"https:\\\/\\\/www.notibras.com\\\/site\\\/calcadas-novas-ampliam-mobilidade\\\/\"]}]},{\"@type\":\"ImageObject\",\"inLanguage\":\"pt-BR\",\"@id\":\"https:\\\/\\\/www.notibras.com\\\/site\\\/calcadas-novas-ampliam-mobilidade\\\/#primaryimage\",\"url\":\"https:\\\/\\\/www.notibras.com\\\/site\\\/wp-content\\\/uploads\\\/2025\\\/12\\\/Dentro-1_1-89.jpg\",\"contentUrl\":\"https:\\\/\\\/www.notibras.com\\\/site\\\/wp-content\\\/uploads\\\/2025\\\/12\\\/Dentro-1_1-89.jpg\",\"width\":1920,\"height\":1280},{\"@type\":\"BreadcrumbList\",\"@id\":\"https:\\\/\\\/www.notibras.com\\\/site\\\/calcadas-novas-ampliam-mobilidade\\\/#breadcrumb\",\"itemListElement\":[{\"@type\":\"ListItem\",\"position\":1,\"name\":\"In\u00edcio\",\"item\":\"https:\\\/\\\/www.notibras.com\\\/site\\\/\"},{\"@type\":\"ListItem\",\"position\":2,\"name\":\"Cal\u00e7adas novas ampliam mobilidade\"}]},{\"@type\":\"WebSite\",\"@id\":\"https:\\\/\\\/www.notibras.com\\\/site\\\/#website\",\"url\":\"https:\\\/\\\/www.notibras.com\\\/site\\\/\",\"name\":\"Notibras\",\"description\":\"Not\u00edcias de Bras\u00edlia, do Brasil e do Mundo\",\"publisher\":{\"@id\":\"https:\\\/\\\/www.notibras.com\\\/site\\\/#organization\"},\"potentialAction\":[{\"@type\":\"SearchAction\",\"target\":{\"@type\":\"EntryPoint\",\"urlTemplate\":\"https:\\\/\\\/www.notibras.com\\\/site\\\/?s={search_term_string}\"},\"query-input\":{\"@type\":\"PropertyValueSpecification\",\"valueRequired\":true,\"valueName\":\"search_term_string\"}}],\"inLanguage\":\"pt-BR\"},{\"@type\":\"Organization\",\"@id\":\"https:\\\/\\\/www.notibras.com\\\/site\\\/#organization\",\"name\":\"Grupo Notibras de Comunica\u00e7\u00e3o\",\"url\":\"https:\\\/\\\/www.notibras.com\\\/site\\\/\",\"logo\":{\"@type\":\"ImageObject\",\"inLanguage\":\"pt-BR\",\"@id\":\"https:\\\/\\\/www.notibras.com\\\/site\\\/#\\\/schema\\\/logo\\\/image\\\/\",\"url\":\"https:\\\/\\\/www.notibras.com\\\/site\\\/wp-content\\\/uploads\\\/2023\\\/01\\\/notibras23.png\",\"contentUrl\":\"https:\\\/\\\/www.notibras.com\\\/site\\\/wp-content\\\/uploads\\\/2023\\\/01\\\/notibras23.png\",\"width\":350,\"height\":87,\"caption\":\"Grupo Notibras de Comunica\u00e7\u00e3o\"},\"image\":{\"@id\":\"https:\\\/\\\/www.notibras.com\\\/site\\\/#\\\/schema\\\/logo\\\/image\\\/\"},\"sameAs\":[\"https:\\\/\\\/www.facebook.com\\\/notibras\\\/\",\"https:\\\/\\\/x.com\\\/Notibras\",\"https:\\\/\\\/www.instagram.com\\\/notibras\\\/\"]},{\"@type\":\"Person\",\"@id\":\"https:\\\/\\\/www.notibras.com\\\/site\\\/#\\\/schema\\\/person\\\/5b7fabf2aedc3ada2105f03b22b4d3dd\",\"name\":\"Eduardo Mart\u00ednez\",\"image\":{\"@type\":\"ImageObject\",\"inLanguage\":\"pt-BR\",\"@id\":\"https:\\\/\\\/secure.gravatar.com\\\/avatar\\\/7902f906289926289cbcda644b5197c796b893c6ffd7b9a536a42d290f7704a0?s=96&d=mm&r=g\",\"url\":\"https:\\\/\\\/secure.gravatar.com\\\/avatar\\\/7902f906289926289cbcda644b5197c796b893c6ffd7b9a536a42d290f7704a0?s=96&d=mm&r=g\",\"contentUrl\":\"https:\\\/\\\/secure.gravatar.com\\\/avatar\\\/7902f906289926289cbcda644b5197c796b893c6ffd7b9a536a42d290f7704a0?s=96&d=mm&r=g\",\"caption\":\"Eduardo Mart\u00ednez\"}}]}<\/script>\n<!-- \/ Yoast SEO plugin. -->","yoast_head_json":{"title":"Cal\u00e7adas novas ampliam mobilidade - Notibras","robots":{"index":"index","follow":"follow","max-snippet":"max-snippet:-1","max-image-preview":"max-image-preview:large","max-video-preview":"max-video-preview:-1"},"canonical":"https:\/\/www.notibras.com\/site\/calcadas-novas-ampliam-mobilidade\/","og_locale":"pt_BR","og_type":"article","og_title":"Cal\u00e7adas novas ampliam mobilidade - Notibras","og_description":"As obras para a constru\u00e7\u00e3o de novas cal\u00e7adas no Riacho Fundo II continuam e j\u00e1 come\u00e7am a transformar a mobilidade de pedestres na regi\u00e3o. Ao todo, cerca de 11 mil m\u00b2 de passeios est\u00e3o sendo executados no trajeto que liga a QS 6 \u00e0 QS 20, passando por pontos importantes da cidade, como a rodovi\u00e1ria [&hellip;]","og_url":"https:\/\/www.notibras.com\/site\/calcadas-novas-ampliam-mobilidade\/","og_site_name":"Notibras","article_publisher":"https:\/\/www.facebook.com\/notibras\/","article_published_time":"2025-12-29T04:15:38+00:00","og_image":[{"width":1920,"height":1280,"url":"https:\/\/www.notibras.com\/site\/wp-content\/uploads\/2025\/12\/Dentro-1_1-89.jpg","type":"image\/jpeg"}],"author":"Eduardo Mart\u00ednez","twitter_card":"summary_large_image","twitter_creator":"@Notibras","twitter_site":"@Notibras","twitter_misc":{"Escrito por":"Eduardo Mart\u00ednez","Est. tempo de leitura":"3 minutos"},"schema":{"@context":"https:\/\/schema.org","@graph":[{"@type":"Article","@id":"https:\/\/www.notibras.com\/site\/calcadas-novas-ampliam-mobilidade\/#article","isPartOf":{"@id":"https:\/\/www.notibras.com\/site\/calcadas-novas-ampliam-mobilidade\/"},"author":{"name":"Eduardo Mart\u00ednez","@id":"https:\/\/www.notibras.com\/site\/#\/schema\/person\/5b7fabf2aedc3ada2105f03b22b4d3dd"},"headline":"Cal\u00e7adas novas ampliam mobilidade","datePublished":"2025-12-29T04:15:38+00:00","mainEntityOfPage":{"@id":"https:\/\/www.notibras.com\/site\/calcadas-novas-ampliam-mobilidade\/"},"wordCount":530,"publisher":{"@id":"https:\/\/www.notibras.com\/site\/#organization"},"image":{"@id":"https:\/\/www.notibras.com\/site\/calcadas-novas-ampliam-mobilidade\/#primaryimage"},"thumbnailUrl":"https:\/\/www.notibras.com\/site\/wp-content\/uploads\/2025\/12\/Dentro-1_1-89.jpg","articleSection":["Quadradinho em Foco"],"inLanguage":"pt-BR"},{"@type":"WebPage","@id":"https:\/\/www.notibras.com\/site\/calcadas-novas-ampliam-mobilidade\/","url":"https:\/\/www.notibras.com\/site\/calcadas-novas-ampliam-mobilidade\/","name":"Cal\u00e7adas novas ampliam mobilidade - Notibras","isPartOf":{"@id":"https:\/\/www.notibras.com\/site\/#website"},"primaryImageOfPage":{"@id":"https:\/\/www.notibras.com\/site\/calcadas-novas-ampliam-mobilidade\/#primaryimage"},"image":{"@id":"https:\/\/www.notibras.com\/site\/calcadas-novas-ampliam-mobilidade\/#primaryimage"},"thumbnailUrl":"https:\/\/www.notibras.com\/site\/wp-content\/uploads\/2025\/12\/Dentro-1_1-89.jpg","datePublished":"2025-12-29T04:15:38+00:00","breadcrumb":{"@id":"https:\/\/www.notibras.com\/site\/calcadas-novas-ampliam-mobilidade\/#breadcrumb"},"inLanguage":"pt-BR","potentialAction":[{"@type":"ReadAction","target":["https:\/\/www.notibras.com\/site\/calcadas-novas-ampliam-mobilidade\/"]}]},{"@type":"ImageObject","inLanguage":"pt-BR","@id":"https:\/\/www.notibras.com\/site\/calcadas-novas-ampliam-mobilidade\/#primaryimage","url":"https:\/\/www.notibras.com\/site\/wp-content\/uploads\/2025\/12\/Dentro-1_1-89.jpg","contentUrl":"https:\/\/www.notibras.com\/site\/wp-content\/uploads\/2025\/12\/Dentro-1_1-89.jpg","width":1920,"height":1280},{"@type":"BreadcrumbList","@id":"https:\/\/www.notibras.com\/site\/calcadas-novas-ampliam-mobilidade\/#breadcrumb","itemListElement":[{"@type":"ListItem","position":1,"name":"In\u00edcio","item":"https:\/\/www.notibras.com\/site\/"},{"@type":"ListItem","position":2,"name":"Cal\u00e7adas novas ampliam mobilidade"}]},{"@type":"WebSite","@id":"https:\/\/www.notibras.com\/site\/#website","url":"https:\/\/www.notibras.com\/site\/","name":"Notibras","description":"Not\u00edcias de Bras\u00edlia, do Brasil e do Mundo","publisher":{"@id":"https:\/\/www.notibras.com\/site\/#organization"},"potentialAction":[{"@type":"SearchAction","target":{"@type":"EntryPoint","urlTemplate":"https:\/\/www.notibras.com\/site\/?s={search_term_string}"},"query-input":{"@type":"PropertyValueSpecification","valueRequired":true,"valueName":"search_term_string"}}],"inLanguage":"pt-BR"},{"@type":"Organization","@id":"https:\/\/www.notibras.com\/site\/#organization","name":"Grupo Notibras de Comunica\u00e7\u00e3o","url":"https:\/\/www.notibras.com\/site\/","logo":{"@type":"ImageObject","inLanguage":"pt-BR","@id":"https:\/\/www.notibras.com\/site\/#\/schema\/logo\/image\/","url":"https:\/\/www.notibras.com\/site\/wp-content\/uploads\/2023\/01\/notibras23.png","contentUrl":"https:\/\/www.notibras.com\/site\/wp-content\/uploads\/2023\/01\/notibras23.png","width":350,"height":87,"caption":"Grupo Notibras de Comunica\u00e7\u00e3o"},"image":{"@id":"https:\/\/www.notibras.com\/site\/#\/schema\/logo\/image\/"},"sameAs":["https:\/\/www.facebook.com\/notibras\/","https:\/\/x.com\/Notibras","https:\/\/www.instagram.com\/notibras\/"]},{"@type":"Person","@id":"https:\/\/www.notibras.com\/site\/#\/schema\/person\/5b7fabf2aedc3ada2105f03b22b4d3dd","name":"Eduardo Mart\u00ednez","image":{"@type":"ImageObject","inLanguage":"pt-BR","@id":"https:\/\/secure.gravatar.com\/avatar\/7902f906289926289cbcda644b5197c796b893c6ffd7b9a536a42d290f7704a0?s=96&d=mm&r=g","url":"https:\/\/secure.gravatar.com\/avatar\/7902f906289926289cbcda644b5197c796b893c6ffd7b9a536a42d290f7704a0?s=96&d=mm&r=g","contentUrl":"https:\/\/secure.gravatar.com\/avatar\/7902f906289926289cbcda644b5197c796b893c6ffd7b9a536a42d290f7704a0?s=96&d=mm&r=g","caption":"Eduardo Mart\u00ednez"}}]}},"amp_enabled":true,"_links":{"self":[{"href":"https:\/\/www.notibras.com\/site\/wp-json\/wp\/v2\/posts\/376748","targetHints":{"allow":["GET"]}}],"collection":[{"href":"https:\/\/www.notibras.com\/site\/wp-json\/wp\/v2\/posts"}],"about":[{"href":"https:\/\/www.notibras.com\/site\/wp-json\/wp\/v2\/types\/post"}],"author":[{"embeddable":true,"href":"https:\/\/www.notibras.com\/site\/wp-json\/wp\/v2\/users\/21"}],"replies":[{"embeddable":true,"href":"https:\/\/www.notibras.com\/site\/wp-json\/wp\/v2\/comments?post=376748"}],"version-history":[{"count":3,"href":"https:\/\/www.notibras.com\/site\/wp-json\/wp\/v2\/posts\/376748\/revisions"}],"predecessor-version":[{"id":376752,"href":"https:\/\/www.notibras.com\/site\/wp-json\/wp\/v2\/posts\/376748\/revisions\/376752"}],"wp:featuredmedia":[{"embeddable":true,"href":"https:\/\/www.notibras.com\/site\/wp-json\/wp\/v2\/media\/376749"}],"wp:attachment":[{"href":"https:\/\/www.notibras.com\/site\/wp-json\/wp\/v2\/media?parent=376748"}],"wp:term":[{"taxonomy":"category","embeddable":true,"href":"https:\/\/www.notibras.com\/site\/wp-json\/wp\/v2\/categories?post=376748"},{"taxonomy":"post_tag","embeddable":true,"href":"https:\/\/www.notibras.com\/site\/wp-json\/wp\/v2\/tags?post=376748"}],"curies":[{"name":"wp","href":"https:\/\/api.w.org\/{rel}","templated":true}]}}